{"id":719,"date":"2013-07-04T14:39:45","date_gmt":"2013-07-04T13:39:45","guid":{"rendered":"https:\/\/paca.lpo.fr\/blogs\/nice\/?p=719"},"modified":"2014-10-07T15:25:38","modified_gmt":"2014-10-07T14:25:38","slug":"fete-de-leau-et-des-vallees-le-29-juin-a-plan-du-var","status":"publish","type":"post","link":"https:\/\/paca.lpo.fr\/blogs\/nice\/2013\/07\/04\/fete-de-leau-et-des-vallees-le-29-juin-a-plan-du-var\/","title":{"rendered":"F\u00eate de l\u2019eau et des vall\u00e9es le 29 juin \u00e0 Plan du Var"},"content":{"rendered":"<p>EDF a organis\u00e9 la 4\u00e8me \u00e9dition de la F\u00eate de l&rsquo;eau et des vall\u00e9es avec une visite de la centrale hydro\u00e9lectrique de Plan du Var (06) et des activit\u00e9s autour de l\u2019eau et de la biodiversit\u00e9. A cette occasion, la LPO PACA a propos\u00e9 de d\u00e9couvrir le fleuve Var et ses richesses naturelles de la source \u00e0 la mer. Lors de cette journ\u00e9e 210 personnes ont \u00e9t\u00e9 sensibilis\u00e9es sur les richesses naturelles du Var: diversit\u00e9 des paysages, diversit\u00e9 des esp\u00e8ces pr\u00e9sentes. Petits et grands sont repartis avec leur carte du Fleuve Var, tous plus curieux et int\u00e9ress\u00e9s sur ce fleuve m\u00e9diterran\u00e9en. Cette manifestation a \u00e9t\u00e9 l&rsquo;occasion d&rsquo;\u00e9tendre les actions de la LPO PACA sur le fleuve Var et son partenariat avec EDF hydraulique. Une belle colonie d&rsquo;hirondelles de fen\u00eatre niche sur le b\u00e2timent EDF, 24 nids dont au moins 10 occup\u00e9s.<\/p>\n<p><a href=\"https:\/\/paca.lpo.fr\/blogs\/nice\/files\/2013\/07\/LPOFeteeEauVallees-019-Copie.jpg\"><img loading=\"lazy\" decoding=\"async\" src=\"https:\/\/paca.lpo.fr\/blogs\/nice\/files\/2013\/07\/LPOFeteeEauVallees-019-Copie.jpg\" alt=\"LPOFeteeEauVallees 019 - Copie\" width=\"500\" height=\"283\" \/><\/a><\/p>\n","protected":false},"excerpt":{"rendered":"<p>EDF a organis\u00e9 la 4\u00e8me \u00e9dition de la F\u00eate de l&rsquo;eau et des vall\u00e9es avec une visite de la centrale hydro\u00e9lectrique de Plan du Var (06) et des activit\u00e9s autour de l\u2019eau et de la biodiversit\u00e9. A cette occasion, la LPO PACA a propos\u00e9 de d\u00e9couvrir le fleuve Var et ses richesses naturelles de la [&hellip;]<\/p>\n","protected":false},"author":15,"featured_media":720,"comment_status":"open","ping_status":"open","sticky":false,"template":"","format":"standard","meta":{"footnotes":""},"categories":[1],"tags":[],"class_list":["post-719","post","type-post","status-publish","format-standard","has-post-thumbnail","hentry","category-sorties-nature"],"yoast_head":"<!-- This site is optimized with the Yoast SEO plugin v28.3 - https:\/\/yoast.com\/product\/yoast-seo-wordpress\/ -->\n<title>F\u00eate de l\u2019eau et des vall\u00e9es le 29 juin \u00e0 Plan du Var  - Groupe local Nice<\/title>\n<meta name=\"robots\" content=\"index, follow, max-snippet:-1, max-image-preview:large, max-video-preview:-1\" \/>\n<link rel=\"canonical\" href=\"https:\/\/paca.lpo.fr\/blogs\/nice\/2013\/07\/04\/fete-de-leau-et-des-vallees-le-29-juin-a-plan-du-var\/\" \/>\n<meta property=\"og:locale\" content=\"fr_FR\" \/>\n<meta property=\"og:type\" content=\"article\" \/>\n<meta property=\"og:title\" content=\"F\u00eate de l\u2019eau et des vall\u00e9es le 29 juin \u00e0 Plan du Var  - Groupe local Nice\" \/>\n<meta property=\"og:description\" content=\"EDF a organis\u00e9 la 4\u00e8me \u00e9dition de la F\u00eate de l&rsquo;eau et des vall\u00e9es avec une visite de la centrale hydro\u00e9lectrique de Plan du Var (06) et des activit\u00e9s autour de l\u2019eau et de la biodiversit\u00e9. A cette occasion, la LPO PACA a propos\u00e9 de d\u00e9couvrir le fleuve Var et ses richesses naturelles de la [&hellip;]\" \/>\n<meta property=\"og:url\" content=\"https:\/\/paca.lpo.fr\/blogs\/nice\/2013\/07\/04\/fete-de-leau-et-des-vallees-le-29-juin-a-plan-du-var\/\" \/>\n<meta property=\"og:site_name\" content=\"Groupe local Nice\" \/>\n<meta property=\"article:published_time\" content=\"2013-07-04T13:39:45+00:00\" \/>\n<meta property=\"article:modified_time\" content=\"2014-10-07T14:25:38+00:00\" \/>\n<meta property=\"og:image\" content=\"https:\/\/paca.lpo.fr\/blogs\/nice\/files\/2013\/07\/LPOFeteeEauVallees-019-Copie.jpg\" \/>\n\t<meta property=\"og:image:width\" content=\"500\" \/>\n\t<meta property=\"og:image:height\" content=\"283\" \/>\n\t<meta property=\"og:image:type\" content=\"image\/jpeg\" \/>\n<meta name=\"author\" content=\"Groupe local Paillon-B\u00e9v\u00e9ra\" \/>\n<meta name=\"twitter:card\" content=\"summary_large_image\" \/>\n<meta name=\"twitter:label1\" content=\"\u00c9crit par\" \/>\n\t<meta name=\"twitter:data1\" content=\"Groupe local Paillon-B\u00e9v\u00e9ra\" \/>\n\t<meta name=\"twitter:label2\" content=\"Dur\u00e9e de lecture estim\u00e9e\" \/>\n\t<meta name=\"twitter:data2\" content=\"1 minute\" \/>\n<script type=\"application\/ld+json\" class=\"yoast-schema-graph\">{\"@context\":\"https:\\\/\\\/schema.org\",\"@graph\":[{\"@type\":\"Article\",\"@id\":\"https:\\\/\\\/paca.lpo.fr\\\/blogs\\\/nice\\\/2013\\\/07\\\/04\\\/fete-de-leau-et-des-vallees-le-29-juin-a-plan-du-var\\\/#article\",\"isPartOf\":{\"@id\":\"https:\\\/\\\/paca.lpo.fr\\\/blogs\\\/nice\\\/2013\\\/07\\\/04\\\/fete-de-leau-et-des-vallees-le-29-juin-a-plan-du-var\\\/\"},\"author\":{\"name\":\"Groupe local Paillon-B\u00e9v\u00e9ra\",\"@id\":\"https:\\\/\\\/paca.lpo.fr\\\/blogs\\\/nice\\\/#\\\/schema\\\/person\\\/1bda33335fb71e0b3552487db26a4c56\"},\"headline\":\"F\u00eate de l\u2019eau et des vall\u00e9es le 29 juin \u00e0 Plan du Var\",\"datePublished\":\"2013-07-04T13:39:45+00:00\",\"dateModified\":\"2014-10-07T14:25:38+00:00\",\"mainEntityOfPage\":{\"@id\":\"https:\\\/\\\/paca.lpo.fr\\\/blogs\\\/nice\\\/2013\\\/07\\\/04\\\/fete-de-leau-et-des-vallees-le-29-juin-a-plan-du-var\\\/\"},\"wordCount\":171,\"commentCount\":0,\"publisher\":{\"@id\":\"https:\\\/\\\/paca.lpo.fr\\\/blogs\\\/nice\\\/#organization\"},\"image\":{\"@id\":\"https:\\\/\\\/paca.lpo.fr\\\/blogs\\\/nice\\\/2013\\\/07\\\/04\\\/fete-de-leau-et-des-vallees-le-29-juin-a-plan-du-var\\\/#primaryimage\"},\"thumbnailUrl\":\"https:\\\/\\\/paca.lpo.fr\\\/blogs\\\/nice\\\/files\\\/2013\\\/07\\\/LPOFeteeEauVallees-019-Copie.jpg\",\"articleSection\":[\"grands \u00e9v\u00e8nements\"],\"inLanguage\":\"fr-FR\",\"potentialAction\":[{\"@type\":\"CommentAction\",\"name\":\"Comment\",\"target\":[\"https:\\\/\\\/paca.lpo.fr\\\/blogs\\\/nice\\\/2013\\\/07\\\/04\\\/fete-de-leau-et-des-vallees-le-29-juin-a-plan-du-var\\\/#respond\"]}]},{\"@type\":\"WebPage\",\"@id\":\"https:\\\/\\\/paca.lpo.fr\\\/blogs\\\/nice\\\/2013\\\/07\\\/04\\\/fete-de-leau-et-des-vallees-le-29-juin-a-plan-du-var\\\/\",\"url\":\"https:\\\/\\\/paca.lpo.fr\\\/blogs\\\/nice\\\/2013\\\/07\\\/04\\\/fete-de-leau-et-des-vallees-le-29-juin-a-plan-du-var\\\/\",\"name\":\"F\u00eate de l\u2019eau et des vall\u00e9es le 29 juin \u00e0 Plan du Var - Groupe local Nice\",\"isPartOf\":{\"@id\":\"https:\\\/\\\/paca.lpo.fr\\\/blogs\\\/nice\\\/#website\"},\"primaryImageOfPage\":{\"@id\":\"https:\\\/\\\/paca.lpo.fr\\\/blogs\\\/nice\\\/2013\\\/07\\\/04\\\/fete-de-leau-et-des-vallees-le-29-juin-a-plan-du-var\\\/#primaryimage\"},\"image\":{\"@id\":\"https:\\\/\\\/paca.lpo.fr\\\/blogs\\\/nice\\\/2013\\\/07\\\/04\\\/fete-de-leau-et-des-vallees-le-29-juin-a-plan-du-var\\\/#primaryimage\"},\"thumbnailUrl\":\"https:\\\/\\\/paca.lpo.fr\\\/blogs\\\/nice\\\/files\\\/2013\\\/07\\\/LPOFeteeEauVallees-019-Copie.jpg\",\"datePublished\":\"2013-07-04T13:39:45+00:00\",\"dateModified\":\"2014-10-07T14:25:38+00:00\",\"breadcrumb\":{\"@id\":\"https:\\\/\\\/paca.lpo.fr\\\/blogs\\\/nice\\\/2013\\\/07\\\/04\\\/fete-de-leau-et-des-vallees-le-29-juin-a-plan-du-var\\\/#breadcrumb\"},\"inLanguage\":\"fr-FR\",\"potentialAction\":[{\"@type\":\"ReadAction\",\"target\":[\"https:\\\/\\\/paca.lpo.fr\\\/blogs\\\/nice\\\/2013\\\/07\\\/04\\\/fete-de-leau-et-des-vallees-le-29-juin-a-plan-du-var\\\/\"]}]},{\"@type\":\"ImageObject\",\"inLanguage\":\"fr-FR\",\"@id\":\"https:\\\/\\\/paca.lpo.fr\\\/blogs\\\/nice\\\/2013\\\/07\\\/04\\\/fete-de-leau-et-des-vallees-le-29-juin-a-plan-du-var\\\/#primaryimage\",\"url\":\"https:\\\/\\\/paca.lpo.fr\\\/blogs\\\/nice\\\/files\\\/2013\\\/07\\\/LPOFeteeEauVallees-019-Copie.jpg\",\"contentUrl\":\"https:\\\/\\\/paca.lpo.fr\\\/blogs\\\/nice\\\/files\\\/2013\\\/07\\\/LPOFeteeEauVallees-019-Copie.jpg\",\"width\":500,\"height\":283},{\"@type\":\"BreadcrumbList\",\"@id\":\"https:\\\/\\\/paca.lpo.fr\\\/blogs\\\/nice\\\/2013\\\/07\\\/04\\\/fete-de-leau-et-des-vallees-le-29-juin-a-plan-du-var\\\/#breadcrumb\",\"itemListElement\":[{\"@type\":\"ListItem\",\"position\":1,\"name\":\"Accueil\",\"item\":\"https:\\\/\\\/paca.lpo.fr\\\/blogs\\\/nice\\\/\"},{\"@type\":\"ListItem\",\"position\":2,\"name\":\"F\u00eate de l\u2019eau et des vall\u00e9es le 29 juin \u00e0 Plan du Var\"}]},{\"@type\":\"WebSite\",\"@id\":\"https:\\\/\\\/paca.lpo.fr\\\/blogs\\\/nice\\\/#website\",\"url\":\"https:\\\/\\\/paca.lpo.fr\\\/blogs\\\/nice\\\/\",\"name\":\"Groupe local Nice\",\"description\":\"Groupe local Nice\",\"publisher\":{\"@id\":\"https:\\\/\\\/paca.lpo.fr\\\/blogs\\\/nice\\\/#organization\"},\"potentialAction\":[{\"@type\":\"SearchAction\",\"target\":{\"@type\":\"EntryPoint\",\"urlTemplate\":\"https:\\\/\\\/paca.lpo.fr\\\/blogs\\\/nice\\\/?s={search_term_string}\"},\"query-input\":{\"@type\":\"PropertyValueSpecification\",\"valueRequired\":true,\"valueName\":\"search_term_string\"}}],\"inLanguage\":\"fr-FR\"},{\"@type\":\"Organization\",\"@id\":\"https:\\\/\\\/paca.lpo.fr\\\/blogs\\\/nice\\\/#organization\",\"name\":\"Groupe local Nice\",\"url\":\"https:\\\/\\\/paca.lpo.fr\\\/blogs\\\/nice\\\/\",\"logo\":{\"@type\":\"ImageObject\",\"inLanguage\":\"fr-FR\",\"@id\":\"https:\\\/\\\/paca.lpo.fr\\\/blogs\\\/nice\\\/#\\\/schema\\\/logo\\\/image\\\/\",\"url\":\"https:\\\/\\\/paca.lpo.fr\\\/blogs\\\/nice\\\/files\\\/2024\\\/01\\\/cropped-rvb-lpo-paca-logotype-signature-droite-mini-500.jpg\",\"contentUrl\":\"https:\\\/\\\/paca.lpo.fr\\\/blogs\\\/nice\\\/files\\\/2024\\\/01\\\/cropped-rvb-lpo-paca-logotype-signature-droite-mini-500.jpg\",\"width\":500,\"height\":210,\"caption\":\"Groupe local Nice\"},\"image\":{\"@id\":\"https:\\\/\\\/paca.lpo.fr\\\/blogs\\\/nice\\\/#\\\/schema\\\/logo\\\/image\\\/\"}},{\"@type\":\"Person\",\"@id\":\"https:\\\/\\\/paca.lpo.fr\\\/blogs\\\/nice\\\/#\\\/schema\\\/person\\\/1bda33335fb71e0b3552487db26a4c56\",\"name\":\"Groupe local Paillon-B\u00e9v\u00e9ra\",\"image\":{\"@type\":\"ImageObject\",\"inLanguage\":\"fr-FR\",\"@id\":\"https:\\\/\\\/secure.gravatar.com\\\/avatar\\\/b1ee285506e2cb880ec988990d360e255aecb31c77212741dace1023623610c2?s=96&d=mm&r=g\",\"url\":\"https:\\\/\\\/secure.gravatar.com\\\/avatar\\\/b1ee285506e2cb880ec988990d360e255aecb31c77212741dace1023623610c2?s=96&d=mm&r=g\",\"contentUrl\":\"https:\\\/\\\/secure.gravatar.com\\\/avatar\\\/b1ee285506e2cb880ec988990d360e255aecb31c77212741dace1023623610c2?s=96&d=mm&r=g\",\"caption\":\"Groupe local Paillon-B\u00e9v\u00e9ra\"},\"url\":\"https:\\\/\\\/paca.lpo.fr\\\/blogs\\\/nice\\\/author\\\/alpesmaritimesest\\\/\"}]}<\/script>\n<!-- \/ Yoast SEO plugin. -->","yoast_head_json":{"title":"F\u00eate de l\u2019eau et des vall\u00e9es le 29 juin \u00e0 Plan du Var  - Groupe local Nice","robots":{"index":"index","follow":"follow","max-snippet":"max-snippet:-1","max-image-preview":"max-image-preview:large","max-video-preview":"max-video-preview:-1"},"canonical":"https:\/\/paca.lpo.fr\/blogs\/nice\/2013\/07\/04\/fete-de-leau-et-des-vallees-le-29-juin-a-plan-du-var\/","og_locale":"fr_FR","og_type":"article","og_title":"F\u00eate de l\u2019eau et des vall\u00e9es le 29 juin \u00e0 Plan du Var  - Groupe local Nice","og_description":"EDF a organis\u00e9 la 4\u00e8me \u00e9dition de la F\u00eate de l&rsquo;eau et des vall\u00e9es avec une visite de la centrale hydro\u00e9lectrique de Plan du Var (06) et des activit\u00e9s autour de l\u2019eau et de la biodiversit\u00e9. A cette occasion, la LPO PACA a propos\u00e9 de d\u00e9couvrir le fleuve Var et ses richesses naturelles de la [&hellip;]","og_url":"https:\/\/paca.lpo.fr\/blogs\/nice\/2013\/07\/04\/fete-de-leau-et-des-vallees-le-29-juin-a-plan-du-var\/","og_site_name":"Groupe local Nice","article_published_time":"2013-07-04T13:39:45+00:00","article_modified_time":"2014-10-07T14:25:38+00:00","og_image":[{"width":500,"height":283,"url":"https:\/\/paca.lpo.fr\/blogs\/nice\/files\/2013\/07\/LPOFeteeEauVallees-019-Copie.jpg","type":"image\/jpeg"}],"author":"Groupe local Paillon-B\u00e9v\u00e9ra","twitter_card":"summary_large_image","twitter_misc":{"\u00c9crit par":"Groupe local Paillon-B\u00e9v\u00e9ra","Dur\u00e9e de lecture estim\u00e9e":"1 minute"},"schema":{"@context":"https:\/\/schema.org","@graph":[{"@type":"Article","@id":"https:\/\/paca.lpo.fr\/blogs\/nice\/2013\/07\/04\/fete-de-leau-et-des-vallees-le-29-juin-a-plan-du-var\/#article","isPartOf":{"@id":"https:\/\/paca.lpo.fr\/blogs\/nice\/2013\/07\/04\/fete-de-leau-et-des-vallees-le-29-juin-a-plan-du-var\/"},"author":{"name":"Groupe local Paillon-B\u00e9v\u00e9ra","@id":"https:\/\/paca.lpo.fr\/blogs\/nice\/#\/schema\/person\/1bda33335fb71e0b3552487db26a4c56"},"headline":"F\u00eate de l\u2019eau et des vall\u00e9es le 29 juin \u00e0 Plan du Var","datePublished":"2013-07-04T13:39:45+00:00","dateModified":"2014-10-07T14:25:38+00:00","mainEntityOfPage":{"@id":"https:\/\/paca.lpo.fr\/blogs\/nice\/2013\/07\/04\/fete-de-leau-et-des-vallees-le-29-juin-a-plan-du-var\/"},"wordCount":171,"commentCount":0,"publisher":{"@id":"https:\/\/paca.lpo.fr\/blogs\/nice\/#organization"},"image":{"@id":"https:\/\/paca.lpo.fr\/blogs\/nice\/2013\/07\/04\/fete-de-leau-et-des-vallees-le-29-juin-a-plan-du-var\/#primaryimage"},"thumbnailUrl":"https:\/\/paca.lpo.fr\/blogs\/nice\/files\/2013\/07\/LPOFeteeEauVallees-019-Copie.jpg","articleSection":["grands \u00e9v\u00e8nements"],"inLanguage":"fr-FR","potentialAction":[{"@type":"CommentAction","name":"Comment","target":["https:\/\/paca.lpo.fr\/blogs\/nice\/2013\/07\/04\/fete-de-leau-et-des-vallees-le-29-juin-a-plan-du-var\/#respond"]}]},{"@type":"WebPage","@id":"https:\/\/paca.lpo.fr\/blogs\/nice\/2013\/07\/04\/fete-de-leau-et-des-vallees-le-29-juin-a-plan-du-var\/","url":"https:\/\/paca.lpo.fr\/blogs\/nice\/2013\/07\/04\/fete-de-leau-et-des-vallees-le-29-juin-a-plan-du-var\/","name":"F\u00eate de l\u2019eau et des vall\u00e9es le 29 juin \u00e0 Plan du Var - Groupe local Nice","isPartOf":{"@id":"https:\/\/paca.lpo.fr\/blogs\/nice\/#website"},"primaryImageOfPage":{"@id":"https:\/\/paca.lpo.fr\/blogs\/nice\/2013\/07\/04\/fete-de-leau-et-des-vallees-le-29-juin-a-plan-du-var\/#primaryimage"},"image":{"@id":"https:\/\/paca.lpo.fr\/blogs\/nice\/2013\/07\/04\/fete-de-leau-et-des-vallees-le-29-juin-a-plan-du-var\/#primaryimage"},"thumbnailUrl":"https:\/\/paca.lpo.fr\/blogs\/nice\/files\/2013\/07\/LPOFeteeEauVallees-019-Copie.jpg","datePublished":"2013-07-04T13:39:45+00:00","dateModified":"2014-10-07T14:25:38+00:00","breadcrumb":{"@id":"https:\/\/paca.lpo.fr\/blogs\/nice\/2013\/07\/04\/fete-de-leau-et-des-vallees-le-29-juin-a-plan-du-var\/#breadcrumb"},"inLanguage":"fr-FR","potentialAction":[{"@type":"ReadAction","target":["https:\/\/paca.lpo.fr\/blogs\/nice\/2013\/07\/04\/fete-de-leau-et-des-vallees-le-29-juin-a-plan-du-var\/"]}]},{"@type":"ImageObject","inLanguage":"fr-FR","@id":"https:\/\/paca.lpo.fr\/blogs\/nice\/2013\/07\/04\/fete-de-leau-et-des-vallees-le-29-juin-a-plan-du-var\/#primaryimage","url":"https:\/\/paca.lpo.fr\/blogs\/nice\/files\/2013\/07\/LPOFeteeEauVallees-019-Copie.jpg","contentUrl":"https:\/\/paca.lpo.fr\/blogs\/nice\/files\/2013\/07\/LPOFeteeEauVallees-019-Copie.jpg","width":500,"height":283},{"@type":"BreadcrumbList","@id":"https:\/\/paca.lpo.fr\/blogs\/nice\/2013\/07\/04\/fete-de-leau-et-des-vallees-le-29-juin-a-plan-du-var\/#breadcrumb","itemListElement":[{"@type":"ListItem","position":1,"name":"Accueil","item":"https:\/\/paca.lpo.fr\/blogs\/nice\/"},{"@type":"ListItem","position":2,"name":"F\u00eate de l\u2019eau et des vall\u00e9es le 29 juin \u00e0 Plan du Var"}]},{"@type":"WebSite","@id":"https:\/\/paca.lpo.fr\/blogs\/nice\/#website","url":"https:\/\/paca.lpo.fr\/blogs\/nice\/","name":"Groupe local Nice","description":"Groupe local Nice","publisher":{"@id":"https:\/\/paca.lpo.fr\/blogs\/nice\/#organization"},"potentialAction":[{"@type":"SearchAction","target":{"@type":"EntryPoint","urlTemplate":"https:\/\/paca.lpo.fr\/blogs\/nice\/?s={search_term_string}"},"query-input":{"@type":"PropertyValueSpecification","valueRequired":true,"valueName":"search_term_string"}}],"inLanguage":"fr-FR"},{"@type":"Organization","@id":"https:\/\/paca.lpo.fr\/blogs\/nice\/#organization","name":"Groupe local Nice","url":"https:\/\/paca.lpo.fr\/blogs\/nice\/","logo":{"@type":"ImageObject","inLanguage":"fr-FR","@id":"https:\/\/paca.lpo.fr\/blogs\/nice\/#\/schema\/logo\/image\/","url":"https:\/\/paca.lpo.fr\/blogs\/nice\/files\/2024\/01\/cropped-rvb-lpo-paca-logotype-signature-droite-mini-500.jpg","contentUrl":"https:\/\/paca.lpo.fr\/blogs\/nice\/files\/2024\/01\/cropped-rvb-lpo-paca-logotype-signature-droite-mini-500.jpg","width":500,"height":210,"caption":"Groupe local Nice"},"image":{"@id":"https:\/\/paca.lpo.fr\/blogs\/nice\/#\/schema\/logo\/image\/"}},{"@type":"Person","@id":"https:\/\/paca.lpo.fr\/blogs\/nice\/#\/schema\/person\/1bda33335fb71e0b3552487db26a4c56","name":"Groupe local Paillon-B\u00e9v\u00e9ra","image":{"@type":"ImageObject","inLanguage":"fr-FR","@id":"https:\/\/secure.gravatar.com\/avatar\/b1ee285506e2cb880ec988990d360e255aecb31c77212741dace1023623610c2?s=96&d=mm&r=g","url":"https:\/\/secure.gravatar.com\/avatar\/b1ee285506e2cb880ec988990d360e255aecb31c77212741dace1023623610c2?s=96&d=mm&r=g","contentUrl":"https:\/\/secure.gravatar.com\/avatar\/b1ee285506e2cb880ec988990d360e255aecb31c77212741dace1023623610c2?s=96&d=mm&r=g","caption":"Groupe local Paillon-B\u00e9v\u00e9ra"},"url":"https:\/\/paca.lpo.fr\/blogs\/nice\/author\/alpesmaritimesest\/"}]}},"jetpack_featured_media_url":"https:\/\/paca.lpo.fr\/blogs\/nice\/files\/2013\/07\/LPOFeteeEauVallees-019-Copie.jpg","_links":{"self":[{"href":"https:\/\/paca.lpo.fr\/blogs\/nice\/wp-json\/wp\/v2\/posts\/719","targetHints":{"allow":["GET"]}}],"collection":[{"href":"https:\/\/paca.lpo.fr\/blogs\/nice\/wp-json\/wp\/v2\/posts"}],"about":[{"href":"https:\/\/paca.lpo.fr\/blogs\/nice\/wp-json\/wp\/v2\/types\/post"}],"author":[{"embeddable":true,"href":"https:\/\/paca.lpo.fr\/blogs\/nice\/wp-json\/wp\/v2\/users\/15"}],"replies":[{"embeddable":true,"href":"https:\/\/paca.lpo.fr\/blogs\/nice\/wp-json\/wp\/v2\/comments?post=719"}],"version-history":[{"count":3,"href":"https:\/\/paca.lpo.fr\/blogs\/nice\/wp-json\/wp\/v2\/posts\/719\/revisions"}],"predecessor-version":[{"id":1124,"href":"https:\/\/paca.lpo.fr\/blogs\/nice\/wp-json\/wp\/v2\/posts\/719\/revisions\/1124"}],"wp:featuredmedia":[{"embeddable":true,"href":"https:\/\/paca.lpo.fr\/blogs\/nice\/wp-json\/wp\/v2\/media\/720"}],"wp:attachment":[{"href":"https:\/\/paca.lpo.fr\/blogs\/nice\/wp-json\/wp\/v2\/media?parent=719"}],"wp:term":[{"taxonomy":"category","embeddable":true,"href":"https:\/\/paca.lpo.fr\/blogs\/nice\/wp-json\/wp\/v2\/categories?post=719"},{"taxonomy":"post_tag","embeddable":true,"href":"https:\/\/paca.lpo.fr\/blogs\/nice\/wp-json\/wp\/v2\/tags?post=719"}],"curies":[{"name":"wp","href":"https:\/\/api.w.org\/{rel}","templated":true}]}}