{"id":72,"date":"2011-02-07T11:23:09","date_gmt":"2011-02-07T11:23:09","guid":{"rendered":"https:\/\/paca.lpo.fr\/blogs\/nice\/?p=72"},"modified":"2011-02-07T11:23:09","modified_gmt":"2011-02-07T11:23:09","slug":"oiseau-du-mois-le-grand-duc","status":"publish","type":"post","link":"https:\/\/paca.lpo.fr\/blogs\/nice\/2011\/02\/07\/oiseau-du-mois-le-grand-duc\/","title":{"rendered":"Oiseau du mois: le Grand Duc"},"content":{"rendered":"<div>\n<p>\u00a0<img loading=\"lazy\" decoding=\"async\" class=\"alignnone\" src=\"http:\/\/paca.lpo.fr\/images\/phocagallery\/phototheque\/oiseaux\/Grand_Duc_d_Europe\/thumbs\/phoca_thumb_l_Grand_Duc_givi1.jpg\" alt=\"\" width=\"388\" height=\"520\" \/><\/p>\n<p>Le Hibou Grand Duc est le plus grand nocturne d\u2019Europe\u00a0!!!<\/p>\n<p>Son chant, un hululement grave \u00ab\u00a0ou-ho\u00a0\u00bb, est audible jusqu\u2019\u00e0 4 km.<\/p>\n<p>Le Grand Duc chasse \u00e0 l\u2019aube et au cr\u00e9puscule. Il tue ses proies avec ses serres tr\u00e8s puissantes, et les d\u00e9capite.<\/p>\n<p>Son alimentation est constitu\u00e9e de mammif\u00e8res m\u00eame de grande taille (li\u00e8vre, renardeau, blaireau) et d\u2019oiseaux.<\/p>\n<p><img loading=\"lazy\" decoding=\"async\" class=\"alignnone\" src=\"http:\/\/paca.lpo.fr\/images\/phocagallery\/phototheque\/oiseaux\/Grand_Duc_d_Europe\/thumbs\/phoca_thumb_l_Grand_Duc_jpmi1.jpg\" alt=\"\" width=\"756\" height=\"520\" \/><\/p>\n<p>L\u2019on peut trouver le Grand Duc dans des collines pr\u00e9sentant une barre rocheuse, m\u00eame de petite taille, \u00e0 c\u00f4t\u00e9 de grandes zones d\u00e9couvertes pour la chasse.<\/p>\n<p>Ce Hibou niche au sol, dans une falaise, sous un surplomb, une infractuosit\u00e9, un ancien nid.<\/p>\n<p>Le Grand Duc ne subsiste que dans les massifs montagneux.<\/p>\n<p><img loading=\"lazy\" decoding=\"async\" class=\"alignnone\" src=\"http:\/\/paca.lpo.fr\/images\/phocagallery\/phototheque\/oiseaux\/Grand_Duc_d_Europe\/thumbs\/phoca_thumb_l_Grand_duc_mmif1.jpg\" alt=\"\" width=\"400\" height=\"520\" \/><\/p>\n<p>Risques encourus par le Grand Duc\u00a0: la pratique sauvage de l\u2019escalade, les photographes provocant des d\u00e9sagr\u00e9ments, les abandons pendant la nidification, les collisions avec des c\u00e2bles \u00e9lectriques a\u00e9riens.<\/p>\n<\/div>\n","protected":false},"excerpt":{"rendered":"<p>\u00a0 Le Hibou Grand Duc est le plus grand nocturne d\u2019Europe\u00a0!!! Son chant, un hululement grave \u00ab\u00a0ou-ho\u00a0\u00bb, est audible jusqu\u2019\u00e0 4 km. Le Grand Duc chasse \u00e0 l\u2019aube et au cr\u00e9puscule. Il tue ses proies avec ses serres tr\u00e8s puissantes, et les d\u00e9capite. Son alimentation est constitu\u00e9e de mammif\u00e8res m\u00eame de grande taille (li\u00e8vre, renardeau, [&hellip;]<\/p>\n","protected":false},"author":1,"featured_media":0,"comment_status":"open","ping_status":"open","sticky":false,"template":"","format":"standard","meta":{"footnotes":""},"categories":[3],"tags":[22,25,26,52,59],"class_list":["post-72","post","type-post","status-publish","format-standard","hentry","category-vie-groupe","tag-fevrier","tag-grand-duc","tag-hibou","tag-oiseau-du-mois","tag-rapaces-nocturnes"],"yoast_head":"<!-- This site is optimized with the Yoast SEO plugin v28.3 - https:\/\/yoast.com\/product\/yoast-seo-wordpress\/ -->\n<title>Oiseau du mois: le Grand Duc  - Groupe local Nice<\/title>\n<meta name=\"robots\" content=\"index, follow, max-snippet:-1, max-image-preview:large, max-video-preview:-1\" \/>\n<link rel=\"canonical\" href=\"https:\/\/paca.lpo.fr\/blogs\/nice\/2011\/02\/07\/oiseau-du-mois-le-grand-duc\/\" \/>\n<meta property=\"og:locale\" content=\"fr_FR\" \/>\n<meta property=\"og:type\" content=\"article\" \/>\n<meta property=\"og:title\" content=\"Oiseau du mois: le Grand Duc  - Groupe local Nice\" \/>\n<meta property=\"og:description\" content=\"\u00a0 Le Hibou Grand Duc est le plus grand nocturne d\u2019Europe\u00a0!!! Son chant, un hululement grave \u00ab\u00a0ou-ho\u00a0\u00bb, est audible jusqu\u2019\u00e0 4 km. Le Grand Duc chasse \u00e0 l\u2019aube et au cr\u00e9puscule. Il tue ses proies avec ses serres tr\u00e8s puissantes, et les d\u00e9capite. Son alimentation est constitu\u00e9e de mammif\u00e8res m\u00eame de grande taille (li\u00e8vre, renardeau, [&hellip;]\" \/>\n<meta property=\"og:url\" content=\"https:\/\/paca.lpo.fr\/blogs\/nice\/2011\/02\/07\/oiseau-du-mois-le-grand-duc\/\" \/>\n<meta property=\"og:site_name\" content=\"Groupe local Nice\" \/>\n<meta property=\"article:published_time\" content=\"2011-02-07T11:23:09+00:00\" \/>\n<meta property=\"og:image\" content=\"http:\/\/paca.lpo.fr\/images\/phocagallery\/phototheque\/oiseaux\/Grand_Duc_d_Europe\/thumbs\/phoca_thumb_l_Grand_Duc_givi1.jpg\" \/>\n<meta name=\"author\" content=\"LPOPACA\" \/>\n<meta name=\"twitter:card\" content=\"summary_large_image\" \/>\n<meta name=\"twitter:label1\" content=\"\u00c9crit par\" \/>\n\t<meta name=\"twitter:data1\" content=\"LPOPACA\" \/>\n\t<meta name=\"twitter:label2\" content=\"Dur\u00e9e de lecture estim\u00e9e\" \/>\n\t<meta name=\"twitter:data2\" content=\"1 minute\" \/>\n<script type=\"application\/ld+json\" class=\"yoast-schema-graph\">{\"@context\":\"https:\\\/\\\/schema.org\",\"@graph\":[{\"@type\":\"Article\",\"@id\":\"https:\\\/\\\/paca.lpo.fr\\\/blogs\\\/nice\\\/2011\\\/02\\\/07\\\/oiseau-du-mois-le-grand-duc\\\/#article\",\"isPartOf\":{\"@id\":\"https:\\\/\\\/paca.lpo.fr\\\/blogs\\\/nice\\\/2011\\\/02\\\/07\\\/oiseau-du-mois-le-grand-duc\\\/\"},\"author\":{\"name\":\"LPOPACA\",\"@id\":\"https:\\\/\\\/paca.lpo.fr\\\/blogs\\\/nice\\\/#\\\/schema\\\/person\\\/f4701c21e2e412e301d69ea575732a07\"},\"headline\":\"Oiseau du mois: le Grand Duc\",\"datePublished\":\"2011-02-07T11:23:09+00:00\",\"mainEntityOfPage\":{\"@id\":\"https:\\\/\\\/paca.lpo.fr\\\/blogs\\\/nice\\\/2011\\\/02\\\/07\\\/oiseau-du-mois-le-grand-duc\\\/\"},\"wordCount\":160,\"commentCount\":0,\"publisher\":{\"@id\":\"https:\\\/\\\/paca.lpo.fr\\\/blogs\\\/nice\\\/#organization\"},\"image\":{\"@id\":\"https:\\\/\\\/paca.lpo.fr\\\/blogs\\\/nice\\\/2011\\\/02\\\/07\\\/oiseau-du-mois-le-grand-duc\\\/#primaryimage\"},\"thumbnailUrl\":\"http:\\\/\\\/paca.lpo.fr\\\/images\\\/phocagallery\\\/phototheque\\\/oiseaux\\\/Grand_Duc_d_Europe\\\/thumbs\\\/phoca_thumb_l_Grand_Duc_givi1.jpg\",\"keywords\":[\"f\u00e9vrier\",\"grand duc\",\"hibou\",\"oiseau du mois\",\"rapaces nocturnes\"],\"articleSection\":[\"Vie du groupe\"],\"inLanguage\":\"fr-FR\",\"potentialAction\":[{\"@type\":\"CommentAction\",\"name\":\"Comment\",\"target\":[\"https:\\\/\\\/paca.lpo.fr\\\/blogs\\\/nice\\\/2011\\\/02\\\/07\\\/oiseau-du-mois-le-grand-duc\\\/#respond\"]}]},{\"@type\":\"WebPage\",\"@id\":\"https:\\\/\\\/paca.lpo.fr\\\/blogs\\\/nice\\\/2011\\\/02\\\/07\\\/oiseau-du-mois-le-grand-duc\\\/\",\"url\":\"https:\\\/\\\/paca.lpo.fr\\\/blogs\\\/nice\\\/2011\\\/02\\\/07\\\/oiseau-du-mois-le-grand-duc\\\/\",\"name\":\"Oiseau du mois: le Grand Duc - Groupe local Nice\",\"isPartOf\":{\"@id\":\"https:\\\/\\\/paca.lpo.fr\\\/blogs\\\/nice\\\/#website\"},\"primaryImageOfPage\":{\"@id\":\"https:\\\/\\\/paca.lpo.fr\\\/blogs\\\/nice\\\/2011\\\/02\\\/07\\\/oiseau-du-mois-le-grand-duc\\\/#primaryimage\"},\"image\":{\"@id\":\"https:\\\/\\\/paca.lpo.fr\\\/blogs\\\/nice\\\/2011\\\/02\\\/07\\\/oiseau-du-mois-le-grand-duc\\\/#primaryimage\"},\"thumbnailUrl\":\"http:\\\/\\\/paca.lpo.fr\\\/images\\\/phocagallery\\\/phototheque\\\/oiseaux\\\/Grand_Duc_d_Europe\\\/thumbs\\\/phoca_thumb_l_Grand_Duc_givi1.jpg\",\"datePublished\":\"2011-02-07T11:23:09+00:00\",\"breadcrumb\":{\"@id\":\"https:\\\/\\\/paca.lpo.fr\\\/blogs\\\/nice\\\/2011\\\/02\\\/07\\\/oiseau-du-mois-le-grand-duc\\\/#breadcrumb\"},\"inLanguage\":\"fr-FR\",\"potentialAction\":[{\"@type\":\"ReadAction\",\"target\":[\"https:\\\/\\\/paca.lpo.fr\\\/blogs\\\/nice\\\/2011\\\/02\\\/07\\\/oiseau-du-mois-le-grand-duc\\\/\"]}]},{\"@type\":\"ImageObject\",\"inLanguage\":\"fr-FR\",\"@id\":\"https:\\\/\\\/paca.lpo.fr\\\/blogs\\\/nice\\\/2011\\\/02\\\/07\\\/oiseau-du-mois-le-grand-duc\\\/#primaryimage\",\"url\":\"http:\\\/\\\/paca.lpo.fr\\\/images\\\/phocagallery\\\/phototheque\\\/oiseaux\\\/Grand_Duc_d_Europe\\\/thumbs\\\/phoca_thumb_l_Grand_Duc_givi1.jpg\",\"contentUrl\":\"http:\\\/\\\/paca.lpo.fr\\\/images\\\/phocagallery\\\/phototheque\\\/oiseaux\\\/Grand_Duc_d_Europe\\\/thumbs\\\/phoca_thumb_l_Grand_Duc_givi1.jpg\"},{\"@type\":\"BreadcrumbList\",\"@id\":\"https:\\\/\\\/paca.lpo.fr\\\/blogs\\\/nice\\\/2011\\\/02\\\/07\\\/oiseau-du-mois-le-grand-duc\\\/#breadcrumb\",\"itemListElement\":[{\"@type\":\"ListItem\",\"position\":1,\"name\":\"Accueil\",\"item\":\"https:\\\/\\\/paca.lpo.fr\\\/blogs\\\/nice\\\/\"},{\"@type\":\"ListItem\",\"position\":2,\"name\":\"Oiseau du mois: le Grand Duc\"}]},{\"@type\":\"WebSite\",\"@id\":\"https:\\\/\\\/paca.lpo.fr\\\/blogs\\\/nice\\\/#website\",\"url\":\"https:\\\/\\\/paca.lpo.fr\\\/blogs\\\/nice\\\/\",\"name\":\"Groupe local Nice\",\"description\":\"Groupe local Nice\",\"publisher\":{\"@id\":\"https:\\\/\\\/paca.lpo.fr\\\/blogs\\\/nice\\\/#organization\"},\"potentialAction\":[{\"@type\":\"SearchAction\",\"target\":{\"@type\":\"EntryPoint\",\"urlTemplate\":\"https:\\\/\\\/paca.lpo.fr\\\/blogs\\\/nice\\\/?s={search_term_string}\"},\"query-input\":{\"@type\":\"PropertyValueSpecification\",\"valueRequired\":true,\"valueName\":\"search_term_string\"}}],\"inLanguage\":\"fr-FR\"},{\"@type\":\"Organization\",\"@id\":\"https:\\\/\\\/paca.lpo.fr\\\/blogs\\\/nice\\\/#organization\",\"name\":\"Groupe local Nice\",\"url\":\"https:\\\/\\\/paca.lpo.fr\\\/blogs\\\/nice\\\/\",\"logo\":{\"@type\":\"ImageObject\",\"inLanguage\":\"fr-FR\",\"@id\":\"https:\\\/\\\/paca.lpo.fr\\\/blogs\\\/nice\\\/#\\\/schema\\\/logo\\\/image\\\/\",\"url\":\"https:\\\/\\\/paca.lpo.fr\\\/blogs\\\/nice\\\/files\\\/2024\\\/01\\\/cropped-rvb-lpo-paca-logotype-signature-droite-mini-500.jpg\",\"contentUrl\":\"https:\\\/\\\/paca.lpo.fr\\\/blogs\\\/nice\\\/files\\\/2024\\\/01\\\/cropped-rvb-lpo-paca-logotype-signature-droite-mini-500.jpg\",\"width\":500,\"height\":210,\"caption\":\"Groupe local Nice\"},\"image\":{\"@id\":\"https:\\\/\\\/paca.lpo.fr\\\/blogs\\\/nice\\\/#\\\/schema\\\/logo\\\/image\\\/\"}},{\"@type\":\"Person\",\"@id\":\"https:\\\/\\\/paca.lpo.fr\\\/blogs\\\/nice\\\/#\\\/schema\\\/person\\\/f4701c21e2e412e301d69ea575732a07\",\"name\":\"LPOPACA\",\"image\":{\"@type\":\"ImageObject\",\"inLanguage\":\"fr-FR\",\"@id\":\"https:\\\/\\\/secure.gravatar.com\\\/avatar\\\/61b4fe4aeb906264475360b018582a8a825394c21df85ee757345c68c15ddd14?s=96&d=mm&r=g\",\"url\":\"https:\\\/\\\/secure.gravatar.com\\\/avatar\\\/61b4fe4aeb906264475360b018582a8a825394c21df85ee757345c68c15ddd14?s=96&d=mm&r=g\",\"contentUrl\":\"https:\\\/\\\/secure.gravatar.com\\\/avatar\\\/61b4fe4aeb906264475360b018582a8a825394c21df85ee757345c68c15ddd14?s=96&d=mm&r=g\",\"caption\":\"LPOPACA\"},\"url\":\"https:\\\/\\\/paca.lpo.fr\\\/blogs\\\/nice\\\/author\\\/lpopaca\\\/\"}]}<\/script>\n<!-- \/ Yoast SEO plugin. -->","yoast_head_json":{"title":"Oiseau du mois: le Grand Duc  - Groupe local Nice","robots":{"index":"index","follow":"follow","max-snippet":"max-snippet:-1","max-image-preview":"max-image-preview:large","max-video-preview":"max-video-preview:-1"},"canonical":"https:\/\/paca.lpo.fr\/blogs\/nice\/2011\/02\/07\/oiseau-du-mois-le-grand-duc\/","og_locale":"fr_FR","og_type":"article","og_title":"Oiseau du mois: le Grand Duc  - Groupe local Nice","og_description":"\u00a0 Le Hibou Grand Duc est le plus grand nocturne d\u2019Europe\u00a0!!! Son chant, un hululement grave \u00ab\u00a0ou-ho\u00a0\u00bb, est audible jusqu\u2019\u00e0 4 km. Le Grand Duc chasse \u00e0 l\u2019aube et au cr\u00e9puscule. Il tue ses proies avec ses serres tr\u00e8s puissantes, et les d\u00e9capite. Son alimentation est constitu\u00e9e de mammif\u00e8res m\u00eame de grande taille (li\u00e8vre, renardeau, [&hellip;]","og_url":"https:\/\/paca.lpo.fr\/blogs\/nice\/2011\/02\/07\/oiseau-du-mois-le-grand-duc\/","og_site_name":"Groupe local Nice","article_published_time":"2011-02-07T11:23:09+00:00","og_image":[{"url":"http:\/\/paca.lpo.fr\/images\/phocagallery\/phototheque\/oiseaux\/Grand_Duc_d_Europe\/thumbs\/phoca_thumb_l_Grand_Duc_givi1.jpg","type":"","width":"","height":""}],"author":"LPOPACA","twitter_card":"summary_large_image","twitter_misc":{"\u00c9crit par":"LPOPACA","Dur\u00e9e de lecture estim\u00e9e":"1 minute"},"schema":{"@context":"https:\/\/schema.org","@graph":[{"@type":"Article","@id":"https:\/\/paca.lpo.fr\/blogs\/nice\/2011\/02\/07\/oiseau-du-mois-le-grand-duc\/#article","isPartOf":{"@id":"https:\/\/paca.lpo.fr\/blogs\/nice\/2011\/02\/07\/oiseau-du-mois-le-grand-duc\/"},"author":{"name":"LPOPACA","@id":"https:\/\/paca.lpo.fr\/blogs\/nice\/#\/schema\/person\/f4701c21e2e412e301d69ea575732a07"},"headline":"Oiseau du mois: le Grand Duc","datePublished":"2011-02-07T11:23:09+00:00","mainEntityOfPage":{"@id":"https:\/\/paca.lpo.fr\/blogs\/nice\/2011\/02\/07\/oiseau-du-mois-le-grand-duc\/"},"wordCount":160,"commentCount":0,"publisher":{"@id":"https:\/\/paca.lpo.fr\/blogs\/nice\/#organization"},"image":{"@id":"https:\/\/paca.lpo.fr\/blogs\/nice\/2011\/02\/07\/oiseau-du-mois-le-grand-duc\/#primaryimage"},"thumbnailUrl":"http:\/\/paca.lpo.fr\/images\/phocagallery\/phototheque\/oiseaux\/Grand_Duc_d_Europe\/thumbs\/phoca_thumb_l_Grand_Duc_givi1.jpg","keywords":["f\u00e9vrier","grand duc","hibou","oiseau du mois","rapaces nocturnes"],"articleSection":["Vie du groupe"],"inLanguage":"fr-FR","potentialAction":[{"@type":"CommentAction","name":"Comment","target":["https:\/\/paca.lpo.fr\/blogs\/nice\/2011\/02\/07\/oiseau-du-mois-le-grand-duc\/#respond"]}]},{"@type":"WebPage","@id":"https:\/\/paca.lpo.fr\/blogs\/nice\/2011\/02\/07\/oiseau-du-mois-le-grand-duc\/","url":"https:\/\/paca.lpo.fr\/blogs\/nice\/2011\/02\/07\/oiseau-du-mois-le-grand-duc\/","name":"Oiseau du mois: le Grand Duc - Groupe local Nice","isPartOf":{"@id":"https:\/\/paca.lpo.fr\/blogs\/nice\/#website"},"primaryImageOfPage":{"@id":"https:\/\/paca.lpo.fr\/blogs\/nice\/2011\/02\/07\/oiseau-du-mois-le-grand-duc\/#primaryimage"},"image":{"@id":"https:\/\/paca.lpo.fr\/blogs\/nice\/2011\/02\/07\/oiseau-du-mois-le-grand-duc\/#primaryimage"},"thumbnailUrl":"http:\/\/paca.lpo.fr\/images\/phocagallery\/phototheque\/oiseaux\/Grand_Duc_d_Europe\/thumbs\/phoca_thumb_l_Grand_Duc_givi1.jpg","datePublished":"2011-02-07T11:23:09+00:00","breadcrumb":{"@id":"https:\/\/paca.lpo.fr\/blogs\/nice\/2011\/02\/07\/oiseau-du-mois-le-grand-duc\/#breadcrumb"},"inLanguage":"fr-FR","potentialAction":[{"@type":"ReadAction","target":["https:\/\/paca.lpo.fr\/blogs\/nice\/2011\/02\/07\/oiseau-du-mois-le-grand-duc\/"]}]},{"@type":"ImageObject","inLanguage":"fr-FR","@id":"https:\/\/paca.lpo.fr\/blogs\/nice\/2011\/02\/07\/oiseau-du-mois-le-grand-duc\/#primaryimage","url":"http:\/\/paca.lpo.fr\/images\/phocagallery\/phototheque\/oiseaux\/Grand_Duc_d_Europe\/thumbs\/phoca_thumb_l_Grand_Duc_givi1.jpg","contentUrl":"http:\/\/paca.lpo.fr\/images\/phocagallery\/phototheque\/oiseaux\/Grand_Duc_d_Europe\/thumbs\/phoca_thumb_l_Grand_Duc_givi1.jpg"},{"@type":"BreadcrumbList","@id":"https:\/\/paca.lpo.fr\/blogs\/nice\/2011\/02\/07\/oiseau-du-mois-le-grand-duc\/#breadcrumb","itemListElement":[{"@type":"ListItem","position":1,"name":"Accueil","item":"https:\/\/paca.lpo.fr\/blogs\/nice\/"},{"@type":"ListItem","position":2,"name":"Oiseau du mois: le Grand Duc"}]},{"@type":"WebSite","@id":"https:\/\/paca.lpo.fr\/blogs\/nice\/#website","url":"https:\/\/paca.lpo.fr\/blogs\/nice\/","name":"Groupe local Nice","description":"Groupe local Nice","publisher":{"@id":"https:\/\/paca.lpo.fr\/blogs\/nice\/#organization"},"potentialAction":[{"@type":"SearchAction","target":{"@type":"EntryPoint","urlTemplate":"https:\/\/paca.lpo.fr\/blogs\/nice\/?s={search_term_string}"},"query-input":{"@type":"PropertyValueSpecification","valueRequired":true,"valueName":"search_term_string"}}],"inLanguage":"fr-FR"},{"@type":"Organization","@id":"https:\/\/paca.lpo.fr\/blogs\/nice\/#organization","name":"Groupe local Nice","url":"https:\/\/paca.lpo.fr\/blogs\/nice\/","logo":{"@type":"ImageObject","inLanguage":"fr-FR","@id":"https:\/\/paca.lpo.fr\/blogs\/nice\/#\/schema\/logo\/image\/","url":"https:\/\/paca.lpo.fr\/blogs\/nice\/files\/2024\/01\/cropped-rvb-lpo-paca-logotype-signature-droite-mini-500.jpg","contentUrl":"https:\/\/paca.lpo.fr\/blogs\/nice\/files\/2024\/01\/cropped-rvb-lpo-paca-logotype-signature-droite-mini-500.jpg","width":500,"height":210,"caption":"Groupe local Nice"},"image":{"@id":"https:\/\/paca.lpo.fr\/blogs\/nice\/#\/schema\/logo\/image\/"}},{"@type":"Person","@id":"https:\/\/paca.lpo.fr\/blogs\/nice\/#\/schema\/person\/f4701c21e2e412e301d69ea575732a07","name":"LPOPACA","image":{"@type":"ImageObject","inLanguage":"fr-FR","@id":"https:\/\/secure.gravatar.com\/avatar\/61b4fe4aeb906264475360b018582a8a825394c21df85ee757345c68c15ddd14?s=96&d=mm&r=g","url":"https:\/\/secure.gravatar.com\/avatar\/61b4fe4aeb906264475360b018582a8a825394c21df85ee757345c68c15ddd14?s=96&d=mm&r=g","contentUrl":"https:\/\/secure.gravatar.com\/avatar\/61b4fe4aeb906264475360b018582a8a825394c21df85ee757345c68c15ddd14?s=96&d=mm&r=g","caption":"LPOPACA"},"url":"https:\/\/paca.lpo.fr\/blogs\/nice\/author\/lpopaca\/"}]}},"jetpack_featured_media_url":"","_links":{"self":[{"href":"https:\/\/paca.lpo.fr\/blogs\/nice\/wp-json\/wp\/v2\/posts\/72","targetHints":{"allow":["GET"]}}],"collection":[{"href":"https:\/\/paca.lpo.fr\/blogs\/nice\/wp-json\/wp\/v2\/posts"}],"about":[{"href":"https:\/\/paca.lpo.fr\/blogs\/nice\/wp-json\/wp\/v2\/types\/post"}],"author":[{"embeddable":true,"href":"https:\/\/paca.lpo.fr\/blogs\/nice\/wp-json\/wp\/v2\/users\/1"}],"replies":[{"embeddable":true,"href":"https:\/\/paca.lpo.fr\/blogs\/nice\/wp-json\/wp\/v2\/comments?post=72"}],"version-history":[{"count":0,"href":"https:\/\/paca.lpo.fr\/blogs\/nice\/wp-json\/wp\/v2\/posts\/72\/revisions"}],"wp:attachment":[{"href":"https:\/\/paca.lpo.fr\/blogs\/nice\/wp-json\/wp\/v2\/media?parent=72"}],"wp:term":[{"taxonomy":"category","embeddable":true,"href":"https:\/\/paca.lpo.fr\/blogs\/nice\/wp-json\/wp\/v2\/categories?post=72"},{"taxonomy":"post_tag","embeddable":true,"href":"https:\/\/paca.lpo.fr\/blogs\/nice\/wp-json\/wp\/v2\/tags?post=72"}],"curies":[{"name":"wp","href":"https:\/\/api.w.org\/{rel}","templated":true}]}}