{"id":76,"date":"2011-02-14T12:31:04","date_gmt":"2011-02-14T12:31:04","guid":{"rendered":"https:\/\/paca.lpo.fr\/blogs\/nice\/?p=76"},"modified":"2011-02-14T12:31:04","modified_gmt":"2011-02-14T12:31:04","slug":"oiseau-du-mois-la-cheveche-dathena","status":"publish","type":"post","link":"https:\/\/paca.lpo.fr\/blogs\/nice\/2011\/02\/14\/oiseau-du-mois-la-cheveche-dathena\/","title":{"rendered":"Oiseau du mois: la Chev\u00eache d&rsquo;Ath\u00e9na"},"content":{"rendered":"<p>En ce jour de la Saint Valentin, vous allez tomber amoureux de la Chev\u00eache d&rsquo;Ath\u00e9na !<\/p>\n<p><img loading=\"lazy\" decoding=\"async\" src=\"http:\/\/paca.lpo.fr\/images\/phocagallery\/phototheque\/oiseaux\/Cheveche_d_Athena\/thumbs\/phoca_thumb_l_cheveche_d_athena_alfo2.jpg\" alt=\"\" width=\"500\" height=\"375\" border=\"0\" \/><\/p>\n<p>La Chev\u00eache, en raison de son regard, d&rsquo;un tr\u00e8s beau jaune, \u00e9tait le symbole f\u00e9roce et sage de la D\u00e9esse grecque Ath\u00e9na.<\/p>\n<p><img loading=\"lazy\" decoding=\"async\" src=\"http:\/\/paca.lpo.fr\/images\/phocagallery\/phototheque\/oiseaux\/Cheveche_d_Athena\/thumbs\/phoca_thumb_l_cheveche_d_athena_olpu2.jpg\" alt=\"\" width=\"500\" height=\"376\" border=\"0\" \/><\/p>\n<p>La Chev\u00eache d&rsquo;Ath\u00e9na est l&rsquo;une des plus petites chouettes (21 \u00e0 23 cm). Cependant, c&rsquo;est l&rsquo;une des plus visible. En effet, peu farouche, elle peut \u00eatre observ\u00e9e \u00e0 tout moment de la journ\u00e9e.<\/p>\n<p>Pour son habitat, la Chev\u00eache appr\u00e9cie la campagne cultiv\u00e9e, et notamment l&rsquo;alternance entre les prairies et les bois. Elle se repose souvent dans une cavit\u00e9, dans un mur ou un arbre creux.<\/p>\n<p>C&rsquo;est aussi dans un trou que la Chev\u00eache va faire son nid; le m\u00eame site \u00e9tant utilis\u00e9 ann\u00e9e apr\u00e8s ann\u00e9e.<\/p>\n<p><img loading=\"lazy\" decoding=\"async\" src=\"http:\/\/paca.lpo.fr\/images\/phocagallery\/phototheque\/oiseaux\/Cheveche_d_Athena\/thumbs\/phoca_thumb_l_cheveche_d_athena_ansc1.jpg\" alt=\"\" width=\"500\" height=\"375\" border=\"0\" \/><\/p>\n<p>La Chev\u00eache chasse \u00e0 l&rsquo;aube et au cr\u00e9puscule. Son alimentation est principalement constitu\u00e9e de rongeurs et d&rsquo;insectes, mais aussi d&rsquo;oiseaux et de vers de terre. Elle peut, gr\u00e2ce \u00e0 ses puissantes serres, capturer des proies de sa propre taille.<\/p>\n<p>Cette chouette vole au ras du sol, d&rsquo;un vol tr\u00e8s ondulant, sur de longues distantes. Cependant, lorsqu&rsquo;elle poursuit une proie, la Chev\u00eache a un vol plus direct.<\/p>\n<p>La Chev\u00eache \u00e9met de nombreux cris, proches de miaulements et de jappements.<\/p>\n<p>Risques: A cause de l&rsquo;usage des pesticides, les Chev\u00eaches ont d\u00e9clin\u00e9es dans les ann\u00e9es 1960. D&rsquo;autres menaces p\u00e8sent sur cette chouette, il s&rsquo;agit des changements dans leur habitat et notamment la perte des vieilles haies d&rsquo;arbres.<\/p>\n<p>Petite anecdote:<\/p>\n<p>Bien que s&rsquo;appellant \u00ab\u00a0Bubo\u00a0\u00bb (qui d\u00e9signe le genre des rapaces nocturnes de grande taille tels que les Grands-Ducs ou Harfang des Neige), la petite chouette m\u00e9canique du film \u00ab\u00a0Le Choc des Titans\u00a0\u00bb de Desmond Davis (1980) est bien fortement inspir\u00e9e par la Chev\u00eache d&rsquo;Ath\u00e9na !<\/p>\n<p><img decoding=\"async\" src=\"http:\/\/paca.lpo.fr\/images\/stories\/groupes_locaux\/alpes_maritimes_est\/oiseauxdumois\/418910425.jpg\" alt=\"\" border=\"0\" \/><\/p>\n","protected":false},"excerpt":{"rendered":"<p>En ce jour de la Saint Valentin, vous allez tomber amoureux de la Chev\u00eache d&rsquo;Ath\u00e9na ! La Chev\u00eache, en raison de son regard, d&rsquo;un tr\u00e8s beau jaune, \u00e9tait le symbole f\u00e9roce et sage de la D\u00e9esse grecque Ath\u00e9na. La Chev\u00eache d&rsquo;Ath\u00e9na est l&rsquo;une des plus petites chouettes (21 \u00e0 23 cm). Cependant, c&rsquo;est l&rsquo;une des [&hellip;]<\/p>\n","protected":false},"author":1,"featured_media":0,"comment_status":"open","ping_status":"open","sticky":false,"template":"","format":"standard","meta":{"footnotes":""},"categories":[3],"tags":[15,22,52,59],"class_list":["post-76","post","type-post","status-publish","format-standard","hentry","category-vie-groupe","tag-cheveche","tag-fevrier","tag-oiseau-du-mois","tag-rapaces-nocturnes"],"yoast_head":"<!-- This site is optimized with the Yoast SEO plugin v28.3 - https:\/\/yoast.com\/product\/yoast-seo-wordpress\/ -->\n<title>Oiseau du mois: la Chev\u00eache d&#039;Ath\u00e9na  - Groupe local Nice<\/title>\n<meta name=\"robots\" content=\"index, follow, max-snippet:-1, max-image-preview:large, max-video-preview:-1\" \/>\n<link rel=\"canonical\" href=\"https:\/\/paca.lpo.fr\/blogs\/nice\/2011\/02\/14\/oiseau-du-mois-la-cheveche-dathena\/\" \/>\n<meta property=\"og:locale\" content=\"fr_FR\" \/>\n<meta property=\"og:type\" content=\"article\" \/>\n<meta property=\"og:title\" content=\"Oiseau du mois: la Chev\u00eache d&#039;Ath\u00e9na  - Groupe local Nice\" \/>\n<meta property=\"og:description\" content=\"En ce jour de la Saint Valentin, vous allez tomber amoureux de la Chev\u00eache d&rsquo;Ath\u00e9na ! La Chev\u00eache, en raison de son regard, d&rsquo;un tr\u00e8s beau jaune, \u00e9tait le symbole f\u00e9roce et sage de la D\u00e9esse grecque Ath\u00e9na. La Chev\u00eache d&rsquo;Ath\u00e9na est l&rsquo;une des plus petites chouettes (21 \u00e0 23 cm). Cependant, c&rsquo;est l&rsquo;une des [&hellip;]\" \/>\n<meta property=\"og:url\" content=\"https:\/\/paca.lpo.fr\/blogs\/nice\/2011\/02\/14\/oiseau-du-mois-la-cheveche-dathena\/\" \/>\n<meta property=\"og:site_name\" content=\"Groupe local Nice\" \/>\n<meta property=\"article:published_time\" content=\"2011-02-14T12:31:04+00:00\" \/>\n<meta property=\"og:image\" content=\"http:\/\/paca.lpo.fr\/images\/phocagallery\/phototheque\/oiseaux\/Cheveche_d_Athena\/thumbs\/phoca_thumb_l_cheveche_d_athena_alfo2.jpg\" \/>\n<meta name=\"author\" content=\"LPOPACA\" \/>\n<meta name=\"twitter:card\" content=\"summary_large_image\" \/>\n<meta name=\"twitter:label1\" content=\"\u00c9crit par\" \/>\n\t<meta name=\"twitter:data1\" content=\"LPOPACA\" \/>\n\t<meta name=\"twitter:label2\" content=\"Dur\u00e9e de lecture estim\u00e9e\" \/>\n\t<meta name=\"twitter:data2\" content=\"2 minutes\" \/>\n<script type=\"application\/ld+json\" class=\"yoast-schema-graph\">{\"@context\":\"https:\\\/\\\/schema.org\",\"@graph\":[{\"@type\":\"Article\",\"@id\":\"https:\\\/\\\/paca.lpo.fr\\\/blogs\\\/nice\\\/2011\\\/02\\\/14\\\/oiseau-du-mois-la-cheveche-dathena\\\/#article\",\"isPartOf\":{\"@id\":\"https:\\\/\\\/paca.lpo.fr\\\/blogs\\\/nice\\\/2011\\\/02\\\/14\\\/oiseau-du-mois-la-cheveche-dathena\\\/\"},\"author\":{\"name\":\"LPOPACA\",\"@id\":\"https:\\\/\\\/paca.lpo.fr\\\/blogs\\\/nice\\\/#\\\/schema\\\/person\\\/f4701c21e2e412e301d69ea575732a07\"},\"headline\":\"Oiseau du mois: la Chev\u00eache d&rsquo;Ath\u00e9na\",\"datePublished\":\"2011-02-14T12:31:04+00:00\",\"mainEntityOfPage\":{\"@id\":\"https:\\\/\\\/paca.lpo.fr\\\/blogs\\\/nice\\\/2011\\\/02\\\/14\\\/oiseau-du-mois-la-cheveche-dathena\\\/\"},\"wordCount\":338,\"commentCount\":0,\"publisher\":{\"@id\":\"https:\\\/\\\/paca.lpo.fr\\\/blogs\\\/nice\\\/#organization\"},\"image\":{\"@id\":\"https:\\\/\\\/paca.lpo.fr\\\/blogs\\\/nice\\\/2011\\\/02\\\/14\\\/oiseau-du-mois-la-cheveche-dathena\\\/#primaryimage\"},\"thumbnailUrl\":\"http:\\\/\\\/paca.lpo.fr\\\/images\\\/phocagallery\\\/phototheque\\\/oiseaux\\\/Cheveche_d_Athena\\\/thumbs\\\/phoca_thumb_l_cheveche_d_athena_alfo2.jpg\",\"keywords\":[\"chev\u00eache\",\"f\u00e9vrier\",\"oiseau du mois\",\"rapaces nocturnes\"],\"articleSection\":[\"Vie du groupe\"],\"inLanguage\":\"fr-FR\",\"potentialAction\":[{\"@type\":\"CommentAction\",\"name\":\"Comment\",\"target\":[\"https:\\\/\\\/paca.lpo.fr\\\/blogs\\\/nice\\\/2011\\\/02\\\/14\\\/oiseau-du-mois-la-cheveche-dathena\\\/#respond\"]}]},{\"@type\":\"WebPage\",\"@id\":\"https:\\\/\\\/paca.lpo.fr\\\/blogs\\\/nice\\\/2011\\\/02\\\/14\\\/oiseau-du-mois-la-cheveche-dathena\\\/\",\"url\":\"https:\\\/\\\/paca.lpo.fr\\\/blogs\\\/nice\\\/2011\\\/02\\\/14\\\/oiseau-du-mois-la-cheveche-dathena\\\/\",\"name\":\"Oiseau du mois: la Chev\u00eache d'Ath\u00e9na - Groupe local Nice\",\"isPartOf\":{\"@id\":\"https:\\\/\\\/paca.lpo.fr\\\/blogs\\\/nice\\\/#website\"},\"primaryImageOfPage\":{\"@id\":\"https:\\\/\\\/paca.lpo.fr\\\/blogs\\\/nice\\\/2011\\\/02\\\/14\\\/oiseau-du-mois-la-cheveche-dathena\\\/#primaryimage\"},\"image\":{\"@id\":\"https:\\\/\\\/paca.lpo.fr\\\/blogs\\\/nice\\\/2011\\\/02\\\/14\\\/oiseau-du-mois-la-cheveche-dathena\\\/#primaryimage\"},\"thumbnailUrl\":\"http:\\\/\\\/paca.lpo.fr\\\/images\\\/phocagallery\\\/phototheque\\\/oiseaux\\\/Cheveche_d_Athena\\\/thumbs\\\/phoca_thumb_l_cheveche_d_athena_alfo2.jpg\",\"datePublished\":\"2011-02-14T12:31:04+00:00\",\"breadcrumb\":{\"@id\":\"https:\\\/\\\/paca.lpo.fr\\\/blogs\\\/nice\\\/2011\\\/02\\\/14\\\/oiseau-du-mois-la-cheveche-dathena\\\/#breadcrumb\"},\"inLanguage\":\"fr-FR\",\"potentialAction\":[{\"@type\":\"ReadAction\",\"target\":[\"https:\\\/\\\/paca.lpo.fr\\\/blogs\\\/nice\\\/2011\\\/02\\\/14\\\/oiseau-du-mois-la-cheveche-dathena\\\/\"]}]},{\"@type\":\"ImageObject\",\"inLanguage\":\"fr-FR\",\"@id\":\"https:\\\/\\\/paca.lpo.fr\\\/blogs\\\/nice\\\/2011\\\/02\\\/14\\\/oiseau-du-mois-la-cheveche-dathena\\\/#primaryimage\",\"url\":\"http:\\\/\\\/paca.lpo.fr\\\/images\\\/phocagallery\\\/phototheque\\\/oiseaux\\\/Cheveche_d_Athena\\\/thumbs\\\/phoca_thumb_l_cheveche_d_athena_alfo2.jpg\",\"contentUrl\":\"http:\\\/\\\/paca.lpo.fr\\\/images\\\/phocagallery\\\/phototheque\\\/oiseaux\\\/Cheveche_d_Athena\\\/thumbs\\\/phoca_thumb_l_cheveche_d_athena_alfo2.jpg\"},{\"@type\":\"BreadcrumbList\",\"@id\":\"https:\\\/\\\/paca.lpo.fr\\\/blogs\\\/nice\\\/2011\\\/02\\\/14\\\/oiseau-du-mois-la-cheveche-dathena\\\/#breadcrumb\",\"itemListElement\":[{\"@type\":\"ListItem\",\"position\":1,\"name\":\"Accueil\",\"item\":\"https:\\\/\\\/paca.lpo.fr\\\/blogs\\\/nice\\\/\"},{\"@type\":\"ListItem\",\"position\":2,\"name\":\"Oiseau du mois: la Chev\u00eache d&rsquo;Ath\u00e9na\"}]},{\"@type\":\"WebSite\",\"@id\":\"https:\\\/\\\/paca.lpo.fr\\\/blogs\\\/nice\\\/#website\",\"url\":\"https:\\\/\\\/paca.lpo.fr\\\/blogs\\\/nice\\\/\",\"name\":\"Groupe local Nice\",\"description\":\"Groupe local Nice\",\"publisher\":{\"@id\":\"https:\\\/\\\/paca.lpo.fr\\\/blogs\\\/nice\\\/#organization\"},\"potentialAction\":[{\"@type\":\"SearchAction\",\"target\":{\"@type\":\"EntryPoint\",\"urlTemplate\":\"https:\\\/\\\/paca.lpo.fr\\\/blogs\\\/nice\\\/?s={search_term_string}\"},\"query-input\":{\"@type\":\"PropertyValueSpecification\",\"valueRequired\":true,\"valueName\":\"search_term_string\"}}],\"inLanguage\":\"fr-FR\"},{\"@type\":\"Organization\",\"@id\":\"https:\\\/\\\/paca.lpo.fr\\\/blogs\\\/nice\\\/#organization\",\"name\":\"Groupe local Nice\",\"url\":\"https:\\\/\\\/paca.lpo.fr\\\/blogs\\\/nice\\\/\",\"logo\":{\"@type\":\"ImageObject\",\"inLanguage\":\"fr-FR\",\"@id\":\"https:\\\/\\\/paca.lpo.fr\\\/blogs\\\/nice\\\/#\\\/schema\\\/logo\\\/image\\\/\",\"url\":\"https:\\\/\\\/paca.lpo.fr\\\/blogs\\\/nice\\\/files\\\/2024\\\/01\\\/cropped-rvb-lpo-paca-logotype-signature-droite-mini-500.jpg\",\"contentUrl\":\"https:\\\/\\\/paca.lpo.fr\\\/blogs\\\/nice\\\/files\\\/2024\\\/01\\\/cropped-rvb-lpo-paca-logotype-signature-droite-mini-500.jpg\",\"width\":500,\"height\":210,\"caption\":\"Groupe local Nice\"},\"image\":{\"@id\":\"https:\\\/\\\/paca.lpo.fr\\\/blogs\\\/nice\\\/#\\\/schema\\\/logo\\\/image\\\/\"}},{\"@type\":\"Person\",\"@id\":\"https:\\\/\\\/paca.lpo.fr\\\/blogs\\\/nice\\\/#\\\/schema\\\/person\\\/f4701c21e2e412e301d69ea575732a07\",\"name\":\"LPOPACA\",\"image\":{\"@type\":\"ImageObject\",\"inLanguage\":\"fr-FR\",\"@id\":\"https:\\\/\\\/secure.gravatar.com\\\/avatar\\\/61b4fe4aeb906264475360b018582a8a825394c21df85ee757345c68c15ddd14?s=96&d=mm&r=g\",\"url\":\"https:\\\/\\\/secure.gravatar.com\\\/avatar\\\/61b4fe4aeb906264475360b018582a8a825394c21df85ee757345c68c15ddd14?s=96&d=mm&r=g\",\"contentUrl\":\"https:\\\/\\\/secure.gravatar.com\\\/avatar\\\/61b4fe4aeb906264475360b018582a8a825394c21df85ee757345c68c15ddd14?s=96&d=mm&r=g\",\"caption\":\"LPOPACA\"},\"url\":\"https:\\\/\\\/paca.lpo.fr\\\/blogs\\\/nice\\\/author\\\/lpopaca\\\/\"}]}<\/script>\n<!-- \/ Yoast SEO plugin. -->","yoast_head_json":{"title":"Oiseau du mois: la Chev\u00eache d'Ath\u00e9na  - Groupe local Nice","robots":{"index":"index","follow":"follow","max-snippet":"max-snippet:-1","max-image-preview":"max-image-preview:large","max-video-preview":"max-video-preview:-1"},"canonical":"https:\/\/paca.lpo.fr\/blogs\/nice\/2011\/02\/14\/oiseau-du-mois-la-cheveche-dathena\/","og_locale":"fr_FR","og_type":"article","og_title":"Oiseau du mois: la Chev\u00eache d'Ath\u00e9na  - Groupe local Nice","og_description":"En ce jour de la Saint Valentin, vous allez tomber amoureux de la Chev\u00eache d&rsquo;Ath\u00e9na ! La Chev\u00eache, en raison de son regard, d&rsquo;un tr\u00e8s beau jaune, \u00e9tait le symbole f\u00e9roce et sage de la D\u00e9esse grecque Ath\u00e9na. La Chev\u00eache d&rsquo;Ath\u00e9na est l&rsquo;une des plus petites chouettes (21 \u00e0 23 cm). Cependant, c&rsquo;est l&rsquo;une des [&hellip;]","og_url":"https:\/\/paca.lpo.fr\/blogs\/nice\/2011\/02\/14\/oiseau-du-mois-la-cheveche-dathena\/","og_site_name":"Groupe local Nice","article_published_time":"2011-02-14T12:31:04+00:00","og_image":[{"url":"http:\/\/paca.lpo.fr\/images\/phocagallery\/phototheque\/oiseaux\/Cheveche_d_Athena\/thumbs\/phoca_thumb_l_cheveche_d_athena_alfo2.jpg","type":"","width":"","height":""}],"author":"LPOPACA","twitter_card":"summary_large_image","twitter_misc":{"\u00c9crit par":"LPOPACA","Dur\u00e9e de lecture estim\u00e9e":"2 minutes"},"schema":{"@context":"https:\/\/schema.org","@graph":[{"@type":"Article","@id":"https:\/\/paca.lpo.fr\/blogs\/nice\/2011\/02\/14\/oiseau-du-mois-la-cheveche-dathena\/#article","isPartOf":{"@id":"https:\/\/paca.lpo.fr\/blogs\/nice\/2011\/02\/14\/oiseau-du-mois-la-cheveche-dathena\/"},"author":{"name":"LPOPACA","@id":"https:\/\/paca.lpo.fr\/blogs\/nice\/#\/schema\/person\/f4701c21e2e412e301d69ea575732a07"},"headline":"Oiseau du mois: la Chev\u00eache d&rsquo;Ath\u00e9na","datePublished":"2011-02-14T12:31:04+00:00","mainEntityOfPage":{"@id":"https:\/\/paca.lpo.fr\/blogs\/nice\/2011\/02\/14\/oiseau-du-mois-la-cheveche-dathena\/"},"wordCount":338,"commentCount":0,"publisher":{"@id":"https:\/\/paca.lpo.fr\/blogs\/nice\/#organization"},"image":{"@id":"https:\/\/paca.lpo.fr\/blogs\/nice\/2011\/02\/14\/oiseau-du-mois-la-cheveche-dathena\/#primaryimage"},"thumbnailUrl":"http:\/\/paca.lpo.fr\/images\/phocagallery\/phototheque\/oiseaux\/Cheveche_d_Athena\/thumbs\/phoca_thumb_l_cheveche_d_athena_alfo2.jpg","keywords":["chev\u00eache","f\u00e9vrier","oiseau du mois","rapaces nocturnes"],"articleSection":["Vie du groupe"],"inLanguage":"fr-FR","potentialAction":[{"@type":"CommentAction","name":"Comment","target":["https:\/\/paca.lpo.fr\/blogs\/nice\/2011\/02\/14\/oiseau-du-mois-la-cheveche-dathena\/#respond"]}]},{"@type":"WebPage","@id":"https:\/\/paca.lpo.fr\/blogs\/nice\/2011\/02\/14\/oiseau-du-mois-la-cheveche-dathena\/","url":"https:\/\/paca.lpo.fr\/blogs\/nice\/2011\/02\/14\/oiseau-du-mois-la-cheveche-dathena\/","name":"Oiseau du mois: la Chev\u00eache d'Ath\u00e9na - Groupe local Nice","isPartOf":{"@id":"https:\/\/paca.lpo.fr\/blogs\/nice\/#website"},"primaryImageOfPage":{"@id":"https:\/\/paca.lpo.fr\/blogs\/nice\/2011\/02\/14\/oiseau-du-mois-la-cheveche-dathena\/#primaryimage"},"image":{"@id":"https:\/\/paca.lpo.fr\/blogs\/nice\/2011\/02\/14\/oiseau-du-mois-la-cheveche-dathena\/#primaryimage"},"thumbnailUrl":"http:\/\/paca.lpo.fr\/images\/phocagallery\/phototheque\/oiseaux\/Cheveche_d_Athena\/thumbs\/phoca_thumb_l_cheveche_d_athena_alfo2.jpg","datePublished":"2011-02-14T12:31:04+00:00","breadcrumb":{"@id":"https:\/\/paca.lpo.fr\/blogs\/nice\/2011\/02\/14\/oiseau-du-mois-la-cheveche-dathena\/#breadcrumb"},"inLanguage":"fr-FR","potentialAction":[{"@type":"ReadAction","target":["https:\/\/paca.lpo.fr\/blogs\/nice\/2011\/02\/14\/oiseau-du-mois-la-cheveche-dathena\/"]}]},{"@type":"ImageObject","inLanguage":"fr-FR","@id":"https:\/\/paca.lpo.fr\/blogs\/nice\/2011\/02\/14\/oiseau-du-mois-la-cheveche-dathena\/#primaryimage","url":"http:\/\/paca.lpo.fr\/images\/phocagallery\/phototheque\/oiseaux\/Cheveche_d_Athena\/thumbs\/phoca_thumb_l_cheveche_d_athena_alfo2.jpg","contentUrl":"http:\/\/paca.lpo.fr\/images\/phocagallery\/phototheque\/oiseaux\/Cheveche_d_Athena\/thumbs\/phoca_thumb_l_cheveche_d_athena_alfo2.jpg"},{"@type":"BreadcrumbList","@id":"https:\/\/paca.lpo.fr\/blogs\/nice\/2011\/02\/14\/oiseau-du-mois-la-cheveche-dathena\/#breadcrumb","itemListElement":[{"@type":"ListItem","position":1,"name":"Accueil","item":"https:\/\/paca.lpo.fr\/blogs\/nice\/"},{"@type":"ListItem","position":2,"name":"Oiseau du mois: la Chev\u00eache d&rsquo;Ath\u00e9na"}]},{"@type":"WebSite","@id":"https:\/\/paca.lpo.fr\/blogs\/nice\/#website","url":"https:\/\/paca.lpo.fr\/blogs\/nice\/","name":"Groupe local Nice","description":"Groupe local Nice","publisher":{"@id":"https:\/\/paca.lpo.fr\/blogs\/nice\/#organization"},"potentialAction":[{"@type":"SearchAction","target":{"@type":"EntryPoint","urlTemplate":"https:\/\/paca.lpo.fr\/blogs\/nice\/?s={search_term_string}"},"query-input":{"@type":"PropertyValueSpecification","valueRequired":true,"valueName":"search_term_string"}}],"inLanguage":"fr-FR"},{"@type":"Organization","@id":"https:\/\/paca.lpo.fr\/blogs\/nice\/#organization","name":"Groupe local Nice","url":"https:\/\/paca.lpo.fr\/blogs\/nice\/","logo":{"@type":"ImageObject","inLanguage":"fr-FR","@id":"https:\/\/paca.lpo.fr\/blogs\/nice\/#\/schema\/logo\/image\/","url":"https:\/\/paca.lpo.fr\/blogs\/nice\/files\/2024\/01\/cropped-rvb-lpo-paca-logotype-signature-droite-mini-500.jpg","contentUrl":"https:\/\/paca.lpo.fr\/blogs\/nice\/files\/2024\/01\/cropped-rvb-lpo-paca-logotype-signature-droite-mini-500.jpg","width":500,"height":210,"caption":"Groupe local Nice"},"image":{"@id":"https:\/\/paca.lpo.fr\/blogs\/nice\/#\/schema\/logo\/image\/"}},{"@type":"Person","@id":"https:\/\/paca.lpo.fr\/blogs\/nice\/#\/schema\/person\/f4701c21e2e412e301d69ea575732a07","name":"LPOPACA","image":{"@type":"ImageObject","inLanguage":"fr-FR","@id":"https:\/\/secure.gravatar.com\/avatar\/61b4fe4aeb906264475360b018582a8a825394c21df85ee757345c68c15ddd14?s=96&d=mm&r=g","url":"https:\/\/secure.gravatar.com\/avatar\/61b4fe4aeb906264475360b018582a8a825394c21df85ee757345c68c15ddd14?s=96&d=mm&r=g","contentUrl":"https:\/\/secure.gravatar.com\/avatar\/61b4fe4aeb906264475360b018582a8a825394c21df85ee757345c68c15ddd14?s=96&d=mm&r=g","caption":"LPOPACA"},"url":"https:\/\/paca.lpo.fr\/blogs\/nice\/author\/lpopaca\/"}]}},"jetpack_featured_media_url":"","_links":{"self":[{"href":"https:\/\/paca.lpo.fr\/blogs\/nice\/wp-json\/wp\/v2\/posts\/76","targetHints":{"allow":["GET"]}}],"collection":[{"href":"https:\/\/paca.lpo.fr\/blogs\/nice\/wp-json\/wp\/v2\/posts"}],"about":[{"href":"https:\/\/paca.lpo.fr\/blogs\/nice\/wp-json\/wp\/v2\/types\/post"}],"author":[{"embeddable":true,"href":"https:\/\/paca.lpo.fr\/blogs\/nice\/wp-json\/wp\/v2\/users\/1"}],"replies":[{"embeddable":true,"href":"https:\/\/paca.lpo.fr\/blogs\/nice\/wp-json\/wp\/v2\/comments?post=76"}],"version-history":[{"count":0,"href":"https:\/\/paca.lpo.fr\/blogs\/nice\/wp-json\/wp\/v2\/posts\/76\/revisions"}],"wp:attachment":[{"href":"https:\/\/paca.lpo.fr\/blogs\/nice\/wp-json\/wp\/v2\/media?parent=76"}],"wp:term":[{"taxonomy":"category","embeddable":true,"href":"https:\/\/paca.lpo.fr\/blogs\/nice\/wp-json\/wp\/v2\/categories?post=76"},{"taxonomy":"post_tag","embeddable":true,"href":"https:\/\/paca.lpo.fr\/blogs\/nice\/wp-json\/wp\/v2\/tags?post=76"}],"curies":[{"name":"wp","href":"https:\/\/api.w.org\/{rel}","templated":true}]}}