{"id":781,"date":"2013-10-14T15:44:42","date_gmt":"2013-10-14T14:44:42","guid":{"rendered":"https:\/\/paca.lpo.fr\/blogs\/nice\/?p=781"},"modified":"2013-10-15T20:09:51","modified_gmt":"2013-10-15T19:09:51","slug":"journees-eurobirdwatch-au-camp-de-migration-du-fort-de-la-revere-2","status":"publish","type":"post","link":"https:\/\/paca.lpo.fr\/blogs\/nice\/2013\/10\/14\/journees-eurobirdwatch-au-camp-de-migration-du-fort-de-la-revere-2\/","title":{"rendered":"Journ\u00e9es \u00ab\u00a0Eurobirdwatch\u00a0\u00bb au camp de migration du Fort de la Rev\u00e8re"},"content":{"rendered":"<p>Samedi 5 et dimanche 6 octobre 2013<\/p>\n<p>Les ateliers \u00ab\u00a0comment compter les oiseaux migrateurs\u00a0\u00bb et \u00ab\u00a0d\u00e9couvrir le parcours de l&rsquo;hirondelle\u00a0\u00bb<\/p>\n<p><a href=\"https:\/\/paca.lpo.fr\/blogs\/nice\/files\/2013\/10\/13-10-05migr-009-Copie.jpg\"><img loading=\"lazy\" decoding=\"async\" class=\"alignnone size-full wp-image-771\" alt=\"13-10-05migr 009 - Copie\" src=\"https:\/\/paca.lpo.fr\/blogs\/nice\/files\/2013\/10\/13-10-05migr-009-Copie.jpg\" width=\"500\" height=\"328\" srcset=\"https:\/\/paca.lpo.fr\/blogs\/nice\/files\/2013\/10\/13-10-05migr-009-Copie.jpg 500w, https:\/\/paca.lpo.fr\/blogs\/nice\/files\/2013\/10\/13-10-05migr-009-Copie-480x314.jpg 480w\" sizes=\"auto, (max-width: 500px) 100vw, 500px\" \/><\/a><\/p>\n<p>Un public tr\u00e8s int\u00e9ress\u00e9 par le ph\u00e9nom\u00e8ne de la migration des oiseaux, malgr\u00e9 le mauvais temps une bonne partie des 2 journ\u00e9es.<\/p>\n<p><a href=\"https:\/\/paca.lpo.fr\/blogs\/nice\/files\/2013\/10\/13-10-05migr-014-Copie.jpg\"><img loading=\"lazy\" decoding=\"async\" class=\"alignnone size-full wp-image-772\" alt=\"13-10-05migr 014 - Copie\" src=\"https:\/\/paca.lpo.fr\/blogs\/nice\/files\/2013\/10\/13-10-05migr-014-Copie.jpg\" width=\"500\" height=\"327\" srcset=\"https:\/\/paca.lpo.fr\/blogs\/nice\/files\/2013\/10\/13-10-05migr-014-Copie.jpg 500w, https:\/\/paca.lpo.fr\/blogs\/nice\/files\/2013\/10\/13-10-05migr-014-Copie-480x313.jpg 480w\" sizes=\"auto, (max-width: 500px) 100vw, 500px\" \/><\/a><\/p>\n","protected":false},"excerpt":{"rendered":"<p>Samedi 5 et dimanche 6 octobre 2013 Les ateliers \u00ab\u00a0comment compter les oiseaux migrateurs\u00a0\u00bb et \u00ab\u00a0d\u00e9couvrir le parcours de l&rsquo;hirondelle\u00a0\u00bb Un public tr\u00e8s int\u00e9ress\u00e9 par le ph\u00e9nom\u00e8ne de la migration des oiseaux, malgr\u00e9 le mauvais temps une bonne partie des 2 journ\u00e9es.<\/p>\n","protected":false},"author":15,"featured_media":788,"comment_status":"open","ping_status":"open","sticky":false,"template":"","format":"standard","meta":{"footnotes":""},"categories":[1],"tags":[],"class_list":["post-781","post","type-post","status-publish","format-standard","has-post-thumbnail","hentry","category-sorties-nature"],"yoast_head":"<!-- This site is optimized with the Yoast SEO plugin v28.3 - https:\/\/yoast.com\/product\/yoast-seo-wordpress\/ -->\n<title>Journ\u00e9es &quot;Eurobirdwatch&quot; au camp de migration du Fort de la Rev\u00e8re - Groupe local Nice<\/title>\n<meta name=\"robots\" content=\"index, follow, max-snippet:-1, max-image-preview:large, max-video-preview:-1\" \/>\n<link rel=\"canonical\" href=\"https:\/\/paca.lpo.fr\/blogs\/nice\/2013\/10\/14\/journees-eurobirdwatch-au-camp-de-migration-du-fort-de-la-revere-2\/\" \/>\n<meta property=\"og:locale\" content=\"fr_FR\" \/>\n<meta property=\"og:type\" content=\"article\" \/>\n<meta property=\"og:title\" content=\"Journ\u00e9es &quot;Eurobirdwatch&quot; au camp de migration du Fort de la Rev\u00e8re - Groupe local Nice\" \/>\n<meta property=\"og:description\" content=\"Samedi 5 et dimanche 6 octobre 2013 Les ateliers \u00ab\u00a0comment compter les oiseaux migrateurs\u00a0\u00bb et \u00ab\u00a0d\u00e9couvrir le parcours de l&rsquo;hirondelle\u00a0\u00bb Un public tr\u00e8s int\u00e9ress\u00e9 par le ph\u00e9nom\u00e8ne de la migration des oiseaux, malgr\u00e9 le mauvais temps une bonne partie des 2 journ\u00e9es.\" \/>\n<meta property=\"og:url\" content=\"https:\/\/paca.lpo.fr\/blogs\/nice\/2013\/10\/14\/journees-eurobirdwatch-au-camp-de-migration-du-fort-de-la-revere-2\/\" \/>\n<meta property=\"og:site_name\" content=\"Groupe local Nice\" \/>\n<meta property=\"article:published_time\" content=\"2013-10-14T14:44:42+00:00\" \/>\n<meta property=\"article:modified_time\" content=\"2013-10-15T19:09:51+00:00\" \/>\n<meta property=\"og:image\" content=\"https:\/\/paca.lpo.fr\/blogs\/nice\/files\/2013\/10\/13-10-04migr-013-Copie2.jpg\" \/>\n\t<meta property=\"og:image:width\" content=\"490\" \/>\n\t<meta property=\"og:image:height\" content=\"489\" \/>\n\t<meta property=\"og:image:type\" content=\"image\/jpeg\" \/>\n<meta name=\"author\" content=\"Groupe local Paillon-B\u00e9v\u00e9ra\" \/>\n<meta name=\"twitter:card\" content=\"summary_large_image\" \/>\n<meta name=\"twitter:label1\" content=\"\u00c9crit par\" \/>\n\t<meta name=\"twitter:data1\" content=\"Groupe local Paillon-B\u00e9v\u00e9ra\" \/>\n<script type=\"application\/ld+json\" class=\"yoast-schema-graph\">{\"@context\":\"https:\\\/\\\/schema.org\",\"@graph\":[{\"@type\":\"Article\",\"@id\":\"https:\\\/\\\/paca.lpo.fr\\\/blogs\\\/nice\\\/2013\\\/10\\\/14\\\/journees-eurobirdwatch-au-camp-de-migration-du-fort-de-la-revere-2\\\/#article\",\"isPartOf\":{\"@id\":\"https:\\\/\\\/paca.lpo.fr\\\/blogs\\\/nice\\\/2013\\\/10\\\/14\\\/journees-eurobirdwatch-au-camp-de-migration-du-fort-de-la-revere-2\\\/\"},\"author\":{\"name\":\"Groupe local Paillon-B\u00e9v\u00e9ra\",\"@id\":\"https:\\\/\\\/paca.lpo.fr\\\/blogs\\\/nice\\\/#\\\/schema\\\/person\\\/1bda33335fb71e0b3552487db26a4c56\"},\"headline\":\"Journ\u00e9es \u00ab\u00a0Eurobirdwatch\u00a0\u00bb au camp de migration du Fort de la Rev\u00e8re\",\"datePublished\":\"2013-10-14T14:44:42+00:00\",\"dateModified\":\"2013-10-15T19:09:51+00:00\",\"mainEntityOfPage\":{\"@id\":\"https:\\\/\\\/paca.lpo.fr\\\/blogs\\\/nice\\\/2013\\\/10\\\/14\\\/journees-eurobirdwatch-au-camp-de-migration-du-fort-de-la-revere-2\\\/\"},\"wordCount\":58,\"commentCount\":0,\"publisher\":{\"@id\":\"https:\\\/\\\/paca.lpo.fr\\\/blogs\\\/nice\\\/#organization\"},\"image\":{\"@id\":\"https:\\\/\\\/paca.lpo.fr\\\/blogs\\\/nice\\\/2013\\\/10\\\/14\\\/journees-eurobirdwatch-au-camp-de-migration-du-fort-de-la-revere-2\\\/#primaryimage\"},\"thumbnailUrl\":\"https:\\\/\\\/paca.lpo.fr\\\/blogs\\\/nice\\\/files\\\/2013\\\/10\\\/13-10-04migr-013-Copie2.jpg\",\"articleSection\":[\"grands \u00e9v\u00e8nements\"],\"inLanguage\":\"fr-FR\",\"potentialAction\":[{\"@type\":\"CommentAction\",\"name\":\"Comment\",\"target\":[\"https:\\\/\\\/paca.lpo.fr\\\/blogs\\\/nice\\\/2013\\\/10\\\/14\\\/journees-eurobirdwatch-au-camp-de-migration-du-fort-de-la-revere-2\\\/#respond\"]}]},{\"@type\":\"WebPage\",\"@id\":\"https:\\\/\\\/paca.lpo.fr\\\/blogs\\\/nice\\\/2013\\\/10\\\/14\\\/journees-eurobirdwatch-au-camp-de-migration-du-fort-de-la-revere-2\\\/\",\"url\":\"https:\\\/\\\/paca.lpo.fr\\\/blogs\\\/nice\\\/2013\\\/10\\\/14\\\/journees-eurobirdwatch-au-camp-de-migration-du-fort-de-la-revere-2\\\/\",\"name\":\"Journ\u00e9es \\\"Eurobirdwatch\\\" au camp de migration du Fort de la Rev\u00e8re - Groupe local Nice\",\"isPartOf\":{\"@id\":\"https:\\\/\\\/paca.lpo.fr\\\/blogs\\\/nice\\\/#website\"},\"primaryImageOfPage\":{\"@id\":\"https:\\\/\\\/paca.lpo.fr\\\/blogs\\\/nice\\\/2013\\\/10\\\/14\\\/journees-eurobirdwatch-au-camp-de-migration-du-fort-de-la-revere-2\\\/#primaryimage\"},\"image\":{\"@id\":\"https:\\\/\\\/paca.lpo.fr\\\/blogs\\\/nice\\\/2013\\\/10\\\/14\\\/journees-eurobirdwatch-au-camp-de-migration-du-fort-de-la-revere-2\\\/#primaryimage\"},\"thumbnailUrl\":\"https:\\\/\\\/paca.lpo.fr\\\/blogs\\\/nice\\\/files\\\/2013\\\/10\\\/13-10-04migr-013-Copie2.jpg\",\"datePublished\":\"2013-10-14T14:44:42+00:00\",\"dateModified\":\"2013-10-15T19:09:51+00:00\",\"breadcrumb\":{\"@id\":\"https:\\\/\\\/paca.lpo.fr\\\/blogs\\\/nice\\\/2013\\\/10\\\/14\\\/journees-eurobirdwatch-au-camp-de-migration-du-fort-de-la-revere-2\\\/#breadcrumb\"},\"inLanguage\":\"fr-FR\",\"potentialAction\":[{\"@type\":\"ReadAction\",\"target\":[\"https:\\\/\\\/paca.lpo.fr\\\/blogs\\\/nice\\\/2013\\\/10\\\/14\\\/journees-eurobirdwatch-au-camp-de-migration-du-fort-de-la-revere-2\\\/\"]}]},{\"@type\":\"ImageObject\",\"inLanguage\":\"fr-FR\",\"@id\":\"https:\\\/\\\/paca.lpo.fr\\\/blogs\\\/nice\\\/2013\\\/10\\\/14\\\/journees-eurobirdwatch-au-camp-de-migration-du-fort-de-la-revere-2\\\/#primaryimage\",\"url\":\"https:\\\/\\\/paca.lpo.fr\\\/blogs\\\/nice\\\/files\\\/2013\\\/10\\\/13-10-04migr-013-Copie2.jpg\",\"contentUrl\":\"https:\\\/\\\/paca.lpo.fr\\\/blogs\\\/nice\\\/files\\\/2013\\\/10\\\/13-10-04migr-013-Copie2.jpg\",\"width\":490,\"height\":489},{\"@type\":\"BreadcrumbList\",\"@id\":\"https:\\\/\\\/paca.lpo.fr\\\/blogs\\\/nice\\\/2013\\\/10\\\/14\\\/journees-eurobirdwatch-au-camp-de-migration-du-fort-de-la-revere-2\\\/#breadcrumb\",\"itemListElement\":[{\"@type\":\"ListItem\",\"position\":1,\"name\":\"Accueil\",\"item\":\"https:\\\/\\\/paca.lpo.fr\\\/blogs\\\/nice\\\/\"},{\"@type\":\"ListItem\",\"position\":2,\"name\":\"Journ\u00e9es \u00ab\u00a0Eurobirdwatch\u00a0\u00bb au camp de migration du Fort de la Rev\u00e8re\"}]},{\"@type\":\"WebSite\",\"@id\":\"https:\\\/\\\/paca.lpo.fr\\\/blogs\\\/nice\\\/#website\",\"url\":\"https:\\\/\\\/paca.lpo.fr\\\/blogs\\\/nice\\\/\",\"name\":\"Groupe local Nice\",\"description\":\"Groupe local Nice\",\"publisher\":{\"@id\":\"https:\\\/\\\/paca.lpo.fr\\\/blogs\\\/nice\\\/#organization\"},\"potentialAction\":[{\"@type\":\"SearchAction\",\"target\":{\"@type\":\"EntryPoint\",\"urlTemplate\":\"https:\\\/\\\/paca.lpo.fr\\\/blogs\\\/nice\\\/?s={search_term_string}\"},\"query-input\":{\"@type\":\"PropertyValueSpecification\",\"valueRequired\":true,\"valueName\":\"search_term_string\"}}],\"inLanguage\":\"fr-FR\"},{\"@type\":\"Organization\",\"@id\":\"https:\\\/\\\/paca.lpo.fr\\\/blogs\\\/nice\\\/#organization\",\"name\":\"Groupe local Nice\",\"url\":\"https:\\\/\\\/paca.lpo.fr\\\/blogs\\\/nice\\\/\",\"logo\":{\"@type\":\"ImageObject\",\"inLanguage\":\"fr-FR\",\"@id\":\"https:\\\/\\\/paca.lpo.fr\\\/blogs\\\/nice\\\/#\\\/schema\\\/logo\\\/image\\\/\",\"url\":\"https:\\\/\\\/paca.lpo.fr\\\/blogs\\\/nice\\\/files\\\/2024\\\/01\\\/cropped-rvb-lpo-paca-logotype-signature-droite-mini-500.jpg\",\"contentUrl\":\"https:\\\/\\\/paca.lpo.fr\\\/blogs\\\/nice\\\/files\\\/2024\\\/01\\\/cropped-rvb-lpo-paca-logotype-signature-droite-mini-500.jpg\",\"width\":500,\"height\":210,\"caption\":\"Groupe local Nice\"},\"image\":{\"@id\":\"https:\\\/\\\/paca.lpo.fr\\\/blogs\\\/nice\\\/#\\\/schema\\\/logo\\\/image\\\/\"}},{\"@type\":\"Person\",\"@id\":\"https:\\\/\\\/paca.lpo.fr\\\/blogs\\\/nice\\\/#\\\/schema\\\/person\\\/1bda33335fb71e0b3552487db26a4c56\",\"name\":\"Groupe local Paillon-B\u00e9v\u00e9ra\",\"image\":{\"@type\":\"ImageObject\",\"inLanguage\":\"fr-FR\",\"@id\":\"https:\\\/\\\/secure.gravatar.com\\\/avatar\\\/b1ee285506e2cb880ec988990d360e255aecb31c77212741dace1023623610c2?s=96&d=mm&r=g\",\"url\":\"https:\\\/\\\/secure.gravatar.com\\\/avatar\\\/b1ee285506e2cb880ec988990d360e255aecb31c77212741dace1023623610c2?s=96&d=mm&r=g\",\"contentUrl\":\"https:\\\/\\\/secure.gravatar.com\\\/avatar\\\/b1ee285506e2cb880ec988990d360e255aecb31c77212741dace1023623610c2?s=96&d=mm&r=g\",\"caption\":\"Groupe local Paillon-B\u00e9v\u00e9ra\"},\"url\":\"https:\\\/\\\/paca.lpo.fr\\\/blogs\\\/nice\\\/author\\\/alpesmaritimesest\\\/\"}]}<\/script>\n<!-- \/ Yoast SEO plugin. -->","yoast_head_json":{"title":"Journ\u00e9es \"Eurobirdwatch\" au camp de migration du Fort de la Rev\u00e8re - Groupe local Nice","robots":{"index":"index","follow":"follow","max-snippet":"max-snippet:-1","max-image-preview":"max-image-preview:large","max-video-preview":"max-video-preview:-1"},"canonical":"https:\/\/paca.lpo.fr\/blogs\/nice\/2013\/10\/14\/journees-eurobirdwatch-au-camp-de-migration-du-fort-de-la-revere-2\/","og_locale":"fr_FR","og_type":"article","og_title":"Journ\u00e9es \"Eurobirdwatch\" au camp de migration du Fort de la Rev\u00e8re - Groupe local Nice","og_description":"Samedi 5 et dimanche 6 octobre 2013 Les ateliers \u00ab\u00a0comment compter les oiseaux migrateurs\u00a0\u00bb et \u00ab\u00a0d\u00e9couvrir le parcours de l&rsquo;hirondelle\u00a0\u00bb Un public tr\u00e8s int\u00e9ress\u00e9 par le ph\u00e9nom\u00e8ne de la migration des oiseaux, malgr\u00e9 le mauvais temps une bonne partie des 2 journ\u00e9es.","og_url":"https:\/\/paca.lpo.fr\/blogs\/nice\/2013\/10\/14\/journees-eurobirdwatch-au-camp-de-migration-du-fort-de-la-revere-2\/","og_site_name":"Groupe local Nice","article_published_time":"2013-10-14T14:44:42+00:00","article_modified_time":"2013-10-15T19:09:51+00:00","og_image":[{"width":490,"height":489,"url":"https:\/\/paca.lpo.fr\/blogs\/nice\/files\/2013\/10\/13-10-04migr-013-Copie2.jpg","type":"image\/jpeg"}],"author":"Groupe local Paillon-B\u00e9v\u00e9ra","twitter_card":"summary_large_image","twitter_misc":{"\u00c9crit par":"Groupe local Paillon-B\u00e9v\u00e9ra"},"schema":{"@context":"https:\/\/schema.org","@graph":[{"@type":"Article","@id":"https:\/\/paca.lpo.fr\/blogs\/nice\/2013\/10\/14\/journees-eurobirdwatch-au-camp-de-migration-du-fort-de-la-revere-2\/#article","isPartOf":{"@id":"https:\/\/paca.lpo.fr\/blogs\/nice\/2013\/10\/14\/journees-eurobirdwatch-au-camp-de-migration-du-fort-de-la-revere-2\/"},"author":{"name":"Groupe local Paillon-B\u00e9v\u00e9ra","@id":"https:\/\/paca.lpo.fr\/blogs\/nice\/#\/schema\/person\/1bda33335fb71e0b3552487db26a4c56"},"headline":"Journ\u00e9es \u00ab\u00a0Eurobirdwatch\u00a0\u00bb au camp de migration du Fort de la Rev\u00e8re","datePublished":"2013-10-14T14:44:42+00:00","dateModified":"2013-10-15T19:09:51+00:00","mainEntityOfPage":{"@id":"https:\/\/paca.lpo.fr\/blogs\/nice\/2013\/10\/14\/journees-eurobirdwatch-au-camp-de-migration-du-fort-de-la-revere-2\/"},"wordCount":58,"commentCount":0,"publisher":{"@id":"https:\/\/paca.lpo.fr\/blogs\/nice\/#organization"},"image":{"@id":"https:\/\/paca.lpo.fr\/blogs\/nice\/2013\/10\/14\/journees-eurobirdwatch-au-camp-de-migration-du-fort-de-la-revere-2\/#primaryimage"},"thumbnailUrl":"https:\/\/paca.lpo.fr\/blogs\/nice\/files\/2013\/10\/13-10-04migr-013-Copie2.jpg","articleSection":["grands \u00e9v\u00e8nements"],"inLanguage":"fr-FR","potentialAction":[{"@type":"CommentAction","name":"Comment","target":["https:\/\/paca.lpo.fr\/blogs\/nice\/2013\/10\/14\/journees-eurobirdwatch-au-camp-de-migration-du-fort-de-la-revere-2\/#respond"]}]},{"@type":"WebPage","@id":"https:\/\/paca.lpo.fr\/blogs\/nice\/2013\/10\/14\/journees-eurobirdwatch-au-camp-de-migration-du-fort-de-la-revere-2\/","url":"https:\/\/paca.lpo.fr\/blogs\/nice\/2013\/10\/14\/journees-eurobirdwatch-au-camp-de-migration-du-fort-de-la-revere-2\/","name":"Journ\u00e9es \"Eurobirdwatch\" au camp de migration du Fort de la Rev\u00e8re - Groupe local Nice","isPartOf":{"@id":"https:\/\/paca.lpo.fr\/blogs\/nice\/#website"},"primaryImageOfPage":{"@id":"https:\/\/paca.lpo.fr\/blogs\/nice\/2013\/10\/14\/journees-eurobirdwatch-au-camp-de-migration-du-fort-de-la-revere-2\/#primaryimage"},"image":{"@id":"https:\/\/paca.lpo.fr\/blogs\/nice\/2013\/10\/14\/journees-eurobirdwatch-au-camp-de-migration-du-fort-de-la-revere-2\/#primaryimage"},"thumbnailUrl":"https:\/\/paca.lpo.fr\/blogs\/nice\/files\/2013\/10\/13-10-04migr-013-Copie2.jpg","datePublished":"2013-10-14T14:44:42+00:00","dateModified":"2013-10-15T19:09:51+00:00","breadcrumb":{"@id":"https:\/\/paca.lpo.fr\/blogs\/nice\/2013\/10\/14\/journees-eurobirdwatch-au-camp-de-migration-du-fort-de-la-revere-2\/#breadcrumb"},"inLanguage":"fr-FR","potentialAction":[{"@type":"ReadAction","target":["https:\/\/paca.lpo.fr\/blogs\/nice\/2013\/10\/14\/journees-eurobirdwatch-au-camp-de-migration-du-fort-de-la-revere-2\/"]}]},{"@type":"ImageObject","inLanguage":"fr-FR","@id":"https:\/\/paca.lpo.fr\/blogs\/nice\/2013\/10\/14\/journees-eurobirdwatch-au-camp-de-migration-du-fort-de-la-revere-2\/#primaryimage","url":"https:\/\/paca.lpo.fr\/blogs\/nice\/files\/2013\/10\/13-10-04migr-013-Copie2.jpg","contentUrl":"https:\/\/paca.lpo.fr\/blogs\/nice\/files\/2013\/10\/13-10-04migr-013-Copie2.jpg","width":490,"height":489},{"@type":"BreadcrumbList","@id":"https:\/\/paca.lpo.fr\/blogs\/nice\/2013\/10\/14\/journees-eurobirdwatch-au-camp-de-migration-du-fort-de-la-revere-2\/#breadcrumb","itemListElement":[{"@type":"ListItem","position":1,"name":"Accueil","item":"https:\/\/paca.lpo.fr\/blogs\/nice\/"},{"@type":"ListItem","position":2,"name":"Journ\u00e9es \u00ab\u00a0Eurobirdwatch\u00a0\u00bb au camp de migration du Fort de la Rev\u00e8re"}]},{"@type":"WebSite","@id":"https:\/\/paca.lpo.fr\/blogs\/nice\/#website","url":"https:\/\/paca.lpo.fr\/blogs\/nice\/","name":"Groupe local Nice","description":"Groupe local Nice","publisher":{"@id":"https:\/\/paca.lpo.fr\/blogs\/nice\/#organization"},"potentialAction":[{"@type":"SearchAction","target":{"@type":"EntryPoint","urlTemplate":"https:\/\/paca.lpo.fr\/blogs\/nice\/?s={search_term_string}"},"query-input":{"@type":"PropertyValueSpecification","valueRequired":true,"valueName":"search_term_string"}}],"inLanguage":"fr-FR"},{"@type":"Organization","@id":"https:\/\/paca.lpo.fr\/blogs\/nice\/#organization","name":"Groupe local Nice","url":"https:\/\/paca.lpo.fr\/blogs\/nice\/","logo":{"@type":"ImageObject","inLanguage":"fr-FR","@id":"https:\/\/paca.lpo.fr\/blogs\/nice\/#\/schema\/logo\/image\/","url":"https:\/\/paca.lpo.fr\/blogs\/nice\/files\/2024\/01\/cropped-rvb-lpo-paca-logotype-signature-droite-mini-500.jpg","contentUrl":"https:\/\/paca.lpo.fr\/blogs\/nice\/files\/2024\/01\/cropped-rvb-lpo-paca-logotype-signature-droite-mini-500.jpg","width":500,"height":210,"caption":"Groupe local Nice"},"image":{"@id":"https:\/\/paca.lpo.fr\/blogs\/nice\/#\/schema\/logo\/image\/"}},{"@type":"Person","@id":"https:\/\/paca.lpo.fr\/blogs\/nice\/#\/schema\/person\/1bda33335fb71e0b3552487db26a4c56","name":"Groupe local Paillon-B\u00e9v\u00e9ra","image":{"@type":"ImageObject","inLanguage":"fr-FR","@id":"https:\/\/secure.gravatar.com\/avatar\/b1ee285506e2cb880ec988990d360e255aecb31c77212741dace1023623610c2?s=96&d=mm&r=g","url":"https:\/\/secure.gravatar.com\/avatar\/b1ee285506e2cb880ec988990d360e255aecb31c77212741dace1023623610c2?s=96&d=mm&r=g","contentUrl":"https:\/\/secure.gravatar.com\/avatar\/b1ee285506e2cb880ec988990d360e255aecb31c77212741dace1023623610c2?s=96&d=mm&r=g","caption":"Groupe local Paillon-B\u00e9v\u00e9ra"},"url":"https:\/\/paca.lpo.fr\/blogs\/nice\/author\/alpesmaritimesest\/"}]}},"jetpack_featured_media_url":"https:\/\/paca.lpo.fr\/blogs\/nice\/files\/2013\/10\/13-10-04migr-013-Copie2.jpg","_links":{"self":[{"href":"https:\/\/paca.lpo.fr\/blogs\/nice\/wp-json\/wp\/v2\/posts\/781","targetHints":{"allow":["GET"]}}],"collection":[{"href":"https:\/\/paca.lpo.fr\/blogs\/nice\/wp-json\/wp\/v2\/posts"}],"about":[{"href":"https:\/\/paca.lpo.fr\/blogs\/nice\/wp-json\/wp\/v2\/types\/post"}],"author":[{"embeddable":true,"href":"https:\/\/paca.lpo.fr\/blogs\/nice\/wp-json\/wp\/v2\/users\/15"}],"replies":[{"embeddable":true,"href":"https:\/\/paca.lpo.fr\/blogs\/nice\/wp-json\/wp\/v2\/comments?post=781"}],"version-history":[{"count":4,"href":"https:\/\/paca.lpo.fr\/blogs\/nice\/wp-json\/wp\/v2\/posts\/781\/revisions"}],"predecessor-version":[{"id":814,"href":"https:\/\/paca.lpo.fr\/blogs\/nice\/wp-json\/wp\/v2\/posts\/781\/revisions\/814"}],"wp:featuredmedia":[{"embeddable":true,"href":"https:\/\/paca.lpo.fr\/blogs\/nice\/wp-json\/wp\/v2\/media\/788"}],"wp:attachment":[{"href":"https:\/\/paca.lpo.fr\/blogs\/nice\/wp-json\/wp\/v2\/media?parent=781"}],"wp:term":[{"taxonomy":"category","embeddable":true,"href":"https:\/\/paca.lpo.fr\/blogs\/nice\/wp-json\/wp\/v2\/categories?post=781"},{"taxonomy":"post_tag","embeddable":true,"href":"https:\/\/paca.lpo.fr\/blogs\/nice\/wp-json\/wp\/v2\/tags?post=781"}],"curies":[{"name":"wp","href":"https:\/\/api.w.org\/{rel}","templated":true}]}}