{"id":79,"date":"2011-02-15T15:17:12","date_gmt":"2011-02-15T15:17:12","guid":{"rendered":"https:\/\/paca.lpo.fr\/blogs\/nice\/?p=79"},"modified":"2011-02-15T15:17:12","modified_gmt":"2011-02-15T15:17:12","slug":"conference-secourir-la-faune-sauvage","status":"publish","type":"post","link":"https:\/\/paca.lpo.fr\/blogs\/nice\/2011\/02\/15\/conference-secourir-la-faune-sauvage\/","title":{"rendered":"Conf\u00e9rence \u00ab\u00a0Secourir la faune sauvage\u00a0\u00bb"},"content":{"rendered":"<p>Vendredi 11 f\u00e9vrier, Katy Morell, Coordinatrice des soins au Centre r\u00e9gional de Sauvegarde de la faune sauvage de Buoux (Vaucluse), est venue \u00e0 la Maison de l&rsquo;Environnement de Nice nous pr\u00e9senter ce centre.<\/p>\n<p><img decoding=\"async\" src=\"http:\/\/paca.lpo.fr\/images\/stories\/groupes_locaux\/alpes_maritimes_est\/conferences\/sauvegardekaty.jpg\" alt=\"\" width=\"500\" border=\"0\" \/><\/p>\n<p>Devant une cinquantaine de personnes, Katy a tout d&rsquo;abord expliqu\u00e9 comment fonctionne le r\u00e9seau d&rsquo;acheminement permettant aux animaux sauvages en d\u00e9tresse d&rsquo;arriver dans les meilleures conditions possibles au Centre de Buoux.<\/p>\n<p>Un r\u00e9seau de particuliers et de v\u00e9t\u00e9rinaires b\u00e9n\u00e9voles est organis\u00e9, notamment dans les Alpes-Maritimes.<\/p>\n<p>Katy nous a ensuite pr\u00e9sent\u00e9 le Centre de sauvegarde en lui-m\u00eame: les locaux, salles de soins, voli\u00e8res, &#8230;, les diff\u00e9rents types de soins apport\u00e9s aux animaux arrivant au centre, les diff\u00e9rentes actions men\u00e9es pour que ces derniers retrouvent leur milieu naturel dans des conditions favorables.<\/p>\n<p>Initialement fond\u00e9 pour la sauvegarde des rapaces (et ceux-ci sont toujours nombreux au Centre), le Centre de Buoux accueille presque tous les oiseaux sauvages (except\u00e9s les pigeons des villes et les oiseaux d&rsquo;eau), mais \u00e9galement les mammif\u00e8res de petite taille.<\/p>\n<p>Enfin, Katy a d\u00e9livr\u00e9 des conseils sur les r\u00e9flexes \u00e0 avoir en pr\u00e9sence d&rsquo;un animal sauvage en d\u00e9tresse, et les gestes \u00e0 ne pas faire. Certains conseils s&rsquo;appliquent \u00e0 toutes les esp\u00e8ces, d&rsquo;autres sont plus sp\u00e9cifiques \u00e0 telle ou telle esp\u00e8ce.<\/p>\n<p>Merci Katy !<\/p>\n<p>Dans tous les cas, si vous trouvez un animal en d\u00e9tresse dans les Alpes-Maritimes, ou plus largement en r\u00e9gion PACA, appelez le num\u00e9ro suivant: 04 90 74 52 44.<\/p>\n<p>Plus de d\u00e9tails sur le Centre\u00a0de sauvegarde: <a href=\"http:\/\/paca.lpo.fr\/soins-animaux\" target=\"_blank\">http:\/\/paca.lpo.fr\/soins-animaux<\/a><\/p>\n","protected":false},"excerpt":{"rendered":"<p>Vendredi 11 f\u00e9vrier, Katy Morell, Coordinatrice des soins au Centre r\u00e9gional de Sauvegarde de la faune sauvage de Buoux (Vaucluse), est venue \u00e0 la Maison de l&rsquo;Environnement de Nice nous pr\u00e9senter ce centre. Devant une cinquantaine de personnes, Katy a tout d&rsquo;abord expliqu\u00e9 comment fonctionne le r\u00e9seau d&rsquo;acheminement permettant aux animaux sauvages en d\u00e9tresse d&rsquo;arriver [&hellip;]<\/p>\n","protected":false},"author":1,"featured_media":0,"comment_status":"open","ping_status":"open","sticky":false,"template":"","format":"standard","meta":{"footnotes":""},"categories":[3],"tags":[14,21,37,51,62,63],"class_list":["post-79","post","type-post","status-publish","format-standard","hentry","category-vie-groupe","tag-centr","tag-faune-sauvage","tag-mammifere","tag-oiseau","tag-sauvegarde","tag-soin"],"yoast_head":"<!-- This site is optimized with the Yoast SEO plugin v28.3 - https:\/\/yoast.com\/product\/yoast-seo-wordpress\/ -->\n<title>Conf\u00e9rence &quot;Secourir la faune sauvage&quot; - Groupe local Nice<\/title>\n<meta name=\"robots\" content=\"index, follow, max-snippet:-1, max-image-preview:large, max-video-preview:-1\" \/>\n<link rel=\"canonical\" href=\"https:\/\/paca.lpo.fr\/blogs\/nice\/2011\/02\/15\/conference-secourir-la-faune-sauvage\/\" \/>\n<meta property=\"og:locale\" content=\"fr_FR\" \/>\n<meta property=\"og:type\" content=\"article\" \/>\n<meta property=\"og:title\" content=\"Conf\u00e9rence &quot;Secourir la faune sauvage&quot; - Groupe local Nice\" \/>\n<meta property=\"og:description\" content=\"Vendredi 11 f\u00e9vrier, Katy Morell, Coordinatrice des soins au Centre r\u00e9gional de Sauvegarde de la faune sauvage de Buoux (Vaucluse), est venue \u00e0 la Maison de l&rsquo;Environnement de Nice nous pr\u00e9senter ce centre. Devant une cinquantaine de personnes, Katy a tout d&rsquo;abord expliqu\u00e9 comment fonctionne le r\u00e9seau d&rsquo;acheminement permettant aux animaux sauvages en d\u00e9tresse d&rsquo;arriver [&hellip;]\" \/>\n<meta property=\"og:url\" content=\"https:\/\/paca.lpo.fr\/blogs\/nice\/2011\/02\/15\/conference-secourir-la-faune-sauvage\/\" \/>\n<meta property=\"og:site_name\" content=\"Groupe local Nice\" \/>\n<meta property=\"article:published_time\" content=\"2011-02-15T15:17:12+00:00\" \/>\n<meta property=\"og:image\" content=\"http:\/\/paca.lpo.fr\/images\/stories\/groupes_locaux\/alpes_maritimes_est\/conferences\/sauvegardekaty.jpg\" \/>\n<meta name=\"author\" content=\"LPOPACA\" \/>\n<meta name=\"twitter:card\" content=\"summary_large_image\" \/>\n<meta name=\"twitter:label1\" content=\"\u00c9crit par\" \/>\n\t<meta name=\"twitter:data1\" content=\"LPOPACA\" \/>\n\t<meta name=\"twitter:label2\" content=\"Dur\u00e9e de lecture estim\u00e9e\" \/>\n\t<meta name=\"twitter:data2\" content=\"1 minute\" \/>\n<script type=\"application\/ld+json\" class=\"yoast-schema-graph\">{\"@context\":\"https:\\\/\\\/schema.org\",\"@graph\":[{\"@type\":\"Article\",\"@id\":\"https:\\\/\\\/paca.lpo.fr\\\/blogs\\\/nice\\\/2011\\\/02\\\/15\\\/conference-secourir-la-faune-sauvage\\\/#article\",\"isPartOf\":{\"@id\":\"https:\\\/\\\/paca.lpo.fr\\\/blogs\\\/nice\\\/2011\\\/02\\\/15\\\/conference-secourir-la-faune-sauvage\\\/\"},\"author\":{\"name\":\"LPOPACA\",\"@id\":\"https:\\\/\\\/paca.lpo.fr\\\/blogs\\\/nice\\\/#\\\/schema\\\/person\\\/f4701c21e2e412e301d69ea575732a07\"},\"headline\":\"Conf\u00e9rence \u00ab\u00a0Secourir la faune sauvage\u00a0\u00bb\",\"datePublished\":\"2011-02-15T15:17:12+00:00\",\"mainEntityOfPage\":{\"@id\":\"https:\\\/\\\/paca.lpo.fr\\\/blogs\\\/nice\\\/2011\\\/02\\\/15\\\/conference-secourir-la-faune-sauvage\\\/\"},\"wordCount\":280,\"commentCount\":0,\"publisher\":{\"@id\":\"https:\\\/\\\/paca.lpo.fr\\\/blogs\\\/nice\\\/#organization\"},\"image\":{\"@id\":\"https:\\\/\\\/paca.lpo.fr\\\/blogs\\\/nice\\\/2011\\\/02\\\/15\\\/conference-secourir-la-faune-sauvage\\\/#primaryimage\"},\"thumbnailUrl\":\"http:\\\/\\\/paca.lpo.fr\\\/images\\\/stories\\\/groupes_locaux\\\/alpes_maritimes_est\\\/conferences\\\/sauvegardekaty.jpg\",\"keywords\":[\"centr\",\"faune sauvage\",\"mammif\u00e8re\",\"oiseau\",\"sauvegarde\",\"soin\"],\"articleSection\":[\"Vie du groupe\"],\"inLanguage\":\"fr-FR\",\"potentialAction\":[{\"@type\":\"CommentAction\",\"name\":\"Comment\",\"target\":[\"https:\\\/\\\/paca.lpo.fr\\\/blogs\\\/nice\\\/2011\\\/02\\\/15\\\/conference-secourir-la-faune-sauvage\\\/#respond\"]}]},{\"@type\":\"WebPage\",\"@id\":\"https:\\\/\\\/paca.lpo.fr\\\/blogs\\\/nice\\\/2011\\\/02\\\/15\\\/conference-secourir-la-faune-sauvage\\\/\",\"url\":\"https:\\\/\\\/paca.lpo.fr\\\/blogs\\\/nice\\\/2011\\\/02\\\/15\\\/conference-secourir-la-faune-sauvage\\\/\",\"name\":\"Conf\u00e9rence \\\"Secourir la faune sauvage\\\" - Groupe local Nice\",\"isPartOf\":{\"@id\":\"https:\\\/\\\/paca.lpo.fr\\\/blogs\\\/nice\\\/#website\"},\"primaryImageOfPage\":{\"@id\":\"https:\\\/\\\/paca.lpo.fr\\\/blogs\\\/nice\\\/2011\\\/02\\\/15\\\/conference-secourir-la-faune-sauvage\\\/#primaryimage\"},\"image\":{\"@id\":\"https:\\\/\\\/paca.lpo.fr\\\/blogs\\\/nice\\\/2011\\\/02\\\/15\\\/conference-secourir-la-faune-sauvage\\\/#primaryimage\"},\"thumbnailUrl\":\"http:\\\/\\\/paca.lpo.fr\\\/images\\\/stories\\\/groupes_locaux\\\/alpes_maritimes_est\\\/conferences\\\/sauvegardekaty.jpg\",\"datePublished\":\"2011-02-15T15:17:12+00:00\",\"breadcrumb\":{\"@id\":\"https:\\\/\\\/paca.lpo.fr\\\/blogs\\\/nice\\\/2011\\\/02\\\/15\\\/conference-secourir-la-faune-sauvage\\\/#breadcrumb\"},\"inLanguage\":\"fr-FR\",\"potentialAction\":[{\"@type\":\"ReadAction\",\"target\":[\"https:\\\/\\\/paca.lpo.fr\\\/blogs\\\/nice\\\/2011\\\/02\\\/15\\\/conference-secourir-la-faune-sauvage\\\/\"]}]},{\"@type\":\"ImageObject\",\"inLanguage\":\"fr-FR\",\"@id\":\"https:\\\/\\\/paca.lpo.fr\\\/blogs\\\/nice\\\/2011\\\/02\\\/15\\\/conference-secourir-la-faune-sauvage\\\/#primaryimage\",\"url\":\"http:\\\/\\\/paca.lpo.fr\\\/images\\\/stories\\\/groupes_locaux\\\/alpes_maritimes_est\\\/conferences\\\/sauvegardekaty.jpg\",\"contentUrl\":\"http:\\\/\\\/paca.lpo.fr\\\/images\\\/stories\\\/groupes_locaux\\\/alpes_maritimes_est\\\/conferences\\\/sauvegardekaty.jpg\"},{\"@type\":\"BreadcrumbList\",\"@id\":\"https:\\\/\\\/paca.lpo.fr\\\/blogs\\\/nice\\\/2011\\\/02\\\/15\\\/conference-secourir-la-faune-sauvage\\\/#breadcrumb\",\"itemListElement\":[{\"@type\":\"ListItem\",\"position\":1,\"name\":\"Accueil\",\"item\":\"https:\\\/\\\/paca.lpo.fr\\\/blogs\\\/nice\\\/\"},{\"@type\":\"ListItem\",\"position\":2,\"name\":\"Conf\u00e9rence \u00ab\u00a0Secourir la faune sauvage\u00a0\u00bb\"}]},{\"@type\":\"WebSite\",\"@id\":\"https:\\\/\\\/paca.lpo.fr\\\/blogs\\\/nice\\\/#website\",\"url\":\"https:\\\/\\\/paca.lpo.fr\\\/blogs\\\/nice\\\/\",\"name\":\"Groupe local Nice\",\"description\":\"Groupe local Nice\",\"publisher\":{\"@id\":\"https:\\\/\\\/paca.lpo.fr\\\/blogs\\\/nice\\\/#organization\"},\"potentialAction\":[{\"@type\":\"SearchAction\",\"target\":{\"@type\":\"EntryPoint\",\"urlTemplate\":\"https:\\\/\\\/paca.lpo.fr\\\/blogs\\\/nice\\\/?s={search_term_string}\"},\"query-input\":{\"@type\":\"PropertyValueSpecification\",\"valueRequired\":true,\"valueName\":\"search_term_string\"}}],\"inLanguage\":\"fr-FR\"},{\"@type\":\"Organization\",\"@id\":\"https:\\\/\\\/paca.lpo.fr\\\/blogs\\\/nice\\\/#organization\",\"name\":\"Groupe local Nice\",\"url\":\"https:\\\/\\\/paca.lpo.fr\\\/blogs\\\/nice\\\/\",\"logo\":{\"@type\":\"ImageObject\",\"inLanguage\":\"fr-FR\",\"@id\":\"https:\\\/\\\/paca.lpo.fr\\\/blogs\\\/nice\\\/#\\\/schema\\\/logo\\\/image\\\/\",\"url\":\"https:\\\/\\\/paca.lpo.fr\\\/blogs\\\/nice\\\/files\\\/2024\\\/01\\\/cropped-rvb-lpo-paca-logotype-signature-droite-mini-500.jpg\",\"contentUrl\":\"https:\\\/\\\/paca.lpo.fr\\\/blogs\\\/nice\\\/files\\\/2024\\\/01\\\/cropped-rvb-lpo-paca-logotype-signature-droite-mini-500.jpg\",\"width\":500,\"height\":210,\"caption\":\"Groupe local Nice\"},\"image\":{\"@id\":\"https:\\\/\\\/paca.lpo.fr\\\/blogs\\\/nice\\\/#\\\/schema\\\/logo\\\/image\\\/\"}},{\"@type\":\"Person\",\"@id\":\"https:\\\/\\\/paca.lpo.fr\\\/blogs\\\/nice\\\/#\\\/schema\\\/person\\\/f4701c21e2e412e301d69ea575732a07\",\"name\":\"LPOPACA\",\"image\":{\"@type\":\"ImageObject\",\"inLanguage\":\"fr-FR\",\"@id\":\"https:\\\/\\\/secure.gravatar.com\\\/avatar\\\/61b4fe4aeb906264475360b018582a8a825394c21df85ee757345c68c15ddd14?s=96&d=mm&r=g\",\"url\":\"https:\\\/\\\/secure.gravatar.com\\\/avatar\\\/61b4fe4aeb906264475360b018582a8a825394c21df85ee757345c68c15ddd14?s=96&d=mm&r=g\",\"contentUrl\":\"https:\\\/\\\/secure.gravatar.com\\\/avatar\\\/61b4fe4aeb906264475360b018582a8a825394c21df85ee757345c68c15ddd14?s=96&d=mm&r=g\",\"caption\":\"LPOPACA\"},\"url\":\"https:\\\/\\\/paca.lpo.fr\\\/blogs\\\/nice\\\/author\\\/lpopaca\\\/\"}]}<\/script>\n<!-- \/ Yoast SEO plugin. -->","yoast_head_json":{"title":"Conf\u00e9rence \"Secourir la faune sauvage\" - Groupe local Nice","robots":{"index":"index","follow":"follow","max-snippet":"max-snippet:-1","max-image-preview":"max-image-preview:large","max-video-preview":"max-video-preview:-1"},"canonical":"https:\/\/paca.lpo.fr\/blogs\/nice\/2011\/02\/15\/conference-secourir-la-faune-sauvage\/","og_locale":"fr_FR","og_type":"article","og_title":"Conf\u00e9rence \"Secourir la faune sauvage\" - Groupe local Nice","og_description":"Vendredi 11 f\u00e9vrier, Katy Morell, Coordinatrice des soins au Centre r\u00e9gional de Sauvegarde de la faune sauvage de Buoux (Vaucluse), est venue \u00e0 la Maison de l&rsquo;Environnement de Nice nous pr\u00e9senter ce centre. Devant une cinquantaine de personnes, Katy a tout d&rsquo;abord expliqu\u00e9 comment fonctionne le r\u00e9seau d&rsquo;acheminement permettant aux animaux sauvages en d\u00e9tresse d&rsquo;arriver [&hellip;]","og_url":"https:\/\/paca.lpo.fr\/blogs\/nice\/2011\/02\/15\/conference-secourir-la-faune-sauvage\/","og_site_name":"Groupe local Nice","article_published_time":"2011-02-15T15:17:12+00:00","og_image":[{"url":"http:\/\/paca.lpo.fr\/images\/stories\/groupes_locaux\/alpes_maritimes_est\/conferences\/sauvegardekaty.jpg","type":"","width":"","height":""}],"author":"LPOPACA","twitter_card":"summary_large_image","twitter_misc":{"\u00c9crit par":"LPOPACA","Dur\u00e9e de lecture estim\u00e9e":"1 minute"},"schema":{"@context":"https:\/\/schema.org","@graph":[{"@type":"Article","@id":"https:\/\/paca.lpo.fr\/blogs\/nice\/2011\/02\/15\/conference-secourir-la-faune-sauvage\/#article","isPartOf":{"@id":"https:\/\/paca.lpo.fr\/blogs\/nice\/2011\/02\/15\/conference-secourir-la-faune-sauvage\/"},"author":{"name":"LPOPACA","@id":"https:\/\/paca.lpo.fr\/blogs\/nice\/#\/schema\/person\/f4701c21e2e412e301d69ea575732a07"},"headline":"Conf\u00e9rence \u00ab\u00a0Secourir la faune sauvage\u00a0\u00bb","datePublished":"2011-02-15T15:17:12+00:00","mainEntityOfPage":{"@id":"https:\/\/paca.lpo.fr\/blogs\/nice\/2011\/02\/15\/conference-secourir-la-faune-sauvage\/"},"wordCount":280,"commentCount":0,"publisher":{"@id":"https:\/\/paca.lpo.fr\/blogs\/nice\/#organization"},"image":{"@id":"https:\/\/paca.lpo.fr\/blogs\/nice\/2011\/02\/15\/conference-secourir-la-faune-sauvage\/#primaryimage"},"thumbnailUrl":"http:\/\/paca.lpo.fr\/images\/stories\/groupes_locaux\/alpes_maritimes_est\/conferences\/sauvegardekaty.jpg","keywords":["centr","faune sauvage","mammif\u00e8re","oiseau","sauvegarde","soin"],"articleSection":["Vie du groupe"],"inLanguage":"fr-FR","potentialAction":[{"@type":"CommentAction","name":"Comment","target":["https:\/\/paca.lpo.fr\/blogs\/nice\/2011\/02\/15\/conference-secourir-la-faune-sauvage\/#respond"]}]},{"@type":"WebPage","@id":"https:\/\/paca.lpo.fr\/blogs\/nice\/2011\/02\/15\/conference-secourir-la-faune-sauvage\/","url":"https:\/\/paca.lpo.fr\/blogs\/nice\/2011\/02\/15\/conference-secourir-la-faune-sauvage\/","name":"Conf\u00e9rence \"Secourir la faune sauvage\" - Groupe local Nice","isPartOf":{"@id":"https:\/\/paca.lpo.fr\/blogs\/nice\/#website"},"primaryImageOfPage":{"@id":"https:\/\/paca.lpo.fr\/blogs\/nice\/2011\/02\/15\/conference-secourir-la-faune-sauvage\/#primaryimage"},"image":{"@id":"https:\/\/paca.lpo.fr\/blogs\/nice\/2011\/02\/15\/conference-secourir-la-faune-sauvage\/#primaryimage"},"thumbnailUrl":"http:\/\/paca.lpo.fr\/images\/stories\/groupes_locaux\/alpes_maritimes_est\/conferences\/sauvegardekaty.jpg","datePublished":"2011-02-15T15:17:12+00:00","breadcrumb":{"@id":"https:\/\/paca.lpo.fr\/blogs\/nice\/2011\/02\/15\/conference-secourir-la-faune-sauvage\/#breadcrumb"},"inLanguage":"fr-FR","potentialAction":[{"@type":"ReadAction","target":["https:\/\/paca.lpo.fr\/blogs\/nice\/2011\/02\/15\/conference-secourir-la-faune-sauvage\/"]}]},{"@type":"ImageObject","inLanguage":"fr-FR","@id":"https:\/\/paca.lpo.fr\/blogs\/nice\/2011\/02\/15\/conference-secourir-la-faune-sauvage\/#primaryimage","url":"http:\/\/paca.lpo.fr\/images\/stories\/groupes_locaux\/alpes_maritimes_est\/conferences\/sauvegardekaty.jpg","contentUrl":"http:\/\/paca.lpo.fr\/images\/stories\/groupes_locaux\/alpes_maritimes_est\/conferences\/sauvegardekaty.jpg"},{"@type":"BreadcrumbList","@id":"https:\/\/paca.lpo.fr\/blogs\/nice\/2011\/02\/15\/conference-secourir-la-faune-sauvage\/#breadcrumb","itemListElement":[{"@type":"ListItem","position":1,"name":"Accueil","item":"https:\/\/paca.lpo.fr\/blogs\/nice\/"},{"@type":"ListItem","position":2,"name":"Conf\u00e9rence \u00ab\u00a0Secourir la faune sauvage\u00a0\u00bb"}]},{"@type":"WebSite","@id":"https:\/\/paca.lpo.fr\/blogs\/nice\/#website","url":"https:\/\/paca.lpo.fr\/blogs\/nice\/","name":"Groupe local Nice","description":"Groupe local Nice","publisher":{"@id":"https:\/\/paca.lpo.fr\/blogs\/nice\/#organization"},"potentialAction":[{"@type":"SearchAction","target":{"@type":"EntryPoint","urlTemplate":"https:\/\/paca.lpo.fr\/blogs\/nice\/?s={search_term_string}"},"query-input":{"@type":"PropertyValueSpecification","valueRequired":true,"valueName":"search_term_string"}}],"inLanguage":"fr-FR"},{"@type":"Organization","@id":"https:\/\/paca.lpo.fr\/blogs\/nice\/#organization","name":"Groupe local Nice","url":"https:\/\/paca.lpo.fr\/blogs\/nice\/","logo":{"@type":"ImageObject","inLanguage":"fr-FR","@id":"https:\/\/paca.lpo.fr\/blogs\/nice\/#\/schema\/logo\/image\/","url":"https:\/\/paca.lpo.fr\/blogs\/nice\/files\/2024\/01\/cropped-rvb-lpo-paca-logotype-signature-droite-mini-500.jpg","contentUrl":"https:\/\/paca.lpo.fr\/blogs\/nice\/files\/2024\/01\/cropped-rvb-lpo-paca-logotype-signature-droite-mini-500.jpg","width":500,"height":210,"caption":"Groupe local Nice"},"image":{"@id":"https:\/\/paca.lpo.fr\/blogs\/nice\/#\/schema\/logo\/image\/"}},{"@type":"Person","@id":"https:\/\/paca.lpo.fr\/blogs\/nice\/#\/schema\/person\/f4701c21e2e412e301d69ea575732a07","name":"LPOPACA","image":{"@type":"ImageObject","inLanguage":"fr-FR","@id":"https:\/\/secure.gravatar.com\/avatar\/61b4fe4aeb906264475360b018582a8a825394c21df85ee757345c68c15ddd14?s=96&d=mm&r=g","url":"https:\/\/secure.gravatar.com\/avatar\/61b4fe4aeb906264475360b018582a8a825394c21df85ee757345c68c15ddd14?s=96&d=mm&r=g","contentUrl":"https:\/\/secure.gravatar.com\/avatar\/61b4fe4aeb906264475360b018582a8a825394c21df85ee757345c68c15ddd14?s=96&d=mm&r=g","caption":"LPOPACA"},"url":"https:\/\/paca.lpo.fr\/blogs\/nice\/author\/lpopaca\/"}]}},"jetpack_featured_media_url":"","_links":{"self":[{"href":"https:\/\/paca.lpo.fr\/blogs\/nice\/wp-json\/wp\/v2\/posts\/79","targetHints":{"allow":["GET"]}}],"collection":[{"href":"https:\/\/paca.lpo.fr\/blogs\/nice\/wp-json\/wp\/v2\/posts"}],"about":[{"href":"https:\/\/paca.lpo.fr\/blogs\/nice\/wp-json\/wp\/v2\/types\/post"}],"author":[{"embeddable":true,"href":"https:\/\/paca.lpo.fr\/blogs\/nice\/wp-json\/wp\/v2\/users\/1"}],"replies":[{"embeddable":true,"href":"https:\/\/paca.lpo.fr\/blogs\/nice\/wp-json\/wp\/v2\/comments?post=79"}],"version-history":[{"count":0,"href":"https:\/\/paca.lpo.fr\/blogs\/nice\/wp-json\/wp\/v2\/posts\/79\/revisions"}],"wp:attachment":[{"href":"https:\/\/paca.lpo.fr\/blogs\/nice\/wp-json\/wp\/v2\/media?parent=79"}],"wp:term":[{"taxonomy":"category","embeddable":true,"href":"https:\/\/paca.lpo.fr\/blogs\/nice\/wp-json\/wp\/v2\/categories?post=79"},{"taxonomy":"post_tag","embeddable":true,"href":"https:\/\/paca.lpo.fr\/blogs\/nice\/wp-json\/wp\/v2\/tags?post=79"}],"curies":[{"name":"wp","href":"https:\/\/api.w.org\/{rel}","templated":true}]}}