{"id":86,"date":"2011-03-01T16:14:12","date_gmt":"2011-03-01T16:14:12","guid":{"rendered":"https:\/\/paca.lpo.fr\/blogs\/nice\/?p=86"},"modified":"2012-10-02T14:38:22","modified_gmt":"2012-10-02T13:38:22","slug":"decouvertes-dans-les-parcs-naturels-des-alpes-maritimes","status":"publish","type":"post","link":"https:\/\/paca.lpo.fr\/blogs\/nice\/2011\/03\/01\/decouvertes-dans-les-parcs-naturels-des-alpes-maritimes\/","title":{"rendered":"D\u00e9couvertes dans les Parcs Naturels des Alpes-Maritimes"},"content":{"rendered":"<div>\n<p><strong><span style=\"color: #000000\">Reconna\u00eetre les oiseaux d\u2019eau, leur chant, d\u00e9couvrir les oiseaux migrateurs\u2026 autant de d\u00e9couvertes possibles lors des sorties \u00ab\u00a0Nature\u00a0\u00bb\u00a0!<\/span><\/strong><\/p>\n<p><strong><span style=\"color: #000000\">N\u00e9ophytes, amateurs ou naturalistes exp\u00e9riment\u00e9s, venez nombreux d\u00e9couvrir les richesses des Parcs Naturels D\u00e9partementaux du Conseil G\u00e9n\u00e9ral de la Valmasque et de Vaugrenier\u00a0!! La LPO PACA vous fait d\u00e9couvrir ces milieux, les oiseaux, insectes et autres animaux aux histoires \u00e9tonnantes \u2026<\/span><\/strong><\/p>\n<p><strong><span style=\"color: #000000\"><img loading=\"lazy\" decoding=\"async\" class=\"alignnone\" src=\"http:\/\/paca.lpo.fr\/images\/stories\/groupes_locaux\/alpes_maritimes_est\/divers\/pndvaugrenier-nov2010eve.lebegue.jpg\" alt=\"\" width=\"788\" height=\"591\" \/><\/span><\/strong><\/p>\n<p><strong><span style=\"color: #000000\">Tous les 1<sup>ers<\/sup> mercredis du mois au Parc de la Valmasque \u00e0 partir de 10h<\/span><\/strong><\/p>\n<p><strong><span style=\"color: #000000\">Tous les 3<sup>\u00e8mes<\/sup> mercredis du mois au Parc de Vaugrenier \u00e0 partir de 10h<\/span><\/strong><\/p>\n<p><strong><span style=\"color: #000000\"><img loading=\"lazy\" decoding=\"async\" class=\"alignnone\" src=\"http:\/\/paca.lpo.fr\/images\/stories\/groupes_locaux\/alpes_maritimes_est\/divers\/pndvaugrenier-janv2011eve.lebegue.jpg\" alt=\"\" width=\"788\" height=\"591\" \/><\/span><\/strong><\/p>\n<p><strong><span style=\"color: #000000\">Renseignements et r\u00e9servation\u00a0:<\/span><\/strong><\/p>\n<p><strong><span style=\"color: #000000\">Eve LEBEGUE \u2013 Animatrice Nature \u2013 06 24 22 40 11<\/span><\/strong><\/p>\n<\/div>\n","protected":false},"excerpt":{"rendered":"<p>Reconna\u00eetre les oiseaux d\u2019eau, leur chant, d\u00e9couvrir les oiseaux migrateurs\u2026 autant de d\u00e9couvertes possibles lors des sorties \u00ab\u00a0Nature\u00a0\u00bb\u00a0! N\u00e9ophytes, amateurs ou naturalistes exp\u00e9riment\u00e9s, venez nombreux d\u00e9couvrir les richesses des Parcs Naturels D\u00e9partementaux du Conseil G\u00e9n\u00e9ral de la Valmasque et de Vaugrenier\u00a0!! La LPO PACA vous fait d\u00e9couvrir ces milieux, les oiseaux, insectes et autres animaux [&hellip;]<\/p>\n","protected":false},"author":1,"featured_media":0,"comment_status":"open","ping_status":"open","sticky":false,"template":"","format":"standard","meta":{"footnotes":""},"categories":[3],"tags":[53,54,55,71,72],"class_list":["post-86","post","type-post","status-publish","format-standard","hentry","category-vie-groupe","tag-parc-naturel","tag-parcs-naturels","tag-parcs-naturels-departementaux","tag-valmasque","tag-vaugrenier"],"yoast_head":"<!-- This site is optimized with the Yoast SEO plugin v28.3 - https:\/\/yoast.com\/product\/yoast-seo-wordpress\/ -->\n<title>D\u00e9couvertes dans les Parcs Naturels des Alpes-Maritimes - Groupe local Nice<\/title>\n<meta name=\"robots\" content=\"index, follow, max-snippet:-1, max-image-preview:large, max-video-preview:-1\" \/>\n<link rel=\"canonical\" href=\"https:\/\/paca.lpo.fr\/blogs\/nice\/2011\/03\/01\/decouvertes-dans-les-parcs-naturels-des-alpes-maritimes\/\" \/>\n<meta property=\"og:locale\" content=\"fr_FR\" \/>\n<meta property=\"og:type\" content=\"article\" \/>\n<meta property=\"og:title\" content=\"D\u00e9couvertes dans les Parcs Naturels des Alpes-Maritimes - Groupe local Nice\" \/>\n<meta property=\"og:description\" content=\"Reconna\u00eetre les oiseaux d\u2019eau, leur chant, d\u00e9couvrir les oiseaux migrateurs\u2026 autant de d\u00e9couvertes possibles lors des sorties \u00ab\u00a0Nature\u00a0\u00bb\u00a0! N\u00e9ophytes, amateurs ou naturalistes exp\u00e9riment\u00e9s, venez nombreux d\u00e9couvrir les richesses des Parcs Naturels D\u00e9partementaux du Conseil G\u00e9n\u00e9ral de la Valmasque et de Vaugrenier\u00a0!! La LPO PACA vous fait d\u00e9couvrir ces milieux, les oiseaux, insectes et autres animaux [&hellip;]\" \/>\n<meta property=\"og:url\" content=\"https:\/\/paca.lpo.fr\/blogs\/nice\/2011\/03\/01\/decouvertes-dans-les-parcs-naturels-des-alpes-maritimes\/\" \/>\n<meta property=\"og:site_name\" content=\"Groupe local Nice\" \/>\n<meta property=\"article:published_time\" content=\"2011-03-01T16:14:12+00:00\" \/>\n<meta property=\"article:modified_time\" content=\"2012-10-02T13:38:22+00:00\" \/>\n<meta property=\"og:image\" content=\"http:\/\/paca.lpo.fr\/images\/stories\/groupes_locaux\/alpes_maritimes_est\/divers\/pndvaugrenier-nov2010eve.lebegue.jpg\" \/>\n<meta name=\"author\" content=\"LPOPACA\" \/>\n<meta name=\"twitter:card\" content=\"summary_large_image\" \/>\n<meta name=\"twitter:label1\" content=\"\u00c9crit par\" \/>\n\t<meta name=\"twitter:data1\" content=\"LPOPACA\" \/>\n\t<meta name=\"twitter:label2\" content=\"Dur\u00e9e de lecture estim\u00e9e\" \/>\n\t<meta name=\"twitter:data2\" content=\"1 minute\" \/>\n<script type=\"application\/ld+json\" class=\"yoast-schema-graph\">{\"@context\":\"https:\\\/\\\/schema.org\",\"@graph\":[{\"@type\":\"Article\",\"@id\":\"https:\\\/\\\/paca.lpo.fr\\\/blogs\\\/nice\\\/2011\\\/03\\\/01\\\/decouvertes-dans-les-parcs-naturels-des-alpes-maritimes\\\/#article\",\"isPartOf\":{\"@id\":\"https:\\\/\\\/paca.lpo.fr\\\/blogs\\\/nice\\\/2011\\\/03\\\/01\\\/decouvertes-dans-les-parcs-naturels-des-alpes-maritimes\\\/\"},\"author\":{\"name\":\"LPOPACA\",\"@id\":\"https:\\\/\\\/paca.lpo.fr\\\/blogs\\\/nice\\\/#\\\/schema\\\/person\\\/f4701c21e2e412e301d69ea575732a07\"},\"headline\":\"D\u00e9couvertes dans les Parcs Naturels des Alpes-Maritimes\",\"datePublished\":\"2011-03-01T16:14:12+00:00\",\"dateModified\":\"2012-10-02T13:38:22+00:00\",\"mainEntityOfPage\":{\"@id\":\"https:\\\/\\\/paca.lpo.fr\\\/blogs\\\/nice\\\/2011\\\/03\\\/01\\\/decouvertes-dans-les-parcs-naturels-des-alpes-maritimes\\\/\"},\"wordCount\":113,\"commentCount\":0,\"publisher\":{\"@id\":\"https:\\\/\\\/paca.lpo.fr\\\/blogs\\\/nice\\\/#organization\"},\"image\":{\"@id\":\"https:\\\/\\\/paca.lpo.fr\\\/blogs\\\/nice\\\/2011\\\/03\\\/01\\\/decouvertes-dans-les-parcs-naturels-des-alpes-maritimes\\\/#primaryimage\"},\"thumbnailUrl\":\"http:\\\/\\\/paca.lpo.fr\\\/images\\\/stories\\\/groupes_locaux\\\/alpes_maritimes_est\\\/divers\\\/pndvaugrenier-nov2010eve.lebegue.jpg\",\"keywords\":[\"parc naturel\",\"parcs naturels\",\"parcs naturels d\u00e9partementaux\",\"Valmasque\",\"Vaugrenier\"],\"articleSection\":[\"Vie du groupe\"],\"inLanguage\":\"fr-FR\",\"potentialAction\":[{\"@type\":\"CommentAction\",\"name\":\"Comment\",\"target\":[\"https:\\\/\\\/paca.lpo.fr\\\/blogs\\\/nice\\\/2011\\\/03\\\/01\\\/decouvertes-dans-les-parcs-naturels-des-alpes-maritimes\\\/#respond\"]}]},{\"@type\":\"WebPage\",\"@id\":\"https:\\\/\\\/paca.lpo.fr\\\/blogs\\\/nice\\\/2011\\\/03\\\/01\\\/decouvertes-dans-les-parcs-naturels-des-alpes-maritimes\\\/\",\"url\":\"https:\\\/\\\/paca.lpo.fr\\\/blogs\\\/nice\\\/2011\\\/03\\\/01\\\/decouvertes-dans-les-parcs-naturels-des-alpes-maritimes\\\/\",\"name\":\"D\u00e9couvertes dans les Parcs Naturels des Alpes-Maritimes - Groupe local Nice\",\"isPartOf\":{\"@id\":\"https:\\\/\\\/paca.lpo.fr\\\/blogs\\\/nice\\\/#website\"},\"primaryImageOfPage\":{\"@id\":\"https:\\\/\\\/paca.lpo.fr\\\/blogs\\\/nice\\\/2011\\\/03\\\/01\\\/decouvertes-dans-les-parcs-naturels-des-alpes-maritimes\\\/#primaryimage\"},\"image\":{\"@id\":\"https:\\\/\\\/paca.lpo.fr\\\/blogs\\\/nice\\\/2011\\\/03\\\/01\\\/decouvertes-dans-les-parcs-naturels-des-alpes-maritimes\\\/#primaryimage\"},\"thumbnailUrl\":\"http:\\\/\\\/paca.lpo.fr\\\/images\\\/stories\\\/groupes_locaux\\\/alpes_maritimes_est\\\/divers\\\/pndvaugrenier-nov2010eve.lebegue.jpg\",\"datePublished\":\"2011-03-01T16:14:12+00:00\",\"dateModified\":\"2012-10-02T13:38:22+00:00\",\"breadcrumb\":{\"@id\":\"https:\\\/\\\/paca.lpo.fr\\\/blogs\\\/nice\\\/2011\\\/03\\\/01\\\/decouvertes-dans-les-parcs-naturels-des-alpes-maritimes\\\/#breadcrumb\"},\"inLanguage\":\"fr-FR\",\"potentialAction\":[{\"@type\":\"ReadAction\",\"target\":[\"https:\\\/\\\/paca.lpo.fr\\\/blogs\\\/nice\\\/2011\\\/03\\\/01\\\/decouvertes-dans-les-parcs-naturels-des-alpes-maritimes\\\/\"]}]},{\"@type\":\"ImageObject\",\"inLanguage\":\"fr-FR\",\"@id\":\"https:\\\/\\\/paca.lpo.fr\\\/blogs\\\/nice\\\/2011\\\/03\\\/01\\\/decouvertes-dans-les-parcs-naturels-des-alpes-maritimes\\\/#primaryimage\",\"url\":\"http:\\\/\\\/paca.lpo.fr\\\/images\\\/stories\\\/groupes_locaux\\\/alpes_maritimes_est\\\/divers\\\/pndvaugrenier-nov2010eve.lebegue.jpg\",\"contentUrl\":\"http:\\\/\\\/paca.lpo.fr\\\/images\\\/stories\\\/groupes_locaux\\\/alpes_maritimes_est\\\/divers\\\/pndvaugrenier-nov2010eve.lebegue.jpg\"},{\"@type\":\"BreadcrumbList\",\"@id\":\"https:\\\/\\\/paca.lpo.fr\\\/blogs\\\/nice\\\/2011\\\/03\\\/01\\\/decouvertes-dans-les-parcs-naturels-des-alpes-maritimes\\\/#breadcrumb\",\"itemListElement\":[{\"@type\":\"ListItem\",\"position\":1,\"name\":\"Accueil\",\"item\":\"https:\\\/\\\/paca.lpo.fr\\\/blogs\\\/nice\\\/\"},{\"@type\":\"ListItem\",\"position\":2,\"name\":\"D\u00e9couvertes dans les Parcs Naturels des Alpes-Maritimes\"}]},{\"@type\":\"WebSite\",\"@id\":\"https:\\\/\\\/paca.lpo.fr\\\/blogs\\\/nice\\\/#website\",\"url\":\"https:\\\/\\\/paca.lpo.fr\\\/blogs\\\/nice\\\/\",\"name\":\"Groupe local Nice\",\"description\":\"Groupe local Nice\",\"publisher\":{\"@id\":\"https:\\\/\\\/paca.lpo.fr\\\/blogs\\\/nice\\\/#organization\"},\"potentialAction\":[{\"@type\":\"SearchAction\",\"target\":{\"@type\":\"EntryPoint\",\"urlTemplate\":\"https:\\\/\\\/paca.lpo.fr\\\/blogs\\\/nice\\\/?s={search_term_string}\"},\"query-input\":{\"@type\":\"PropertyValueSpecification\",\"valueRequired\":true,\"valueName\":\"search_term_string\"}}],\"inLanguage\":\"fr-FR\"},{\"@type\":\"Organization\",\"@id\":\"https:\\\/\\\/paca.lpo.fr\\\/blogs\\\/nice\\\/#organization\",\"name\":\"Groupe local Nice\",\"url\":\"https:\\\/\\\/paca.lpo.fr\\\/blogs\\\/nice\\\/\",\"logo\":{\"@type\":\"ImageObject\",\"inLanguage\":\"fr-FR\",\"@id\":\"https:\\\/\\\/paca.lpo.fr\\\/blogs\\\/nice\\\/#\\\/schema\\\/logo\\\/image\\\/\",\"url\":\"https:\\\/\\\/paca.lpo.fr\\\/blogs\\\/nice\\\/files\\\/2024\\\/01\\\/cropped-rvb-lpo-paca-logotype-signature-droite-mini-500.jpg\",\"contentUrl\":\"https:\\\/\\\/paca.lpo.fr\\\/blogs\\\/nice\\\/files\\\/2024\\\/01\\\/cropped-rvb-lpo-paca-logotype-signature-droite-mini-500.jpg\",\"width\":500,\"height\":210,\"caption\":\"Groupe local Nice\"},\"image\":{\"@id\":\"https:\\\/\\\/paca.lpo.fr\\\/blogs\\\/nice\\\/#\\\/schema\\\/logo\\\/image\\\/\"}},{\"@type\":\"Person\",\"@id\":\"https:\\\/\\\/paca.lpo.fr\\\/blogs\\\/nice\\\/#\\\/schema\\\/person\\\/f4701c21e2e412e301d69ea575732a07\",\"name\":\"LPOPACA\",\"image\":{\"@type\":\"ImageObject\",\"inLanguage\":\"fr-FR\",\"@id\":\"https:\\\/\\\/secure.gravatar.com\\\/avatar\\\/61b4fe4aeb906264475360b018582a8a825394c21df85ee757345c68c15ddd14?s=96&d=mm&r=g\",\"url\":\"https:\\\/\\\/secure.gravatar.com\\\/avatar\\\/61b4fe4aeb906264475360b018582a8a825394c21df85ee757345c68c15ddd14?s=96&d=mm&r=g\",\"contentUrl\":\"https:\\\/\\\/secure.gravatar.com\\\/avatar\\\/61b4fe4aeb906264475360b018582a8a825394c21df85ee757345c68c15ddd14?s=96&d=mm&r=g\",\"caption\":\"LPOPACA\"},\"url\":\"https:\\\/\\\/paca.lpo.fr\\\/blogs\\\/nice\\\/author\\\/lpopaca\\\/\"}]}<\/script>\n<!-- \/ Yoast SEO plugin. -->","yoast_head_json":{"title":"D\u00e9couvertes dans les Parcs Naturels des Alpes-Maritimes - Groupe local Nice","robots":{"index":"index","follow":"follow","max-snippet":"max-snippet:-1","max-image-preview":"max-image-preview:large","max-video-preview":"max-video-preview:-1"},"canonical":"https:\/\/paca.lpo.fr\/blogs\/nice\/2011\/03\/01\/decouvertes-dans-les-parcs-naturels-des-alpes-maritimes\/","og_locale":"fr_FR","og_type":"article","og_title":"D\u00e9couvertes dans les Parcs Naturels des Alpes-Maritimes - Groupe local Nice","og_description":"Reconna\u00eetre les oiseaux d\u2019eau, leur chant, d\u00e9couvrir les oiseaux migrateurs\u2026 autant de d\u00e9couvertes possibles lors des sorties \u00ab\u00a0Nature\u00a0\u00bb\u00a0! N\u00e9ophytes, amateurs ou naturalistes exp\u00e9riment\u00e9s, venez nombreux d\u00e9couvrir les richesses des Parcs Naturels D\u00e9partementaux du Conseil G\u00e9n\u00e9ral de la Valmasque et de Vaugrenier\u00a0!! La LPO PACA vous fait d\u00e9couvrir ces milieux, les oiseaux, insectes et autres animaux [&hellip;]","og_url":"https:\/\/paca.lpo.fr\/blogs\/nice\/2011\/03\/01\/decouvertes-dans-les-parcs-naturels-des-alpes-maritimes\/","og_site_name":"Groupe local Nice","article_published_time":"2011-03-01T16:14:12+00:00","article_modified_time":"2012-10-02T13:38:22+00:00","og_image":[{"url":"http:\/\/paca.lpo.fr\/images\/stories\/groupes_locaux\/alpes_maritimes_est\/divers\/pndvaugrenier-nov2010eve.lebegue.jpg","type":"","width":"","height":""}],"author":"LPOPACA","twitter_card":"summary_large_image","twitter_misc":{"\u00c9crit par":"LPOPACA","Dur\u00e9e de lecture estim\u00e9e":"1 minute"},"schema":{"@context":"https:\/\/schema.org","@graph":[{"@type":"Article","@id":"https:\/\/paca.lpo.fr\/blogs\/nice\/2011\/03\/01\/decouvertes-dans-les-parcs-naturels-des-alpes-maritimes\/#article","isPartOf":{"@id":"https:\/\/paca.lpo.fr\/blogs\/nice\/2011\/03\/01\/decouvertes-dans-les-parcs-naturels-des-alpes-maritimes\/"},"author":{"name":"LPOPACA","@id":"https:\/\/paca.lpo.fr\/blogs\/nice\/#\/schema\/person\/f4701c21e2e412e301d69ea575732a07"},"headline":"D\u00e9couvertes dans les Parcs Naturels des Alpes-Maritimes","datePublished":"2011-03-01T16:14:12+00:00","dateModified":"2012-10-02T13:38:22+00:00","mainEntityOfPage":{"@id":"https:\/\/paca.lpo.fr\/blogs\/nice\/2011\/03\/01\/decouvertes-dans-les-parcs-naturels-des-alpes-maritimes\/"},"wordCount":113,"commentCount":0,"publisher":{"@id":"https:\/\/paca.lpo.fr\/blogs\/nice\/#organization"},"image":{"@id":"https:\/\/paca.lpo.fr\/blogs\/nice\/2011\/03\/01\/decouvertes-dans-les-parcs-naturels-des-alpes-maritimes\/#primaryimage"},"thumbnailUrl":"http:\/\/paca.lpo.fr\/images\/stories\/groupes_locaux\/alpes_maritimes_est\/divers\/pndvaugrenier-nov2010eve.lebegue.jpg","keywords":["parc naturel","parcs naturels","parcs naturels d\u00e9partementaux","Valmasque","Vaugrenier"],"articleSection":["Vie du groupe"],"inLanguage":"fr-FR","potentialAction":[{"@type":"CommentAction","name":"Comment","target":["https:\/\/paca.lpo.fr\/blogs\/nice\/2011\/03\/01\/decouvertes-dans-les-parcs-naturels-des-alpes-maritimes\/#respond"]}]},{"@type":"WebPage","@id":"https:\/\/paca.lpo.fr\/blogs\/nice\/2011\/03\/01\/decouvertes-dans-les-parcs-naturels-des-alpes-maritimes\/","url":"https:\/\/paca.lpo.fr\/blogs\/nice\/2011\/03\/01\/decouvertes-dans-les-parcs-naturels-des-alpes-maritimes\/","name":"D\u00e9couvertes dans les Parcs Naturels des Alpes-Maritimes - Groupe local Nice","isPartOf":{"@id":"https:\/\/paca.lpo.fr\/blogs\/nice\/#website"},"primaryImageOfPage":{"@id":"https:\/\/paca.lpo.fr\/blogs\/nice\/2011\/03\/01\/decouvertes-dans-les-parcs-naturels-des-alpes-maritimes\/#primaryimage"},"image":{"@id":"https:\/\/paca.lpo.fr\/blogs\/nice\/2011\/03\/01\/decouvertes-dans-les-parcs-naturels-des-alpes-maritimes\/#primaryimage"},"thumbnailUrl":"http:\/\/paca.lpo.fr\/images\/stories\/groupes_locaux\/alpes_maritimes_est\/divers\/pndvaugrenier-nov2010eve.lebegue.jpg","datePublished":"2011-03-01T16:14:12+00:00","dateModified":"2012-10-02T13:38:22+00:00","breadcrumb":{"@id":"https:\/\/paca.lpo.fr\/blogs\/nice\/2011\/03\/01\/decouvertes-dans-les-parcs-naturels-des-alpes-maritimes\/#breadcrumb"},"inLanguage":"fr-FR","potentialAction":[{"@type":"ReadAction","target":["https:\/\/paca.lpo.fr\/blogs\/nice\/2011\/03\/01\/decouvertes-dans-les-parcs-naturels-des-alpes-maritimes\/"]}]},{"@type":"ImageObject","inLanguage":"fr-FR","@id":"https:\/\/paca.lpo.fr\/blogs\/nice\/2011\/03\/01\/decouvertes-dans-les-parcs-naturels-des-alpes-maritimes\/#primaryimage","url":"http:\/\/paca.lpo.fr\/images\/stories\/groupes_locaux\/alpes_maritimes_est\/divers\/pndvaugrenier-nov2010eve.lebegue.jpg","contentUrl":"http:\/\/paca.lpo.fr\/images\/stories\/groupes_locaux\/alpes_maritimes_est\/divers\/pndvaugrenier-nov2010eve.lebegue.jpg"},{"@type":"BreadcrumbList","@id":"https:\/\/paca.lpo.fr\/blogs\/nice\/2011\/03\/01\/decouvertes-dans-les-parcs-naturels-des-alpes-maritimes\/#breadcrumb","itemListElement":[{"@type":"ListItem","position":1,"name":"Accueil","item":"https:\/\/paca.lpo.fr\/blogs\/nice\/"},{"@type":"ListItem","position":2,"name":"D\u00e9couvertes dans les Parcs Naturels des Alpes-Maritimes"}]},{"@type":"WebSite","@id":"https:\/\/paca.lpo.fr\/blogs\/nice\/#website","url":"https:\/\/paca.lpo.fr\/blogs\/nice\/","name":"Groupe local Nice","description":"Groupe local Nice","publisher":{"@id":"https:\/\/paca.lpo.fr\/blogs\/nice\/#organization"},"potentialAction":[{"@type":"SearchAction","target":{"@type":"EntryPoint","urlTemplate":"https:\/\/paca.lpo.fr\/blogs\/nice\/?s={search_term_string}"},"query-input":{"@type":"PropertyValueSpecification","valueRequired":true,"valueName":"search_term_string"}}],"inLanguage":"fr-FR"},{"@type":"Organization","@id":"https:\/\/paca.lpo.fr\/blogs\/nice\/#organization","name":"Groupe local Nice","url":"https:\/\/paca.lpo.fr\/blogs\/nice\/","logo":{"@type":"ImageObject","inLanguage":"fr-FR","@id":"https:\/\/paca.lpo.fr\/blogs\/nice\/#\/schema\/logo\/image\/","url":"https:\/\/paca.lpo.fr\/blogs\/nice\/files\/2024\/01\/cropped-rvb-lpo-paca-logotype-signature-droite-mini-500.jpg","contentUrl":"https:\/\/paca.lpo.fr\/blogs\/nice\/files\/2024\/01\/cropped-rvb-lpo-paca-logotype-signature-droite-mini-500.jpg","width":500,"height":210,"caption":"Groupe local Nice"},"image":{"@id":"https:\/\/paca.lpo.fr\/blogs\/nice\/#\/schema\/logo\/image\/"}},{"@type":"Person","@id":"https:\/\/paca.lpo.fr\/blogs\/nice\/#\/schema\/person\/f4701c21e2e412e301d69ea575732a07","name":"LPOPACA","image":{"@type":"ImageObject","inLanguage":"fr-FR","@id":"https:\/\/secure.gravatar.com\/avatar\/61b4fe4aeb906264475360b018582a8a825394c21df85ee757345c68c15ddd14?s=96&d=mm&r=g","url":"https:\/\/secure.gravatar.com\/avatar\/61b4fe4aeb906264475360b018582a8a825394c21df85ee757345c68c15ddd14?s=96&d=mm&r=g","contentUrl":"https:\/\/secure.gravatar.com\/avatar\/61b4fe4aeb906264475360b018582a8a825394c21df85ee757345c68c15ddd14?s=96&d=mm&r=g","caption":"LPOPACA"},"url":"https:\/\/paca.lpo.fr\/blogs\/nice\/author\/lpopaca\/"}]}},"jetpack_featured_media_url":"","_links":{"self":[{"href":"https:\/\/paca.lpo.fr\/blogs\/nice\/wp-json\/wp\/v2\/posts\/86","targetHints":{"allow":["GET"]}}],"collection":[{"href":"https:\/\/paca.lpo.fr\/blogs\/nice\/wp-json\/wp\/v2\/posts"}],"about":[{"href":"https:\/\/paca.lpo.fr\/blogs\/nice\/wp-json\/wp\/v2\/types\/post"}],"author":[{"embeddable":true,"href":"https:\/\/paca.lpo.fr\/blogs\/nice\/wp-json\/wp\/v2\/users\/1"}],"replies":[{"embeddable":true,"href":"https:\/\/paca.lpo.fr\/blogs\/nice\/wp-json\/wp\/v2\/comments?post=86"}],"version-history":[{"count":2,"href":"https:\/\/paca.lpo.fr\/blogs\/nice\/wp-json\/wp\/v2\/posts\/86\/revisions"}],"predecessor-version":[{"id":301,"href":"https:\/\/paca.lpo.fr\/blogs\/nice\/wp-json\/wp\/v2\/posts\/86\/revisions\/301"}],"wp:attachment":[{"href":"https:\/\/paca.lpo.fr\/blogs\/nice\/wp-json\/wp\/v2\/media?parent=86"}],"wp:term":[{"taxonomy":"category","embeddable":true,"href":"https:\/\/paca.lpo.fr\/blogs\/nice\/wp-json\/wp\/v2\/categories?post=86"},{"taxonomy":"post_tag","embeddable":true,"href":"https:\/\/paca.lpo.fr\/blogs\/nice\/wp-json\/wp\/v2\/tags?post=86"}],"curies":[{"name":"wp","href":"https:\/\/api.w.org\/{rel}","templated":true}]}}