{"id":92,"date":"2011-03-07T15:45:32","date_gmt":"2011-03-07T15:45:32","guid":{"rendered":"https:\/\/paca.lpo.fr\/blogs\/nice\/?p=92"},"modified":"2011-03-07T15:45:32","modified_gmt":"2011-03-07T15:45:32","slug":"loiseau-du-mois-le-hibou-moyen-duc","status":"publish","type":"post","link":"https:\/\/paca.lpo.fr\/blogs\/nice\/2011\/03\/07\/loiseau-du-mois-le-hibou-moyen-duc\/","title":{"rendered":"L&rsquo;Oiseau du mois: le Hibou Moyen Duc"},"content":{"rendered":"<div>\n<p>Le Hibou Moyen-Duc est le plus discret et le plus nocturne des hiboux.<\/p>\n<p><img loading=\"lazy\" decoding=\"async\" src=\"http:\/\/paca.lpo.fr\/images\/phocagallery\/phototheque\/oiseaux\/Hibou_moyen_duc\/thumbs\/phoca_thumb_l_Hibou_moyen_duc_yare.1.jpg\" alt=\"\" width=\"500\" height=\"378\" border=\"0\" \/><\/p>\n<p>Vous pouvez cependant entendre son chant, un \u00ab\u00a0hou\u00a0\u00bb grave et nasal, assez doux (2 \u00e0 8 secondes pendant 10 \u00e0 15 minutes).<\/p>\n<p>Pour se reposer le jour, le Moyen-Duc va pr\u00e9f\u00e9rer un milieu semi-bois\u00e9 et notamment des conif\u00e8res.<\/p>\n<p>En revanche, pour chasser la nuit, il va se diriger vers des zones d\u00e9gag\u00e9es et des boisements clairs.<\/p>\n<p>Son alimentation est surtout \u00e0 base de campagnols. Pendant l&rsquo;\u00e9levage des jeunes, le Moyen-Duc va chasser environ 24 proies par nuit.<\/p>\n<p><img loading=\"lazy\" decoding=\"async\" src=\"http:\/\/paca.lpo.fr\/images\/phocagallery\/phototheque\/oiseaux\/Hibou_moyen_duc\/thumbs\/phoca_thumb_l_Hibou_moyen_duc_mmif1.jpg\" alt=\"\" width=\"500\" height=\"354\" border=\"0\" \/><\/p>\n<p>Il nidifie dans des anciens nids de corneilles ou de pies.<\/p>\n<p>En hiver, le Moyen-Duc se regroupe en bandes, parfois importantes.<\/p>\n<p>S&rsquo;il est excit\u00e9 ou inqui\u00e9t\u00e9, le Hibou Moyen-Duc va s&rsquo;amincir et dresser ses aigrettes.<\/p>\n<\/div>\n","protected":false},"excerpt":{"rendered":"<p>Le Hibou Moyen-Duc est le plus discret et le plus nocturne des hiboux. Vous pouvez cependant entendre son chant, un \u00ab\u00a0hou\u00a0\u00bb grave et nasal, assez doux (2 \u00e0 8 secondes pendant 10 \u00e0 15 minutes). Pour se reposer le jour, le Moyen-Duc va pr\u00e9f\u00e9rer un milieu semi-bois\u00e9 et notamment des conif\u00e8res. En revanche, pour chasser [&hellip;]<\/p>\n","protected":false},"author":1,"featured_media":0,"comment_status":"open","ping_status":"open","sticky":false,"template":"","format":"standard","meta":{"footnotes":""},"categories":[3],"tags":[26,39,45,52,59],"class_list":["post-92","post","type-post","status-publish","format-standard","hentry","category-vie-groupe","tag-hibou","tag-mars","tag-moyen-duc","tag-oiseau-du-mois","tag-rapaces-nocturnes"],"yoast_head":"<!-- This site is optimized with the Yoast SEO plugin v28.3 - https:\/\/yoast.com\/product\/yoast-seo-wordpress\/ -->\n<title>L&#039;Oiseau du mois: le Hibou Moyen Duc  - Groupe local Nice<\/title>\n<meta name=\"robots\" content=\"index, follow, max-snippet:-1, max-image-preview:large, max-video-preview:-1\" \/>\n<link rel=\"canonical\" href=\"https:\/\/paca.lpo.fr\/blogs\/nice\/2011\/03\/07\/loiseau-du-mois-le-hibou-moyen-duc\/\" \/>\n<meta property=\"og:locale\" content=\"fr_FR\" \/>\n<meta property=\"og:type\" content=\"article\" \/>\n<meta property=\"og:title\" content=\"L&#039;Oiseau du mois: le Hibou Moyen Duc  - Groupe local Nice\" \/>\n<meta property=\"og:description\" content=\"Le Hibou Moyen-Duc est le plus discret et le plus nocturne des hiboux. Vous pouvez cependant entendre son chant, un \u00ab\u00a0hou\u00a0\u00bb grave et nasal, assez doux (2 \u00e0 8 secondes pendant 10 \u00e0 15 minutes). Pour se reposer le jour, le Moyen-Duc va pr\u00e9f\u00e9rer un milieu semi-bois\u00e9 et notamment des conif\u00e8res. En revanche, pour chasser [&hellip;]\" \/>\n<meta property=\"og:url\" content=\"https:\/\/paca.lpo.fr\/blogs\/nice\/2011\/03\/07\/loiseau-du-mois-le-hibou-moyen-duc\/\" \/>\n<meta property=\"og:site_name\" content=\"Groupe local Nice\" \/>\n<meta property=\"article:published_time\" content=\"2011-03-07T15:45:32+00:00\" \/>\n<meta property=\"og:image\" content=\"http:\/\/paca.lpo.fr\/images\/phocagallery\/phototheque\/oiseaux\/Hibou_moyen_duc\/thumbs\/phoca_thumb_l_Hibou_moyen_duc_yare.1.jpg\" \/>\n<meta name=\"author\" content=\"LPOPACA\" \/>\n<meta name=\"twitter:card\" content=\"summary_large_image\" \/>\n<meta name=\"twitter:label1\" content=\"\u00c9crit par\" \/>\n\t<meta name=\"twitter:data1\" content=\"LPOPACA\" \/>\n\t<meta name=\"twitter:label2\" content=\"Dur\u00e9e de lecture estim\u00e9e\" \/>\n\t<meta name=\"twitter:data2\" content=\"1 minute\" \/>\n<script type=\"application\/ld+json\" class=\"yoast-schema-graph\">{\"@context\":\"https:\\\/\\\/schema.org\",\"@graph\":[{\"@type\":\"Article\",\"@id\":\"https:\\\/\\\/paca.lpo.fr\\\/blogs\\\/nice\\\/2011\\\/03\\\/07\\\/loiseau-du-mois-le-hibou-moyen-duc\\\/#article\",\"isPartOf\":{\"@id\":\"https:\\\/\\\/paca.lpo.fr\\\/blogs\\\/nice\\\/2011\\\/03\\\/07\\\/loiseau-du-mois-le-hibou-moyen-duc\\\/\"},\"author\":{\"name\":\"LPOPACA\",\"@id\":\"https:\\\/\\\/paca.lpo.fr\\\/blogs\\\/nice\\\/#\\\/schema\\\/person\\\/f4701c21e2e412e301d69ea575732a07\"},\"headline\":\"L&rsquo;Oiseau du mois: le Hibou Moyen Duc\",\"datePublished\":\"2011-03-07T15:45:32+00:00\",\"mainEntityOfPage\":{\"@id\":\"https:\\\/\\\/paca.lpo.fr\\\/blogs\\\/nice\\\/2011\\\/03\\\/07\\\/loiseau-du-mois-le-hibou-moyen-duc\\\/\"},\"wordCount\":134,\"commentCount\":0,\"publisher\":{\"@id\":\"https:\\\/\\\/paca.lpo.fr\\\/blogs\\\/nice\\\/#organization\"},\"image\":{\"@id\":\"https:\\\/\\\/paca.lpo.fr\\\/blogs\\\/nice\\\/2011\\\/03\\\/07\\\/loiseau-du-mois-le-hibou-moyen-duc\\\/#primaryimage\"},\"thumbnailUrl\":\"http:\\\/\\\/paca.lpo.fr\\\/images\\\/phocagallery\\\/phototheque\\\/oiseaux\\\/Hibou_moyen_duc\\\/thumbs\\\/phoca_thumb_l_Hibou_moyen_duc_yare.1.jpg\",\"keywords\":[\"hibou\",\"mars\",\"moyen duc\",\"oiseau du mois\",\"rapaces nocturnes\"],\"articleSection\":[\"Vie du groupe\"],\"inLanguage\":\"fr-FR\",\"potentialAction\":[{\"@type\":\"CommentAction\",\"name\":\"Comment\",\"target\":[\"https:\\\/\\\/paca.lpo.fr\\\/blogs\\\/nice\\\/2011\\\/03\\\/07\\\/loiseau-du-mois-le-hibou-moyen-duc\\\/#respond\"]}]},{\"@type\":\"WebPage\",\"@id\":\"https:\\\/\\\/paca.lpo.fr\\\/blogs\\\/nice\\\/2011\\\/03\\\/07\\\/loiseau-du-mois-le-hibou-moyen-duc\\\/\",\"url\":\"https:\\\/\\\/paca.lpo.fr\\\/blogs\\\/nice\\\/2011\\\/03\\\/07\\\/loiseau-du-mois-le-hibou-moyen-duc\\\/\",\"name\":\"L'Oiseau du mois: le Hibou Moyen Duc - Groupe local Nice\",\"isPartOf\":{\"@id\":\"https:\\\/\\\/paca.lpo.fr\\\/blogs\\\/nice\\\/#website\"},\"primaryImageOfPage\":{\"@id\":\"https:\\\/\\\/paca.lpo.fr\\\/blogs\\\/nice\\\/2011\\\/03\\\/07\\\/loiseau-du-mois-le-hibou-moyen-duc\\\/#primaryimage\"},\"image\":{\"@id\":\"https:\\\/\\\/paca.lpo.fr\\\/blogs\\\/nice\\\/2011\\\/03\\\/07\\\/loiseau-du-mois-le-hibou-moyen-duc\\\/#primaryimage\"},\"thumbnailUrl\":\"http:\\\/\\\/paca.lpo.fr\\\/images\\\/phocagallery\\\/phototheque\\\/oiseaux\\\/Hibou_moyen_duc\\\/thumbs\\\/phoca_thumb_l_Hibou_moyen_duc_yare.1.jpg\",\"datePublished\":\"2011-03-07T15:45:32+00:00\",\"breadcrumb\":{\"@id\":\"https:\\\/\\\/paca.lpo.fr\\\/blogs\\\/nice\\\/2011\\\/03\\\/07\\\/loiseau-du-mois-le-hibou-moyen-duc\\\/#breadcrumb\"},\"inLanguage\":\"fr-FR\",\"potentialAction\":[{\"@type\":\"ReadAction\",\"target\":[\"https:\\\/\\\/paca.lpo.fr\\\/blogs\\\/nice\\\/2011\\\/03\\\/07\\\/loiseau-du-mois-le-hibou-moyen-duc\\\/\"]}]},{\"@type\":\"ImageObject\",\"inLanguage\":\"fr-FR\",\"@id\":\"https:\\\/\\\/paca.lpo.fr\\\/blogs\\\/nice\\\/2011\\\/03\\\/07\\\/loiseau-du-mois-le-hibou-moyen-duc\\\/#primaryimage\",\"url\":\"http:\\\/\\\/paca.lpo.fr\\\/images\\\/phocagallery\\\/phototheque\\\/oiseaux\\\/Hibou_moyen_duc\\\/thumbs\\\/phoca_thumb_l_Hibou_moyen_duc_yare.1.jpg\",\"contentUrl\":\"http:\\\/\\\/paca.lpo.fr\\\/images\\\/phocagallery\\\/phototheque\\\/oiseaux\\\/Hibou_moyen_duc\\\/thumbs\\\/phoca_thumb_l_Hibou_moyen_duc_yare.1.jpg\"},{\"@type\":\"BreadcrumbList\",\"@id\":\"https:\\\/\\\/paca.lpo.fr\\\/blogs\\\/nice\\\/2011\\\/03\\\/07\\\/loiseau-du-mois-le-hibou-moyen-duc\\\/#breadcrumb\",\"itemListElement\":[{\"@type\":\"ListItem\",\"position\":1,\"name\":\"Accueil\",\"item\":\"https:\\\/\\\/paca.lpo.fr\\\/blogs\\\/nice\\\/\"},{\"@type\":\"ListItem\",\"position\":2,\"name\":\"L&rsquo;Oiseau du mois: le Hibou Moyen Duc\"}]},{\"@type\":\"WebSite\",\"@id\":\"https:\\\/\\\/paca.lpo.fr\\\/blogs\\\/nice\\\/#website\",\"url\":\"https:\\\/\\\/paca.lpo.fr\\\/blogs\\\/nice\\\/\",\"name\":\"Groupe local Nice\",\"description\":\"Groupe local Nice\",\"publisher\":{\"@id\":\"https:\\\/\\\/paca.lpo.fr\\\/blogs\\\/nice\\\/#organization\"},\"potentialAction\":[{\"@type\":\"SearchAction\",\"target\":{\"@type\":\"EntryPoint\",\"urlTemplate\":\"https:\\\/\\\/paca.lpo.fr\\\/blogs\\\/nice\\\/?s={search_term_string}\"},\"query-input\":{\"@type\":\"PropertyValueSpecification\",\"valueRequired\":true,\"valueName\":\"search_term_string\"}}],\"inLanguage\":\"fr-FR\"},{\"@type\":\"Organization\",\"@id\":\"https:\\\/\\\/paca.lpo.fr\\\/blogs\\\/nice\\\/#organization\",\"name\":\"Groupe local Nice\",\"url\":\"https:\\\/\\\/paca.lpo.fr\\\/blogs\\\/nice\\\/\",\"logo\":{\"@type\":\"ImageObject\",\"inLanguage\":\"fr-FR\",\"@id\":\"https:\\\/\\\/paca.lpo.fr\\\/blogs\\\/nice\\\/#\\\/schema\\\/logo\\\/image\\\/\",\"url\":\"https:\\\/\\\/paca.lpo.fr\\\/blogs\\\/nice\\\/files\\\/2024\\\/01\\\/cropped-rvb-lpo-paca-logotype-signature-droite-mini-500.jpg\",\"contentUrl\":\"https:\\\/\\\/paca.lpo.fr\\\/blogs\\\/nice\\\/files\\\/2024\\\/01\\\/cropped-rvb-lpo-paca-logotype-signature-droite-mini-500.jpg\",\"width\":500,\"height\":210,\"caption\":\"Groupe local Nice\"},\"image\":{\"@id\":\"https:\\\/\\\/paca.lpo.fr\\\/blogs\\\/nice\\\/#\\\/schema\\\/logo\\\/image\\\/\"}},{\"@type\":\"Person\",\"@id\":\"https:\\\/\\\/paca.lpo.fr\\\/blogs\\\/nice\\\/#\\\/schema\\\/person\\\/f4701c21e2e412e301d69ea575732a07\",\"name\":\"LPOPACA\",\"image\":{\"@type\":\"ImageObject\",\"inLanguage\":\"fr-FR\",\"@id\":\"https:\\\/\\\/secure.gravatar.com\\\/avatar\\\/61b4fe4aeb906264475360b018582a8a825394c21df85ee757345c68c15ddd14?s=96&d=mm&r=g\",\"url\":\"https:\\\/\\\/secure.gravatar.com\\\/avatar\\\/61b4fe4aeb906264475360b018582a8a825394c21df85ee757345c68c15ddd14?s=96&d=mm&r=g\",\"contentUrl\":\"https:\\\/\\\/secure.gravatar.com\\\/avatar\\\/61b4fe4aeb906264475360b018582a8a825394c21df85ee757345c68c15ddd14?s=96&d=mm&r=g\",\"caption\":\"LPOPACA\"},\"url\":\"https:\\\/\\\/paca.lpo.fr\\\/blogs\\\/nice\\\/author\\\/lpopaca\\\/\"}]}<\/script>\n<!-- \/ Yoast SEO plugin. -->","yoast_head_json":{"title":"L'Oiseau du mois: le Hibou Moyen Duc  - Groupe local Nice","robots":{"index":"index","follow":"follow","max-snippet":"max-snippet:-1","max-image-preview":"max-image-preview:large","max-video-preview":"max-video-preview:-1"},"canonical":"https:\/\/paca.lpo.fr\/blogs\/nice\/2011\/03\/07\/loiseau-du-mois-le-hibou-moyen-duc\/","og_locale":"fr_FR","og_type":"article","og_title":"L'Oiseau du mois: le Hibou Moyen Duc  - Groupe local Nice","og_description":"Le Hibou Moyen-Duc est le plus discret et le plus nocturne des hiboux. Vous pouvez cependant entendre son chant, un \u00ab\u00a0hou\u00a0\u00bb grave et nasal, assez doux (2 \u00e0 8 secondes pendant 10 \u00e0 15 minutes). Pour se reposer le jour, le Moyen-Duc va pr\u00e9f\u00e9rer un milieu semi-bois\u00e9 et notamment des conif\u00e8res. En revanche, pour chasser [&hellip;]","og_url":"https:\/\/paca.lpo.fr\/blogs\/nice\/2011\/03\/07\/loiseau-du-mois-le-hibou-moyen-duc\/","og_site_name":"Groupe local Nice","article_published_time":"2011-03-07T15:45:32+00:00","og_image":[{"url":"http:\/\/paca.lpo.fr\/images\/phocagallery\/phototheque\/oiseaux\/Hibou_moyen_duc\/thumbs\/phoca_thumb_l_Hibou_moyen_duc_yare.1.jpg","type":"","width":"","height":""}],"author":"LPOPACA","twitter_card":"summary_large_image","twitter_misc":{"\u00c9crit par":"LPOPACA","Dur\u00e9e de lecture estim\u00e9e":"1 minute"},"schema":{"@context":"https:\/\/schema.org","@graph":[{"@type":"Article","@id":"https:\/\/paca.lpo.fr\/blogs\/nice\/2011\/03\/07\/loiseau-du-mois-le-hibou-moyen-duc\/#article","isPartOf":{"@id":"https:\/\/paca.lpo.fr\/blogs\/nice\/2011\/03\/07\/loiseau-du-mois-le-hibou-moyen-duc\/"},"author":{"name":"LPOPACA","@id":"https:\/\/paca.lpo.fr\/blogs\/nice\/#\/schema\/person\/f4701c21e2e412e301d69ea575732a07"},"headline":"L&rsquo;Oiseau du mois: le Hibou Moyen Duc","datePublished":"2011-03-07T15:45:32+00:00","mainEntityOfPage":{"@id":"https:\/\/paca.lpo.fr\/blogs\/nice\/2011\/03\/07\/loiseau-du-mois-le-hibou-moyen-duc\/"},"wordCount":134,"commentCount":0,"publisher":{"@id":"https:\/\/paca.lpo.fr\/blogs\/nice\/#organization"},"image":{"@id":"https:\/\/paca.lpo.fr\/blogs\/nice\/2011\/03\/07\/loiseau-du-mois-le-hibou-moyen-duc\/#primaryimage"},"thumbnailUrl":"http:\/\/paca.lpo.fr\/images\/phocagallery\/phototheque\/oiseaux\/Hibou_moyen_duc\/thumbs\/phoca_thumb_l_Hibou_moyen_duc_yare.1.jpg","keywords":["hibou","mars","moyen duc","oiseau du mois","rapaces nocturnes"],"articleSection":["Vie du groupe"],"inLanguage":"fr-FR","potentialAction":[{"@type":"CommentAction","name":"Comment","target":["https:\/\/paca.lpo.fr\/blogs\/nice\/2011\/03\/07\/loiseau-du-mois-le-hibou-moyen-duc\/#respond"]}]},{"@type":"WebPage","@id":"https:\/\/paca.lpo.fr\/blogs\/nice\/2011\/03\/07\/loiseau-du-mois-le-hibou-moyen-duc\/","url":"https:\/\/paca.lpo.fr\/blogs\/nice\/2011\/03\/07\/loiseau-du-mois-le-hibou-moyen-duc\/","name":"L'Oiseau du mois: le Hibou Moyen Duc - Groupe local Nice","isPartOf":{"@id":"https:\/\/paca.lpo.fr\/blogs\/nice\/#website"},"primaryImageOfPage":{"@id":"https:\/\/paca.lpo.fr\/blogs\/nice\/2011\/03\/07\/loiseau-du-mois-le-hibou-moyen-duc\/#primaryimage"},"image":{"@id":"https:\/\/paca.lpo.fr\/blogs\/nice\/2011\/03\/07\/loiseau-du-mois-le-hibou-moyen-duc\/#primaryimage"},"thumbnailUrl":"http:\/\/paca.lpo.fr\/images\/phocagallery\/phototheque\/oiseaux\/Hibou_moyen_duc\/thumbs\/phoca_thumb_l_Hibou_moyen_duc_yare.1.jpg","datePublished":"2011-03-07T15:45:32+00:00","breadcrumb":{"@id":"https:\/\/paca.lpo.fr\/blogs\/nice\/2011\/03\/07\/loiseau-du-mois-le-hibou-moyen-duc\/#breadcrumb"},"inLanguage":"fr-FR","potentialAction":[{"@type":"ReadAction","target":["https:\/\/paca.lpo.fr\/blogs\/nice\/2011\/03\/07\/loiseau-du-mois-le-hibou-moyen-duc\/"]}]},{"@type":"ImageObject","inLanguage":"fr-FR","@id":"https:\/\/paca.lpo.fr\/blogs\/nice\/2011\/03\/07\/loiseau-du-mois-le-hibou-moyen-duc\/#primaryimage","url":"http:\/\/paca.lpo.fr\/images\/phocagallery\/phototheque\/oiseaux\/Hibou_moyen_duc\/thumbs\/phoca_thumb_l_Hibou_moyen_duc_yare.1.jpg","contentUrl":"http:\/\/paca.lpo.fr\/images\/phocagallery\/phototheque\/oiseaux\/Hibou_moyen_duc\/thumbs\/phoca_thumb_l_Hibou_moyen_duc_yare.1.jpg"},{"@type":"BreadcrumbList","@id":"https:\/\/paca.lpo.fr\/blogs\/nice\/2011\/03\/07\/loiseau-du-mois-le-hibou-moyen-duc\/#breadcrumb","itemListElement":[{"@type":"ListItem","position":1,"name":"Accueil","item":"https:\/\/paca.lpo.fr\/blogs\/nice\/"},{"@type":"ListItem","position":2,"name":"L&rsquo;Oiseau du mois: le Hibou Moyen Duc"}]},{"@type":"WebSite","@id":"https:\/\/paca.lpo.fr\/blogs\/nice\/#website","url":"https:\/\/paca.lpo.fr\/blogs\/nice\/","name":"Groupe local Nice","description":"Groupe local Nice","publisher":{"@id":"https:\/\/paca.lpo.fr\/blogs\/nice\/#organization"},"potentialAction":[{"@type":"SearchAction","target":{"@type":"EntryPoint","urlTemplate":"https:\/\/paca.lpo.fr\/blogs\/nice\/?s={search_term_string}"},"query-input":{"@type":"PropertyValueSpecification","valueRequired":true,"valueName":"search_term_string"}}],"inLanguage":"fr-FR"},{"@type":"Organization","@id":"https:\/\/paca.lpo.fr\/blogs\/nice\/#organization","name":"Groupe local Nice","url":"https:\/\/paca.lpo.fr\/blogs\/nice\/","logo":{"@type":"ImageObject","inLanguage":"fr-FR","@id":"https:\/\/paca.lpo.fr\/blogs\/nice\/#\/schema\/logo\/image\/","url":"https:\/\/paca.lpo.fr\/blogs\/nice\/files\/2024\/01\/cropped-rvb-lpo-paca-logotype-signature-droite-mini-500.jpg","contentUrl":"https:\/\/paca.lpo.fr\/blogs\/nice\/files\/2024\/01\/cropped-rvb-lpo-paca-logotype-signature-droite-mini-500.jpg","width":500,"height":210,"caption":"Groupe local Nice"},"image":{"@id":"https:\/\/paca.lpo.fr\/blogs\/nice\/#\/schema\/logo\/image\/"}},{"@type":"Person","@id":"https:\/\/paca.lpo.fr\/blogs\/nice\/#\/schema\/person\/f4701c21e2e412e301d69ea575732a07","name":"LPOPACA","image":{"@type":"ImageObject","inLanguage":"fr-FR","@id":"https:\/\/secure.gravatar.com\/avatar\/61b4fe4aeb906264475360b018582a8a825394c21df85ee757345c68c15ddd14?s=96&d=mm&r=g","url":"https:\/\/secure.gravatar.com\/avatar\/61b4fe4aeb906264475360b018582a8a825394c21df85ee757345c68c15ddd14?s=96&d=mm&r=g","contentUrl":"https:\/\/secure.gravatar.com\/avatar\/61b4fe4aeb906264475360b018582a8a825394c21df85ee757345c68c15ddd14?s=96&d=mm&r=g","caption":"LPOPACA"},"url":"https:\/\/paca.lpo.fr\/blogs\/nice\/author\/lpopaca\/"}]}},"jetpack_featured_media_url":"","_links":{"self":[{"href":"https:\/\/paca.lpo.fr\/blogs\/nice\/wp-json\/wp\/v2\/posts\/92","targetHints":{"allow":["GET"]}}],"collection":[{"href":"https:\/\/paca.lpo.fr\/blogs\/nice\/wp-json\/wp\/v2\/posts"}],"about":[{"href":"https:\/\/paca.lpo.fr\/blogs\/nice\/wp-json\/wp\/v2\/types\/post"}],"author":[{"embeddable":true,"href":"https:\/\/paca.lpo.fr\/blogs\/nice\/wp-json\/wp\/v2\/users\/1"}],"replies":[{"embeddable":true,"href":"https:\/\/paca.lpo.fr\/blogs\/nice\/wp-json\/wp\/v2\/comments?post=92"}],"version-history":[{"count":0,"href":"https:\/\/paca.lpo.fr\/blogs\/nice\/wp-json\/wp\/v2\/posts\/92\/revisions"}],"wp:attachment":[{"href":"https:\/\/paca.lpo.fr\/blogs\/nice\/wp-json\/wp\/v2\/media?parent=92"}],"wp:term":[{"taxonomy":"category","embeddable":true,"href":"https:\/\/paca.lpo.fr\/blogs\/nice\/wp-json\/wp\/v2\/categories?post=92"},{"taxonomy":"post_tag","embeddable":true,"href":"https:\/\/paca.lpo.fr\/blogs\/nice\/wp-json\/wp\/v2\/tags?post=92"}],"curies":[{"name":"wp","href":"https:\/\/api.w.org\/{rel}","templated":true}]}}