{"id":94,"date":"2011-03-08T11:14:43","date_gmt":"2011-03-08T11:14:43","guid":{"rendered":"https:\/\/paca.lpo.fr\/blogs\/nice\/?p=94"},"modified":"2011-03-08T11:14:43","modified_gmt":"2011-03-08T11:14:43","slug":"conference-des-rapaces-dans-la-ville-a-la-trinite","status":"publish","type":"post","link":"https:\/\/paca.lpo.fr\/blogs\/nice\/2011\/03\/08\/conference-des-rapaces-dans-la-ville-a-la-trinite\/","title":{"rendered":"Conf\u00e9rence: \u00ab\u00a0Des rapaces dans la ville ?\u00a0\u00bb \u00e0 la Trinit\u00e9"},"content":{"rendered":"<div>\n<p><img decoding=\"async\" src=\"http:\/\/paca.lpo.fr\/images\/stories\/groupes_locaux\/alpes_maritimes_est\/conferences\/affiche%20la%20trinit.jpg\" alt=\"\" width=\"500\" border=\"0\" \/><\/p>\n<p>Si vous n&rsquo;avez pas eu la chance d&rsquo;assister \u00e0 la conf\u00e9rence du 19 novembre dernier \u00e0 Nice, n&rsquo;h\u00e9sitez pas \u00e0 venir \u00e0 La Trinit\u00e9 le 18 mars pour la conf\u00e9rence \u00ab\u00a0Des rapaces dans la ville ?\u00a0\u00bb.<\/p>\n<p><img decoding=\"async\" src=\"http:\/\/paca.lpo.fr\/images\/stories\/groupes_locaux\/alpes_maritimes_est\/conferences\/faucon%20crcerelle%20mle%20-%2019-11-2010%20-%20la%20trinit%20-%20sf%20scoffier.jpg\" alt=\"\" width=\"500\" border=\"0\" \/><\/p>\n<p>Deux b\u00e9n\u00e9voles, Philippe et Fr\u00e9d\u00e9ric, vous expliqueront leur exp\u00e9rience lors de l&rsquo;enqu\u00eate \u00ab\u00a0rapaces diurnes\u00a0\u00bb qu&rsquo;ils ont effectu\u00e9 pendant plusieurs mois.<\/p>\n<p>Ils vont apprendront \u00e0 reconna\u00eetre les diff\u00e9rentes esp\u00e8ces pr\u00e9sentes dans notre r\u00e9gion, et notamment \u00e0 La Trinit\u00e9 et ses environs.<\/p>\n<p><img decoding=\"async\" src=\"http:\/\/paca.lpo.fr\/images\/stories\/groupes_locaux\/alpes_maritimes_est\/conferences\/00-01-31-1-10-%20buse-mt%20gros.jpg\" alt=\"\" width=\"500\" border=\"0\" \/><\/p>\n<p>On vous attend nombreux le 18 mars \u00e0 18h30 \u00e0 la Mairie de La Trinit\u00e9.<\/p>\n<\/div>\n","protected":false},"excerpt":{"rendered":"<p>Si vous n&rsquo;avez pas eu la chance d&rsquo;assister \u00e0 la conf\u00e9rence du 19 novembre dernier \u00e0 Nice, n&rsquo;h\u00e9sitez pas \u00e0 venir \u00e0 La Trinit\u00e9 le 18 mars pour la conf\u00e9rence \u00ab\u00a0Des rapaces dans la ville ?\u00a0\u00bb. Deux b\u00e9n\u00e9voles, Philippe et Fr\u00e9d\u00e9ric, vous expliqueront leur exp\u00e9rience lors de l&rsquo;enqu\u00eate \u00ab\u00a0rapaces diurnes\u00a0\u00bb qu&rsquo;ils ont effectu\u00e9 pendant plusieurs [&hellip;]<\/p>\n","protected":false},"author":1,"featured_media":0,"comment_status":"open","ping_status":"open","sticky":false,"template":"","format":"standard","meta":{"footnotes":""},"categories":[3],"tags":[18,35,50,57,58],"class_list":["post-94","post","type-post","status-publish","format-standard","hentry","category-vie-groupe","tag-conference","tag-la-trinite","tag-observation","tag-rapaces","tag-rapaces-diurnes"],"yoast_head":"<!-- This site is optimized with the Yoast SEO plugin v28.3 - https:\/\/yoast.com\/product\/yoast-seo-wordpress\/ -->\n<title>Conf\u00e9rence: &quot;Des rapaces dans la ville ?&quot; \u00e0 la Trinit\u00e9  - Groupe local Nice<\/title>\n<meta name=\"robots\" content=\"index, follow, max-snippet:-1, max-image-preview:large, max-video-preview:-1\" \/>\n<link rel=\"canonical\" href=\"https:\/\/paca.lpo.fr\/blogs\/nice\/2011\/03\/08\/conference-des-rapaces-dans-la-ville-a-la-trinite\/\" \/>\n<meta property=\"og:locale\" content=\"fr_FR\" \/>\n<meta property=\"og:type\" content=\"article\" \/>\n<meta property=\"og:title\" content=\"Conf\u00e9rence: &quot;Des rapaces dans la ville ?&quot; \u00e0 la Trinit\u00e9  - Groupe local Nice\" \/>\n<meta property=\"og:description\" content=\"Si vous n&rsquo;avez pas eu la chance d&rsquo;assister \u00e0 la conf\u00e9rence du 19 novembre dernier \u00e0 Nice, n&rsquo;h\u00e9sitez pas \u00e0 venir \u00e0 La Trinit\u00e9 le 18 mars pour la conf\u00e9rence \u00ab\u00a0Des rapaces dans la ville ?\u00a0\u00bb. Deux b\u00e9n\u00e9voles, Philippe et Fr\u00e9d\u00e9ric, vous expliqueront leur exp\u00e9rience lors de l&rsquo;enqu\u00eate \u00ab\u00a0rapaces diurnes\u00a0\u00bb qu&rsquo;ils ont effectu\u00e9 pendant plusieurs [&hellip;]\" \/>\n<meta property=\"og:url\" content=\"https:\/\/paca.lpo.fr\/blogs\/nice\/2011\/03\/08\/conference-des-rapaces-dans-la-ville-a-la-trinite\/\" \/>\n<meta property=\"og:site_name\" content=\"Groupe local Nice\" \/>\n<meta property=\"article:published_time\" content=\"2011-03-08T11:14:43+00:00\" \/>\n<meta property=\"og:image\" content=\"http:\/\/paca.lpo.fr\/images\/stories\/groupes_locaux\/alpes_maritimes_est\/conferences\/affiche%20la%20trinit.jpg\" \/>\n<meta name=\"author\" content=\"LPOPACA\" \/>\n<meta name=\"twitter:card\" content=\"summary_large_image\" \/>\n<meta name=\"twitter:label1\" content=\"\u00c9crit par\" \/>\n\t<meta name=\"twitter:data1\" content=\"LPOPACA\" \/>\n<script type=\"application\/ld+json\" class=\"yoast-schema-graph\">{\"@context\":\"https:\\\/\\\/schema.org\",\"@graph\":[{\"@type\":\"Article\",\"@id\":\"https:\\\/\\\/paca.lpo.fr\\\/blogs\\\/nice\\\/2011\\\/03\\\/08\\\/conference-des-rapaces-dans-la-ville-a-la-trinite\\\/#article\",\"isPartOf\":{\"@id\":\"https:\\\/\\\/paca.lpo.fr\\\/blogs\\\/nice\\\/2011\\\/03\\\/08\\\/conference-des-rapaces-dans-la-ville-a-la-trinite\\\/\"},\"author\":{\"name\":\"LPOPACA\",\"@id\":\"https:\\\/\\\/paca.lpo.fr\\\/blogs\\\/nice\\\/#\\\/schema\\\/person\\\/f4701c21e2e412e301d69ea575732a07\"},\"headline\":\"Conf\u00e9rence: \u00ab\u00a0Des rapaces dans la ville ?\u00a0\u00bb \u00e0 la Trinit\u00e9\",\"datePublished\":\"2011-03-08T11:14:43+00:00\",\"mainEntityOfPage\":{\"@id\":\"https:\\\/\\\/paca.lpo.fr\\\/blogs\\\/nice\\\/2011\\\/03\\\/08\\\/conference-des-rapaces-dans-la-ville-a-la-trinite\\\/\"},\"wordCount\":107,\"commentCount\":0,\"publisher\":{\"@id\":\"https:\\\/\\\/paca.lpo.fr\\\/blogs\\\/nice\\\/#organization\"},\"image\":{\"@id\":\"https:\\\/\\\/paca.lpo.fr\\\/blogs\\\/nice\\\/2011\\\/03\\\/08\\\/conference-des-rapaces-dans-la-ville-a-la-trinite\\\/#primaryimage\"},\"thumbnailUrl\":\"http:\\\/\\\/paca.lpo.fr\\\/images\\\/stories\\\/groupes_locaux\\\/alpes_maritimes_est\\\/conferences\\\/affiche%20la%20trinit.jpg\",\"keywords\":[\"conf\u00e9rence\",\"la trinit\u00e9\",\"observation\",\"rapaces\",\"rapaces diurnes\"],\"articleSection\":[\"Vie du groupe\"],\"inLanguage\":\"fr-FR\",\"potentialAction\":[{\"@type\":\"CommentAction\",\"name\":\"Comment\",\"target\":[\"https:\\\/\\\/paca.lpo.fr\\\/blogs\\\/nice\\\/2011\\\/03\\\/08\\\/conference-des-rapaces-dans-la-ville-a-la-trinite\\\/#respond\"]}]},{\"@type\":\"WebPage\",\"@id\":\"https:\\\/\\\/paca.lpo.fr\\\/blogs\\\/nice\\\/2011\\\/03\\\/08\\\/conference-des-rapaces-dans-la-ville-a-la-trinite\\\/\",\"url\":\"https:\\\/\\\/paca.lpo.fr\\\/blogs\\\/nice\\\/2011\\\/03\\\/08\\\/conference-des-rapaces-dans-la-ville-a-la-trinite\\\/\",\"name\":\"Conf\u00e9rence: \\\"Des rapaces dans la ville ?\\\" \u00e0 la Trinit\u00e9 - Groupe local Nice\",\"isPartOf\":{\"@id\":\"https:\\\/\\\/paca.lpo.fr\\\/blogs\\\/nice\\\/#website\"},\"primaryImageOfPage\":{\"@id\":\"https:\\\/\\\/paca.lpo.fr\\\/blogs\\\/nice\\\/2011\\\/03\\\/08\\\/conference-des-rapaces-dans-la-ville-a-la-trinite\\\/#primaryimage\"},\"image\":{\"@id\":\"https:\\\/\\\/paca.lpo.fr\\\/blogs\\\/nice\\\/2011\\\/03\\\/08\\\/conference-des-rapaces-dans-la-ville-a-la-trinite\\\/#primaryimage\"},\"thumbnailUrl\":\"http:\\\/\\\/paca.lpo.fr\\\/images\\\/stories\\\/groupes_locaux\\\/alpes_maritimes_est\\\/conferences\\\/affiche%20la%20trinit.jpg\",\"datePublished\":\"2011-03-08T11:14:43+00:00\",\"breadcrumb\":{\"@id\":\"https:\\\/\\\/paca.lpo.fr\\\/blogs\\\/nice\\\/2011\\\/03\\\/08\\\/conference-des-rapaces-dans-la-ville-a-la-trinite\\\/#breadcrumb\"},\"inLanguage\":\"fr-FR\",\"potentialAction\":[{\"@type\":\"ReadAction\",\"target\":[\"https:\\\/\\\/paca.lpo.fr\\\/blogs\\\/nice\\\/2011\\\/03\\\/08\\\/conference-des-rapaces-dans-la-ville-a-la-trinite\\\/\"]}]},{\"@type\":\"ImageObject\",\"inLanguage\":\"fr-FR\",\"@id\":\"https:\\\/\\\/paca.lpo.fr\\\/blogs\\\/nice\\\/2011\\\/03\\\/08\\\/conference-des-rapaces-dans-la-ville-a-la-trinite\\\/#primaryimage\",\"url\":\"http:\\\/\\\/paca.lpo.fr\\\/images\\\/stories\\\/groupes_locaux\\\/alpes_maritimes_est\\\/conferences\\\/affiche%20la%20trinit.jpg\",\"contentUrl\":\"http:\\\/\\\/paca.lpo.fr\\\/images\\\/stories\\\/groupes_locaux\\\/alpes_maritimes_est\\\/conferences\\\/affiche%20la%20trinit.jpg\"},{\"@type\":\"BreadcrumbList\",\"@id\":\"https:\\\/\\\/paca.lpo.fr\\\/blogs\\\/nice\\\/2011\\\/03\\\/08\\\/conference-des-rapaces-dans-la-ville-a-la-trinite\\\/#breadcrumb\",\"itemListElement\":[{\"@type\":\"ListItem\",\"position\":1,\"name\":\"Accueil\",\"item\":\"https:\\\/\\\/paca.lpo.fr\\\/blogs\\\/nice\\\/\"},{\"@type\":\"ListItem\",\"position\":2,\"name\":\"Conf\u00e9rence: \u00ab\u00a0Des rapaces dans la ville ?\u00a0\u00bb \u00e0 la Trinit\u00e9\"}]},{\"@type\":\"WebSite\",\"@id\":\"https:\\\/\\\/paca.lpo.fr\\\/blogs\\\/nice\\\/#website\",\"url\":\"https:\\\/\\\/paca.lpo.fr\\\/blogs\\\/nice\\\/\",\"name\":\"Groupe local Nice\",\"description\":\"Groupe local Nice\",\"publisher\":{\"@id\":\"https:\\\/\\\/paca.lpo.fr\\\/blogs\\\/nice\\\/#organization\"},\"potentialAction\":[{\"@type\":\"SearchAction\",\"target\":{\"@type\":\"EntryPoint\",\"urlTemplate\":\"https:\\\/\\\/paca.lpo.fr\\\/blogs\\\/nice\\\/?s={search_term_string}\"},\"query-input\":{\"@type\":\"PropertyValueSpecification\",\"valueRequired\":true,\"valueName\":\"search_term_string\"}}],\"inLanguage\":\"fr-FR\"},{\"@type\":\"Organization\",\"@id\":\"https:\\\/\\\/paca.lpo.fr\\\/blogs\\\/nice\\\/#organization\",\"name\":\"Groupe local Nice\",\"url\":\"https:\\\/\\\/paca.lpo.fr\\\/blogs\\\/nice\\\/\",\"logo\":{\"@type\":\"ImageObject\",\"inLanguage\":\"fr-FR\",\"@id\":\"https:\\\/\\\/paca.lpo.fr\\\/blogs\\\/nice\\\/#\\\/schema\\\/logo\\\/image\\\/\",\"url\":\"https:\\\/\\\/paca.lpo.fr\\\/blogs\\\/nice\\\/files\\\/2024\\\/01\\\/cropped-rvb-lpo-paca-logotype-signature-droite-mini-500.jpg\",\"contentUrl\":\"https:\\\/\\\/paca.lpo.fr\\\/blogs\\\/nice\\\/files\\\/2024\\\/01\\\/cropped-rvb-lpo-paca-logotype-signature-droite-mini-500.jpg\",\"width\":500,\"height\":210,\"caption\":\"Groupe local Nice\"},\"image\":{\"@id\":\"https:\\\/\\\/paca.lpo.fr\\\/blogs\\\/nice\\\/#\\\/schema\\\/logo\\\/image\\\/\"}},{\"@type\":\"Person\",\"@id\":\"https:\\\/\\\/paca.lpo.fr\\\/blogs\\\/nice\\\/#\\\/schema\\\/person\\\/f4701c21e2e412e301d69ea575732a07\",\"name\":\"LPOPACA\",\"image\":{\"@type\":\"ImageObject\",\"inLanguage\":\"fr-FR\",\"@id\":\"https:\\\/\\\/secure.gravatar.com\\\/avatar\\\/61b4fe4aeb906264475360b018582a8a825394c21df85ee757345c68c15ddd14?s=96&d=mm&r=g\",\"url\":\"https:\\\/\\\/secure.gravatar.com\\\/avatar\\\/61b4fe4aeb906264475360b018582a8a825394c21df85ee757345c68c15ddd14?s=96&d=mm&r=g\",\"contentUrl\":\"https:\\\/\\\/secure.gravatar.com\\\/avatar\\\/61b4fe4aeb906264475360b018582a8a825394c21df85ee757345c68c15ddd14?s=96&d=mm&r=g\",\"caption\":\"LPOPACA\"},\"url\":\"https:\\\/\\\/paca.lpo.fr\\\/blogs\\\/nice\\\/author\\\/lpopaca\\\/\"}]}<\/script>\n<!-- \/ Yoast SEO plugin. -->","yoast_head_json":{"title":"Conf\u00e9rence: \"Des rapaces dans la ville ?\" \u00e0 la Trinit\u00e9  - Groupe local Nice","robots":{"index":"index","follow":"follow","max-snippet":"max-snippet:-1","max-image-preview":"max-image-preview:large","max-video-preview":"max-video-preview:-1"},"canonical":"https:\/\/paca.lpo.fr\/blogs\/nice\/2011\/03\/08\/conference-des-rapaces-dans-la-ville-a-la-trinite\/","og_locale":"fr_FR","og_type":"article","og_title":"Conf\u00e9rence: \"Des rapaces dans la ville ?\" \u00e0 la Trinit\u00e9  - Groupe local Nice","og_description":"Si vous n&rsquo;avez pas eu la chance d&rsquo;assister \u00e0 la conf\u00e9rence du 19 novembre dernier \u00e0 Nice, n&rsquo;h\u00e9sitez pas \u00e0 venir \u00e0 La Trinit\u00e9 le 18 mars pour la conf\u00e9rence \u00ab\u00a0Des rapaces dans la ville ?\u00a0\u00bb. Deux b\u00e9n\u00e9voles, Philippe et Fr\u00e9d\u00e9ric, vous expliqueront leur exp\u00e9rience lors de l&rsquo;enqu\u00eate \u00ab\u00a0rapaces diurnes\u00a0\u00bb qu&rsquo;ils ont effectu\u00e9 pendant plusieurs [&hellip;]","og_url":"https:\/\/paca.lpo.fr\/blogs\/nice\/2011\/03\/08\/conference-des-rapaces-dans-la-ville-a-la-trinite\/","og_site_name":"Groupe local Nice","article_published_time":"2011-03-08T11:14:43+00:00","og_image":[{"url":"http:\/\/paca.lpo.fr\/images\/stories\/groupes_locaux\/alpes_maritimes_est\/conferences\/affiche%20la%20trinit.jpg","type":"","width":"","height":""}],"author":"LPOPACA","twitter_card":"summary_large_image","twitter_misc":{"\u00c9crit par":"LPOPACA"},"schema":{"@context":"https:\/\/schema.org","@graph":[{"@type":"Article","@id":"https:\/\/paca.lpo.fr\/blogs\/nice\/2011\/03\/08\/conference-des-rapaces-dans-la-ville-a-la-trinite\/#article","isPartOf":{"@id":"https:\/\/paca.lpo.fr\/blogs\/nice\/2011\/03\/08\/conference-des-rapaces-dans-la-ville-a-la-trinite\/"},"author":{"name":"LPOPACA","@id":"https:\/\/paca.lpo.fr\/blogs\/nice\/#\/schema\/person\/f4701c21e2e412e301d69ea575732a07"},"headline":"Conf\u00e9rence: \u00ab\u00a0Des rapaces dans la ville ?\u00a0\u00bb \u00e0 la Trinit\u00e9","datePublished":"2011-03-08T11:14:43+00:00","mainEntityOfPage":{"@id":"https:\/\/paca.lpo.fr\/blogs\/nice\/2011\/03\/08\/conference-des-rapaces-dans-la-ville-a-la-trinite\/"},"wordCount":107,"commentCount":0,"publisher":{"@id":"https:\/\/paca.lpo.fr\/blogs\/nice\/#organization"},"image":{"@id":"https:\/\/paca.lpo.fr\/blogs\/nice\/2011\/03\/08\/conference-des-rapaces-dans-la-ville-a-la-trinite\/#primaryimage"},"thumbnailUrl":"http:\/\/paca.lpo.fr\/images\/stories\/groupes_locaux\/alpes_maritimes_est\/conferences\/affiche%20la%20trinit.jpg","keywords":["conf\u00e9rence","la trinit\u00e9","observation","rapaces","rapaces diurnes"],"articleSection":["Vie du groupe"],"inLanguage":"fr-FR","potentialAction":[{"@type":"CommentAction","name":"Comment","target":["https:\/\/paca.lpo.fr\/blogs\/nice\/2011\/03\/08\/conference-des-rapaces-dans-la-ville-a-la-trinite\/#respond"]}]},{"@type":"WebPage","@id":"https:\/\/paca.lpo.fr\/blogs\/nice\/2011\/03\/08\/conference-des-rapaces-dans-la-ville-a-la-trinite\/","url":"https:\/\/paca.lpo.fr\/blogs\/nice\/2011\/03\/08\/conference-des-rapaces-dans-la-ville-a-la-trinite\/","name":"Conf\u00e9rence: \"Des rapaces dans la ville ?\" \u00e0 la Trinit\u00e9 - Groupe local Nice","isPartOf":{"@id":"https:\/\/paca.lpo.fr\/blogs\/nice\/#website"},"primaryImageOfPage":{"@id":"https:\/\/paca.lpo.fr\/blogs\/nice\/2011\/03\/08\/conference-des-rapaces-dans-la-ville-a-la-trinite\/#primaryimage"},"image":{"@id":"https:\/\/paca.lpo.fr\/blogs\/nice\/2011\/03\/08\/conference-des-rapaces-dans-la-ville-a-la-trinite\/#primaryimage"},"thumbnailUrl":"http:\/\/paca.lpo.fr\/images\/stories\/groupes_locaux\/alpes_maritimes_est\/conferences\/affiche%20la%20trinit.jpg","datePublished":"2011-03-08T11:14:43+00:00","breadcrumb":{"@id":"https:\/\/paca.lpo.fr\/blogs\/nice\/2011\/03\/08\/conference-des-rapaces-dans-la-ville-a-la-trinite\/#breadcrumb"},"inLanguage":"fr-FR","potentialAction":[{"@type":"ReadAction","target":["https:\/\/paca.lpo.fr\/blogs\/nice\/2011\/03\/08\/conference-des-rapaces-dans-la-ville-a-la-trinite\/"]}]},{"@type":"ImageObject","inLanguage":"fr-FR","@id":"https:\/\/paca.lpo.fr\/blogs\/nice\/2011\/03\/08\/conference-des-rapaces-dans-la-ville-a-la-trinite\/#primaryimage","url":"http:\/\/paca.lpo.fr\/images\/stories\/groupes_locaux\/alpes_maritimes_est\/conferences\/affiche%20la%20trinit.jpg","contentUrl":"http:\/\/paca.lpo.fr\/images\/stories\/groupes_locaux\/alpes_maritimes_est\/conferences\/affiche%20la%20trinit.jpg"},{"@type":"BreadcrumbList","@id":"https:\/\/paca.lpo.fr\/blogs\/nice\/2011\/03\/08\/conference-des-rapaces-dans-la-ville-a-la-trinite\/#breadcrumb","itemListElement":[{"@type":"ListItem","position":1,"name":"Accueil","item":"https:\/\/paca.lpo.fr\/blogs\/nice\/"},{"@type":"ListItem","position":2,"name":"Conf\u00e9rence: \u00ab\u00a0Des rapaces dans la ville ?\u00a0\u00bb \u00e0 la Trinit\u00e9"}]},{"@type":"WebSite","@id":"https:\/\/paca.lpo.fr\/blogs\/nice\/#website","url":"https:\/\/paca.lpo.fr\/blogs\/nice\/","name":"Groupe local Nice","description":"Groupe local Nice","publisher":{"@id":"https:\/\/paca.lpo.fr\/blogs\/nice\/#organization"},"potentialAction":[{"@type":"SearchAction","target":{"@type":"EntryPoint","urlTemplate":"https:\/\/paca.lpo.fr\/blogs\/nice\/?s={search_term_string}"},"query-input":{"@type":"PropertyValueSpecification","valueRequired":true,"valueName":"search_term_string"}}],"inLanguage":"fr-FR"},{"@type":"Organization","@id":"https:\/\/paca.lpo.fr\/blogs\/nice\/#organization","name":"Groupe local Nice","url":"https:\/\/paca.lpo.fr\/blogs\/nice\/","logo":{"@type":"ImageObject","inLanguage":"fr-FR","@id":"https:\/\/paca.lpo.fr\/blogs\/nice\/#\/schema\/logo\/image\/","url":"https:\/\/paca.lpo.fr\/blogs\/nice\/files\/2024\/01\/cropped-rvb-lpo-paca-logotype-signature-droite-mini-500.jpg","contentUrl":"https:\/\/paca.lpo.fr\/blogs\/nice\/files\/2024\/01\/cropped-rvb-lpo-paca-logotype-signature-droite-mini-500.jpg","width":500,"height":210,"caption":"Groupe local Nice"},"image":{"@id":"https:\/\/paca.lpo.fr\/blogs\/nice\/#\/schema\/logo\/image\/"}},{"@type":"Person","@id":"https:\/\/paca.lpo.fr\/blogs\/nice\/#\/schema\/person\/f4701c21e2e412e301d69ea575732a07","name":"LPOPACA","image":{"@type":"ImageObject","inLanguage":"fr-FR","@id":"https:\/\/secure.gravatar.com\/avatar\/61b4fe4aeb906264475360b018582a8a825394c21df85ee757345c68c15ddd14?s=96&d=mm&r=g","url":"https:\/\/secure.gravatar.com\/avatar\/61b4fe4aeb906264475360b018582a8a825394c21df85ee757345c68c15ddd14?s=96&d=mm&r=g","contentUrl":"https:\/\/secure.gravatar.com\/avatar\/61b4fe4aeb906264475360b018582a8a825394c21df85ee757345c68c15ddd14?s=96&d=mm&r=g","caption":"LPOPACA"},"url":"https:\/\/paca.lpo.fr\/blogs\/nice\/author\/lpopaca\/"}]}},"jetpack_featured_media_url":"","_links":{"self":[{"href":"https:\/\/paca.lpo.fr\/blogs\/nice\/wp-json\/wp\/v2\/posts\/94","targetHints":{"allow":["GET"]}}],"collection":[{"href":"https:\/\/paca.lpo.fr\/blogs\/nice\/wp-json\/wp\/v2\/posts"}],"about":[{"href":"https:\/\/paca.lpo.fr\/blogs\/nice\/wp-json\/wp\/v2\/types\/post"}],"author":[{"embeddable":true,"href":"https:\/\/paca.lpo.fr\/blogs\/nice\/wp-json\/wp\/v2\/users\/1"}],"replies":[{"embeddable":true,"href":"https:\/\/paca.lpo.fr\/blogs\/nice\/wp-json\/wp\/v2\/comments?post=94"}],"version-history":[{"count":0,"href":"https:\/\/paca.lpo.fr\/blogs\/nice\/wp-json\/wp\/v2\/posts\/94\/revisions"}],"wp:attachment":[{"href":"https:\/\/paca.lpo.fr\/blogs\/nice\/wp-json\/wp\/v2\/media?parent=94"}],"wp:term":[{"taxonomy":"category","embeddable":true,"href":"https:\/\/paca.lpo.fr\/blogs\/nice\/wp-json\/wp\/v2\/categories?post=94"},{"taxonomy":"post_tag","embeddable":true,"href":"https:\/\/paca.lpo.fr\/blogs\/nice\/wp-json\/wp\/v2\/tags?post=94"}],"curies":[{"name":"wp","href":"https:\/\/api.w.org\/{rel}","templated":true}]}}