{"id":940,"date":"2014-02-26T10:25:01","date_gmt":"2014-02-26T09:25:01","guid":{"rendered":"https:\/\/paca.lpo.fr\/blogs\/nice\/?p=940"},"modified":"2014-04-22T17:12:36","modified_gmt":"2014-04-22T16:12:36","slug":"protection-de-laire-de-nidification-dun-couple-de-faucons-pelerin","status":"publish","type":"post","link":"https:\/\/paca.lpo.fr\/blogs\/nice\/2014\/02\/26\/protection-de-laire-de-nidification-dun-couple-de-faucons-pelerin\/","title":{"rendered":"Protection de l&rsquo;aire de nidification d&rsquo;un couple de faucons p\u00e8lerin \u00e0 La Turbie"},"content":{"rendered":"<p>David Langsweirt de la FFME et Yvonne Del\u00e9pine de la LPO ont pos\u00e9 des rubalises avec plusieurs exemplaires d&rsquo;une affiche qui signale la pr\u00e9sence du nid d\u2019un couple de faucons p\u00e8lerin et demande aux grimpeurs d\u2019\u00e9viter de d\u00e9ranger la nidification. Un bel exemple de collaboration entre une association de sport nature et une association de protection de la nature.<\/p>\n<p><a href=\"https:\/\/paca.lpo.fr\/blogs\/nice\/files\/2014\/02\/14-02-18TetedeChien-100-Copie.jpg\"><img loading=\"lazy\" decoding=\"async\" class=\"alignnone size-full wp-image-941\" alt=\"14-02-18TetedeChien 100 - Copie\" src=\"https:\/\/paca.lpo.fr\/blogs\/nice\/files\/2014\/02\/14-02-18TetedeChien-100-Copie.jpg\" width=\"499\" height=\"363\" srcset=\"https:\/\/paca.lpo.fr\/blogs\/nice\/files\/2014\/02\/14-02-18TetedeChien-100-Copie.jpg 499w, https:\/\/paca.lpo.fr\/blogs\/nice\/files\/2014\/02\/14-02-18TetedeChien-100-Copie-480x349.jpg 480w\" sizes=\"auto, (max-width: 499px) 100vw, 499px\" \/><\/a><\/p>\n<p>L\u2019affiche, dessin\u00e9e par Michel Belaud, existe en deux langues, fran\u00e7ais et anglais.<\/p>\n<p><a href=\"https:\/\/paca.lpo.fr\/blogs\/nice\/files\/2014\/02\/Faucons-Affiche.png\"><img loading=\"lazy\" decoding=\"async\" class=\"alignnone size-full wp-image-943\" alt=\"Faucons Affiche\" src=\"https:\/\/paca.lpo.fr\/blogs\/nice\/files\/2014\/02\/Faucons-Affiche.png\" width=\"499\" height=\"350\" srcset=\"https:\/\/paca.lpo.fr\/blogs\/nice\/files\/2014\/02\/Faucons-Affiche.png 499w, https:\/\/paca.lpo.fr\/blogs\/nice\/files\/2014\/02\/Faucons-Affiche-480x336.png 480w\" sizes=\"auto, (max-width: 499px) 100vw, 499px\" \/><\/a><\/p>\n<p>Souhaitons\u00a0au couple une nidification r\u00e9ussie sur ce site de La Turbie-Capd&rsquo;Ail auquel il reste fid\u00e8le depuis quelques ann\u00e9es.<\/p>\n","protected":false},"excerpt":{"rendered":"<p>David Langsweirt de la FFME et Yvonne Del\u00e9pine de la LPO ont pos\u00e9 des rubalises avec plusieurs exemplaires d&rsquo;une affiche qui signale la pr\u00e9sence du nid d\u2019un couple de faucons p\u00e8lerin et demande aux grimpeurs d\u2019\u00e9viter de d\u00e9ranger la nidification. Un bel exemple de collaboration entre une association de sport nature et une association de [&hellip;]<\/p>\n","protected":false},"author":15,"featured_media":949,"comment_status":"open","ping_status":"open","sticky":false,"template":"","format":"standard","meta":{"footnotes":""},"categories":[1],"tags":[],"class_list":["post-940","post","type-post","status-publish","format-standard","has-post-thumbnail","hentry","category-sorties-nature"],"yoast_head":"<!-- This site is optimized with the Yoast SEO plugin v28.3 - https:\/\/yoast.com\/product\/yoast-seo-wordpress\/ -->\n<title>Protection de l&#039;aire de nidification d&#039;un couple de faucons p\u00e8lerin \u00e0 La Turbie - Groupe local Nice<\/title>\n<meta name=\"robots\" content=\"index, follow, max-snippet:-1, max-image-preview:large, max-video-preview:-1\" \/>\n<link rel=\"canonical\" href=\"https:\/\/paca.lpo.fr\/blogs\/nice\/2014\/02\/26\/protection-de-laire-de-nidification-dun-couple-de-faucons-pelerin\/\" \/>\n<meta property=\"og:locale\" content=\"fr_FR\" \/>\n<meta property=\"og:type\" content=\"article\" \/>\n<meta property=\"og:title\" content=\"Protection de l&#039;aire de nidification d&#039;un couple de faucons p\u00e8lerin \u00e0 La Turbie - Groupe local Nice\" \/>\n<meta property=\"og:description\" content=\"David Langsweirt de la FFME et Yvonne Del\u00e9pine de la LPO ont pos\u00e9 des rubalises avec plusieurs exemplaires d&rsquo;une affiche qui signale la pr\u00e9sence du nid d\u2019un couple de faucons p\u00e8lerin et demande aux grimpeurs d\u2019\u00e9viter de d\u00e9ranger la nidification. Un bel exemple de collaboration entre une association de sport nature et une association de [&hellip;]\" \/>\n<meta property=\"og:url\" content=\"https:\/\/paca.lpo.fr\/blogs\/nice\/2014\/02\/26\/protection-de-laire-de-nidification-dun-couple-de-faucons-pelerin\/\" \/>\n<meta property=\"og:site_name\" content=\"Groupe local Nice\" \/>\n<meta property=\"article:published_time\" content=\"2014-02-26T09:25:01+00:00\" \/>\n<meta property=\"article:modified_time\" content=\"2014-04-22T16:12:36+00:00\" \/>\n<meta property=\"og:image\" content=\"https:\/\/paca.lpo.fr\/blogs\/nice\/files\/2014\/02\/2014-02-25-017-Copie-2.jpg\" \/>\n\t<meta property=\"og:image:width\" content=\"498\" \/>\n\t<meta property=\"og:image:height\" content=\"394\" \/>\n\t<meta property=\"og:image:type\" content=\"image\/jpeg\" \/>\n<meta name=\"author\" content=\"Groupe local Paillon-B\u00e9v\u00e9ra\" \/>\n<meta name=\"twitter:card\" content=\"summary_large_image\" \/>\n<meta name=\"twitter:label1\" content=\"\u00c9crit par\" \/>\n\t<meta name=\"twitter:data1\" content=\"Groupe local Paillon-B\u00e9v\u00e9ra\" \/>\n\t<meta name=\"twitter:label2\" content=\"Dur\u00e9e de lecture estim\u00e9e\" \/>\n\t<meta name=\"twitter:data2\" content=\"1 minute\" \/>\n<script type=\"application\/ld+json\" class=\"yoast-schema-graph\">{\"@context\":\"https:\\\/\\\/schema.org\",\"@graph\":[{\"@type\":\"Article\",\"@id\":\"https:\\\/\\\/paca.lpo.fr\\\/blogs\\\/nice\\\/2014\\\/02\\\/26\\\/protection-de-laire-de-nidification-dun-couple-de-faucons-pelerin\\\/#article\",\"isPartOf\":{\"@id\":\"https:\\\/\\\/paca.lpo.fr\\\/blogs\\\/nice\\\/2014\\\/02\\\/26\\\/protection-de-laire-de-nidification-dun-couple-de-faucons-pelerin\\\/\"},\"author\":{\"name\":\"Groupe local Paillon-B\u00e9v\u00e9ra\",\"@id\":\"https:\\\/\\\/paca.lpo.fr\\\/blogs\\\/nice\\\/#\\\/schema\\\/person\\\/1bda33335fb71e0b3552487db26a4c56\"},\"headline\":\"Protection de l&rsquo;aire de nidification d&rsquo;un couple de faucons p\u00e8lerin \u00e0 La Turbie\",\"datePublished\":\"2014-02-26T09:25:01+00:00\",\"dateModified\":\"2014-04-22T16:12:36+00:00\",\"mainEntityOfPage\":{\"@id\":\"https:\\\/\\\/paca.lpo.fr\\\/blogs\\\/nice\\\/2014\\\/02\\\/26\\\/protection-de-laire-de-nidification-dun-couple-de-faucons-pelerin\\\/\"},\"wordCount\":119,\"commentCount\":1,\"publisher\":{\"@id\":\"https:\\\/\\\/paca.lpo.fr\\\/blogs\\\/nice\\\/#organization\"},\"image\":{\"@id\":\"https:\\\/\\\/paca.lpo.fr\\\/blogs\\\/nice\\\/2014\\\/02\\\/26\\\/protection-de-laire-de-nidification-dun-couple-de-faucons-pelerin\\\/#primaryimage\"},\"thumbnailUrl\":\"https:\\\/\\\/paca.lpo.fr\\\/blogs\\\/nice\\\/files\\\/2014\\\/02\\\/2014-02-25-017-Copie-2.jpg\",\"articleSection\":[\"grands \u00e9v\u00e8nements\"],\"inLanguage\":\"fr-FR\",\"potentialAction\":[{\"@type\":\"CommentAction\",\"name\":\"Comment\",\"target\":[\"https:\\\/\\\/paca.lpo.fr\\\/blogs\\\/nice\\\/2014\\\/02\\\/26\\\/protection-de-laire-de-nidification-dun-couple-de-faucons-pelerin\\\/#respond\"]}]},{\"@type\":\"WebPage\",\"@id\":\"https:\\\/\\\/paca.lpo.fr\\\/blogs\\\/nice\\\/2014\\\/02\\\/26\\\/protection-de-laire-de-nidification-dun-couple-de-faucons-pelerin\\\/\",\"url\":\"https:\\\/\\\/paca.lpo.fr\\\/blogs\\\/nice\\\/2014\\\/02\\\/26\\\/protection-de-laire-de-nidification-dun-couple-de-faucons-pelerin\\\/\",\"name\":\"Protection de l'aire de nidification d'un couple de faucons p\u00e8lerin \u00e0 La Turbie - Groupe local Nice\",\"isPartOf\":{\"@id\":\"https:\\\/\\\/paca.lpo.fr\\\/blogs\\\/nice\\\/#website\"},\"primaryImageOfPage\":{\"@id\":\"https:\\\/\\\/paca.lpo.fr\\\/blogs\\\/nice\\\/2014\\\/02\\\/26\\\/protection-de-laire-de-nidification-dun-couple-de-faucons-pelerin\\\/#primaryimage\"},\"image\":{\"@id\":\"https:\\\/\\\/paca.lpo.fr\\\/blogs\\\/nice\\\/2014\\\/02\\\/26\\\/protection-de-laire-de-nidification-dun-couple-de-faucons-pelerin\\\/#primaryimage\"},\"thumbnailUrl\":\"https:\\\/\\\/paca.lpo.fr\\\/blogs\\\/nice\\\/files\\\/2014\\\/02\\\/2014-02-25-017-Copie-2.jpg\",\"datePublished\":\"2014-02-26T09:25:01+00:00\",\"dateModified\":\"2014-04-22T16:12:36+00:00\",\"breadcrumb\":{\"@id\":\"https:\\\/\\\/paca.lpo.fr\\\/blogs\\\/nice\\\/2014\\\/02\\\/26\\\/protection-de-laire-de-nidification-dun-couple-de-faucons-pelerin\\\/#breadcrumb\"},\"inLanguage\":\"fr-FR\",\"potentialAction\":[{\"@type\":\"ReadAction\",\"target\":[\"https:\\\/\\\/paca.lpo.fr\\\/blogs\\\/nice\\\/2014\\\/02\\\/26\\\/protection-de-laire-de-nidification-dun-couple-de-faucons-pelerin\\\/\"]}]},{\"@type\":\"ImageObject\",\"inLanguage\":\"fr-FR\",\"@id\":\"https:\\\/\\\/paca.lpo.fr\\\/blogs\\\/nice\\\/2014\\\/02\\\/26\\\/protection-de-laire-de-nidification-dun-couple-de-faucons-pelerin\\\/#primaryimage\",\"url\":\"https:\\\/\\\/paca.lpo.fr\\\/blogs\\\/nice\\\/files\\\/2014\\\/02\\\/2014-02-25-017-Copie-2.jpg\",\"contentUrl\":\"https:\\\/\\\/paca.lpo.fr\\\/blogs\\\/nice\\\/files\\\/2014\\\/02\\\/2014-02-25-017-Copie-2.jpg\",\"width\":498,\"height\":394},{\"@type\":\"BreadcrumbList\",\"@id\":\"https:\\\/\\\/paca.lpo.fr\\\/blogs\\\/nice\\\/2014\\\/02\\\/26\\\/protection-de-laire-de-nidification-dun-couple-de-faucons-pelerin\\\/#breadcrumb\",\"itemListElement\":[{\"@type\":\"ListItem\",\"position\":1,\"name\":\"Accueil\",\"item\":\"https:\\\/\\\/paca.lpo.fr\\\/blogs\\\/nice\\\/\"},{\"@type\":\"ListItem\",\"position\":2,\"name\":\"Protection de l&rsquo;aire de nidification d&rsquo;un couple de faucons p\u00e8lerin \u00e0 La Turbie\"}]},{\"@type\":\"WebSite\",\"@id\":\"https:\\\/\\\/paca.lpo.fr\\\/blogs\\\/nice\\\/#website\",\"url\":\"https:\\\/\\\/paca.lpo.fr\\\/blogs\\\/nice\\\/\",\"name\":\"Groupe local Nice\",\"description\":\"Groupe local Nice\",\"publisher\":{\"@id\":\"https:\\\/\\\/paca.lpo.fr\\\/blogs\\\/nice\\\/#organization\"},\"potentialAction\":[{\"@type\":\"SearchAction\",\"target\":{\"@type\":\"EntryPoint\",\"urlTemplate\":\"https:\\\/\\\/paca.lpo.fr\\\/blogs\\\/nice\\\/?s={search_term_string}\"},\"query-input\":{\"@type\":\"PropertyValueSpecification\",\"valueRequired\":true,\"valueName\":\"search_term_string\"}}],\"inLanguage\":\"fr-FR\"},{\"@type\":\"Organization\",\"@id\":\"https:\\\/\\\/paca.lpo.fr\\\/blogs\\\/nice\\\/#organization\",\"name\":\"Groupe local Nice\",\"url\":\"https:\\\/\\\/paca.lpo.fr\\\/blogs\\\/nice\\\/\",\"logo\":{\"@type\":\"ImageObject\",\"inLanguage\":\"fr-FR\",\"@id\":\"https:\\\/\\\/paca.lpo.fr\\\/blogs\\\/nice\\\/#\\\/schema\\\/logo\\\/image\\\/\",\"url\":\"https:\\\/\\\/paca.lpo.fr\\\/blogs\\\/nice\\\/files\\\/2024\\\/01\\\/cropped-rvb-lpo-paca-logotype-signature-droite-mini-500.jpg\",\"contentUrl\":\"https:\\\/\\\/paca.lpo.fr\\\/blogs\\\/nice\\\/files\\\/2024\\\/01\\\/cropped-rvb-lpo-paca-logotype-signature-droite-mini-500.jpg\",\"width\":500,\"height\":210,\"caption\":\"Groupe local Nice\"},\"image\":{\"@id\":\"https:\\\/\\\/paca.lpo.fr\\\/blogs\\\/nice\\\/#\\\/schema\\\/logo\\\/image\\\/\"}},{\"@type\":\"Person\",\"@id\":\"https:\\\/\\\/paca.lpo.fr\\\/blogs\\\/nice\\\/#\\\/schema\\\/person\\\/1bda33335fb71e0b3552487db26a4c56\",\"name\":\"Groupe local Paillon-B\u00e9v\u00e9ra\",\"image\":{\"@type\":\"ImageObject\",\"inLanguage\":\"fr-FR\",\"@id\":\"https:\\\/\\\/secure.gravatar.com\\\/avatar\\\/b1ee285506e2cb880ec988990d360e255aecb31c77212741dace1023623610c2?s=96&d=mm&r=g\",\"url\":\"https:\\\/\\\/secure.gravatar.com\\\/avatar\\\/b1ee285506e2cb880ec988990d360e255aecb31c77212741dace1023623610c2?s=96&d=mm&r=g\",\"contentUrl\":\"https:\\\/\\\/secure.gravatar.com\\\/avatar\\\/b1ee285506e2cb880ec988990d360e255aecb31c77212741dace1023623610c2?s=96&d=mm&r=g\",\"caption\":\"Groupe local Paillon-B\u00e9v\u00e9ra\"},\"url\":\"https:\\\/\\\/paca.lpo.fr\\\/blogs\\\/nice\\\/author\\\/alpesmaritimesest\\\/\"}]}<\/script>\n<!-- \/ Yoast SEO plugin. -->","yoast_head_json":{"title":"Protection de l'aire de nidification d'un couple de faucons p\u00e8lerin \u00e0 La Turbie - Groupe local Nice","robots":{"index":"index","follow":"follow","max-snippet":"max-snippet:-1","max-image-preview":"max-image-preview:large","max-video-preview":"max-video-preview:-1"},"canonical":"https:\/\/paca.lpo.fr\/blogs\/nice\/2014\/02\/26\/protection-de-laire-de-nidification-dun-couple-de-faucons-pelerin\/","og_locale":"fr_FR","og_type":"article","og_title":"Protection de l'aire de nidification d'un couple de faucons p\u00e8lerin \u00e0 La Turbie - Groupe local Nice","og_description":"David Langsweirt de la FFME et Yvonne Del\u00e9pine de la LPO ont pos\u00e9 des rubalises avec plusieurs exemplaires d&rsquo;une affiche qui signale la pr\u00e9sence du nid d\u2019un couple de faucons p\u00e8lerin et demande aux grimpeurs d\u2019\u00e9viter de d\u00e9ranger la nidification. Un bel exemple de collaboration entre une association de sport nature et une association de [&hellip;]","og_url":"https:\/\/paca.lpo.fr\/blogs\/nice\/2014\/02\/26\/protection-de-laire-de-nidification-dun-couple-de-faucons-pelerin\/","og_site_name":"Groupe local Nice","article_published_time":"2014-02-26T09:25:01+00:00","article_modified_time":"2014-04-22T16:12:36+00:00","og_image":[{"width":498,"height":394,"url":"https:\/\/paca.lpo.fr\/blogs\/nice\/files\/2014\/02\/2014-02-25-017-Copie-2.jpg","type":"image\/jpeg"}],"author":"Groupe local Paillon-B\u00e9v\u00e9ra","twitter_card":"summary_large_image","twitter_misc":{"\u00c9crit par":"Groupe local Paillon-B\u00e9v\u00e9ra","Dur\u00e9e de lecture estim\u00e9e":"1 minute"},"schema":{"@context":"https:\/\/schema.org","@graph":[{"@type":"Article","@id":"https:\/\/paca.lpo.fr\/blogs\/nice\/2014\/02\/26\/protection-de-laire-de-nidification-dun-couple-de-faucons-pelerin\/#article","isPartOf":{"@id":"https:\/\/paca.lpo.fr\/blogs\/nice\/2014\/02\/26\/protection-de-laire-de-nidification-dun-couple-de-faucons-pelerin\/"},"author":{"name":"Groupe local Paillon-B\u00e9v\u00e9ra","@id":"https:\/\/paca.lpo.fr\/blogs\/nice\/#\/schema\/person\/1bda33335fb71e0b3552487db26a4c56"},"headline":"Protection de l&rsquo;aire de nidification d&rsquo;un couple de faucons p\u00e8lerin \u00e0 La Turbie","datePublished":"2014-02-26T09:25:01+00:00","dateModified":"2014-04-22T16:12:36+00:00","mainEntityOfPage":{"@id":"https:\/\/paca.lpo.fr\/blogs\/nice\/2014\/02\/26\/protection-de-laire-de-nidification-dun-couple-de-faucons-pelerin\/"},"wordCount":119,"commentCount":1,"publisher":{"@id":"https:\/\/paca.lpo.fr\/blogs\/nice\/#organization"},"image":{"@id":"https:\/\/paca.lpo.fr\/blogs\/nice\/2014\/02\/26\/protection-de-laire-de-nidification-dun-couple-de-faucons-pelerin\/#primaryimage"},"thumbnailUrl":"https:\/\/paca.lpo.fr\/blogs\/nice\/files\/2014\/02\/2014-02-25-017-Copie-2.jpg","articleSection":["grands \u00e9v\u00e8nements"],"inLanguage":"fr-FR","potentialAction":[{"@type":"CommentAction","name":"Comment","target":["https:\/\/paca.lpo.fr\/blogs\/nice\/2014\/02\/26\/protection-de-laire-de-nidification-dun-couple-de-faucons-pelerin\/#respond"]}]},{"@type":"WebPage","@id":"https:\/\/paca.lpo.fr\/blogs\/nice\/2014\/02\/26\/protection-de-laire-de-nidification-dun-couple-de-faucons-pelerin\/","url":"https:\/\/paca.lpo.fr\/blogs\/nice\/2014\/02\/26\/protection-de-laire-de-nidification-dun-couple-de-faucons-pelerin\/","name":"Protection de l'aire de nidification d'un couple de faucons p\u00e8lerin \u00e0 La Turbie - Groupe local Nice","isPartOf":{"@id":"https:\/\/paca.lpo.fr\/blogs\/nice\/#website"},"primaryImageOfPage":{"@id":"https:\/\/paca.lpo.fr\/blogs\/nice\/2014\/02\/26\/protection-de-laire-de-nidification-dun-couple-de-faucons-pelerin\/#primaryimage"},"image":{"@id":"https:\/\/paca.lpo.fr\/blogs\/nice\/2014\/02\/26\/protection-de-laire-de-nidification-dun-couple-de-faucons-pelerin\/#primaryimage"},"thumbnailUrl":"https:\/\/paca.lpo.fr\/blogs\/nice\/files\/2014\/02\/2014-02-25-017-Copie-2.jpg","datePublished":"2014-02-26T09:25:01+00:00","dateModified":"2014-04-22T16:12:36+00:00","breadcrumb":{"@id":"https:\/\/paca.lpo.fr\/blogs\/nice\/2014\/02\/26\/protection-de-laire-de-nidification-dun-couple-de-faucons-pelerin\/#breadcrumb"},"inLanguage":"fr-FR","potentialAction":[{"@type":"ReadAction","target":["https:\/\/paca.lpo.fr\/blogs\/nice\/2014\/02\/26\/protection-de-laire-de-nidification-dun-couple-de-faucons-pelerin\/"]}]},{"@type":"ImageObject","inLanguage":"fr-FR","@id":"https:\/\/paca.lpo.fr\/blogs\/nice\/2014\/02\/26\/protection-de-laire-de-nidification-dun-couple-de-faucons-pelerin\/#primaryimage","url":"https:\/\/paca.lpo.fr\/blogs\/nice\/files\/2014\/02\/2014-02-25-017-Copie-2.jpg","contentUrl":"https:\/\/paca.lpo.fr\/blogs\/nice\/files\/2014\/02\/2014-02-25-017-Copie-2.jpg","width":498,"height":394},{"@type":"BreadcrumbList","@id":"https:\/\/paca.lpo.fr\/blogs\/nice\/2014\/02\/26\/protection-de-laire-de-nidification-dun-couple-de-faucons-pelerin\/#breadcrumb","itemListElement":[{"@type":"ListItem","position":1,"name":"Accueil","item":"https:\/\/paca.lpo.fr\/blogs\/nice\/"},{"@type":"ListItem","position":2,"name":"Protection de l&rsquo;aire de nidification d&rsquo;un couple de faucons p\u00e8lerin \u00e0 La Turbie"}]},{"@type":"WebSite","@id":"https:\/\/paca.lpo.fr\/blogs\/nice\/#website","url":"https:\/\/paca.lpo.fr\/blogs\/nice\/","name":"Groupe local Nice","description":"Groupe local Nice","publisher":{"@id":"https:\/\/paca.lpo.fr\/blogs\/nice\/#organization"},"potentialAction":[{"@type":"SearchAction","target":{"@type":"EntryPoint","urlTemplate":"https:\/\/paca.lpo.fr\/blogs\/nice\/?s={search_term_string}"},"query-input":{"@type":"PropertyValueSpecification","valueRequired":true,"valueName":"search_term_string"}}],"inLanguage":"fr-FR"},{"@type":"Organization","@id":"https:\/\/paca.lpo.fr\/blogs\/nice\/#organization","name":"Groupe local Nice","url":"https:\/\/paca.lpo.fr\/blogs\/nice\/","logo":{"@type":"ImageObject","inLanguage":"fr-FR","@id":"https:\/\/paca.lpo.fr\/blogs\/nice\/#\/schema\/logo\/image\/","url":"https:\/\/paca.lpo.fr\/blogs\/nice\/files\/2024\/01\/cropped-rvb-lpo-paca-logotype-signature-droite-mini-500.jpg","contentUrl":"https:\/\/paca.lpo.fr\/blogs\/nice\/files\/2024\/01\/cropped-rvb-lpo-paca-logotype-signature-droite-mini-500.jpg","width":500,"height":210,"caption":"Groupe local Nice"},"image":{"@id":"https:\/\/paca.lpo.fr\/blogs\/nice\/#\/schema\/logo\/image\/"}},{"@type":"Person","@id":"https:\/\/paca.lpo.fr\/blogs\/nice\/#\/schema\/person\/1bda33335fb71e0b3552487db26a4c56","name":"Groupe local Paillon-B\u00e9v\u00e9ra","image":{"@type":"ImageObject","inLanguage":"fr-FR","@id":"https:\/\/secure.gravatar.com\/avatar\/b1ee285506e2cb880ec988990d360e255aecb31c77212741dace1023623610c2?s=96&d=mm&r=g","url":"https:\/\/secure.gravatar.com\/avatar\/b1ee285506e2cb880ec988990d360e255aecb31c77212741dace1023623610c2?s=96&d=mm&r=g","contentUrl":"https:\/\/secure.gravatar.com\/avatar\/b1ee285506e2cb880ec988990d360e255aecb31c77212741dace1023623610c2?s=96&d=mm&r=g","caption":"Groupe local Paillon-B\u00e9v\u00e9ra"},"url":"https:\/\/paca.lpo.fr\/blogs\/nice\/author\/alpesmaritimesest\/"}]}},"jetpack_featured_media_url":"https:\/\/paca.lpo.fr\/blogs\/nice\/files\/2014\/02\/2014-02-25-017-Copie-2.jpg","_links":{"self":[{"href":"https:\/\/paca.lpo.fr\/blogs\/nice\/wp-json\/wp\/v2\/posts\/940","targetHints":{"allow":["GET"]}}],"collection":[{"href":"https:\/\/paca.lpo.fr\/blogs\/nice\/wp-json\/wp\/v2\/posts"}],"about":[{"href":"https:\/\/paca.lpo.fr\/blogs\/nice\/wp-json\/wp\/v2\/types\/post"}],"author":[{"embeddable":true,"href":"https:\/\/paca.lpo.fr\/blogs\/nice\/wp-json\/wp\/v2\/users\/15"}],"replies":[{"embeddable":true,"href":"https:\/\/paca.lpo.fr\/blogs\/nice\/wp-json\/wp\/v2\/comments?post=940"}],"version-history":[{"count":4,"href":"https:\/\/paca.lpo.fr\/blogs\/nice\/wp-json\/wp\/v2\/posts\/940\/revisions"}],"predecessor-version":[{"id":1025,"href":"https:\/\/paca.lpo.fr\/blogs\/nice\/wp-json\/wp\/v2\/posts\/940\/revisions\/1025"}],"wp:featuredmedia":[{"embeddable":true,"href":"https:\/\/paca.lpo.fr\/blogs\/nice\/wp-json\/wp\/v2\/media\/949"}],"wp:attachment":[{"href":"https:\/\/paca.lpo.fr\/blogs\/nice\/wp-json\/wp\/v2\/media?parent=940"}],"wp:term":[{"taxonomy":"category","embeddable":true,"href":"https:\/\/paca.lpo.fr\/blogs\/nice\/wp-json\/wp\/v2\/categories?post=940"},{"taxonomy":"post_tag","embeddable":true,"href":"https:\/\/paca.lpo.fr\/blogs\/nice\/wp-json\/wp\/v2\/tags?post=940"}],"curies":[{"name":"wp","href":"https:\/\/api.w.org\/{rel}","templated":true}]}}