{"id":999,"date":"2014-04-13T11:10:23","date_gmt":"2014-04-13T10:10:23","guid":{"rendered":"https:\/\/paca.lpo.fr\/blogs\/nice\/?p=999"},"modified":"2014-04-13T11:10:23","modified_gmt":"2014-04-13T10:10:23","slug":"la-journee-des-eco-citoyens-et-le-salon-ecologie-et-bandes-dessinees-samedi-5-avril-2014","status":"publish","type":"post","link":"https:\/\/paca.lpo.fr\/blogs\/nice\/2014\/04\/13\/la-journee-des-eco-citoyens-et-le-salon-ecologie-et-bandes-dessinees-samedi-5-avril-2014\/","title":{"rendered":"La journ\u00e9e des \u00e9co-citoyens et le salon \u00ab \u00e9cologie et bandes dessin\u00e9es \u00bb samedi 5 avril 2014"},"content":{"rendered":"<p>Une belle journ\u00e9e ensoleill\u00e9e pour cet \u00e9v\u00e8nement dans l\u2019enceinte du parc de la Maison de l\u2019Environnement de Nice, refuge LPO. Le public ni\u00e7ois est venu nombreux profiter des stands d\u2019animations ludiques et p\u00e9dagogiques pour les enfants et des ateliers de sensibilisation sur la biodiversit\u00e9 pour adultes.<\/p>\n<p>Le Groupe Local Alpes Maritimes Est a particip\u00e9 avec un stand d\u2019information et l\u2019expo Zones Humides.<\/p>\n<p><a href=\"https:\/\/paca.lpo.fr\/blogs\/nice\/files\/2014\/04\/2014-04-05MENice-019-Copie.jpg\"><img loading=\"lazy\" decoding=\"async\" class=\"alignnone size-full wp-image-1001\" alt=\"2014-04-05MENice 019 - Copie\" src=\"https:\/\/paca.lpo.fr\/blogs\/nice\/files\/2014\/04\/2014-04-05MENice-019-Copie.jpg\" width=\"600\" height=\"401\" srcset=\"https:\/\/paca.lpo.fr\/blogs\/nice\/files\/2014\/04\/2014-04-05MENice-019-Copie.jpg 600w, https:\/\/paca.lpo.fr\/blogs\/nice\/files\/2014\/04\/2014-04-05MENice-019-Copie-480x320.jpg 480w\" sizes=\"auto, (max-width: 600px) 100vw, 600px\" \/><\/a><\/p>\n","protected":false},"excerpt":{"rendered":"<p>Une belle journ\u00e9e ensoleill\u00e9e pour cet \u00e9v\u00e8nement dans l\u2019enceinte du parc de la Maison de l\u2019Environnement de Nice, refuge LPO. Le public ni\u00e7ois est venu nombreux profiter des stands d\u2019animations ludiques et p\u00e9dagogiques pour les enfants et des ateliers de sensibilisation sur la biodiversit\u00e9 pour adultes. Le Groupe Local Alpes Maritimes Est a particip\u00e9 avec [&hellip;]<\/p>\n","protected":false},"author":15,"featured_media":1000,"comment_status":"open","ping_status":"open","sticky":false,"template":"","format":"standard","meta":{"footnotes":""},"categories":[1],"tags":[],"class_list":["post-999","post","type-post","status-publish","format-standard","has-post-thumbnail","hentry","category-sorties-nature"],"yoast_head":"<!-- This site is optimized with the Yoast SEO plugin v28.3 - https:\/\/yoast.com\/product\/yoast-seo-wordpress\/ -->\n<title>La journ\u00e9e des \u00e9co-citoyens et le salon \u00ab \u00e9cologie et bandes dessin\u00e9es \u00bb samedi 5 avril 2014 - Groupe local Nice<\/title>\n<meta name=\"robots\" content=\"index, follow, max-snippet:-1, max-image-preview:large, max-video-preview:-1\" \/>\n<link rel=\"canonical\" href=\"https:\/\/paca.lpo.fr\/blogs\/nice\/2014\/04\/13\/la-journee-des-eco-citoyens-et-le-salon-ecologie-et-bandes-dessinees-samedi-5-avril-2014\/\" \/>\n<meta property=\"og:locale\" content=\"fr_FR\" \/>\n<meta property=\"og:type\" content=\"article\" \/>\n<meta property=\"og:title\" content=\"La journ\u00e9e des \u00e9co-citoyens et le salon \u00ab \u00e9cologie et bandes dessin\u00e9es \u00bb samedi 5 avril 2014 - Groupe local Nice\" \/>\n<meta property=\"og:description\" content=\"Une belle journ\u00e9e ensoleill\u00e9e pour cet \u00e9v\u00e8nement dans l\u2019enceinte du parc de la Maison de l\u2019Environnement de Nice, refuge LPO. Le public ni\u00e7ois est venu nombreux profiter des stands d\u2019animations ludiques et p\u00e9dagogiques pour les enfants et des ateliers de sensibilisation sur la biodiversit\u00e9 pour adultes. Le Groupe Local Alpes Maritimes Est a particip\u00e9 avec [&hellip;]\" \/>\n<meta property=\"og:url\" content=\"https:\/\/paca.lpo.fr\/blogs\/nice\/2014\/04\/13\/la-journee-des-eco-citoyens-et-le-salon-ecologie-et-bandes-dessinees-samedi-5-avril-2014\/\" \/>\n<meta property=\"og:site_name\" content=\"Groupe local Nice\" \/>\n<meta property=\"article:published_time\" content=\"2014-04-13T10:10:23+00:00\" \/>\n<meta property=\"og:image\" content=\"https:\/\/paca.lpo.fr\/blogs\/nice\/files\/2014\/04\/2014-04-05MENice-015-Copie.jpg\" \/>\n\t<meta property=\"og:image:width\" content=\"606\" \/>\n\t<meta property=\"og:image:height\" content=\"404\" \/>\n\t<meta property=\"og:image:type\" content=\"image\/jpeg\" \/>\n<meta name=\"author\" content=\"Groupe local Paillon-B\u00e9v\u00e9ra\" \/>\n<meta name=\"twitter:card\" content=\"summary_large_image\" \/>\n<meta name=\"twitter:label1\" content=\"\u00c9crit par\" \/>\n\t<meta name=\"twitter:data1\" content=\"Groupe local Paillon-B\u00e9v\u00e9ra\" \/>\n<script type=\"application\/ld+json\" class=\"yoast-schema-graph\">{\"@context\":\"https:\\\/\\\/schema.org\",\"@graph\":[{\"@type\":\"Article\",\"@id\":\"https:\\\/\\\/paca.lpo.fr\\\/blogs\\\/nice\\\/2014\\\/04\\\/13\\\/la-journee-des-eco-citoyens-et-le-salon-ecologie-et-bandes-dessinees-samedi-5-avril-2014\\\/#article\",\"isPartOf\":{\"@id\":\"https:\\\/\\\/paca.lpo.fr\\\/blogs\\\/nice\\\/2014\\\/04\\\/13\\\/la-journee-des-eco-citoyens-et-le-salon-ecologie-et-bandes-dessinees-samedi-5-avril-2014\\\/\"},\"author\":{\"name\":\"Groupe local Paillon-B\u00e9v\u00e9ra\",\"@id\":\"https:\\\/\\\/paca.lpo.fr\\\/blogs\\\/nice\\\/#\\\/schema\\\/person\\\/1bda33335fb71e0b3552487db26a4c56\"},\"headline\":\"La journ\u00e9e des \u00e9co-citoyens et le salon \u00ab \u00e9cologie et bandes dessin\u00e9es \u00bb samedi 5 avril 2014\",\"datePublished\":\"2014-04-13T10:10:23+00:00\",\"mainEntityOfPage\":{\"@id\":\"https:\\\/\\\/paca.lpo.fr\\\/blogs\\\/nice\\\/2014\\\/04\\\/13\\\/la-journee-des-eco-citoyens-et-le-salon-ecologie-et-bandes-dessinees-samedi-5-avril-2014\\\/\"},\"wordCount\":87,\"commentCount\":0,\"publisher\":{\"@id\":\"https:\\\/\\\/paca.lpo.fr\\\/blogs\\\/nice\\\/#organization\"},\"image\":{\"@id\":\"https:\\\/\\\/paca.lpo.fr\\\/blogs\\\/nice\\\/2014\\\/04\\\/13\\\/la-journee-des-eco-citoyens-et-le-salon-ecologie-et-bandes-dessinees-samedi-5-avril-2014\\\/#primaryimage\"},\"thumbnailUrl\":\"https:\\\/\\\/paca.lpo.fr\\\/blogs\\\/nice\\\/files\\\/2014\\\/04\\\/2014-04-05MENice-015-Copie.jpg\",\"articleSection\":[\"grands \u00e9v\u00e8nements\"],\"inLanguage\":\"fr-FR\",\"potentialAction\":[{\"@type\":\"CommentAction\",\"name\":\"Comment\",\"target\":[\"https:\\\/\\\/paca.lpo.fr\\\/blogs\\\/nice\\\/2014\\\/04\\\/13\\\/la-journee-des-eco-citoyens-et-le-salon-ecologie-et-bandes-dessinees-samedi-5-avril-2014\\\/#respond\"]}]},{\"@type\":\"WebPage\",\"@id\":\"https:\\\/\\\/paca.lpo.fr\\\/blogs\\\/nice\\\/2014\\\/04\\\/13\\\/la-journee-des-eco-citoyens-et-le-salon-ecologie-et-bandes-dessinees-samedi-5-avril-2014\\\/\",\"url\":\"https:\\\/\\\/paca.lpo.fr\\\/blogs\\\/nice\\\/2014\\\/04\\\/13\\\/la-journee-des-eco-citoyens-et-le-salon-ecologie-et-bandes-dessinees-samedi-5-avril-2014\\\/\",\"name\":\"La journ\u00e9e des \u00e9co-citoyens et le salon \u00ab \u00e9cologie et bandes dessin\u00e9es \u00bb samedi 5 avril 2014 - Groupe local Nice\",\"isPartOf\":{\"@id\":\"https:\\\/\\\/paca.lpo.fr\\\/blogs\\\/nice\\\/#website\"},\"primaryImageOfPage\":{\"@id\":\"https:\\\/\\\/paca.lpo.fr\\\/blogs\\\/nice\\\/2014\\\/04\\\/13\\\/la-journee-des-eco-citoyens-et-le-salon-ecologie-et-bandes-dessinees-samedi-5-avril-2014\\\/#primaryimage\"},\"image\":{\"@id\":\"https:\\\/\\\/paca.lpo.fr\\\/blogs\\\/nice\\\/2014\\\/04\\\/13\\\/la-journee-des-eco-citoyens-et-le-salon-ecologie-et-bandes-dessinees-samedi-5-avril-2014\\\/#primaryimage\"},\"thumbnailUrl\":\"https:\\\/\\\/paca.lpo.fr\\\/blogs\\\/nice\\\/files\\\/2014\\\/04\\\/2014-04-05MENice-015-Copie.jpg\",\"datePublished\":\"2014-04-13T10:10:23+00:00\",\"breadcrumb\":{\"@id\":\"https:\\\/\\\/paca.lpo.fr\\\/blogs\\\/nice\\\/2014\\\/04\\\/13\\\/la-journee-des-eco-citoyens-et-le-salon-ecologie-et-bandes-dessinees-samedi-5-avril-2014\\\/#breadcrumb\"},\"inLanguage\":\"fr-FR\",\"potentialAction\":[{\"@type\":\"ReadAction\",\"target\":[\"https:\\\/\\\/paca.lpo.fr\\\/blogs\\\/nice\\\/2014\\\/04\\\/13\\\/la-journee-des-eco-citoyens-et-le-salon-ecologie-et-bandes-dessinees-samedi-5-avril-2014\\\/\"]}]},{\"@type\":\"ImageObject\",\"inLanguage\":\"fr-FR\",\"@id\":\"https:\\\/\\\/paca.lpo.fr\\\/blogs\\\/nice\\\/2014\\\/04\\\/13\\\/la-journee-des-eco-citoyens-et-le-salon-ecologie-et-bandes-dessinees-samedi-5-avril-2014\\\/#primaryimage\",\"url\":\"https:\\\/\\\/paca.lpo.fr\\\/blogs\\\/nice\\\/files\\\/2014\\\/04\\\/2014-04-05MENice-015-Copie.jpg\",\"contentUrl\":\"https:\\\/\\\/paca.lpo.fr\\\/blogs\\\/nice\\\/files\\\/2014\\\/04\\\/2014-04-05MENice-015-Copie.jpg\",\"width\":606,\"height\":404},{\"@type\":\"BreadcrumbList\",\"@id\":\"https:\\\/\\\/paca.lpo.fr\\\/blogs\\\/nice\\\/2014\\\/04\\\/13\\\/la-journee-des-eco-citoyens-et-le-salon-ecologie-et-bandes-dessinees-samedi-5-avril-2014\\\/#breadcrumb\",\"itemListElement\":[{\"@type\":\"ListItem\",\"position\":1,\"name\":\"Accueil\",\"item\":\"https:\\\/\\\/paca.lpo.fr\\\/blogs\\\/nice\\\/\"},{\"@type\":\"ListItem\",\"position\":2,\"name\":\"La journ\u00e9e des \u00e9co-citoyens et le salon \u00ab \u00e9cologie et bandes dessin\u00e9es \u00bb samedi 5 avril 2014\"}]},{\"@type\":\"WebSite\",\"@id\":\"https:\\\/\\\/paca.lpo.fr\\\/blogs\\\/nice\\\/#website\",\"url\":\"https:\\\/\\\/paca.lpo.fr\\\/blogs\\\/nice\\\/\",\"name\":\"Groupe local Nice\",\"description\":\"Groupe local Nice\",\"publisher\":{\"@id\":\"https:\\\/\\\/paca.lpo.fr\\\/blogs\\\/nice\\\/#organization\"},\"potentialAction\":[{\"@type\":\"SearchAction\",\"target\":{\"@type\":\"EntryPoint\",\"urlTemplate\":\"https:\\\/\\\/paca.lpo.fr\\\/blogs\\\/nice\\\/?s={search_term_string}\"},\"query-input\":{\"@type\":\"PropertyValueSpecification\",\"valueRequired\":true,\"valueName\":\"search_term_string\"}}],\"inLanguage\":\"fr-FR\"},{\"@type\":\"Organization\",\"@id\":\"https:\\\/\\\/paca.lpo.fr\\\/blogs\\\/nice\\\/#organization\",\"name\":\"Groupe local Nice\",\"url\":\"https:\\\/\\\/paca.lpo.fr\\\/blogs\\\/nice\\\/\",\"logo\":{\"@type\":\"ImageObject\",\"inLanguage\":\"fr-FR\",\"@id\":\"https:\\\/\\\/paca.lpo.fr\\\/blogs\\\/nice\\\/#\\\/schema\\\/logo\\\/image\\\/\",\"url\":\"https:\\\/\\\/paca.lpo.fr\\\/blogs\\\/nice\\\/files\\\/2024\\\/01\\\/cropped-rvb-lpo-paca-logotype-signature-droite-mini-500.jpg\",\"contentUrl\":\"https:\\\/\\\/paca.lpo.fr\\\/blogs\\\/nice\\\/files\\\/2024\\\/01\\\/cropped-rvb-lpo-paca-logotype-signature-droite-mini-500.jpg\",\"width\":500,\"height\":210,\"caption\":\"Groupe local Nice\"},\"image\":{\"@id\":\"https:\\\/\\\/paca.lpo.fr\\\/blogs\\\/nice\\\/#\\\/schema\\\/logo\\\/image\\\/\"}},{\"@type\":\"Person\",\"@id\":\"https:\\\/\\\/paca.lpo.fr\\\/blogs\\\/nice\\\/#\\\/schema\\\/person\\\/1bda33335fb71e0b3552487db26a4c56\",\"name\":\"Groupe local Paillon-B\u00e9v\u00e9ra\",\"image\":{\"@type\":\"ImageObject\",\"inLanguage\":\"fr-FR\",\"@id\":\"https:\\\/\\\/secure.gravatar.com\\\/avatar\\\/b1ee285506e2cb880ec988990d360e255aecb31c77212741dace1023623610c2?s=96&d=mm&r=g\",\"url\":\"https:\\\/\\\/secure.gravatar.com\\\/avatar\\\/b1ee285506e2cb880ec988990d360e255aecb31c77212741dace1023623610c2?s=96&d=mm&r=g\",\"contentUrl\":\"https:\\\/\\\/secure.gravatar.com\\\/avatar\\\/b1ee285506e2cb880ec988990d360e255aecb31c77212741dace1023623610c2?s=96&d=mm&r=g\",\"caption\":\"Groupe local Paillon-B\u00e9v\u00e9ra\"},\"url\":\"https:\\\/\\\/paca.lpo.fr\\\/blogs\\\/nice\\\/author\\\/alpesmaritimesest\\\/\"}]}<\/script>\n<!-- \/ Yoast SEO plugin. -->","yoast_head_json":{"title":"La journ\u00e9e des \u00e9co-citoyens et le salon \u00ab \u00e9cologie et bandes dessin\u00e9es \u00bb samedi 5 avril 2014 - Groupe local Nice","robots":{"index":"index","follow":"follow","max-snippet":"max-snippet:-1","max-image-preview":"max-image-preview:large","max-video-preview":"max-video-preview:-1"},"canonical":"https:\/\/paca.lpo.fr\/blogs\/nice\/2014\/04\/13\/la-journee-des-eco-citoyens-et-le-salon-ecologie-et-bandes-dessinees-samedi-5-avril-2014\/","og_locale":"fr_FR","og_type":"article","og_title":"La journ\u00e9e des \u00e9co-citoyens et le salon \u00ab \u00e9cologie et bandes dessin\u00e9es \u00bb samedi 5 avril 2014 - Groupe local Nice","og_description":"Une belle journ\u00e9e ensoleill\u00e9e pour cet \u00e9v\u00e8nement dans l\u2019enceinte du parc de la Maison de l\u2019Environnement de Nice, refuge LPO. Le public ni\u00e7ois est venu nombreux profiter des stands d\u2019animations ludiques et p\u00e9dagogiques pour les enfants et des ateliers de sensibilisation sur la biodiversit\u00e9 pour adultes. Le Groupe Local Alpes Maritimes Est a particip\u00e9 avec [&hellip;]","og_url":"https:\/\/paca.lpo.fr\/blogs\/nice\/2014\/04\/13\/la-journee-des-eco-citoyens-et-le-salon-ecologie-et-bandes-dessinees-samedi-5-avril-2014\/","og_site_name":"Groupe local Nice","article_published_time":"2014-04-13T10:10:23+00:00","og_image":[{"width":606,"height":404,"url":"https:\/\/paca.lpo.fr\/blogs\/nice\/files\/2014\/04\/2014-04-05MENice-015-Copie.jpg","type":"image\/jpeg"}],"author":"Groupe local Paillon-B\u00e9v\u00e9ra","twitter_card":"summary_large_image","twitter_misc":{"\u00c9crit par":"Groupe local Paillon-B\u00e9v\u00e9ra"},"schema":{"@context":"https:\/\/schema.org","@graph":[{"@type":"Article","@id":"https:\/\/paca.lpo.fr\/blogs\/nice\/2014\/04\/13\/la-journee-des-eco-citoyens-et-le-salon-ecologie-et-bandes-dessinees-samedi-5-avril-2014\/#article","isPartOf":{"@id":"https:\/\/paca.lpo.fr\/blogs\/nice\/2014\/04\/13\/la-journee-des-eco-citoyens-et-le-salon-ecologie-et-bandes-dessinees-samedi-5-avril-2014\/"},"author":{"name":"Groupe local Paillon-B\u00e9v\u00e9ra","@id":"https:\/\/paca.lpo.fr\/blogs\/nice\/#\/schema\/person\/1bda33335fb71e0b3552487db26a4c56"},"headline":"La journ\u00e9e des \u00e9co-citoyens et le salon \u00ab \u00e9cologie et bandes dessin\u00e9es \u00bb samedi 5 avril 2014","datePublished":"2014-04-13T10:10:23+00:00","mainEntityOfPage":{"@id":"https:\/\/paca.lpo.fr\/blogs\/nice\/2014\/04\/13\/la-journee-des-eco-citoyens-et-le-salon-ecologie-et-bandes-dessinees-samedi-5-avril-2014\/"},"wordCount":87,"commentCount":0,"publisher":{"@id":"https:\/\/paca.lpo.fr\/blogs\/nice\/#organization"},"image":{"@id":"https:\/\/paca.lpo.fr\/blogs\/nice\/2014\/04\/13\/la-journee-des-eco-citoyens-et-le-salon-ecologie-et-bandes-dessinees-samedi-5-avril-2014\/#primaryimage"},"thumbnailUrl":"https:\/\/paca.lpo.fr\/blogs\/nice\/files\/2014\/04\/2014-04-05MENice-015-Copie.jpg","articleSection":["grands \u00e9v\u00e8nements"],"inLanguage":"fr-FR","potentialAction":[{"@type":"CommentAction","name":"Comment","target":["https:\/\/paca.lpo.fr\/blogs\/nice\/2014\/04\/13\/la-journee-des-eco-citoyens-et-le-salon-ecologie-et-bandes-dessinees-samedi-5-avril-2014\/#respond"]}]},{"@type":"WebPage","@id":"https:\/\/paca.lpo.fr\/blogs\/nice\/2014\/04\/13\/la-journee-des-eco-citoyens-et-le-salon-ecologie-et-bandes-dessinees-samedi-5-avril-2014\/","url":"https:\/\/paca.lpo.fr\/blogs\/nice\/2014\/04\/13\/la-journee-des-eco-citoyens-et-le-salon-ecologie-et-bandes-dessinees-samedi-5-avril-2014\/","name":"La journ\u00e9e des \u00e9co-citoyens et le salon \u00ab \u00e9cologie et bandes dessin\u00e9es \u00bb samedi 5 avril 2014 - Groupe local Nice","isPartOf":{"@id":"https:\/\/paca.lpo.fr\/blogs\/nice\/#website"},"primaryImageOfPage":{"@id":"https:\/\/paca.lpo.fr\/blogs\/nice\/2014\/04\/13\/la-journee-des-eco-citoyens-et-le-salon-ecologie-et-bandes-dessinees-samedi-5-avril-2014\/#primaryimage"},"image":{"@id":"https:\/\/paca.lpo.fr\/blogs\/nice\/2014\/04\/13\/la-journee-des-eco-citoyens-et-le-salon-ecologie-et-bandes-dessinees-samedi-5-avril-2014\/#primaryimage"},"thumbnailUrl":"https:\/\/paca.lpo.fr\/blogs\/nice\/files\/2014\/04\/2014-04-05MENice-015-Copie.jpg","datePublished":"2014-04-13T10:10:23+00:00","breadcrumb":{"@id":"https:\/\/paca.lpo.fr\/blogs\/nice\/2014\/04\/13\/la-journee-des-eco-citoyens-et-le-salon-ecologie-et-bandes-dessinees-samedi-5-avril-2014\/#breadcrumb"},"inLanguage":"fr-FR","potentialAction":[{"@type":"ReadAction","target":["https:\/\/paca.lpo.fr\/blogs\/nice\/2014\/04\/13\/la-journee-des-eco-citoyens-et-le-salon-ecologie-et-bandes-dessinees-samedi-5-avril-2014\/"]}]},{"@type":"ImageObject","inLanguage":"fr-FR","@id":"https:\/\/paca.lpo.fr\/blogs\/nice\/2014\/04\/13\/la-journee-des-eco-citoyens-et-le-salon-ecologie-et-bandes-dessinees-samedi-5-avril-2014\/#primaryimage","url":"https:\/\/paca.lpo.fr\/blogs\/nice\/files\/2014\/04\/2014-04-05MENice-015-Copie.jpg","contentUrl":"https:\/\/paca.lpo.fr\/blogs\/nice\/files\/2014\/04\/2014-04-05MENice-015-Copie.jpg","width":606,"height":404},{"@type":"BreadcrumbList","@id":"https:\/\/paca.lpo.fr\/blogs\/nice\/2014\/04\/13\/la-journee-des-eco-citoyens-et-le-salon-ecologie-et-bandes-dessinees-samedi-5-avril-2014\/#breadcrumb","itemListElement":[{"@type":"ListItem","position":1,"name":"Accueil","item":"https:\/\/paca.lpo.fr\/blogs\/nice\/"},{"@type":"ListItem","position":2,"name":"La journ\u00e9e des \u00e9co-citoyens et le salon \u00ab \u00e9cologie et bandes dessin\u00e9es \u00bb samedi 5 avril 2014"}]},{"@type":"WebSite","@id":"https:\/\/paca.lpo.fr\/blogs\/nice\/#website","url":"https:\/\/paca.lpo.fr\/blogs\/nice\/","name":"Groupe local Nice","description":"Groupe local Nice","publisher":{"@id":"https:\/\/paca.lpo.fr\/blogs\/nice\/#organization"},"potentialAction":[{"@type":"SearchAction","target":{"@type":"EntryPoint","urlTemplate":"https:\/\/paca.lpo.fr\/blogs\/nice\/?s={search_term_string}"},"query-input":{"@type":"PropertyValueSpecification","valueRequired":true,"valueName":"search_term_string"}}],"inLanguage":"fr-FR"},{"@type":"Organization","@id":"https:\/\/paca.lpo.fr\/blogs\/nice\/#organization","name":"Groupe local Nice","url":"https:\/\/paca.lpo.fr\/blogs\/nice\/","logo":{"@type":"ImageObject","inLanguage":"fr-FR","@id":"https:\/\/paca.lpo.fr\/blogs\/nice\/#\/schema\/logo\/image\/","url":"https:\/\/paca.lpo.fr\/blogs\/nice\/files\/2024\/01\/cropped-rvb-lpo-paca-logotype-signature-droite-mini-500.jpg","contentUrl":"https:\/\/paca.lpo.fr\/blogs\/nice\/files\/2024\/01\/cropped-rvb-lpo-paca-logotype-signature-droite-mini-500.jpg","width":500,"height":210,"caption":"Groupe local Nice"},"image":{"@id":"https:\/\/paca.lpo.fr\/blogs\/nice\/#\/schema\/logo\/image\/"}},{"@type":"Person","@id":"https:\/\/paca.lpo.fr\/blogs\/nice\/#\/schema\/person\/1bda33335fb71e0b3552487db26a4c56","name":"Groupe local Paillon-B\u00e9v\u00e9ra","image":{"@type":"ImageObject","inLanguage":"fr-FR","@id":"https:\/\/secure.gravatar.com\/avatar\/b1ee285506e2cb880ec988990d360e255aecb31c77212741dace1023623610c2?s=96&d=mm&r=g","url":"https:\/\/secure.gravatar.com\/avatar\/b1ee285506e2cb880ec988990d360e255aecb31c77212741dace1023623610c2?s=96&d=mm&r=g","contentUrl":"https:\/\/secure.gravatar.com\/avatar\/b1ee285506e2cb880ec988990d360e255aecb31c77212741dace1023623610c2?s=96&d=mm&r=g","caption":"Groupe local Paillon-B\u00e9v\u00e9ra"},"url":"https:\/\/paca.lpo.fr\/blogs\/nice\/author\/alpesmaritimesest\/"}]}},"jetpack_featured_media_url":"https:\/\/paca.lpo.fr\/blogs\/nice\/files\/2014\/04\/2014-04-05MENice-015-Copie.jpg","_links":{"self":[{"href":"https:\/\/paca.lpo.fr\/blogs\/nice\/wp-json\/wp\/v2\/posts\/999","targetHints":{"allow":["GET"]}}],"collection":[{"href":"https:\/\/paca.lpo.fr\/blogs\/nice\/wp-json\/wp\/v2\/posts"}],"about":[{"href":"https:\/\/paca.lpo.fr\/blogs\/nice\/wp-json\/wp\/v2\/types\/post"}],"author":[{"embeddable":true,"href":"https:\/\/paca.lpo.fr\/blogs\/nice\/wp-json\/wp\/v2\/users\/15"}],"replies":[{"embeddable":true,"href":"https:\/\/paca.lpo.fr\/blogs\/nice\/wp-json\/wp\/v2\/comments?post=999"}],"version-history":[{"count":1,"href":"https:\/\/paca.lpo.fr\/blogs\/nice\/wp-json\/wp\/v2\/posts\/999\/revisions"}],"predecessor-version":[{"id":1002,"href":"https:\/\/paca.lpo.fr\/blogs\/nice\/wp-json\/wp\/v2\/posts\/999\/revisions\/1002"}],"wp:featuredmedia":[{"embeddable":true,"href":"https:\/\/paca.lpo.fr\/blogs\/nice\/wp-json\/wp\/v2\/media\/1000"}],"wp:attachment":[{"href":"https:\/\/paca.lpo.fr\/blogs\/nice\/wp-json\/wp\/v2\/media?parent=999"}],"wp:term":[{"taxonomy":"category","embeddable":true,"href":"https:\/\/paca.lpo.fr\/blogs\/nice\/wp-json\/wp\/v2\/categories?post=999"},{"taxonomy":"post_tag","embeddable":true,"href":"https:\/\/paca.lpo.fr\/blogs\/nice\/wp-json\/wp\/v2\/tags?post=999"}],"curies":[{"name":"wp","href":"https:\/\/api.w.org\/{rel}","templated":true}]}}