{"id":1320,"date":"2015-04-24T14:55:09","date_gmt":"2015-04-24T13:55:09","guid":{"rendered":"http:\/\/paca.lpo.fr\/blogs\/pays-brianconnais\/?p=1320"},"modified":"2015-04-24T14:55:09","modified_gmt":"2015-04-24T13:55:09","slug":"sortie-imprevu","status":"publish","type":"post","link":"https:\/\/paca.lpo.fr\/blogs\/pays-brianconnais\/2015\/04\/24\/sortie-imprevu\/","title":{"rendered":"Sortie impr\u00e9vu"},"content":{"rendered":"<p>Un mail de derni\u00e8re minute pr\u00e9vient les membres du groupe\u00a0d&rsquo;une sortie sur le plan d&rsquo;eau d&rsquo;Eygliers.<\/p>\n<p>Tout s&rsquo;organise pour le lendemain .<\/p>\n<p><!--more--><\/p>\n<p>Ce matin du 29 mars 2015 \u00a0finalement 6 personnes de retrouvent pour la balade.<\/p>\n<p><a href=\"http:\/\/paca.lpo.fr\/blogs\/pays-brianconnais\/files\/2015\/04\/le-groupe.jpg\"><img loading=\"lazy\" decoding=\"async\" class=\"aligncenter size-medium wp-image-1318\" src=\"http:\/\/paca.lpo.fr\/blogs\/pays-brianconnais\/files\/2015\/04\/le-groupe-480x316.jpg\" alt=\"le groupe\" width=\"480\" height=\"316\" srcset=\"https:\/\/paca.lpo.fr\/blogs\/pays-brianconnais\/files\/2015\/04\/le-groupe-480x316.jpg 480w, https:\/\/paca.lpo.fr\/blogs\/pays-brianconnais\/files\/2015\/04\/le-groupe-960x632.jpg 960w, https:\/\/paca.lpo.fr\/blogs\/pays-brianconnais\/files\/2015\/04\/le-groupe-700x461.jpg 700w, https:\/\/paca.lpo.fr\/blogs\/pays-brianconnais\/files\/2015\/04\/le-groupe-900x592.jpg 900w, https:\/\/paca.lpo.fr\/blogs\/pays-brianconnais\/files\/2015\/04\/le-groupe.jpg 1000w\" sizes=\"auto, (max-width: 480px) 100vw, 480px\" \/><\/a><\/p>\n<p>Quel bonheur de retrouver les harles bi\u00e8vres .<\/p>\n<p>Cette ann\u00e9e ils sont quatre.<\/p>\n<p>Le couple plus deux autres individus ,certainement des jeunes de l&rsquo;ann\u00e9e derni\u00e8re.<\/p>\n<p>Ils resteront un peu sur le plan d&rsquo;eau et rejoindront ensuite les eaux de la Durance.<\/p>\n<p><a href=\"http:\/\/paca.lpo.fr\/blogs\/pays-brianconnais\/files\/2015\/04\/les-harles.jpg\"><img loading=\"lazy\" decoding=\"async\" class=\"aligncenter size-medium wp-image-1319\" src=\"http:\/\/paca.lpo.fr\/blogs\/pays-brianconnais\/files\/2015\/04\/les-harles-480x316.jpg\" alt=\"les harles\" width=\"480\" height=\"316\" srcset=\"https:\/\/paca.lpo.fr\/blogs\/pays-brianconnais\/files\/2015\/04\/les-harles-480x316.jpg 480w, https:\/\/paca.lpo.fr\/blogs\/pays-brianconnais\/files\/2015\/04\/les-harles-960x632.jpg 960w, https:\/\/paca.lpo.fr\/blogs\/pays-brianconnais\/files\/2015\/04\/les-harles-700x461.jpg 700w, https:\/\/paca.lpo.fr\/blogs\/pays-brianconnais\/files\/2015\/04\/les-harles-900x592.jpg 900w, https:\/\/paca.lpo.fr\/blogs\/pays-brianconnais\/files\/2015\/04\/les-harles.jpg 1024w\" sizes=\"auto, (max-width: 480px) 100vw, 480px\" \/><\/a><\/p>\n<p>Comme d&rsquo;ab une super journ\u00e9e.<\/p>\n","protected":false},"excerpt":{"rendered":"<p>Un mail de derni\u00e8re minute pr\u00e9vient les membres du groupe\u00a0d&rsquo;une sortie sur le plan d&rsquo;eau d&rsquo;Eygliers. Tout s&rsquo;organise pour le lendemain .<\/p>\n","protected":false},"author":37,"featured_media":1317,"comment_status":"open","ping_status":"open","sticky":false,"template":"","format":"standard","meta":{"footnotes":""},"categories":[1],"tags":[],"class_list":["post-1320","post","type-post","status-publish","format-standard","has-post-thumbnail","hentry","category-activites-du-groupe-lpo-pays-brianconnais"],"jetpack_featured_media_url":"https:\/\/paca.lpo.fr\/blogs\/pays-brianconnais\/files\/2015\/04\/Eygliers.jpg","_links":{"self":[{"href":"https:\/\/paca.lpo.fr\/blogs\/pays-brianconnais\/wp-json\/wp\/v2\/posts\/1320","targetHints":{"allow":["GET"]}}],"collection":[{"href":"https:\/\/paca.lpo.fr\/blogs\/pays-brianconnais\/wp-json\/wp\/v2\/posts"}],"about":[{"href":"https:\/\/paca.lpo.fr\/blogs\/pays-brianconnais\/wp-json\/wp\/v2\/types\/post"}],"author":[{"embeddable":true,"href":"https:\/\/paca.lpo.fr\/blogs\/pays-brianconnais\/wp-json\/wp\/v2\/users\/37"}],"replies":[{"embeddable":true,"href":"https:\/\/paca.lpo.fr\/blogs\/pays-brianconnais\/wp-json\/wp\/v2\/comments?post=1320"}],"version-history":[{"count":2,"href":"https:\/\/paca.lpo.fr\/blogs\/pays-brianconnais\/wp-json\/wp\/v2\/posts\/1320\/revisions"}],"predecessor-version":[{"id":1322,"href":"https:\/\/paca.lpo.fr\/blogs\/pays-brianconnais\/wp-json\/wp\/v2\/posts\/1320\/revisions\/1322"}],"wp:featuredmedia":[{"embeddable":true,"href":"https:\/\/paca.lpo.fr\/blogs\/pays-brianconnais\/wp-json\/wp\/v2\/media\/1317"}],"wp:attachment":[{"href":"https:\/\/paca.lpo.fr\/blogs\/pays-brianconnais\/wp-json\/wp\/v2\/media?parent=1320"}],"wp:term":[{"taxonomy":"category","embeddable":true,"href":"https:\/\/paca.lpo.fr\/blogs\/pays-brianconnais\/wp-json\/wp\/v2\/categories?post=1320"},{"taxonomy":"post_tag","embeddable":true,"href":"https:\/\/paca.lpo.fr\/blogs\/pays-brianconnais\/wp-json\/wp\/v2\/tags?post=1320"}],"curies":[{"name":"wp","href":"https:\/\/api.w.org\/{rel}","templated":true}]}}