{"id":1462,"date":"2015-06-19T20:18:44","date_gmt":"2015-06-19T19:18:44","guid":{"rendered":"http:\/\/paca.lpo.fr\/blogs\/pays-brianconnais\/?p=1462"},"modified":"2015-07-03T22:29:38","modified_gmt":"2015-07-03T21:29:38","slug":"le-costa-rica","status":"publish","type":"post","link":"https:\/\/paca.lpo.fr\/blogs\/pays-brianconnais\/2015\/06\/19\/le-costa-rica\/","title":{"rendered":"Le Costa Rica"},"content":{"rendered":"<p>Et c&rsquo;est parti pour un nouveau pays&#8230;..D\u00e9cid\u00e9ment nos Brian\u00e7onnais sont des globe-trotters.Cette fois c&rsquo;est Philippe qui nous pr\u00e9sente le Costa Rica.Il est parti avec un ami pour un s\u00e9jour ornitho avec comme objectif la partie nord et 5 sites diff\u00e9rents.<\/p>\n<p><a href=\"http:\/\/paca.lpo.fr\/blogs\/pays-brianconnais\/files\/2015\/06\/1a.carte-costa-rica1.jpg\"><img loading=\"lazy\" decoding=\"async\" class=\"aligncenter size-medium wp-image-1421\" src=\"http:\/\/paca.lpo.fr\/blogs\/pays-brianconnais\/files\/2015\/06\/1a.carte-costa-rica1-480x293.jpg\" alt=\"1a.carte costa rica1\" width=\"480\" height=\"293\" srcset=\"https:\/\/paca.lpo.fr\/blogs\/pays-brianconnais\/files\/2015\/06\/1a.carte-costa-rica1-480x293.jpg 480w, https:\/\/paca.lpo.fr\/blogs\/pays-brianconnais\/files\/2015\/06\/1a.carte-costa-rica1-268x164.jpg 268w, https:\/\/paca.lpo.fr\/blogs\/pays-brianconnais\/files\/2015\/06\/1a.carte-costa-rica1.jpg 700w\" sizes=\"auto, (max-width: 480px) 100vw, 480px\" \/><\/a><\/p>\n<p>D&rsquo;abord petite pr\u00e9sentation du pays\u00a0:Le Costa Rica se situe entre le Panama et le Nicaragua .Cette mince bande de terre s\u00e9pare la mer des cara\u00efbes et l&rsquo;oc\u00e9an pacifique .<\/p>\n<p><!--more--><\/p>\n<p><span style=\"color: #000000\">Ce \u00a0\u00bb mouchoir de poche \u00a0\u00bb est un paradis sauvage. Un paradis qui offre \u00e0 la fois des plages et des for\u00eats immenses, des<\/span><span style=\"color: #000000\"><span lang=\"fr-FR\"> zones humides, semi mar\u00e9cageuse, des zones s\u00e8ches, des zones montagneuses&#8230;<\/span><\/span>Le Costa Rica poss\u00e8de une flore et une faune exceptionnelles. Cette<span lang=\"fr-FR\"> diversit\u00e9 est d\u00fb \u00e0 son emplacement g\u00e9ographique particulier (entre l&rsquo;Am\u00e9rique du Nord et l&rsquo;Am\u00e9rique du Sud ) et aux influences oc\u00e9aniques ( l&rsquo;oc\u00e9an Pacifique et de la mer des Cara\u00efbes ) favorisant des milieux naturels tr\u00e8s diff\u00e9rents.<\/span><\/p>\n<p>C&rsquo;est un pays pr\u00e9serv\u00e9 dont une grande partie est prot\u00e9g\u00e9e.<\/p>\n<p lang=\"fr-FR\" align=\"LEFT\"><u> <span style=\"font-size: large\"><strong><em>Premier site\u00a0: Carara National Park\u00a0:<\/em><\/strong><\/span><\/u><\/p>\n<p lang=\"fr-FR\" style=\"text-align: left\" align=\"LEFT\">Premi\u00e8re diapo. Et l\u00e0 grande premi\u00e8re pour nous tous; Philippe a d\u00e9cid\u00e9 de donner les noms en anglais. Alors l\u00e0 bon courage pour la traduction en fran\u00e7ais\u00a0!!!.( Heureusement pour vous chers lecteurs du blog je vais mettre aussi les noms fran\u00e7ais).A quand la prochaine projection en latin\u00a0???.Non je plaisante. C&rsquo;est tr\u00e8s bien car n&rsquo;oublions pas nous sommes sur le continent am\u00e9ricain tout de m\u00eame.<\/p>\n<p align=\"LEFT\"><span lang=\"fr-FR\">Nous commen\u00e7ons par l&rsquo;oiseau national du Costa Rica\u00a0: \u00ab\u00a0\u00a0le <\/span> <a href=\"http:\/\/fr.wikipedia.org\/wiki\/Merle_fauve\"><span style=\"color: #000000\"><u>Yig\u00fcirro<\/u><\/span><\/a><span style=\"color: #000000\"><span lang=\"fr-FR\"> \u00a0 .<\/span><\/span><span style=\"color: #000000\"><span lang=\"fr-FR\">Son petit nom anglais\u00a0: le <\/span><\/span><span style=\"color: #007826;font-size: medium\"><span lang=\"fr-FR\"><strong>Clay-colored trush<\/strong><\/span><\/span><span lang=\"fr-FR\"><span style=\"color: #000000\"> .<\/span><\/span><span lang=\"fr-FR\">Un autre\u00a0: le <\/span><span style=\"color: #007826\"><strong><span lang=\"fr-FR\">G<\/span><span lang=\"fr-FR\"><span style=\"font-size: large\">reat kiskadee .<\/span><\/span><\/strong><\/span><\/p>\n<figure id=\"attachment_1423\" aria-describedby=\"caption-attachment-1423\" style=\"width: 480px\" class=\"wp-caption aligncenter\"><a href=\"http:\/\/paca.lpo.fr\/blogs\/pays-brianconnais\/files\/2015\/06\/2Merle-fauve-tyran-quiquivi.jpg\"><img loading=\"lazy\" decoding=\"async\" class=\"size-medium wp-image-1423\" src=\"http:\/\/paca.lpo.fr\/blogs\/pays-brianconnais\/files\/2015\/06\/2Merle-fauve-tyran-quiquivi-480x181.jpg\" alt=\"Merle fauve - Tyran quiquivi\" width=\"480\" height=\"181\" srcset=\"https:\/\/paca.lpo.fr\/blogs\/pays-brianconnais\/files\/2015\/06\/2Merle-fauve-tyran-quiquivi-480x181.jpg 480w, https:\/\/paca.lpo.fr\/blogs\/pays-brianconnais\/files\/2015\/06\/2Merle-fauve-tyran-quiquivi-700x264.jpg 700w, https:\/\/paca.lpo.fr\/blogs\/pays-brianconnais\/files\/2015\/06\/2Merle-fauve-tyran-quiquivi.jpg 900w\" sizes=\"auto, (max-width: 480px) 100vw, 480px\" \/><\/a><figcaption id=\"caption-attachment-1423\" class=\"wp-caption-text\"><strong>Clay-colored trush=Merle fauve &#8211; Great kiskadee =Tyran quiquivi<\/strong><\/figcaption><\/figure>\n<p><span style=\"color: #007826;font-size: large\"><span lang=\"fr-FR\"><strong>\u00a0<\/strong><\/span><\/span><\/p>\n<p><span style=\"color: #007826;font-size: large\"><span lang=\"fr-FR\"><strong>Great black hawk <\/strong>.<\/span><\/span><span lang=\"fr-FR\">Le juv\u00e9nile et l&rsquo;adulte.<\/span><\/p>\n<figure id=\"attachment_1424\" aria-describedby=\"caption-attachment-1424\" style=\"width: 480px\" class=\"wp-caption aligncenter\"><a href=\"http:\/\/paca.lpo.fr\/blogs\/pays-brianconnais\/files\/2015\/06\/3.Buse-urubu.jpg\"><img loading=\"lazy\" decoding=\"async\" class=\"size-medium wp-image-1424\" src=\"http:\/\/paca.lpo.fr\/blogs\/pays-brianconnais\/files\/2015\/06\/3.Buse-urubu-480x353.jpg\" alt=\"Buse urubu\" width=\"480\" height=\"353\" srcset=\"https:\/\/paca.lpo.fr\/blogs\/pays-brianconnais\/files\/2015\/06\/3.Buse-urubu-480x353.jpg 480w, https:\/\/paca.lpo.fr\/blogs\/pays-brianconnais\/files\/2015\/06\/3.Buse-urubu.jpg 550w\" sizes=\"auto, (max-width: 480px) 100vw, 480px\" \/><\/a><figcaption id=\"caption-attachment-1424\" class=\"wp-caption-text\">Buse urubu<\/figcaption><\/figure>\n<p align=\"LEFT\"><span style=\"color: #007826\">\u00a0<span lang=\"fr-FR\"><strong><span style=\"font-size: large\">Royal flycatcher <\/span><\/strong><\/span><\/span><span lang=\"fr-FR\">( moucherolle royal ou porte-\u00e9ventail roi) .<\/span>Les m\u00e2les ouvrent leur cr\u00eate rouge, pour effrayer les pr\u00e9dateurs, mais aussi pour attirer l&rsquo;attention des femelles pendant la saison des amours. Lorsque cet ornement est ferm\u00e9, le moucherolle n&rsquo;attire pas l&rsquo;attention, car le reste de son plumage lui permet de rester camoufl\u00e9 .<\/p>\n<p align=\"LEFT\"><span style=\"color: #007826\"><span style=\"font-size: large\"><span style=\"color: #007826;font-size: large\"><strong>Boat-billed heron<\/strong><\/span> <\/span><span style=\"color: #000000\">( savacou hupp\u00e9).<\/span><\/span><span style=\"color: #000000\"><span lang=\"fr-FR\">Petit h\u00e9ron \u00e0 bec tr\u00e8s large plut\u00f4t nocturne. Pendant<\/span><\/span> le jour, le savacou hupp\u00e9 est perch\u00e9 dans des arbres au milieu des feuillages.<\/p>\n<p align=\"LEFT\"><span style=\"color: #007826\"><span style=\"font-size: medium\"><strong><span style=\"font-size: large\">Black-throated trogon <\/span>(<\/strong><span style=\"color: #000000\">trogon aurore).<\/span><\/span><\/span><\/p>\n<figure id=\"attachment_1426\" aria-describedby=\"caption-attachment-1426\" style=\"width: 480px\" class=\"wp-caption aligncenter\"><a href=\"http:\/\/paca.lpo.fr\/blogs\/pays-brianconnais\/files\/2015\/06\/6.trogon-aurore-savacou-hupp\u00e9-moucherolle-royal.jpg\"><img loading=\"lazy\" decoding=\"async\" class=\"size-medium wp-image-1426\" src=\"http:\/\/paca.lpo.fr\/blogs\/pays-brianconnais\/files\/2015\/06\/6.trogon-aurore-savacou-hupp\u00e9-moucherolle-royal-480x396.jpg\" alt=\"Trogon aurore - Savacou hupp\u00e9 - Moucherolle royal ou porte-\u00e9ventail roi.\" width=\"480\" height=\"396\" srcset=\"https:\/\/paca.lpo.fr\/blogs\/pays-brianconnais\/files\/2015\/06\/6.trogon-aurore-savacou-hupp\u00e9-moucherolle-royal-480x396.jpg 480w, https:\/\/paca.lpo.fr\/blogs\/pays-brianconnais\/files\/2015\/06\/6.trogon-aurore-savacou-hupp\u00e9-moucherolle-royal.jpg 650w\" sizes=\"auto, (max-width: 480px) 100vw, 480px\" \/><\/a><figcaption id=\"caption-attachment-1426\" class=\"wp-caption-text\">Trogon aurore &#8211; Savacou hupp\u00e9 &#8211; Moucherolle royal ou porte-\u00e9ventail roi.<\/figcaption><\/figure>\n<p align=\"LEFT\"><span style=\"color: #007826;font-size: large\"><span lang=\"fr-FR\"><strong>Hoffmann&rsquo;s woodpecker <\/strong><\/span><\/span><span lang=\"fr-FR\">( pic de Hoffmann) .Ah \u00e7a pas trop difficile pour la traduction. Woodpecker<\/span> \u00e7a nous parle \u00e0 tous. Il nous reste en m\u00e9moire le c\u00e9l\u00e8bre dessin anim\u00e9 Woody woodpecker qui a rendu c\u00e9l\u00e8bre \u00ab\u00a0les pics\u00a0\u00bb.<\/p>\n<p lang=\"fr-FR\" align=\"LEFT\"><span style=\"color: #007826\"><strong><span style=\"font-size: large\">Tropical kingbird<\/span> <\/strong><span style=\"color: #000000\">( tyran m\u00e9lancolique ).<\/span><\/span><\/p>\n<p align=\"LEFT\"><span style=\"color: #007826;font-size: large\"><strong>Orange-collared manakin<\/strong><\/span> (Manakin \u00e0 col orange).Un tout petit oiseau tr\u00e8s color\u00e9, furtif ,et tr\u00e8s remuant. C&rsquo;est un end\u00e9mique du Costa Rica.Les manakins se rassemblent sur des leks, sorte d&rsquo;ar\u00e8ne, o\u00f9 les m\u00e2les pour attirer les faveurs de la femelle font des sauts .On dirait des balles de ping pong qui rebondissent sous les feuilles. Pas facile \u00e0 photographier .<\/p>\n<figure id=\"attachment_1425\" aria-describedby=\"caption-attachment-1425\" style=\"width: 480px\" class=\"wp-caption aligncenter\"><a href=\"http:\/\/paca.lpo.fr\/blogs\/pays-brianconnais\/files\/2015\/06\/5.pic-de-hoffmann-tyran-m\u00e9lancolique-manakin-\u00e0-col-orange.jpg\"><img loading=\"lazy\" decoding=\"async\" class=\"size-medium wp-image-1425\" src=\"http:\/\/paca.lpo.fr\/blogs\/pays-brianconnais\/files\/2015\/06\/5.pic-de-hoffmann-tyran-m\u00e9lancolique-manakin-\u00e0-col-orange-480x155.jpg\" alt=\"Pic de Hoffmann - Tyran m\u00e9lancolique - Manakin \u00e0 col orange.\" width=\"480\" height=\"155\" srcset=\"https:\/\/paca.lpo.fr\/blogs\/pays-brianconnais\/files\/2015\/06\/5.pic-de-hoffmann-tyran-m\u00e9lancolique-manakin-\u00e0-col-orange-480x155.jpg 480w, https:\/\/paca.lpo.fr\/blogs\/pays-brianconnais\/files\/2015\/06\/5.pic-de-hoffmann-tyran-m\u00e9lancolique-manakin-\u00e0-col-orange-700x226.jpg 700w, https:\/\/paca.lpo.fr\/blogs\/pays-brianconnais\/files\/2015\/06\/5.pic-de-hoffmann-tyran-m\u00e9lancolique-manakin-\u00e0-col-orange.jpg 900w\" sizes=\"auto, (max-width: 480px) 100vw, 480px\" \/><\/a><figcaption id=\"caption-attachment-1425\" class=\"wp-caption-text\">Pic de Hoffmann &#8211; Tyran m\u00e9lancolique &#8211; Manakin \u00e0 col orange.<\/figcaption><\/figure>\n<p lang=\"fr-FR\" align=\"LEFT\">Fid\u00e8le \u00e0 son \u00e9tymologie am\u00e9rindienne ,Carara signifiant crocodile.Le parc regroupe une forte concentration de <span style=\"color: #007826;font-size: large\"><strong>crocodiles am\u00e9ricains.\u00a0<\/strong><\/span>Ces sauriens\u00a0\u00a0font partie des plus gros du monde .Ne vous fier pas \u00e0 son air placide.( baigneur s&rsquo;abstenir!!!). Avec son allure de dragon cet animal inoffensif est un<span style=\"color: #007826;font-size: large\"><strong> Iguane\u00a0<\/strong><\/span>:<\/p>\n<p lang=\"fr-FR\" align=\"LEFT\"><a href=\"http:\/\/paca.lpo.fr\/blogs\/pays-brianconnais\/files\/2015\/06\/7.montage.jpg\"><img loading=\"lazy\" decoding=\"async\" class=\"aligncenter size-medium wp-image-1427\" src=\"http:\/\/paca.lpo.fr\/blogs\/pays-brianconnais\/files\/2015\/06\/7.montage-480x195.jpg\" alt=\"7.montage\" width=\"480\" height=\"195\" srcset=\"https:\/\/paca.lpo.fr\/blogs\/pays-brianconnais\/files\/2015\/06\/7.montage-480x195.jpg 480w, https:\/\/paca.lpo.fr\/blogs\/pays-brianconnais\/files\/2015\/06\/7.montage-960x389.jpg 960w, https:\/\/paca.lpo.fr\/blogs\/pays-brianconnais\/files\/2015\/06\/7.montage-700x284.jpg 700w, https:\/\/paca.lpo.fr\/blogs\/pays-brianconnais\/files\/2015\/06\/7.montage-900x365.jpg 900w, https:\/\/paca.lpo.fr\/blogs\/pays-brianconnais\/files\/2015\/06\/7.montage.jpg 1024w\" sizes=\"auto, (max-width: 480px) 100vw, 480px\" \/><\/a><\/p>\n<p lang=\"fr-FR\" align=\"LEFT\"><span style=\"color: #000000\">Le parc est aussi l&rsquo;habitat de nombreux mammif\u00e8res. On<\/span> peut rencontrer<span style=\"color: #007826;font-size: large\"><strong> l&rsquo; Agouti<\/strong><\/span> , un gros rongeur aux allures de cobaye.<\/p>\n<p lang=\"fr-FR\" align=\"LEFT\"><a href=\"http:\/\/paca.lpo.fr\/blogs\/pays-brianconnais\/files\/2015\/06\/8.agouti1.jpg\"><img loading=\"lazy\" decoding=\"async\" class=\"aligncenter size-medium wp-image-1428\" src=\"http:\/\/paca.lpo.fr\/blogs\/pays-brianconnais\/files\/2015\/06\/8.agouti1-480x360.jpg\" alt=\"8.agouti1\" width=\"480\" height=\"360\" srcset=\"https:\/\/paca.lpo.fr\/blogs\/pays-brianconnais\/files\/2015\/06\/8.agouti1-480x360.jpg 480w, https:\/\/paca.lpo.fr\/blogs\/pays-brianconnais\/files\/2015\/06\/8.agouti1.jpg 500w\" sizes=\"auto, (max-width: 480px) 100vw, 480px\" \/><\/a><\/p>\n<p lang=\"fr-FR\" align=\"LEFT\">Petite question dans l&rsquo;assistance\u00a0: \u00ab\u00a0c&rsquo;est quelle grosseur\u00a0\u00bb et l\u00e0 r\u00e9ponse \u00ab\u00a0plus petit qu&rsquo;un \u00e9pagneul breton\u00a0\u00bb .Donc c&rsquo;est acquis d\u00e9sormais ce sera l&rsquo;\u00e9chelle de r\u00e9f\u00e9rence .Quel farceur\u00a0ce Philippe.!!!!<\/p>\n<p><span style=\"color: #000000\"><a href=\"http:\/\/paca.lpo.fr\/blogs\/pays-brianconnais\/files\/2015\/06\/66.0048d2d6.gif\"><img loading=\"lazy\" decoding=\"async\" class=\"aligncenter size-full wp-image-1328\" src=\"http:\/\/paca.lpo.fr\/blogs\/pays-brianconnais\/files\/2015\/06\/66.0048d2d6.gif\" alt=\"Top drole\" width=\"325\" height=\"356\" \/><\/a><br \/>\nUn peu de botanique avec le ph\u00e9nom\u00e8ne de cauliflorie. <\/span><span style=\"color: #000000\">C&rsquo;est un ph\u00e9nom\u00e8ne assez rare qui caract\u00e9rise une plante ou un arbre dont les fleurs ou les fruits poussent directement sur le tronc et non pas sur les extr\u00e9mit\u00e9s des branches.<\/span><span style=\"color: #000000\"><span lang=\"fr-FR\">Les plantes cauliflores les plus connues sont l&rsquo;arbre de Jud\u00e9e et le cacaoyer .<\/span><\/span><\/p>\n<p><a href=\"http:\/\/paca.lpo.fr\/blogs\/pays-brianconnais\/files\/2015\/06\/9.cauliflorie1.jpg\"><img loading=\"lazy\" decoding=\"async\" class=\"aligncenter size-full wp-image-1429\" src=\"http:\/\/paca.lpo.fr\/blogs\/pays-brianconnais\/files\/2015\/06\/9.cauliflorie1.jpg\" alt=\"9.cauliflorie1\" width=\"250\" height=\"416\" \/><\/a><\/p>\n<p><span style=\"color: #000000;font-size: large\"><u><strong>Deuxi\u00e8me site\u00a0: Monte verd\u00e9<\/strong><\/u><\/span><\/p>\n<p><a href=\"http:\/\/paca.lpo.fr\/blogs\/pays-brianconnais\/files\/2015\/06\/10.Mont\u00e9verd\u00e91.jpg\"><img loading=\"lazy\" decoding=\"async\" class=\"aligncenter size-medium wp-image-1430\" src=\"http:\/\/paca.lpo.fr\/blogs\/pays-brianconnais\/files\/2015\/06\/10.Mont\u00e9verd\u00e91-480x256.jpg\" alt=\"10.Mont\u00e9verd\u00e91\" width=\"480\" height=\"256\" srcset=\"https:\/\/paca.lpo.fr\/blogs\/pays-brianconnais\/files\/2015\/06\/10.Mont\u00e9verd\u00e91-480x256.jpg 480w, https:\/\/paca.lpo.fr\/blogs\/pays-brianconnais\/files\/2015\/06\/10.Mont\u00e9verd\u00e91.jpg 650w\" sizes=\"auto, (max-width: 480px) 100vw, 480px\" \/><\/a><\/p>\n<p><span style=\"color: #000000\">Cette r\u00e9serve abrite un oiseau en voie de disparition\u00a0:<span style=\"color: #007826;font-size: large\"><strong> Le Resplendent Quetzal <\/strong><\/span>( quetzal resplendissant ).<\/span><span style=\"color: #000000\">Son nom signifie \u00ab\u00a0grande plume verte\u00a0\u00bb.On le retrouve aussi dans le nom du dieu mexicain Quetzalcoalt,qui signifie \u00ab\u00a0serpent \u00e0 plumes\u00a0\u00bb dont il est une des formes.<\/span><span style=\"color: #000000\"><span lang=\"fr-FR\">Pour les Mayas et les Azt\u00e8ques, le quetzal \u00e9tait un oiseau sacr\u00e9\u00a0. Ses plumes \u00e9taient particuli\u00e8rement appr\u00e9ci\u00e9es .<\/span><\/span><\/p>\n<figure id=\"attachment_1435\" aria-describedby=\"caption-attachment-1435\" style=\"width: 480px\" class=\"wp-caption aligncenter\"><a href=\"http:\/\/paca.lpo.fr\/blogs\/pays-brianconnais\/files\/2015\/06\/11.quetzal-resplendissant.jpg\"><img loading=\"lazy\" decoding=\"async\" class=\"size-medium wp-image-1435\" src=\"http:\/\/paca.lpo.fr\/blogs\/pays-brianconnais\/files\/2015\/06\/11.quetzal-resplendissant-480x352.jpg\" alt=\"Quetzal resplendissant\" width=\"480\" height=\"352\" srcset=\"https:\/\/paca.lpo.fr\/blogs\/pays-brianconnais\/files\/2015\/06\/11.quetzal-resplendissant-480x352.jpg 480w, https:\/\/paca.lpo.fr\/blogs\/pays-brianconnais\/files\/2015\/06\/11.quetzal-resplendissant.jpg 700w\" sizes=\"auto, (max-width: 480px) 100vw, 480px\" \/><\/a><figcaption id=\"caption-attachment-1435\" class=\"wp-caption-text\">Quetzal resplendissant<\/figcaption><\/figure>\n<p>&nbsp;<\/p>\n<p><span style=\"color: #000000\">Quelques \u00ab\u00a0oiseaux mouches \u00ab\u00a0pour le plaisir.Les colibris sont de toutes petites tailles et se nourrissent du nectar des fleurs.<\/span><span style=\"color: #000000\">Ils ne sont pas facile \u00e0 d\u00e9terminer .Selon la luminosit\u00e9 les couleurs varient.Leurs plumes iris\u00e9es prennent divers coloris selon l&rsquo;exposition.On l&rsquo;a toujours dit : Attention \u00e0 la luminosit\u00e9\u00a0!!!<\/span><\/p>\n<p><span style=\"color: #000000\">Un exemple avec <span style=\"color: #007826;font-size: large\"><strong>Purple throated mountain gem <\/strong><\/span>( colibri \u00e0 gorge pourpr\u00e9).<\/span><\/p>\n<figure id=\"attachment_1434\" aria-describedby=\"caption-attachment-1434\" style=\"width: 480px\" class=\"wp-caption aligncenter\"><a href=\"http:\/\/paca.lpo.fr\/blogs\/pays-brianconnais\/files\/2015\/06\/12.Colibri-\u00e0-gorge-pourpr\u00e9.jpg\"><img loading=\"lazy\" decoding=\"async\" class=\"size-medium wp-image-1434\" src=\"http:\/\/paca.lpo.fr\/blogs\/pays-brianconnais\/files\/2015\/06\/12.Colibri-\u00e0-gorge-pourpr\u00e9-480x356.jpg\" alt=\"Colibri \u00e0 gorge pourpr\u00e9\" width=\"480\" height=\"356\" srcset=\"https:\/\/paca.lpo.fr\/blogs\/pays-brianconnais\/files\/2015\/06\/12.Colibri-\u00e0-gorge-pourpr\u00e9-480x356.jpg 480w, https:\/\/paca.lpo.fr\/blogs\/pays-brianconnais\/files\/2015\/06\/12.Colibri-\u00e0-gorge-pourpr\u00e9-700x519.jpg 700w, https:\/\/paca.lpo.fr\/blogs\/pays-brianconnais\/files\/2015\/06\/12.Colibri-\u00e0-gorge-pourpr\u00e9.jpg 800w\" sizes=\"auto, (max-width: 480px) 100vw, 480px\" \/><\/a><figcaption id=\"caption-attachment-1434\" class=\"wp-caption-text\">Colibri \u00e0 gorge pourpr\u00e9<\/figcaption><\/figure>\n<p><span style=\"color: #000000\">Et pourtant c&rsquo;est le m\u00eame&#8230;<span style=\"color: #007826;font-size: large\"><strong>.<\/strong><\/span><\/span><\/p>\n<p><span style=\"color: #000000\">Un autre\u00a0: <span style=\"color: #007826;font-size: large\"><strong>Green crowned brilliant <\/strong><\/span>( brillant fer-de-lance).<\/span><span style=\"color: #000000\">Encore un petit dernier\u00a0: <span style=\"color: #007826;font-size: large\"><strong>Violet sabrewing<\/strong><\/span> ( Campylopt\u00e8re violet ).<\/span><\/p>\n<figure id=\"attachment_1436\" aria-describedby=\"caption-attachment-1436\" style=\"width: 480px\" class=\"wp-caption aligncenter\"><a href=\"http:\/\/paca.lpo.fr\/blogs\/pays-brianconnais\/files\/2015\/06\/13.-Brillant-fer-de-lance-campylopt\u00e8re-violet.jpg\"><img loading=\"lazy\" decoding=\"async\" class=\"size-medium wp-image-1436\" src=\"http:\/\/paca.lpo.fr\/blogs\/pays-brianconnais\/files\/2015\/06\/13.-Brillant-fer-de-lance-campylopt\u00e8re-violet-480x156.jpg\" alt=\"Brillant fer-de-lance  -- Campylopt\u00e8re violet\" width=\"480\" height=\"156\" srcset=\"https:\/\/paca.lpo.fr\/blogs\/pays-brianconnais\/files\/2015\/06\/13.-Brillant-fer-de-lance-campylopt\u00e8re-violet-480x156.jpg 480w, https:\/\/paca.lpo.fr\/blogs\/pays-brianconnais\/files\/2015\/06\/13.-Brillant-fer-de-lance-campylopt\u00e8re-violet-700x227.jpg 700w, https:\/\/paca.lpo.fr\/blogs\/pays-brianconnais\/files\/2015\/06\/13.-Brillant-fer-de-lance-campylopt\u00e8re-violet.jpg 900w\" sizes=\"auto, (max-width: 480px) 100vw, 480px\" \/><\/a><figcaption id=\"caption-attachment-1436\" class=\"wp-caption-text\">Brillant fer-de-lance &#8212; Campylopt\u00e8re violet<\/figcaption><\/figure>\n<p>&nbsp;<\/p>\n<p><span style=\"color: #000000\">Mais pour voir aussi bien tous ces colibris il y a un secret. La preuve avec <span style=\"color: #007826;font-size: large\"><strong>long tailed hermit<\/strong><\/span> ( Ermite \u00e0 brins blancs).<\/span><\/p>\n<figure id=\"attachment_1437\" aria-describedby=\"caption-attachment-1437\" style=\"width: 480px\" class=\"wp-caption aligncenter\"><a href=\"http:\/\/paca.lpo.fr\/blogs\/pays-brianconnais\/files\/2015\/06\/14.Ermite-\u00e0-brins-blancs.jpg\"><img loading=\"lazy\" decoding=\"async\" class=\"size-medium wp-image-1437\" src=\"http:\/\/paca.lpo.fr\/blogs\/pays-brianconnais\/files\/2015\/06\/14.Ermite-\u00e0-brins-blancs-480x207.jpg\" alt=\"Ermite \u00e0 brins blancs\" width=\"480\" height=\"207\" srcset=\"https:\/\/paca.lpo.fr\/blogs\/pays-brianconnais\/files\/2015\/06\/14.Ermite-\u00e0-brins-blancs-480x207.jpg 480w, https:\/\/paca.lpo.fr\/blogs\/pays-brianconnais\/files\/2015\/06\/14.Ermite-\u00e0-brins-blancs-700x303.jpg 700w, https:\/\/paca.lpo.fr\/blogs\/pays-brianconnais\/files\/2015\/06\/14.Ermite-\u00e0-brins-blancs.jpg 900w\" sizes=\"auto, (max-width: 480px) 100vw, 480px\" \/><\/a><figcaption id=\"caption-attachment-1437\" class=\"wp-caption-text\">Ermite \u00e0 brins blancs<\/figcaption><\/figure>\n<p>&nbsp;<\/p>\n<p><span style=\"color: #000000\">Et oui de jolie app\u00e2t sucr\u00e9\u00a0!!<\/span><\/p>\n<p><span style=\"color: #000000\">Et la projection continue avec un peu de botanique\u00a0: Parlons de la \u00ab timidit\u00e9 \u00bb.<\/span><span style=\"color: #000000\">C&rsquo;est un ph\u00e9nom\u00e8ne encore mal connu.Certains arbres maintiennent entre eux une distance <\/span><span style=\"color: #000000\">appel\u00e9e <\/span><span style=\"color: #000000\">\u00ab\u00a0fente de timidit\u00e9\u00a0\u00bb .L&rsquo;hypoth\u00e8se la plus probable serait que les arbres \u00e9mettraient une substance pour \u00e9viter la concurrence.A creuser\u00a0!!!<\/span><\/p>\n<p><a href=\"http:\/\/paca.lpo.fr\/blogs\/pays-brianconnais\/files\/2015\/06\/15.timidit\u00e9-pt1.jpg\"><img loading=\"lazy\" decoding=\"async\" class=\"aligncenter size-medium wp-image-1438\" src=\"http:\/\/paca.lpo.fr\/blogs\/pays-brianconnais\/files\/2015\/06\/15.timidit\u00e9-pt1-480x251.jpg\" alt=\"15.timidit\u00e9 -pt1\" width=\"480\" height=\"251\" srcset=\"https:\/\/paca.lpo.fr\/blogs\/pays-brianconnais\/files\/2015\/06\/15.timidit\u00e9-pt1-480x251.jpg 480w, https:\/\/paca.lpo.fr\/blogs\/pays-brianconnais\/files\/2015\/06\/15.timidit\u00e9-pt1.jpg 600w\" sizes=\"auto, (max-width: 480px) 100vw, 480px\" \/><\/a><\/p>\n<p><span style=\"color: #000000\">Il y a bien \u00e9videmment des mammif\u00e8res\u00a0:<\/span><span style=\"color: #000000\">Et la c&rsquo;est top les noms sont en fran\u00e7ais. Ouais&#8230;..<\/span><span style=\"color: #000000\">Entre autre <span style=\"color: #007826;font-size: large\"><strong>le Coati \u00e0 nez blanc<\/strong><\/span> ( plus petit qu&rsquo;un \u00e9pagneul breton!!).La pire peste.Son naturel curieux lui vaux d&rsquo;\u00eatre tr\u00e8s audacieux. Tr\u00e8s pr\u00e9sent sur tout le territoire.<\/span><\/p>\n<p><span style=\"color: #007826\"><strong><span style=\"font-size: large\">Le Paresseux \u00e0 trois doigts\u00a0:<\/span><\/strong><\/span> <span style=\"color: #000000\">Cet animal passe le plus clair de son temps \u00e0 dormir dans la canop\u00e9e.Il descend de sa cachette une fois par semaine pour faire ses besoins.<\/span>De tr\u00e8s petites algues chlorophylliennes vivent en symbiose dans ses poils, ce qui lui donne une apparence verd\u00e2tre qui am\u00e9liore son camouflage.<\/p>\n<p><span style=\"color: #000000\">Une belle d\u00e9couverte\u00a0:<span style=\"color: #007826;font-size: large\"><strong> le Coendou \u00e0 queue prenante\u00a0.<\/strong><\/span><\/span><span style=\"color: #000000\">C&rsquo;est un genre de porc-\u00e9pic qui vit dans le feuillage. On l&rsquo;aper\u00e7oit que tr\u00e8s rarement.<\/span><\/p>\n<p><a href=\"http:\/\/paca.lpo.fr\/blogs\/pays-brianconnais\/files\/2015\/06\/16.montage.jpg\"><img loading=\"lazy\" decoding=\"async\" class=\"aligncenter size-medium wp-image-1439\" src=\"http:\/\/paca.lpo.fr\/blogs\/pays-brianconnais\/files\/2015\/06\/16.montage-480x416.jpg\" alt=\"16.montage\" width=\"480\" height=\"416\" srcset=\"https:\/\/paca.lpo.fr\/blogs\/pays-brianconnais\/files\/2015\/06\/16.montage-480x416.jpg 480w, https:\/\/paca.lpo.fr\/blogs\/pays-brianconnais\/files\/2015\/06\/16.montage-700x607.jpg 700w, https:\/\/paca.lpo.fr\/blogs\/pays-brianconnais\/files\/2015\/06\/16.montage.jpg 750w\" sizes=\"auto, (max-width: 480px) 100vw, 480px\" \/><\/a><\/p>\n<p><span style=\"color: #000000;font-size: large\"><u><strong><em>Troisi\u00e8me site\u00a0: Palo verd\u00e9 <\/em><\/strong><\/u><\/span><\/p>\n<p>Ce site a une double nature. On y trouve en m\u00eame temps des zones humides et des zones de for\u00eat tropicale s\u00e8che.L&rsquo;int\u00e9r\u00eat c&rsquo;est les marais. Dans la zone de for\u00eat s\u00e8che la strat\u00e9gie d&rsquo;observation est diff\u00e9rente car il fait 41\u00b0C et pas de vent donc l&rsquo;ombre est la meilleure alli\u00e9e.<\/p>\n<p>Allez on est reparti pour une petite s\u00e9rie en anglais:<span style=\"color: #000000\"><span style=\"color: #007826;font-size: large\"><strong>Groove-billed Ani <\/strong><\/span> (Ani \u00e0 bec cannel\u00e9).<\/span><span style=\"color: #000000\"><span style=\"color: #007826;font-size: large\"><strong>Inca dove <\/strong><\/span>( colombe inca).<\/span><\/p>\n<figure id=\"attachment_1440\" aria-describedby=\"caption-attachment-1440\" style=\"width: 480px\" class=\"wp-caption aligncenter\"><a href=\"http:\/\/paca.lpo.fr\/blogs\/pays-brianconnais\/files\/2015\/06\/17.Montage-pt-colombe-inca-ani-\u00e0-bec-cannel\u00e9.jpg\"><img loading=\"lazy\" decoding=\"async\" class=\"size-medium wp-image-1440\" src=\"http:\/\/paca.lpo.fr\/blogs\/pays-brianconnais\/files\/2015\/06\/17.Montage-pt-colombe-inca-ani-\u00e0-bec-cannel\u00e9-480x221.jpg\" alt=\"Colombe inca - Ani \u00e0 bec cannel\u00e9\" width=\"480\" height=\"221\" srcset=\"https:\/\/paca.lpo.fr\/blogs\/pays-brianconnais\/files\/2015\/06\/17.Montage-pt-colombe-inca-ani-\u00e0-bec-cannel\u00e9-480x221.jpg 480w, https:\/\/paca.lpo.fr\/blogs\/pays-brianconnais\/files\/2015\/06\/17.Montage-pt-colombe-inca-ani-\u00e0-bec-cannel\u00e9.jpg 700w\" sizes=\"auto, (max-width: 480px) 100vw, 480px\" \/><\/a><figcaption id=\"caption-attachment-1440\" class=\"wp-caption-text\">Colombe inca &#8211; Ani \u00e0 bec cannel\u00e9<\/figcaption><\/figure>\n<p>&nbsp;<\/p>\n<p><span style=\"color: #007826\"><span style=\"font-size: large\"><span style=\"color: #007826\"><strong>Limpkin <\/strong><\/span><span style=\"color: #000000\">(courlan brun). <\/span><\/span><\/span><span style=\"color: #000000\"><span style=\"color: #007826;font-size: large\"><strong>Bare-throated tiger heron <\/strong><\/span>( Onor\u00e9 du Mexique)<\/span><\/p>\n<figure id=\"attachment_1441\" aria-describedby=\"caption-attachment-1441\" style=\"width: 480px\" class=\"wp-caption aligncenter\"><a href=\"http:\/\/paca.lpo.fr\/blogs\/pays-brianconnais\/files\/2015\/06\/18.projection-courlan-brun-onor\u00e9-du-mexique.jpg\"><img loading=\"lazy\" decoding=\"async\" class=\"size-medium wp-image-1441\" src=\"http:\/\/paca.lpo.fr\/blogs\/pays-brianconnais\/files\/2015\/06\/18.projection-courlan-brun-onor\u00e9-du-mexique-480x250.jpg\" alt=\"Courlan brun - Onor\u00e9 du mexique\" width=\"480\" height=\"250\" srcset=\"https:\/\/paca.lpo.fr\/blogs\/pays-brianconnais\/files\/2015\/06\/18.projection-courlan-brun-onor\u00e9-du-mexique-480x250.jpg 480w, https:\/\/paca.lpo.fr\/blogs\/pays-brianconnais\/files\/2015\/06\/18.projection-courlan-brun-onor\u00e9-du-mexique-700x365.jpg 700w, https:\/\/paca.lpo.fr\/blogs\/pays-brianconnais\/files\/2015\/06\/18.projection-courlan-brun-onor\u00e9-du-mexique.jpg 750w\" sizes=\"auto, (max-width: 480px) 100vw, 480px\" \/><\/a><figcaption id=\"caption-attachment-1441\" class=\"wp-caption-text\">Courlan brun &#8211; Onor\u00e9 du mexique<\/figcaption><\/figure>\n<p><span style=\"color: #000000\"><span style=\"color: #007826;font-size: large\"><strong>Tricolored heron <\/strong><\/span>( Aigrette tricolore).<\/span><span style=\"color: #000000\"><span style=\"color: #007826;font-size: large\"><strong>Green h\u00e9ron <\/strong><\/span>(h\u00e9ron vert ).<\/span><span style=\"color: #007826\"><span style=\"font-size: large\"><span style=\"color: #007826\"><strong>Blue-winged teal <\/strong><\/span><span style=\"color: #000000\">( sarcelle \u00e0 ailes bleues).<\/span><\/span><\/span><\/p>\n<figure id=\"attachment_1442\" aria-describedby=\"caption-attachment-1442\" style=\"width: 480px\" class=\"wp-caption aligncenter\"><a href=\"http:\/\/paca.lpo.fr\/blogs\/pays-brianconnais\/files\/2015\/06\/19.Sarcelles-\u00e0-ailes-bleues-Aigrette-tricolore-H\u00e9ron-vert.jpg\"><img loading=\"lazy\" decoding=\"async\" class=\"size-medium wp-image-1442\" src=\"http:\/\/paca.lpo.fr\/blogs\/pays-brianconnais\/files\/2015\/06\/19.Sarcelles-\u00e0-ailes-bleues-Aigrette-tricolore-H\u00e9ron-vert-480x181.jpg\" alt=\"sarcelles \u00e0 ailes bleues - Aigrette tricolore - H\u00e9ron vert.\" width=\"480\" height=\"181\" srcset=\"https:\/\/paca.lpo.fr\/blogs\/pays-brianconnais\/files\/2015\/06\/19.Sarcelles-\u00e0-ailes-bleues-Aigrette-tricolore-H\u00e9ron-vert-480x181.jpg 480w, https:\/\/paca.lpo.fr\/blogs\/pays-brianconnais\/files\/2015\/06\/19.Sarcelles-\u00e0-ailes-bleues-Aigrette-tricolore-H\u00e9ron-vert-960x363.jpg 960w, https:\/\/paca.lpo.fr\/blogs\/pays-brianconnais\/files\/2015\/06\/19.Sarcelles-\u00e0-ailes-bleues-Aigrette-tricolore-H\u00e9ron-vert-700x265.jpg 700w, https:\/\/paca.lpo.fr\/blogs\/pays-brianconnais\/files\/2015\/06\/19.Sarcelles-\u00e0-ailes-bleues-Aigrette-tricolore-H\u00e9ron-vert-900x340.jpg 900w, https:\/\/paca.lpo.fr\/blogs\/pays-brianconnais\/files\/2015\/06\/19.Sarcelles-\u00e0-ailes-bleues-Aigrette-tricolore-H\u00e9ron-vert.jpg 1024w\" sizes=\"auto, (max-width: 480px) 100vw, 480px\" \/><\/a><figcaption id=\"caption-attachment-1442\" class=\"wp-caption-text\">sarcelles \u00e0 ailes bleues &#8211; Aigrette tricolore &#8211; H\u00e9ron vert.<\/figcaption><\/figure>\n<p><span style=\"color: #000000\">Un petit mammif\u00e8re pour finir la s\u00e9rie sur ce site\u00a0:<\/span><span style=\"color: #007826\"><strong><span style=\"font-size: large\">Des chauve souris \u00e0 long nez.<\/span><\/strong><\/span><\/p>\n<p><a href=\"http:\/\/paca.lpo.fr\/blogs\/pays-brianconnais\/files\/2015\/06\/20.-chauve-souris-pt1.jpg\"><img loading=\"lazy\" decoding=\"async\" class=\"aligncenter size-medium wp-image-1443\" src=\"http:\/\/paca.lpo.fr\/blogs\/pays-brianconnais\/files\/2015\/06\/20.-chauve-souris-pt1-480x267.jpg\" alt=\"20. chauve souris - pt1\" width=\"480\" height=\"267\" srcset=\"https:\/\/paca.lpo.fr\/blogs\/pays-brianconnais\/files\/2015\/06\/20.-chauve-souris-pt1-480x267.jpg 480w, https:\/\/paca.lpo.fr\/blogs\/pays-brianconnais\/files\/2015\/06\/20.-chauve-souris-pt1.jpg 700w\" sizes=\"auto, (max-width: 480px) 100vw, 480px\" \/><\/a><\/p>\n<p><span style=\"color: #000000;font-size: large\"><u><strong><em>Quatri\u00e8me site : la selva <\/em><\/strong><\/u><\/span><\/p>\n<p><span style=\"color: #000000\">C&rsquo;est une station biologique dont le parc est am\u00e9nag\u00e9 avec des chemins en b\u00e9ton , par s\u00e9curit\u00e9 ,\u00e0 cause des serpents.<\/span><span style=\"color: #000000\">Beaucoup d&rsquo;oiseaux sont pr\u00e9sents.<\/span><\/p>\n<p><span style=\"color: #000000\"><span style=\"color: #007826;font-size: large\"><strong>Scarlet-rumped tanager<\/strong><\/span> ( tangara \u00e0 croupion rouge).<\/span><span style=\"color: #000000\"><span style=\"font-size: large\"><span style=\"color: #007826;font-size: large\"><strong>Great curassow <\/strong><\/span>(grand hocco).<\/span><\/span><span style=\"color: #000000\"><span style=\"font-size: medium\">Cet oiseau de grande taille se d\u00e9place \u00ab\u00a0majestueusement\u00a0\u00bb au sol pour rechercher sa nourriture.C&rsquo;est une esp\u00e8ce chass\u00e9e.<\/span><\/span><\/p>\n<figure id=\"attachment_1444\" aria-describedby=\"caption-attachment-1444\" style=\"width: 480px\" class=\"wp-caption aligncenter\"><a href=\"http:\/\/paca.lpo.fr\/blogs\/pays-brianconnais\/files\/2015\/06\/21.Tangara-\u00e0-croupion-rouge-Grand-hocco.jpg\"><img loading=\"lazy\" decoding=\"async\" class=\"size-medium wp-image-1444\" src=\"http:\/\/paca.lpo.fr\/blogs\/pays-brianconnais\/files\/2015\/06\/21.Tangara-\u00e0-croupion-rouge-Grand-hocco-480x233.jpg\" alt=\"Tangara \u00e0 croupion rouge - Grand hocco\" width=\"480\" height=\"233\" srcset=\"https:\/\/paca.lpo.fr\/blogs\/pays-brianconnais\/files\/2015\/06\/21.Tangara-\u00e0-croupion-rouge-Grand-hocco-480x233.jpg 480w, https:\/\/paca.lpo.fr\/blogs\/pays-brianconnais\/files\/2015\/06\/21.Tangara-\u00e0-croupion-rouge-Grand-hocco-700x340.jpg 700w, https:\/\/paca.lpo.fr\/blogs\/pays-brianconnais\/files\/2015\/06\/21.Tangara-\u00e0-croupion-rouge-Grand-hocco.jpg 850w\" sizes=\"auto, (max-width: 480px) 100vw, 480px\" \/><\/a><figcaption id=\"caption-attachment-1444\" class=\"wp-caption-text\">Tangara \u00e0 croupion rouge &#8211; Grand hocco<\/figcaption><\/figure>\n<p>&nbsp;<\/p>\n<p><span style=\"color: #000000\"><span style=\"color: #007826;font-size: large\"><strong>Chestnut-mandibled toucan<\/strong><\/span> ( toucan de Swainson).<\/span><span style=\"color: #000000\"><strong><span style=\"font-size: large\"><span style=\"color: #007826\">Keel billed toucan <\/span><\/span><\/strong>( toucan \u00e0 car\u00e8ne).<\/span><span style=\"color: #000000\"><span style=\"color: #007826;font-size: large\"><strong>Colored aracari<\/strong><\/span> (Ara\u00e7ari \u00e0 collier).<\/span><\/p>\n<figure id=\"attachment_1445\" aria-describedby=\"caption-attachment-1445\" style=\"width: 480px\" class=\"wp-caption aligncenter\"><a href=\"http:\/\/paca.lpo.fr\/blogs\/pays-brianconnais\/files\/2015\/06\/22.Toucan-de-Swainson-Toucan-\u00e0-car\u00e8ne-ara\u00e7ari-\u00e0-collier.jpg\"><img loading=\"lazy\" decoding=\"async\" class=\"size-medium wp-image-1445\" src=\"http:\/\/paca.lpo.fr\/blogs\/pays-brianconnais\/files\/2015\/06\/22.Toucan-de-Swainson-Toucan-\u00e0-car\u00e8ne-ara\u00e7ari-\u00e0-collier-480x181.jpg\" alt=\"Toucan de Swainson - Toucan \u00e0 car\u00e8ne - Ara\u00e7ari \u00e0 collier\" width=\"480\" height=\"181\" srcset=\"https:\/\/paca.lpo.fr\/blogs\/pays-brianconnais\/files\/2015\/06\/22.Toucan-de-Swainson-Toucan-\u00e0-car\u00e8ne-ara\u00e7ari-\u00e0-collier-480x181.jpg 480w, https:\/\/paca.lpo.fr\/blogs\/pays-brianconnais\/files\/2015\/06\/22.Toucan-de-Swainson-Toucan-\u00e0-car\u00e8ne-ara\u00e7ari-\u00e0-collier-960x363.jpg 960w, https:\/\/paca.lpo.fr\/blogs\/pays-brianconnais\/files\/2015\/06\/22.Toucan-de-Swainson-Toucan-\u00e0-car\u00e8ne-ara\u00e7ari-\u00e0-collier-700x265.jpg 700w, https:\/\/paca.lpo.fr\/blogs\/pays-brianconnais\/files\/2015\/06\/22.Toucan-de-Swainson-Toucan-\u00e0-car\u00e8ne-ara\u00e7ari-\u00e0-collier-900x340.jpg 900w, https:\/\/paca.lpo.fr\/blogs\/pays-brianconnais\/files\/2015\/06\/22.Toucan-de-Swainson-Toucan-\u00e0-car\u00e8ne-ara\u00e7ari-\u00e0-collier.jpg 1000w\" sizes=\"auto, (max-width: 480px) 100vw, 480px\" \/><\/a><figcaption id=\"caption-attachment-1445\" class=\"wp-caption-text\">Toucan de Swainson &#8211; Toucan \u00e0 car\u00e8ne &#8211; Ara\u00e7ari \u00e0 collier<\/figcaption><\/figure>\n<p>&nbsp;<\/p>\n<p><span style=\"color: #000000\"><span style=\"color: #007826;font-size: large\"><strong>Cinnamon becard <\/strong><\/span>( b\u00e9carde cannelle).<\/span><span style=\"color: #000000\"><span style=\"color: #007826;font-size: large\"><strong>Violaceus trogon<\/strong><\/span> ( trogon violac\u00e9).<\/span><span style=\"color: #007826;font-size: large\"><strong>Anhinga d&rsquo;Am\u00e9rique .<\/strong><\/span><\/p>\n<figure id=\"attachment_1447\" aria-describedby=\"caption-attachment-1447\" style=\"width: 480px\" class=\"wp-caption aligncenter\"><a href=\"http:\/\/paca.lpo.fr\/blogs\/pays-brianconnais\/files\/2015\/06\/23.-Trogon-violac\u00e9-Anhinga-B\u00e9carde-cannelle.jpg\"><img loading=\"lazy\" decoding=\"async\" class=\"size-medium wp-image-1447\" src=\"http:\/\/paca.lpo.fr\/blogs\/pays-brianconnais\/files\/2015\/06\/23.-Trogon-violac\u00e9-Anhinga-B\u00e9carde-cannelle-480x246.jpg\" alt=\"Trogon violac\u00e9 - Anhinga - B\u00e9carde cannelle\" width=\"480\" height=\"246\" srcset=\"https:\/\/paca.lpo.fr\/blogs\/pays-brianconnais\/files\/2015\/06\/23.-Trogon-violac\u00e9-Anhinga-B\u00e9carde-cannelle-480x246.jpg 480w, https:\/\/paca.lpo.fr\/blogs\/pays-brianconnais\/files\/2015\/06\/23.-Trogon-violac\u00e9-Anhinga-B\u00e9carde-cannelle-700x359.jpg 700w, https:\/\/paca.lpo.fr\/blogs\/pays-brianconnais\/files\/2015\/06\/23.-Trogon-violac\u00e9-Anhinga-B\u00e9carde-cannelle.jpg 900w\" sizes=\"auto, (max-width: 480px) 100vw, 480px\" \/><\/a><figcaption id=\"caption-attachment-1447\" class=\"wp-caption-text\">Trogon violac\u00e9 &#8211; Anhinga &#8211; B\u00e9carde cannelle<\/figcaption><\/figure>\n<p>&nbsp;<\/p>\n<p><span style=\"color: #000000\"><span style=\"color: #007826;font-size: large\"><strong>Slaty tailed trogon<\/strong><u> <\/u><\/span>( trogon de Mass\u00e9na).<\/span><span style=\"color: #000000\">Lors de la nidification cet oiseau occupe les anciennes termiti\u00e8res.<\/span><\/p>\n<figure id=\"attachment_1448\" aria-describedby=\"caption-attachment-1448\" style=\"width: 480px\" class=\"wp-caption aligncenter\"><a href=\"http:\/\/paca.lpo.fr\/blogs\/pays-brianconnais\/files\/2015\/06\/24.Trogon-de-mass\u00e9na.jpg\"><img loading=\"lazy\" decoding=\"async\" class=\"size-medium wp-image-1448\" src=\"http:\/\/paca.lpo.fr\/blogs\/pays-brianconnais\/files\/2015\/06\/24.Trogon-de-mass\u00e9na-480x250.jpg\" alt=\"Trogon de Mass\u00e9na\" width=\"480\" height=\"250\" srcset=\"https:\/\/paca.lpo.fr\/blogs\/pays-brianconnais\/files\/2015\/06\/24.Trogon-de-mass\u00e9na-480x250.jpg 480w, https:\/\/paca.lpo.fr\/blogs\/pays-brianconnais\/files\/2015\/06\/24.Trogon-de-mass\u00e9na-700x365.jpg 700w, https:\/\/paca.lpo.fr\/blogs\/pays-brianconnais\/files\/2015\/06\/24.Trogon-de-mass\u00e9na.jpg 850w\" sizes=\"auto, (max-width: 480px) 100vw, 480px\" \/><\/a><figcaption id=\"caption-attachment-1448\" class=\"wp-caption-text\">Trogon de Mass\u00e9na<\/figcaption><\/figure>\n<p>&nbsp;<\/p>\n<p><span style=\"color: #000000\"><span style=\"color: #007826;font-size: large\"><strong>Chesnut colored woodpecker <\/strong><\/span>( pic roux ).<\/span><span style=\"color: #000000\"><span style=\"color: #007826\"><strong><span style=\"font-size: large\">Pale billed woodpecker<\/span><\/strong><\/span> ( pic \u00e0 bec clair ).<\/span><\/p>\n<figure id=\"attachment_1449\" aria-describedby=\"caption-attachment-1449\" style=\"width: 480px\" class=\"wp-caption aligncenter\"><a href=\"http:\/\/paca.lpo.fr\/blogs\/pays-brianconnais\/files\/2015\/06\/25.-Pic-\u00e0-bec-clair-pic-roux.jpg\"><img loading=\"lazy\" decoding=\"async\" class=\"size-medium wp-image-1449\" src=\"http:\/\/paca.lpo.fr\/blogs\/pays-brianconnais\/files\/2015\/06\/25.-Pic-\u00e0-bec-clair-pic-roux-480x194.jpg\" alt=\"Pic \u00e0 bec clair - Pic roux\" width=\"480\" height=\"194\" srcset=\"https:\/\/paca.lpo.fr\/blogs\/pays-brianconnais\/files\/2015\/06\/25.-Pic-\u00e0-bec-clair-pic-roux-480x194.jpg 480w, https:\/\/paca.lpo.fr\/blogs\/pays-brianconnais\/files\/2015\/06\/25.-Pic-\u00e0-bec-clair-pic-roux-960x389.jpg 960w, https:\/\/paca.lpo.fr\/blogs\/pays-brianconnais\/files\/2015\/06\/25.-Pic-\u00e0-bec-clair-pic-roux-700x284.jpg 700w, https:\/\/paca.lpo.fr\/blogs\/pays-brianconnais\/files\/2015\/06\/25.-Pic-\u00e0-bec-clair-pic-roux-900x365.jpg 900w, https:\/\/paca.lpo.fr\/blogs\/pays-brianconnais\/files\/2015\/06\/25.-Pic-\u00e0-bec-clair-pic-roux.jpg 1000w\" sizes=\"auto, (max-width: 480px) 100vw, 480px\" \/><\/a><figcaption id=\"caption-attachment-1449\" class=\"wp-caption-text\">Pic \u00e0 bec clair &#8211; Pic roux<\/figcaption><\/figure>\n<p><span style=\"color: #000000\"><span style=\"color: #007826;font-size: large\"><strong>Plain-brown woodcreeper<\/strong><\/span> ( grimpar enfum\u00e9).<\/span><span style=\"color: #000000\"><strong><span style=\"font-size: large\"><span style=\"color: #007826\">White crowned parrot<u> <\/u><\/span><\/span><\/strong>(pione \u00e0 couronne blanche).<\/span><\/p>\n<figure id=\"attachment_1450\" aria-describedby=\"caption-attachment-1450\" style=\"width: 480px\" class=\"wp-caption aligncenter\"><a href=\"http:\/\/paca.lpo.fr\/blogs\/pays-brianconnais\/files\/2015\/06\/26.-Grimpar-enfum\u00e9-Pione-\u00e0-couronne-blanche.jpg\"><img loading=\"lazy\" decoding=\"async\" class=\"size-medium wp-image-1450\" src=\"http:\/\/paca.lpo.fr\/blogs\/pays-brianconnais\/files\/2015\/06\/26.-Grimpar-enfum\u00e9-Pione-\u00e0-couronne-blanche-480x219.jpg\" alt=\"Grimpar enfum\u00e9 - Pione \u00e0 couronne blanche\" width=\"480\" height=\"219\" srcset=\"https:\/\/paca.lpo.fr\/blogs\/pays-brianconnais\/files\/2015\/06\/26.-Grimpar-enfum\u00e9-Pione-\u00e0-couronne-blanche-480x219.jpg 480w, https:\/\/paca.lpo.fr\/blogs\/pays-brianconnais\/files\/2015\/06\/26.-Grimpar-enfum\u00e9-Pione-\u00e0-couronne-blanche-700x320.jpg 700w, https:\/\/paca.lpo.fr\/blogs\/pays-brianconnais\/files\/2015\/06\/26.-Grimpar-enfum\u00e9-Pione-\u00e0-couronne-blanche.jpg 900w\" sizes=\"auto, (max-width: 480px) 100vw, 480px\" \/><\/a><figcaption id=\"caption-attachment-1450\" class=\"wp-caption-text\">Grimpar enfum\u00e9 &#8211; Pione \u00e0 couronne blanche<\/figcaption><\/figure>\n<p>&nbsp;<\/p>\n<p><span style=\"color: #000000\"><span style=\"color: #007826;font-size: large\"><strong>Summer tanager <\/strong><\/span>( piranga vermillon).<\/span><span style=\"color: #000000\"><span style=\"color: #007826;font-size: large\"><strong>Lon tailed tyran <\/strong><\/span>( Moucherolle \u00e0 longs brins).<\/span><\/p>\n<figure id=\"attachment_1451\" aria-describedby=\"caption-attachment-1451\" style=\"width: 480px\" class=\"wp-caption aligncenter\"><a href=\"http:\/\/paca.lpo.fr\/blogs\/pays-brianconnais\/files\/2015\/06\/27.moucherolle-\u00e0-longs-brins-piranga-vermillon.jpg\"><img loading=\"lazy\" decoding=\"async\" class=\"size-medium wp-image-1451\" src=\"http:\/\/paca.lpo.fr\/blogs\/pays-brianconnais\/files\/2015\/06\/27.moucherolle-\u00e0-longs-brins-piranga-vermillon-480x181.jpg\" alt=\"Moucherolle \u00e0 longs brins - Piranga vermillon\" width=\"480\" height=\"181\" srcset=\"https:\/\/paca.lpo.fr\/blogs\/pays-brianconnais\/files\/2015\/06\/27.moucherolle-\u00e0-longs-brins-piranga-vermillon-480x181.jpg 480w, https:\/\/paca.lpo.fr\/blogs\/pays-brianconnais\/files\/2015\/06\/27.moucherolle-\u00e0-longs-brins-piranga-vermillon-960x363.jpg 960w, https:\/\/paca.lpo.fr\/blogs\/pays-brianconnais\/files\/2015\/06\/27.moucherolle-\u00e0-longs-brins-piranga-vermillon-700x265.jpg 700w, https:\/\/paca.lpo.fr\/blogs\/pays-brianconnais\/files\/2015\/06\/27.moucherolle-\u00e0-longs-brins-piranga-vermillon-900x340.jpg 900w, https:\/\/paca.lpo.fr\/blogs\/pays-brianconnais\/files\/2015\/06\/27.moucherolle-\u00e0-longs-brins-piranga-vermillon.jpg 1024w\" sizes=\"auto, (max-width: 480px) 100vw, 480px\" \/><\/a><figcaption id=\"caption-attachment-1451\" class=\"wp-caption-text\">Moucherolle \u00e0 longs brins &#8211; Piranga vermillon<\/figcaption><\/figure>\n<p>&nbsp;<\/p>\n<p><span style=\"color: #000000\">Dans la famille des mammif\u00e8res\u00a0: <\/span><span style=\"color: #007826\"><strong><span style=\"font-size: large\">Le paresseux \u00e0 trois doigts.<\/span><\/strong><\/span><span style=\"color: #007826\"><strong><span style=\"font-size: large\">Le singe hurleur :<\/span><\/strong><\/span><span style=\"color: #000000\"><span style=\"font-size: medium\">Ce singe pousse des hurlements impressionnants.<\/span><\/span><span style=\"color: #007826\"><strong><span style=\"font-size: large\">Le p\u00e9cari \u00e0 collier :<\/span><\/strong><\/span><span style=\"color: #000000\"><span style=\"font-size: medium\">Cet animal ressemble \u00e0 un petit sanglier .Des poils plus clairs forment une sorte de collier autour de son cou d&rsquo;o\u00f9 son nom.<\/span><\/span><span style=\"color: #007826\"><strong><span style=\"font-size: large\">Le Tamandua du Mexique :<\/span><\/strong><\/span><span style=\"color: #000000\"><span style=\"font-size: medium\">C&rsquo;est un fourmilier qui vit dans les arbres .Sa<span lang=\"fr-FR\"> fourrure est jaune p\u00e2le sur la plus grande partie du corps, avec une partie noire sur les flancs, le dos et les \u00e9paules, qui ressemble quelque peu par sa forme \u00e0 une veste.<\/span><\/span><\/span><\/p>\n<figure id=\"attachment_1452\" aria-describedby=\"caption-attachment-1452\" style=\"width: 480px\" class=\"wp-caption aligncenter\"><a href=\"http:\/\/paca.lpo.fr\/blogs\/pays-brianconnais\/files\/2015\/06\/28.Singe-hurleur-paresseux-\u00e0-trois-doigts-tamandua-du-mexique-p\u00e9cari.jpg\"><img loading=\"lazy\" decoding=\"async\" class=\"size-medium wp-image-1452\" src=\"http:\/\/paca.lpo.fr\/blogs\/pays-brianconnais\/files\/2015\/06\/28.Singe-hurleur-paresseux-\u00e0-trois-doigts-tamandua-du-mexique-p\u00e9cari-480x351.jpg\" alt=\"Singe hurleur -Paresseux \u00e0 trois doigts - Tamandua du Mexique - P\u00e9cari\" width=\"480\" height=\"351\" srcset=\"https:\/\/paca.lpo.fr\/blogs\/pays-brianconnais\/files\/2015\/06\/28.Singe-hurleur-paresseux-\u00e0-trois-doigts-tamandua-du-mexique-p\u00e9cari-480x351.jpg 480w, https:\/\/paca.lpo.fr\/blogs\/pays-brianconnais\/files\/2015\/06\/28.Singe-hurleur-paresseux-\u00e0-trois-doigts-tamandua-du-mexique-p\u00e9cari-700x511.jpg 700w, https:\/\/paca.lpo.fr\/blogs\/pays-brianconnais\/files\/2015\/06\/28.Singe-hurleur-paresseux-\u00e0-trois-doigts-tamandua-du-mexique-p\u00e9cari.jpg 850w\" sizes=\"auto, (max-width: 480px) 100vw, 480px\" \/><\/a><figcaption id=\"caption-attachment-1452\" class=\"wp-caption-text\">Singe hurleur -Paresseux \u00e0 trois doigts &#8211; Tamandua du Mexique &#8211; P\u00e9cari<\/figcaption><\/figure>\n<p>&nbsp;<\/p>\n<p><span style=\"color: #000000\">Pour changer un peu\u00a0 quelques amphibiens\u00a0:<\/span><span style=\"color: #000000\"><strong><span style=\"font-size: large\"><span style=\"color: #007826\">Strawberry poison-dart frog<u>\u00a0<\/u><\/span><\/span><\/strong>( Oophaga pumilio ou dendrobate fraise):<\/span><span style=\"color: #000000\">Cette rainette ,de la grosseur de l\u2019ongle d\u2019un doigt ,est tr\u00e8s color\u00e9e et aussi tr\u00e8s venimeuse.<\/span><span style=\"color: #000000\"><span style=\"color: #007826;font-size: large\"><strong>Green and black poison frog<\/strong><\/span> ( dendrobate auratus).<\/span><span style=\"color: #000000\">Petite grenouille ,elle aussi venimeuse.<\/span><span style=\"color: #007826\"><span style=\"font-size: large\"><span style=\"color: #007826\"><strong>Marine toad <\/strong><\/span><span style=\"color: #000000\">(le crapaud marin).<\/span><\/span><\/span><\/p>\n<figure id=\"attachment_1453\" aria-describedby=\"caption-attachment-1453\" style=\"width: 480px\" class=\"wp-caption aligncenter\"><a href=\"http:\/\/paca.lpo.fr\/blogs\/pays-brianconnais\/files\/2015\/06\/29.-OOphaga-pumilio-ou-dendrobate-fraise-crapaud-marin-dendrobate-auratus.jpg\"><img loading=\"lazy\" decoding=\"async\" class=\"size-medium wp-image-1453\" src=\"http:\/\/paca.lpo.fr\/blogs\/pays-brianconnais\/files\/2015\/06\/29.-OOphaga-pumilio-ou-dendrobate-fraise-crapaud-marin-dendrobate-auratus-480x233.jpg\" alt=\"Dendrobate fraise ou grenouille blue jean - Crapaud marin - Dendrobate auratus\" width=\"480\" height=\"233\" srcset=\"https:\/\/paca.lpo.fr\/blogs\/pays-brianconnais\/files\/2015\/06\/29.-OOphaga-pumilio-ou-dendrobate-fraise-crapaud-marin-dendrobate-auratus-480x233.jpg 480w, https:\/\/paca.lpo.fr\/blogs\/pays-brianconnais\/files\/2015\/06\/29.-OOphaga-pumilio-ou-dendrobate-fraise-crapaud-marin-dendrobate-auratus-960x466.jpg 960w, https:\/\/paca.lpo.fr\/blogs\/pays-brianconnais\/files\/2015\/06\/29.-OOphaga-pumilio-ou-dendrobate-fraise-crapaud-marin-dendrobate-auratus-700x340.jpg 700w, https:\/\/paca.lpo.fr\/blogs\/pays-brianconnais\/files\/2015\/06\/29.-OOphaga-pumilio-ou-dendrobate-fraise-crapaud-marin-dendrobate-auratus-900x437.jpg 900w, https:\/\/paca.lpo.fr\/blogs\/pays-brianconnais\/files\/2015\/06\/29.-OOphaga-pumilio-ou-dendrobate-fraise-crapaud-marin-dendrobate-auratus.jpg 1000w\" sizes=\"auto, (max-width: 480px) 100vw, 480px\" \/><\/a><figcaption id=\"caption-attachment-1453\" class=\"wp-caption-text\">Dendrobate fraise ou grenouille blue jean &#8211; Crapaud marin &#8211; Dendrobate auratus<\/figcaption><\/figure>\n<p>&nbsp;<\/p>\n<p><span style=\"color: #007826;font-size: large\"><strong>Gr<\/strong><\/span><span style=\"color: #007826;font-size: large\"><strong>een basilik <\/strong><\/span><span style=\"font-size: medium\"><span style=\"color: #000000\">( basilic ou j\u00e9sus christ).<\/span><\/span>C&rsquo;est le fameux l\u00e9zard qui court sur l&rsquo;eau .Il y a aussi <span style=\"color: #007826;font-size: large\"><strong>l&rsquo;iguane vert.<\/strong><\/span><\/p>\n<figure id=\"attachment_1454\" aria-describedby=\"caption-attachment-1454\" style=\"width: 480px\" class=\"wp-caption aligncenter\"><a href=\"http:\/\/paca.lpo.fr\/blogs\/pays-brianconnais\/files\/2015\/06\/30.-basilic-iguane-vert.jpg\"><img loading=\"lazy\" decoding=\"async\" class=\"size-medium wp-image-1454\" src=\"http:\/\/paca.lpo.fr\/blogs\/pays-brianconnais\/files\/2015\/06\/30.-basilic-iguane-vert-480x181.jpg\" alt=\"Basilic - Iguane vert\" width=\"480\" height=\"181\" srcset=\"https:\/\/paca.lpo.fr\/blogs\/pays-brianconnais\/files\/2015\/06\/30.-basilic-iguane-vert-480x181.jpg 480w, https:\/\/paca.lpo.fr\/blogs\/pays-brianconnais\/files\/2015\/06\/30.-basilic-iguane-vert-960x363.jpg 960w, https:\/\/paca.lpo.fr\/blogs\/pays-brianconnais\/files\/2015\/06\/30.-basilic-iguane-vert-700x265.jpg 700w, https:\/\/paca.lpo.fr\/blogs\/pays-brianconnais\/files\/2015\/06\/30.-basilic-iguane-vert-900x340.jpg 900w, https:\/\/paca.lpo.fr\/blogs\/pays-brianconnais\/files\/2015\/06\/30.-basilic-iguane-vert.jpg 1000w\" sizes=\"auto, (max-width: 480px) 100vw, 480px\" \/><\/a><figcaption id=\"caption-attachment-1454\" class=\"wp-caption-text\">Basilic &#8211; Iguane vert<\/figcaption><\/figure>\n<p>&nbsp;<\/p>\n<p><span style=\"color: #000000\"><span style=\"color: #007826\"> <strong>Un Morpho<\/strong><\/span>\u00a0: c&rsquo;est un des plus grand papillon .Ces ailes sont d&rsquo;un bleu \u00e9lectrique .<\/span><\/p>\n<p><a href=\"http:\/\/paca.lpo.fr\/blogs\/pays-brianconnais\/files\/2015\/06\/31.Morpho-pt1.jpg\"><img loading=\"lazy\" decoding=\"async\" class=\"aligncenter size-medium wp-image-1455\" src=\"http:\/\/paca.lpo.fr\/blogs\/pays-brianconnais\/files\/2015\/06\/31.Morpho-pt1-480x312.jpg\" alt=\"31.Morpho - pt1\" width=\"480\" height=\"312\" srcset=\"https:\/\/paca.lpo.fr\/blogs\/pays-brianconnais\/files\/2015\/06\/31.Morpho-pt1-480x312.jpg 480w, https:\/\/paca.lpo.fr\/blogs\/pays-brianconnais\/files\/2015\/06\/31.Morpho-pt1.jpg 500w\" sizes=\"auto, (max-width: 480px) 100vw, 480px\" \/><\/a><\/p>\n<p><span style=\"color: #000000;font-size: large\"><u><strong><em>Cinqui\u00e8me site\u00a0: Rara Avis<\/em><\/strong><\/u><\/span><\/p>\n<div id=\"main-wrapper\" dir=\"LTR\">\n<div id=\"column\" dir=\"LTR\">\n<p>Pour rejoindre ce site le seul moyen de locomotion c&rsquo;est le tracteur ou le cheval car les chemins sont pierreux et boueux avec beaucoup d&rsquo;orni\u00e8res.Pour nos deux voyageurs ce sera 4h30 de cheval.Le confort est tr\u00e8s rustique.<\/p>\n<p><a href=\"http:\/\/paca.lpo.fr\/blogs\/pays-brianconnais\/files\/2015\/06\/32.Rara-Avis.jpg\"><img loading=\"lazy\" decoding=\"async\" class=\"aligncenter size-medium wp-image-1456\" src=\"http:\/\/paca.lpo.fr\/blogs\/pays-brianconnais\/files\/2015\/06\/32.Rara-Avis-480x384.jpg\" alt=\"32.Rara Avis\" width=\"480\" height=\"384\" srcset=\"https:\/\/paca.lpo.fr\/blogs\/pays-brianconnais\/files\/2015\/06\/32.Rara-Avis-480x384.jpg 480w, https:\/\/paca.lpo.fr\/blogs\/pays-brianconnais\/files\/2015\/06\/32.Rara-Avis.jpg 700w\" sizes=\"auto, (max-width: 480px) 100vw, 480px\" \/><\/a><\/p>\n<p>C&rsquo;est le pays des \u00ab\u00a0sales b\u00eates\u00a0\u00bb13 esp\u00e8ces de serpents mortels dont 9 communs.<\/p>\n<p>Site assez d\u00e9cevant pour l&rsquo;ornithologie.Quelques jolies rencontres.<\/p>\n<p><span style=\"color: #007826;font-size: large\"><strong>Montezuma oropendola<\/strong><\/span> (cassique de montezuma).<span style=\"color: #007826;font-size: large\"><strong>White necked jacobin<\/strong><\/span> ( colibri jacobin).<\/p>\n<figure id=\"attachment_1457\" aria-describedby=\"caption-attachment-1457\" style=\"width: 480px\" class=\"wp-caption aligncenter\"><a href=\"http:\/\/paca.lpo.fr\/blogs\/pays-brianconnais\/files\/2015\/06\/33.Cassique-de-montezuma-colibri-jacobin.jpg\"><img loading=\"lazy\" decoding=\"async\" class=\"size-medium wp-image-1457\" src=\"http:\/\/paca.lpo.fr\/blogs\/pays-brianconnais\/files\/2015\/06\/33.Cassique-de-montezuma-colibri-jacobin-480x216.jpg\" alt=\"Cassique de Montezuma - Colibri jacobin\" width=\"480\" height=\"216\" srcset=\"https:\/\/paca.lpo.fr\/blogs\/pays-brianconnais\/files\/2015\/06\/33.Cassique-de-montezuma-colibri-jacobin-480x216.jpg 480w, https:\/\/paca.lpo.fr\/blogs\/pays-brianconnais\/files\/2015\/06\/33.Cassique-de-montezuma-colibri-jacobin-700x315.jpg 700w, https:\/\/paca.lpo.fr\/blogs\/pays-brianconnais\/files\/2015\/06\/33.Cassique-de-montezuma-colibri-jacobin.jpg 900w\" sizes=\"auto, (max-width: 480px) 100vw, 480px\" \/><\/a><figcaption id=\"caption-attachment-1457\" class=\"wp-caption-text\">Cassique de Montezuma &#8211; Colibri jacobin<\/figcaption><\/figure>\n<p>&nbsp;<\/p>\n<p><span style=\"color: #007826;font-size: large\"><strong>Empreinte d&rsquo;ocelot <\/strong><\/span>( toujours avoir son bic sur soi!!!).<span style=\"color: #007826\"><strong><span style=\"font-size: large\">Une menthe au bar<\/span><\/strong><\/span><u><span style=\"color: #007826\"><strong><span style=\"font-size: large\">.<\/span><\/strong><\/span><\/u><span style=\"color: #000000\"><span style=\"font-size: medium\">Superbe menthe religieuse\u00a0!!<\/span><\/span><\/p>\n<p><a href=\"http:\/\/paca.lpo.fr\/blogs\/pays-brianconnais\/files\/2015\/06\/34.-empreinte-ocelot-mhente-au-bar.jpg\"><img loading=\"lazy\" decoding=\"async\" class=\"aligncenter size-medium wp-image-1458\" src=\"http:\/\/paca.lpo.fr\/blogs\/pays-brianconnais\/files\/2015\/06\/34.-empreinte-ocelot-mhente-au-bar-480x156.jpg\" alt=\"34. empreinte ocelot- mhente au bar\" width=\"480\" height=\"156\" srcset=\"https:\/\/paca.lpo.fr\/blogs\/pays-brianconnais\/files\/2015\/06\/34.-empreinte-ocelot-mhente-au-bar-480x156.jpg 480w, https:\/\/paca.lpo.fr\/blogs\/pays-brianconnais\/files\/2015\/06\/34.-empreinte-ocelot-mhente-au-bar-960x311.jpg 960w, https:\/\/paca.lpo.fr\/blogs\/pays-brianconnais\/files\/2015\/06\/34.-empreinte-ocelot-mhente-au-bar-700x227.jpg 700w, https:\/\/paca.lpo.fr\/blogs\/pays-brianconnais\/files\/2015\/06\/34.-empreinte-ocelot-mhente-au-bar-900x292.jpg 900w, https:\/\/paca.lpo.fr\/blogs\/pays-brianconnais\/files\/2015\/06\/34.-empreinte-ocelot-mhente-au-bar.jpg 1000w\" sizes=\"auto, (max-width: 480px) 100vw, 480px\" \/><\/a><\/p>\n<p><span style=\"font-size: large\"><span style=\"color: #007826;font-size: large\"><strong>Brilliant forest frog <\/strong><\/span><span style=\"color: #000000\">( grenouille de <\/span><\/span><span style=\"color: #000000\"> Warschewitsch<\/span><span style=\"color: #000000\"> ).<\/span><span style=\"color: #007826;font-size: large\"><strong>Satiny parrot snake <\/strong><\/span>(serpent de perroquet) non venimeux.<\/p>\n<p><a href=\"http:\/\/paca.lpo.fr\/blogs\/pays-brianconnais\/files\/2015\/06\/35.grenouille-de-warschewitsch-serpent-de-perroquet.jpg\"><img loading=\"lazy\" decoding=\"async\" class=\"aligncenter size-medium wp-image-1459\" src=\"http:\/\/paca.lpo.fr\/blogs\/pays-brianconnais\/files\/2015\/06\/35.grenouille-de-warschewitsch-serpent-de-perroquet-480x194.jpg\" alt=\"35.grenouille de warschewitsch -serpent de perroquet\" width=\"480\" height=\"194\" srcset=\"https:\/\/paca.lpo.fr\/blogs\/pays-brianconnais\/files\/2015\/06\/35.grenouille-de-warschewitsch-serpent-de-perroquet-480x194.jpg 480w, https:\/\/paca.lpo.fr\/blogs\/pays-brianconnais\/files\/2015\/06\/35.grenouille-de-warschewitsch-serpent-de-perroquet-960x389.jpg 960w, https:\/\/paca.lpo.fr\/blogs\/pays-brianconnais\/files\/2015\/06\/35.grenouille-de-warschewitsch-serpent-de-perroquet-700x284.jpg 700w, https:\/\/paca.lpo.fr\/blogs\/pays-brianconnais\/files\/2015\/06\/35.grenouille-de-warschewitsch-serpent-de-perroquet-900x365.jpg 900w, https:\/\/paca.lpo.fr\/blogs\/pays-brianconnais\/files\/2015\/06\/35.grenouille-de-warschewitsch-serpent-de-perroquet-800x324.jpg 800w, https:\/\/paca.lpo.fr\/blogs\/pays-brianconnais\/files\/2015\/06\/35.grenouille-de-warschewitsch-serpent-de-perroquet.jpg 1000w\" sizes=\"auto, (max-width: 480px) 100vw, 480px\" \/><\/a><\/p>\n<p>En plus de toutes\u00a0les photos nous avons pu admirer des vid\u00e9os&#8230;. ( que je n&rsquo;ai pas pu mettre sur le blog !!!) .<\/p>\n<p>Heureusement philippe avait pr\u00e9vu deux dates ce qui a permis \u00e0 14 personnes ( en deux fois) d&rsquo;admirer cette magnifique projection.<\/p>\n<p>Et voil\u00e0 la derni\u00e8re diapo de la projection&#8230;.Il ne faut tout de m\u00eame pas oublier que c&rsquo;\u00e9tait des vacances\u00a0!!!<\/p>\n<p><a href=\"http:\/\/paca.lpo.fr\/blogs\/pays-brianconnais\/files\/2015\/06\/36.Les-vacances.jpg\"><img loading=\"lazy\" decoding=\"async\" class=\"aligncenter size-medium wp-image-1460\" src=\"http:\/\/paca.lpo.fr\/blogs\/pays-brianconnais\/files\/2015\/06\/36.Les-vacances-480x323.jpg\" alt=\"36.Les vacances\" width=\"480\" height=\"323\" srcset=\"https:\/\/paca.lpo.fr\/blogs\/pays-brianconnais\/files\/2015\/06\/36.Les-vacances-480x323.jpg 480w, https:\/\/paca.lpo.fr\/blogs\/pays-brianconnais\/files\/2015\/06\/36.Les-vacances.jpg 650w\" sizes=\"auto, (max-width: 480px) 100vw, 480px\" \/><\/a><\/p>\n<\/div>\n<\/div>\n<p>&nbsp;<\/p>\n<p><a href=\"http:\/\/www.gif-maniac.com\/gifs\/51\/51268.gif\" target=\"_Blank\"><img decoding=\"async\" src=\"http:\/\/www.gif-maniac.com\/gifs\/51\/51268.gif\" alt=\"bravo 697\" border=\"0\" \/><\/a><\/p>\n","protected":false},"excerpt":{"rendered":"<p>Et c&rsquo;est parti pour un nouveau pays&#8230;..D\u00e9cid\u00e9ment nos Brian\u00e7onnais sont des globe-trotters.Cette fois c&rsquo;est Philippe qui nous pr\u00e9sente le Costa Rica.Il est parti avec un ami pour un s\u00e9jour ornitho avec comme objectif la partie nord et 5 sites diff\u00e9rents. D&rsquo;abord petite pr\u00e9sentation du pays\u00a0:Le Costa Rica se situe entre le Panama et le Nicaragua [&hellip;]<\/p>\n","protected":false},"author":37,"featured_media":1491,"comment_status":"open","ping_status":"open","sticky":false,"template":"","format":"standard","meta":{"footnotes":""},"categories":[1],"tags":[491,71],"class_list":["post-1462","post","type-post","status-publish","format-standard","has-post-thumbnail","hentry","category-activites-du-groupe-lpo-pays-brianconnais","tag-costa-rica","tag-projection"],"jetpack_featured_media_url":"https:\/\/paca.lpo.fr\/blogs\/pays-brianconnais\/files\/2015\/07\/Frog-costa-rica.jpg","_links":{"self":[{"href":"https:\/\/paca.lpo.fr\/blogs\/pays-brianconnais\/wp-json\/wp\/v2\/posts\/1462","targetHints":{"allow":["GET"]}}],"collection":[{"href":"https:\/\/paca.lpo.fr\/blogs\/pays-brianconnais\/wp-json\/wp\/v2\/posts"}],"about":[{"href":"https:\/\/paca.lpo.fr\/blogs\/pays-brianconnais\/wp-json\/wp\/v2\/types\/post"}],"author":[{"embeddable":true,"href":"https:\/\/paca.lpo.fr\/blogs\/pays-brianconnais\/wp-json\/wp\/v2\/users\/37"}],"replies":[{"embeddable":true,"href":"https:\/\/paca.lpo.fr\/blogs\/pays-brianconnais\/wp-json\/wp\/v2\/comments?post=1462"}],"version-history":[{"count":4,"href":"https:\/\/paca.lpo.fr\/blogs\/pays-brianconnais\/wp-json\/wp\/v2\/posts\/1462\/revisions"}],"predecessor-version":[{"id":1469,"href":"https:\/\/paca.lpo.fr\/blogs\/pays-brianconnais\/wp-json\/wp\/v2\/posts\/1462\/revisions\/1469"}],"wp:featuredmedia":[{"embeddable":true,"href":"https:\/\/paca.lpo.fr\/blogs\/pays-brianconnais\/wp-json\/wp\/v2\/media\/1491"}],"wp:attachment":[{"href":"https:\/\/paca.lpo.fr\/blogs\/pays-brianconnais\/wp-json\/wp\/v2\/media?parent=1462"}],"wp:term":[{"taxonomy":"category","embeddable":true,"href":"https:\/\/paca.lpo.fr\/blogs\/pays-brianconnais\/wp-json\/wp\/v2\/categories?post=1462"},{"taxonomy":"post_tag","embeddable":true,"href":"https:\/\/paca.lpo.fr\/blogs\/pays-brianconnais\/wp-json\/wp\/v2\/tags?post=1462"}],"curies":[{"name":"wp","href":"https:\/\/api.w.org\/{rel}","templated":true}]}}