{"id":1477,"date":"2015-07-03T21:07:43","date_gmt":"2015-07-03T20:07:43","guid":{"rendered":"http:\/\/paca.lpo.fr\/blogs\/pays-brianconnais\/?p=1477"},"modified":"2015-07-04T12:38:46","modified_gmt":"2015-07-04T11:38:46","slug":"fete-de-la-nature-2015","status":"publish","type":"post","link":"https:\/\/paca.lpo.fr\/blogs\/pays-brianconnais\/2015\/07\/03\/fete-de-la-nature-2015\/","title":{"rendered":"F\u00eate de la nature 2015"},"content":{"rendered":"<p>Cette ann\u00e9e le th\u00e8me \u00e9tait \u00ab\u00a0 au fil de l&rsquo;eau\u00a0\u00bb\u00a0.<\/p>\n<p>Alors dans le Brian\u00e7onnais il y a des lacs mais en altitude et des cours d&rsquo;eau plus facile d&rsquo;acc\u00e8s.<\/p>\n<p>Petit r\u00e9flexion et hop &#8230;\u00a0lumi\u00e8re&#8230;<\/p>\n<p><a href=\"http:\/\/paca.lpo.fr\/blogs\/pays-brianconnais\/files\/2015\/07\/id\u00e9e.gif\"><img loading=\"lazy\" decoding=\"async\" class=\"aligncenter size-full wp-image-1474\" src=\"http:\/\/paca.lpo.fr\/blogs\/pays-brianconnais\/files\/2015\/07\/id\u00e9e.gif\" alt=\"id\u00e9e\" width=\"246\" height=\"299\" \/><\/a><\/p>\n<p>L&rsquo;oiseau qui r\u00e8gne dans ce milieu l\u00e0 c&rsquo;est bien s\u00fbr le cincle plongeur.<\/p>\n<p>Donc c&rsquo;est d\u00e9cid\u00e9, cette ann\u00e9e ,Val\u00e9rie ( b\u00e9n\u00e9vole du\u00a0 groupe Brian\u00e7onnais ) propose une sortie sur le th\u00e8me de cet oiseau.Le rendez vous est donn\u00e9 pour le dimanche 24 mai 2015.Seulement 4 personnes au rendez vous pour cette balade le long de\u00a0 la\u00a0Guisane en partant de Monetiers- les- bains jusqu&rsquo;au hameau du Casset.<\/p>\n<p><a href=\"http:\/\/paca.lpo.fr\/blogs\/pays-brianconnais\/files\/2015\/07\/fete-de-la-nature-2015-Copie.jpg\"><img loading=\"lazy\" decoding=\"async\" class=\"aligncenter size-medium wp-image-1475\" src=\"http:\/\/paca.lpo.fr\/blogs\/pays-brianconnais\/files\/2015\/07\/fete-de-la-nature-2015-Copie-480x262.jpg\" alt=\"fete de la nature 2015 - Copie\" width=\"480\" height=\"262\" srcset=\"https:\/\/paca.lpo.fr\/blogs\/pays-brianconnais\/files\/2015\/07\/fete-de-la-nature-2015-Copie-480x262.jpg 480w, https:\/\/paca.lpo.fr\/blogs\/pays-brianconnais\/files\/2015\/07\/fete-de-la-nature-2015-Copie-960x523.jpg 960w, https:\/\/paca.lpo.fr\/blogs\/pays-brianconnais\/files\/2015\/07\/fete-de-la-nature-2015-Copie-700x382.jpg 700w, https:\/\/paca.lpo.fr\/blogs\/pays-brianconnais\/files\/2015\/07\/fete-de-la-nature-2015-Copie-900x491.jpg 900w, https:\/\/paca.lpo.fr\/blogs\/pays-brianconnais\/files\/2015\/07\/fete-de-la-nature-2015-Copie-800x436.jpg 800w, https:\/\/paca.lpo.fr\/blogs\/pays-brianconnais\/files\/2015\/07\/fete-de-la-nature-2015-Copie.jpg 1000w\" sizes=\"auto, (max-width: 480px) 100vw, 480px\" \/><\/a><\/p>\n<p>Certes c&rsquo;est un oiseau farouche mais nous avons eu beaucoup de chance de l&rsquo;apercevoir \u00e0 plusieurs reprise.Nous avons pu observer \u00e9galement un juv\u00e9nile.De nombreuses autres esp\u00e8ces:bergeronnettes des ruisseaux,chevalier guignette,pie gri\u00e8che \u00e9corcheur,tarier des pr\u00e9s,bondr\u00e9e apivore,grive litorne&#8230;..nous ont ravi.<\/p>\n<p>Une belle d\u00e9couverte pour f\u00eater dignement \u00ab\u00a0la f\u00eate de la nature\u00a0\u00bb<\/p>\n","protected":false},"excerpt":{"rendered":"<p>Cette ann\u00e9e le th\u00e8me \u00e9tait \u00ab\u00a0 au fil de l&rsquo;eau\u00a0\u00bb\u00a0. Alors dans le Brian\u00e7onnais il y a des lacs mais en altitude et des cours d&rsquo;eau plus facile d&rsquo;acc\u00e8s. Petit r\u00e9flexion et hop &#8230;\u00a0lumi\u00e8re&#8230; L&rsquo;oiseau qui r\u00e8gne dans ce milieu l\u00e0 c&rsquo;est bien s\u00fbr le cincle plongeur. Donc c&rsquo;est d\u00e9cid\u00e9, cette ann\u00e9e ,Val\u00e9rie ( b\u00e9n\u00e9vole [&hellip;]<\/p>\n","protected":false},"author":37,"featured_media":1488,"comment_status":"open","ping_status":"open","sticky":false,"template":"","format":"standard","meta":{"footnotes":""},"categories":[1],"tags":[],"class_list":["post-1477","post","type-post","status-publish","format-standard","has-post-thumbnail","hentry","category-activites-du-groupe-lpo-pays-brianconnais"],"jetpack_featured_media_url":"https:\/\/paca.lpo.fr\/blogs\/pays-brianconnais\/files\/2015\/07\/image_preview12.jpg","_links":{"self":[{"href":"https:\/\/paca.lpo.fr\/blogs\/pays-brianconnais\/wp-json\/wp\/v2\/posts\/1477","targetHints":{"allow":["GET"]}}],"collection":[{"href":"https:\/\/paca.lpo.fr\/blogs\/pays-brianconnais\/wp-json\/wp\/v2\/posts"}],"about":[{"href":"https:\/\/paca.lpo.fr\/blogs\/pays-brianconnais\/wp-json\/wp\/v2\/types\/post"}],"author":[{"embeddable":true,"href":"https:\/\/paca.lpo.fr\/blogs\/pays-brianconnais\/wp-json\/wp\/v2\/users\/37"}],"replies":[{"embeddable":true,"href":"https:\/\/paca.lpo.fr\/blogs\/pays-brianconnais\/wp-json\/wp\/v2\/comments?post=1477"}],"version-history":[{"count":4,"href":"https:\/\/paca.lpo.fr\/blogs\/pays-brianconnais\/wp-json\/wp\/v2\/posts\/1477\/revisions"}],"predecessor-version":[{"id":1495,"href":"https:\/\/paca.lpo.fr\/blogs\/pays-brianconnais\/wp-json\/wp\/v2\/posts\/1477\/revisions\/1495"}],"wp:featuredmedia":[{"embeddable":true,"href":"https:\/\/paca.lpo.fr\/blogs\/pays-brianconnais\/wp-json\/wp\/v2\/media\/1488"}],"wp:attachment":[{"href":"https:\/\/paca.lpo.fr\/blogs\/pays-brianconnais\/wp-json\/wp\/v2\/media?parent=1477"}],"wp:term":[{"taxonomy":"category","embeddable":true,"href":"https:\/\/paca.lpo.fr\/blogs\/pays-brianconnais\/wp-json\/wp\/v2\/categories?post=1477"},{"taxonomy":"post_tag","embeddable":true,"href":"https:\/\/paca.lpo.fr\/blogs\/pays-brianconnais\/wp-json\/wp\/v2\/tags?post=1477"}],"curies":[{"name":"wp","href":"https:\/\/api.w.org\/{rel}","templated":true}]}}