{"id":1512,"date":"2015-08-25T13:03:27","date_gmt":"2015-08-25T12:03:27","guid":{"rendered":"http:\/\/paca.lpo.fr\/blogs\/pays-brianconnais\/?p=1512"},"modified":"2015-08-25T13:03:27","modified_gmt":"2015-08-25T12:03:27","slug":"sortie-conjointe-embrun-briancon-deuxieme-edition","status":"publish","type":"post","link":"https:\/\/paca.lpo.fr\/blogs\/pays-brianconnais\/2015\/08\/25\/sortie-conjointe-embrun-briancon-deuxieme-edition\/","title":{"rendered":"Sortie conjointe Embrun-Brian\u00e7on &#8230;..Deuxi\u00e8me \u00e9dition&#8230;&#8230;"},"content":{"rendered":"<p>Avec Annette et Marc du groupe d&rsquo;Embrun nous avions convenu de refaire une sortie commune.Nous trouvons \u00e7a tr\u00e8s bien de pouvoir se conna\u00eetre et se rencontrer entre groupe local.Car finalement Embrun c&rsquo;est pas si loin de Brian\u00e7on.<\/p>\n<p>Restait plus qu&rsquo;\u00e0 fixer une date et un lieu.Le 21 juin au pr\u00e9 de Mme Carle .C&rsquo;est un lieu au paysage magique o\u00f9 l&rsquo;on peut voir des sizerins \u00ab\u00a0cabaret\u00a0\u00bb.<\/p>\n<p>Par une belle journ\u00e9e six b\u00e9n\u00e9voles d&rsquo;Embrun et deux de Brian\u00e7on se retrouvent pour une journ\u00e9e ornitho \u00e0 fond. Le principal but c&rsquo;est bien s\u00fbr les sizerins. Ce petit oiseau c&rsquo;est install\u00e9 l\u00e0 haut au pied du glacier blanc .<\/p>\n<p>Tout le monde prend le chemin \u00e0 la recherche de cette boule tachet\u00e9 avec ses belles couleurs rouges sur l&rsquo;abdomen et sur la calotte. Les d\u00e9buts sont laborieux ils passent \u00e0 toute vitesse et ne se posent pas.<\/p>\n<p><a href=\"http:\/\/paca.lpo.fr\/blogs\/pays-brianconnais\/files\/2015\/08\/sortie-LPO-Embrun-brian\u00e7on-21-juin-2015-Copie.jpg\"><img loading=\"lazy\" decoding=\"async\" class=\"aligncenter size-medium wp-image-1505\" src=\"http:\/\/paca.lpo.fr\/blogs\/pays-brianconnais\/files\/2015\/08\/sortie-LPO-Embrun-brian\u00e7on-21-juin-2015-Copie-480x347.jpg\" alt=\"sortie LPO Embrun brian\u00e7on 21 juin 2015 - Copie\" width=\"480\" height=\"347\" srcset=\"https:\/\/paca.lpo.fr\/blogs\/pays-brianconnais\/files\/2015\/08\/sortie-LPO-Embrun-brian\u00e7on-21-juin-2015-Copie-480x347.jpg 480w, https:\/\/paca.lpo.fr\/blogs\/pays-brianconnais\/files\/2015\/08\/sortie-LPO-Embrun-brian\u00e7on-21-juin-2015-Copie-700x505.jpg 700w, https:\/\/paca.lpo.fr\/blogs\/pays-brianconnais\/files\/2015\/08\/sortie-LPO-Embrun-brian\u00e7on-21-juin-2015-Copie-900x650.jpg 900w, https:\/\/paca.lpo.fr\/blogs\/pays-brianconnais\/files\/2015\/08\/sortie-LPO-Embrun-brian\u00e7on-21-juin-2015-Copie.jpg 950w\" sizes=\"auto, (max-width: 480px) 100vw, 480px\" \/><\/a><\/p>\n<p>Pas grave car nous sommes tous patients et motiv\u00e9s. Ils ne nous d\u00e9motiveront pas.<\/p>\n<p>Le premier coop\u00e9ratif sera un rouge queue noir .<\/p>\n<p>Deux marmottes broutent l&rsquo;herbe tranquille car pour l&rsquo;instant il y a du monde mais sur le chemin en direction des diff\u00e9rents d\u00e9parts de balade. La nature environnante ne semble pas attirer les randonneurs .<\/p>\n<p>Plusieurs arr\u00eats mais toujours pas de sizerins. On les entend c&rsquo;est d\u00e9j\u00e0 pas si mal\u00a0!!!Puisqu&rsquo;ils ne veulent pas se montrer nous nous posons en esp\u00e9rant qu&rsquo;ils viendront \u00e0 nous. Pas boug\u00e9 c&rsquo;est peut \u00eatre la solution. Du coup belle observation d&rsquo;une grive draine qui chante sur un n\u00e9v\u00e9 .Pas banal\u00a0!!!<\/p>\n<p>Puis cri de victoire d\u2019\u00c9lie c&rsquo;est un merle \u00e0 plastron .C&rsquo;est pour moi car c&rsquo;est mon oiseau \u00ab\u00a0maudit\u00a0\u00bb.Et bien maintenant je l&rsquo;ai \u00ab\u00a0coch\u00e9\u00a0\u00bb!!!Na. Il m&rsquo;aura donn\u00e9 du fil \u00e0 retordre. Puis enfin les sizerins se posent. Malheureusement pour nos photographes la lumi\u00e8re n&rsquo;est pas bonne du tout . Mais pour nous observateur c&rsquo;est un grand moment. Enfin ils se d\u00e9cident \u00e0 \u00eatre coop\u00e9ratifs.<\/p>\n<p>N&rsquo;oublions pas les passereaux s\u00e9dentaires comme les chardonnerets et les pinsons des arbres nombreux en ce lieu.<\/p>\n<p><a href=\"http:\/\/paca.lpo.fr\/blogs\/pays-brianconnais\/files\/2015\/08\/sortie-LPO-Embrun-brian\u00e7on-21-juin-2015-001-Copie.jpg\"><img loading=\"lazy\" decoding=\"async\" class=\"aligncenter size-medium wp-image-1506\" src=\"http:\/\/paca.lpo.fr\/blogs\/pays-brianconnais\/files\/2015\/08\/sortie-LPO-Embrun-brian\u00e7on-21-juin-2015-001-Copie-480x343.jpg\" alt=\"sortie LPO Embrun brian\u00e7on 21 juin 2015-001 - Copie\" width=\"480\" height=\"343\" srcset=\"https:\/\/paca.lpo.fr\/blogs\/pays-brianconnais\/files\/2015\/08\/sortie-LPO-Embrun-brian\u00e7on-21-juin-2015-001-Copie-480x343.jpg 480w, https:\/\/paca.lpo.fr\/blogs\/pays-brianconnais\/files\/2015\/08\/sortie-LPO-Embrun-brian\u00e7on-21-juin-2015-001-Copie-700x500.jpg 700w, https:\/\/paca.lpo.fr\/blogs\/pays-brianconnais\/files\/2015\/08\/sortie-LPO-Embrun-brian\u00e7on-21-juin-2015-001-Copie-900x643.jpg 900w, https:\/\/paca.lpo.fr\/blogs\/pays-brianconnais\/files\/2015\/08\/sortie-LPO-Embrun-brian\u00e7on-21-juin-2015-001-Copie.jpg 950w\" sizes=\"auto, (max-width: 480px) 100vw, 480px\" \/><\/a><\/p>\n<p>D&rsquo;ailleurs en parlant de pinson des arbres en suivant des oiseaux avec de la nourriture dans le bec on d\u00e9couvre un nid avec des oisillons. Quel spectacle magnifique. C\u2019est toujours un r\u00e9gal de pouvoir observer les parents attentifs \u00e0 leur prog\u00e9niture .Leur donner la becqu\u00e9e. Sortir les sacs f\u00e9caux&#8230;<\/p>\n<p>Marc en fera d&rsquo;ailleurs une superbe vid\u00e9o que vous pouvez voir sur youtube sous le nom \u00ab\u00a0la chaleur dans le m\u00e9l\u00e8ze\u00a0\u00bb.<\/p>\n<p>Ci joint le lien pour voir et revoir\u00a0<span style=\"text-decoration: underline\">https:\/\/www.youtube.com\/watch?v=8JOd8c95r6Y<\/span><\/p>\n<p><a href=\"http:\/\/paca.lpo.fr\/blogs\/pays-brianconnais\/files\/2015\/08\/sortie-LPO-Embrun-brian\u00e7on-21-juin-2015-002-Copie.jpg\"><img loading=\"lazy\" decoding=\"async\" class=\"aligncenter size-medium wp-image-1507\" src=\"http:\/\/paca.lpo.fr\/blogs\/pays-brianconnais\/files\/2015\/08\/sortie-LPO-Embrun-brian\u00e7on-21-juin-2015-002-Copie-480x345.jpg\" alt=\"sortie LPO Embrun brian\u00e7on 21 juin 2015-002 - Copie\" width=\"480\" height=\"345\" srcset=\"https:\/\/paca.lpo.fr\/blogs\/pays-brianconnais\/files\/2015\/08\/sortie-LPO-Embrun-brian\u00e7on-21-juin-2015-002-Copie-480x345.jpg 480w, https:\/\/paca.lpo.fr\/blogs\/pays-brianconnais\/files\/2015\/08\/sortie-LPO-Embrun-brian\u00e7on-21-juin-2015-002-Copie-700x503.jpg 700w, https:\/\/paca.lpo.fr\/blogs\/pays-brianconnais\/files\/2015\/08\/sortie-LPO-Embrun-brian\u00e7on-21-juin-2015-002-Copie-900x647.jpg 900w, https:\/\/paca.lpo.fr\/blogs\/pays-brianconnais\/files\/2015\/08\/sortie-LPO-Embrun-brian\u00e7on-21-juin-2015-002-Copie-800x575.jpg 800w, https:\/\/paca.lpo.fr\/blogs\/pays-brianconnais\/files\/2015\/08\/sortie-LPO-Embrun-brian\u00e7on-21-juin-2015-002-Copie.jpg 950w\" sizes=\"auto, (max-width: 480px) 100vw, 480px\" \/><\/a><\/p>\n<p>Vraiment une belle journ\u00e9e en bonne compagnie. Un petit pot de l&rsquo;amiti\u00e9 et c&rsquo;est l&rsquo;heure de se rentrer.<\/p>\n<p>Nous laissons les sizerins et les autres oiseaux retrouver leur tranquillit\u00e9 car l\u00e0 haut au pr\u00e9 de Mme Carle du monde il y en a de tous les cot\u00e9s .<\/p>\n<p>A une prochaine balade commune .<\/p>\n","protected":false},"excerpt":{"rendered":"<p>Avec Annette et Marc du groupe d&rsquo;Embrun nous avions convenu de refaire une sortie commune.Nous trouvons \u00e7a tr\u00e8s bien de pouvoir se conna\u00eetre et se rencontrer entre groupe local.Car finalement Embrun c&rsquo;est pas si loin de Brian\u00e7on. Restait plus qu&rsquo;\u00e0 fixer une date et un lieu.Le 21 juin au pr\u00e9 de Mme Carle .C&rsquo;est un [&hellip;]<\/p>\n","protected":false},"author":37,"featured_media":1508,"comment_status":"open","ping_status":"open","sticky":false,"template":"","format":"standard","meta":{"footnotes":""},"categories":[1],"tags":[],"class_list":["post-1512","post","type-post","status-publish","format-standard","has-post-thumbnail","hentry","category-activites-du-groupe-lpo-pays-brianconnais"],"jetpack_featured_media_url":"https:\/\/paca.lpo.fr\/blogs\/pays-brianconnais\/files\/2015\/08\/le-groupe-Copie.jpg","_links":{"self":[{"href":"https:\/\/paca.lpo.fr\/blogs\/pays-brianconnais\/wp-json\/wp\/v2\/posts\/1512","targetHints":{"allow":["GET"]}}],"collection":[{"href":"https:\/\/paca.lpo.fr\/blogs\/pays-brianconnais\/wp-json\/wp\/v2\/posts"}],"about":[{"href":"https:\/\/paca.lpo.fr\/blogs\/pays-brianconnais\/wp-json\/wp\/v2\/types\/post"}],"author":[{"embeddable":true,"href":"https:\/\/paca.lpo.fr\/blogs\/pays-brianconnais\/wp-json\/wp\/v2\/users\/37"}],"replies":[{"embeddable":true,"href":"https:\/\/paca.lpo.fr\/blogs\/pays-brianconnais\/wp-json\/wp\/v2\/comments?post=1512"}],"version-history":[{"count":1,"href":"https:\/\/paca.lpo.fr\/blogs\/pays-brianconnais\/wp-json\/wp\/v2\/posts\/1512\/revisions"}],"predecessor-version":[{"id":1513,"href":"https:\/\/paca.lpo.fr\/blogs\/pays-brianconnais\/wp-json\/wp\/v2\/posts\/1512\/revisions\/1513"}],"wp:featuredmedia":[{"embeddable":true,"href":"https:\/\/paca.lpo.fr\/blogs\/pays-brianconnais\/wp-json\/wp\/v2\/media\/1508"}],"wp:attachment":[{"href":"https:\/\/paca.lpo.fr\/blogs\/pays-brianconnais\/wp-json\/wp\/v2\/media?parent=1512"}],"wp:term":[{"taxonomy":"category","embeddable":true,"href":"https:\/\/paca.lpo.fr\/blogs\/pays-brianconnais\/wp-json\/wp\/v2\/categories?post=1512"},{"taxonomy":"post_tag","embeddable":true,"href":"https:\/\/paca.lpo.fr\/blogs\/pays-brianconnais\/wp-json\/wp\/v2\/tags?post=1512"}],"curies":[{"name":"wp","href":"https:\/\/api.w.org\/{rel}","templated":true}]}}