{"id":1527,"date":"2015-08-27T13:36:48","date_gmt":"2015-08-27T12:36:48","guid":{"rendered":"http:\/\/paca.lpo.fr\/blogs\/pays-brianconnais\/?p=1527"},"modified":"2015-10-03T22:12:44","modified_gmt":"2015-10-03T21:12:44","slug":"la-fete-des-partias-2015","status":"publish","type":"post","link":"https:\/\/paca.lpo.fr\/blogs\/pays-brianconnais\/2015\/08\/27\/la-fete-des-partias-2015\/","title":{"rendered":"La f\u00eate des Partias 2015"},"content":{"rendered":"<p>D\u00e9j\u00e0 la troisi\u00e8me \u00e9dition\u00a0!!!Pour cette ann\u00e9e comme d&rsquo;habitude on s&rsquo;est pos\u00e9 au niveau de l&rsquo;aire de Saouto.<\/p>\n<p><a href=\"http:\/\/paca.lpo.fr\/blogs\/pays-brianconnais\/files\/2015\/08\/2.DSCN0022.jpg\"><img loading=\"lazy\" decoding=\"async\" class=\"aligncenter size-full wp-image-1515\" src=\"http:\/\/paca.lpo.fr\/blogs\/pays-brianconnais\/files\/2015\/08\/2.DSCN0022.jpg\" alt=\"Saouto\" width=\"400\" height=\"300\" \/><\/a><\/p>\n<p>Tout d\u00e9bute par le traditionnel montage de la tente. Pas tr\u00e8s difficile mais il faut des bras car elle est encombrante. Au passage nous remercions les Agresti de nous la pr\u00eater chaque ann\u00e9e .<\/p>\n<p>Et c&rsquo;est parti les directives sont donn\u00e9es et hop tout le monde s&rsquo;y met. C&rsquo;est aussi l&rsquo;occasion de se retrouver dans l&rsquo;effort\u00a0!!! Marcel,Andr\u00e9e,Henri&#8230;..,Benoit,Elie,Charlin,Vanessa,Val\u00e9rie&#8230;..et m\u00eame Pierre Mr le maire de Puy Saint Andr\u00e9 .Et hop h\u00e9lico presto c&rsquo;est fait. Maintenant tout le monde sait donc c&rsquo;est de plus en plus rapide. FACILE \u2026..<\/p>\n<p><a href=\"http:\/\/paca.lpo.fr\/blogs\/pays-brianconnais\/files\/2015\/08\/2.fete-des-partias-2015-Copie.jpg\"><img loading=\"lazy\" decoding=\"async\" class=\"aligncenter size-medium wp-image-1516\" src=\"http:\/\/paca.lpo.fr\/blogs\/pays-brianconnais\/files\/2015\/08\/2.fete-des-partias-2015-Copie-480x270.jpg\" alt=\"2.fete des partias 2015 -Montage de la tente\" width=\"480\" height=\"270\" srcset=\"https:\/\/paca.lpo.fr\/blogs\/pays-brianconnais\/files\/2015\/08\/2.fete-des-partias-2015-Copie-480x270.jpg 480w, https:\/\/paca.lpo.fr\/blogs\/pays-brianconnais\/files\/2015\/08\/2.fete-des-partias-2015-Copie-700x393.jpg 700w, https:\/\/paca.lpo.fr\/blogs\/pays-brianconnais\/files\/2015\/08\/2.fete-des-partias-2015-Copie.jpg 850w\" sizes=\"auto, (max-width: 480px) 100vw, 480px\" \/><\/a><\/p>\n<p>Cette ann\u00e9e la mairie a apport\u00e9 des super parasols et des tables .Vraiment chapeau l\u2019organisation.D&rsquo;ann\u00e9e en ann\u00e9e c&rsquo;est de mieux en mieux&#8230;Et chacun appr\u00e9cie.En plus ce mois de juillet c&rsquo;est la canicule\u00a0!!! un peu d&rsquo;ombre \u00e7a fait du bien&#8230;<\/p>\n<p><a href=\"http:\/\/paca.lpo.fr\/blogs\/pays-brianconnais\/files\/2015\/08\/4.DSCN9953-Copie.jpg\"><img loading=\"lazy\" decoding=\"async\" class=\"aligncenter size-medium wp-image-1518\" src=\"http:\/\/paca.lpo.fr\/blogs\/pays-brianconnais\/files\/2015\/08\/4.DSCN9953-Copie-480x360.jpg\" alt=\"4.DSCN9953\" width=\"480\" height=\"360\" srcset=\"https:\/\/paca.lpo.fr\/blogs\/pays-brianconnais\/files\/2015\/08\/4.DSCN9953-Copie-480x360.jpg 480w, https:\/\/paca.lpo.fr\/blogs\/pays-brianconnais\/files\/2015\/08\/4.DSCN9953-Copie.jpg 600w\" sizes=\"auto, (max-width: 480px) 100vw, 480px\" \/><\/a><\/p>\n<p>Maintenant c&rsquo;est \u00e0 nous b\u00e9n\u00e9voles de la LPO PACA d&rsquo;entr\u00e9e en sc\u00e8ne.Il faut mettre en place le barbecue sur la place \u00e0 feu.L\u00e0 par contre il faut des costauds pour le transporter car la voiture ne monte pas jusqu\u2019au lieu des grillades.<\/p>\n<p><a href=\"http:\/\/paca.lpo.fr\/blogs\/pays-brianconnais\/files\/2015\/08\/3.DSCN9951-Copie.jpg\"><img loading=\"lazy\" decoding=\"async\" class=\"aligncenter size-medium wp-image-1517\" src=\"http:\/\/paca.lpo.fr\/blogs\/pays-brianconnais\/files\/2015\/08\/3.DSCN9951-Copie-480x360.jpg\" alt=\"3.barbecue\" width=\"480\" height=\"360\" srcset=\"https:\/\/paca.lpo.fr\/blogs\/pays-brianconnais\/files\/2015\/08\/3.DSCN9951-Copie-480x360.jpg 480w, https:\/\/paca.lpo.fr\/blogs\/pays-brianconnais\/files\/2015\/08\/3.DSCN9951-Copie.jpg 600w\" sizes=\"auto, (max-width: 480px) 100vw, 480px\" \/><\/a><\/p>\n<p>Et les allers-retours commencent. Le bois, les glaci\u00e8res ,le matos pour le stand .Faut dire que la voiture est remplie \u00e0 rabord&#8230;Heureusement nous sommes nombreux.<\/p>\n<p>Pendant que certain participent \u00e0 la balade matinale d&rsquo;autres pr\u00e9parent l&rsquo;accueil de la f\u00eate. On esp\u00e8re que beaucoup de monde vont venir nous voir. Et c&rsquo;est le cas .Pendant les pr\u00e9paratifs de la matin\u00e9e des membres de notre groupe viennent nous faire un coucou. M\u00eame s&rsquo;ils ne peuvent pas rester nous appr\u00e9cions ce geste de soutien. C&rsquo;est aussi le cas de Steeve du groupe d&rsquo;Embrun qui est venu tout sp\u00e9cialement nous dire bonjour .Alors l\u00e0 \u00e7a a \u00e9t\u00e9 une surprise. Cela a \u00e9t\u00e9 l&rsquo;occasion aussi pour lui de rencontrer d&rsquo;autres b\u00e9n\u00e9voles de Brian\u00e7on.<\/p>\n<p>Il reste encore les ateliers de l\u2019apr\u00e8s midi \u00e0 mettre en place. Caroline arrive et c&rsquo;est reparti les navettes recommencent faut vider la voiture\u00a0!!!!Benoit et caroline montent leurs silhouettes en bois qu&rsquo;ils ont fabriqu\u00e9es sp\u00e9cialement pour la f\u00eate. Et nous \u00ab\u00a0les petites mains\u00a0\u00bb on met en place .<\/p>\n<p><a href=\"http:\/\/paca.lpo.fr\/blogs\/pays-brianconnais\/files\/2015\/08\/5.fete-des-partias-2015-001-Copie.jpg\"><img loading=\"lazy\" decoding=\"async\" class=\"aligncenter size-medium wp-image-1519\" src=\"http:\/\/paca.lpo.fr\/blogs\/pays-brianconnais\/files\/2015\/08\/5.fete-des-partias-2015-001-Copie-480x251.jpg\" alt=\"5.fete des partias 2015\" width=\"480\" height=\"251\" srcset=\"https:\/\/paca.lpo.fr\/blogs\/pays-brianconnais\/files\/2015\/08\/5.fete-des-partias-2015-001-Copie-480x251.jpg 480w, https:\/\/paca.lpo.fr\/blogs\/pays-brianconnais\/files\/2015\/08\/5.fete-des-partias-2015-001-Copie-700x365.jpg 700w, https:\/\/paca.lpo.fr\/blogs\/pays-brianconnais\/files\/2015\/08\/5.fete-des-partias-2015-001-Copie-900x470.jpg 900w, https:\/\/paca.lpo.fr\/blogs\/pays-brianconnais\/files\/2015\/08\/5.fete-des-partias-2015-001-Copie.jpg 950w\" sizes=\"auto, (max-width: 480px) 100vw, 480px\" \/><\/a><\/p>\n<p>Ceux de la balade arrivent avec Olivier. Pierre et le groupe local pays Sainte Baume arrivent aussi.Cette f\u00eate est bient\u00f4t \u00ab\u00a0internationale\u00a0\u00bb.En tous cas un merci \u00e0 eux aussi d&rsquo;\u00eatre venu \u00e0 cette occasion.<\/p>\n<p>C&rsquo;est l&rsquo;heure de l&rsquo;ap\u00e9ro offerte par la mairie.Chouette boire un petit coup c&rsquo;est agr\u00e9able comme dit la chanson.<\/p>\n<p><a href=\"http:\/\/paca.lpo.fr\/blogs\/pays-brianconnais\/files\/2015\/08\/66753520_p.gif\"><img loading=\"lazy\" decoding=\"async\" class=\"aligncenter size-full wp-image-1529\" src=\"http:\/\/paca.lpo.fr\/blogs\/pays-brianconnais\/files\/2015\/08\/66753520_p.gif\" alt=\"66753520_p\" width=\"105\" height=\"101\" \/><\/a><\/p>\n<p>Avant de trinquer Vanessa fait un petit discours pour remercier Sylvain &lsquo;qui l&rsquo;a remplac\u00e9 pendant son cong\u00e9 maternit\u00e9 .Son contrat en tant que salari\u00e9 se termine. Nous lui sommes reconnaissant de son d\u00e9vouement.<\/p>\n<p>Tout le monde se pause pour le repas.<\/p>\n<p><a href=\"http:\/\/paca.lpo.fr\/blogs\/pays-brianconnais\/files\/2015\/08\/6.fete-des-partias-2015-002-Copie.jpg\"><img loading=\"lazy\" decoding=\"async\" class=\"aligncenter size-medium wp-image-1520\" src=\"http:\/\/paca.lpo.fr\/blogs\/pays-brianconnais\/files\/2015\/08\/6.fete-des-partias-2015-002-Copie-480x292.jpg\" alt=\"6.fete des partias 2015-002 -le repas\" width=\"480\" height=\"292\" srcset=\"https:\/\/paca.lpo.fr\/blogs\/pays-brianconnais\/files\/2015\/08\/6.fete-des-partias-2015-002-Copie-480x292.jpg 480w, https:\/\/paca.lpo.fr\/blogs\/pays-brianconnais\/files\/2015\/08\/6.fete-des-partias-2015-002-Copie-268x164.jpg 268w, https:\/\/paca.lpo.fr\/blogs\/pays-brianconnais\/files\/2015\/08\/6.fete-des-partias-2015-002-Copie-700x426.jpg 700w, https:\/\/paca.lpo.fr\/blogs\/pays-brianconnais\/files\/2015\/08\/6.fete-des-partias-2015-002-Copie.jpg 900w\" sizes=\"auto, (max-width: 480px) 100vw, 480px\" \/><\/a><\/p>\n<p>Nous rencontrons des b\u00e9n\u00e9voles LPO venu de Saint Maximin en vacances dans le coin. C&rsquo;est vraiment un moment d&rsquo;\u00e9change et de partage cette f\u00eate. L&rsquo;occasion de se rencontrer \u2026.<\/p>\n<p>L\u2019apr\u00e8s midi c&rsquo;est libre. Chacun fait comme il l&rsquo;entend. C&rsquo;est la d\u00e9tente.<\/p>\n<p>Certain entame un mini concert. Tr\u00e8s appr\u00e9ci\u00e9 .<\/p>\n<p><a href=\"http:\/\/paca.lpo.fr\/blogs\/pays-brianconnais\/files\/2015\/08\/9.DSCN9980-Copie.jpg\"><img loading=\"lazy\" decoding=\"async\" class=\"aligncenter size-medium wp-image-1523\" src=\"http:\/\/paca.lpo.fr\/blogs\/pays-brianconnais\/files\/2015\/08\/9.DSCN9980-Copie-480x360.jpg\" alt=\"9.concert\" width=\"480\" height=\"360\" srcset=\"https:\/\/paca.lpo.fr\/blogs\/pays-brianconnais\/files\/2015\/08\/9.DSCN9980-Copie-480x360.jpg 480w, https:\/\/paca.lpo.fr\/blogs\/pays-brianconnais\/files\/2015\/08\/9.DSCN9980-Copie.jpg 650w\" sizes=\"auto, (max-width: 480px) 100vw, 480px\" \/><\/a><\/p>\n<p>D&rsquo;autres ayant march\u00e9 toute\u00a0la matin\u00e9e veulent juste se poser.<\/p>\n<p>&nbsp;<\/p>\n<p><a href=\"http:\/\/paca.lpo.fr\/blogs\/pays-brianconnais\/files\/2015\/08\/7.fete-des-partias-2015-003-Copie.jpg\"><img loading=\"lazy\" decoding=\"async\" class=\"aligncenter size-medium wp-image-1521\" src=\"http:\/\/paca.lpo.fr\/blogs\/pays-brianconnais\/files\/2015\/08\/7.fete-des-partias-2015-003-Copie-480x221.jpg\" alt=\"7.fete des partias 2015-repos\" width=\"480\" height=\"221\" srcset=\"https:\/\/paca.lpo.fr\/blogs\/pays-brianconnais\/files\/2015\/08\/7.fete-des-partias-2015-003-Copie-480x221.jpg 480w, https:\/\/paca.lpo.fr\/blogs\/pays-brianconnais\/files\/2015\/08\/7.fete-des-partias-2015-003-Copie-700x323.jpg 700w, https:\/\/paca.lpo.fr\/blogs\/pays-brianconnais\/files\/2015\/08\/7.fete-des-partias-2015-003-Copie.jpg 850w\" sizes=\"auto, (max-width: 480px) 100vw, 480px\" \/><\/a><\/p>\n<p>D&rsquo;autres participent \u00e0 la balade de l&rsquo;aprem et partent en direction du lac \u00e0 la recherche des oiseaux des environs.<\/p>\n<p><a href=\"http:\/\/paca.lpo.fr\/blogs\/pays-brianconnais\/files\/2015\/08\/8.DSCN9978-Copie.jpg\"><img loading=\"lazy\" decoding=\"async\" class=\"aligncenter size-medium wp-image-1522\" src=\"http:\/\/paca.lpo.fr\/blogs\/pays-brianconnais\/files\/2015\/08\/8.DSCN9978-Copie-480x360.jpg\" alt=\"8.balade\" width=\"480\" height=\"360\" srcset=\"https:\/\/paca.lpo.fr\/blogs\/pays-brianconnais\/files\/2015\/08\/8.DSCN9978-Copie-480x360.jpg 480w, https:\/\/paca.lpo.fr\/blogs\/pays-brianconnais\/files\/2015\/08\/8.DSCN9978-Copie.jpg 600w\" sizes=\"auto, (max-width: 480px) 100vw, 480px\" \/><\/a><\/p>\n<p>D&rsquo;autres participent \u00e0 l&rsquo;atelier de Caro et Benoit.<\/p>\n<p><a href=\"http:\/\/paca.lpo.fr\/blogs\/pays-brianconnais\/files\/2015\/08\/10.DSCN9988-Copie.jpg\"><img loading=\"lazy\" decoding=\"async\" class=\"aligncenter size-medium wp-image-1524\" src=\"http:\/\/paca.lpo.fr\/blogs\/pays-brianconnais\/files\/2015\/08\/10.DSCN9988-Copie-480x360.jpg\" alt=\"10.atelier\" width=\"480\" height=\"360\" srcset=\"https:\/\/paca.lpo.fr\/blogs\/pays-brianconnais\/files\/2015\/08\/10.DSCN9988-Copie-480x360.jpg 480w, https:\/\/paca.lpo.fr\/blogs\/pays-brianconnais\/files\/2015\/08\/10.DSCN9988-Copie.jpg 600w\" sizes=\"auto, (max-width: 480px) 100vw, 480px\" \/><\/a><\/p>\n<p>La fin de la journ\u00e9e approche et tout le monde reprend le chemin du retour. Sauf bien s\u00fbr les irr\u00e9ductibles qui eux restent pour tout ranger. C&rsquo;est vraiment pas une corv\u00e9e \u2026..La tente est d\u00e9mont\u00e9e, le barbecue rang\u00e9, les ateliers d\u00e9mont\u00e9s ,les voitures reremplies et c&rsquo;est fini pour cette ann\u00e9e.<\/p>\n<p><a href=\"http:\/\/paca.lpo.fr\/blogs\/pays-brianconnais\/files\/2015\/08\/11.fete-des-partias-2015-004-Copie.jpg\"><img loading=\"lazy\" decoding=\"async\" class=\"aligncenter size-medium wp-image-1525\" src=\"http:\/\/paca.lpo.fr\/blogs\/pays-brianconnais\/files\/2015\/08\/11.fete-des-partias-2015-004-Copie-480x292.jpg\" alt=\"11.fete des partias 2015\" width=\"480\" height=\"292\" srcset=\"https:\/\/paca.lpo.fr\/blogs\/pays-brianconnais\/files\/2015\/08\/11.fete-des-partias-2015-004-Copie-480x292.jpg 480w, https:\/\/paca.lpo.fr\/blogs\/pays-brianconnais\/files\/2015\/08\/11.fete-des-partias-2015-004-Copie-268x164.jpg 268w, https:\/\/paca.lpo.fr\/blogs\/pays-brianconnais\/files\/2015\/08\/11.fete-des-partias-2015-004-Copie-700x426.jpg 700w, https:\/\/paca.lpo.fr\/blogs\/pays-brianconnais\/files\/2015\/08\/11.fete-des-partias-2015-004-Copie.jpg 900w, https:\/\/paca.lpo.fr\/blogs\/pays-brianconnais\/files\/2015\/08\/11.fete-des-partias-2015-004-Copie-800x487.jpg 800w\" sizes=\"auto, (max-width: 480px) 100vw, 480px\" \/><\/a><\/p>\n<p>A l&rsquo;ann\u00e9e prochaine.<\/p>\n<p>Juste un petit clin d\u2019\u0153il \u00e0 tous les bras qui ont bien voulu nous aider. MERCI encore \u00e0 tous.<\/p>\n<p><a href=\"http:\/\/paca.lpo.fr\/blogs\/pays-brianconnais\/files\/2015\/08\/18.gif\"><img loading=\"lazy\" decoding=\"async\" class=\"aligncenter size-full wp-image-1526\" src=\"http:\/\/paca.lpo.fr\/blogs\/pays-brianconnais\/files\/2015\/08\/18.gif\" alt=\"ola\" width=\"225\" height=\"33\" \/><\/a><\/p>\n","protected":false},"excerpt":{"rendered":"<p>D\u00e9j\u00e0 la troisi\u00e8me \u00e9dition\u00a0!!!Pour cette ann\u00e9e comme d&rsquo;habitude on s&rsquo;est pos\u00e9 au niveau de l&rsquo;aire de Saouto. Tout d\u00e9bute par le traditionnel montage de la tente. Pas tr\u00e8s difficile mais il faut des bras car elle est encombrante. Au passage nous remercions les Agresti de nous la pr\u00eater chaque ann\u00e9e . Et c&rsquo;est parti les [&hellip;]<\/p>\n","protected":false},"author":37,"featured_media":1613,"comment_status":"open","ping_status":"open","sticky":false,"template":"","format":"standard","meta":{"footnotes":""},"categories":[1,498],"tags":[],"class_list":["post-1527","post","type-post","status-publish","format-standard","has-post-thumbnail","hentry","category-activites-du-groupe-lpo-pays-brianconnais","category-les-partias"],"jetpack_featured_media_url":"https:\/\/paca.lpo.fr\/blogs\/pays-brianconnais\/files\/2015\/08\/affiche-fete-partias-2015-Copie11.jpg","_links":{"self":[{"href":"https:\/\/paca.lpo.fr\/blogs\/pays-brianconnais\/wp-json\/wp\/v2\/posts\/1527","targetHints":{"allow":["GET"]}}],"collection":[{"href":"https:\/\/paca.lpo.fr\/blogs\/pays-brianconnais\/wp-json\/wp\/v2\/posts"}],"about":[{"href":"https:\/\/paca.lpo.fr\/blogs\/pays-brianconnais\/wp-json\/wp\/v2\/types\/post"}],"author":[{"embeddable":true,"href":"https:\/\/paca.lpo.fr\/blogs\/pays-brianconnais\/wp-json\/wp\/v2\/users\/37"}],"replies":[{"embeddable":true,"href":"https:\/\/paca.lpo.fr\/blogs\/pays-brianconnais\/wp-json\/wp\/v2\/comments?post=1527"}],"version-history":[{"count":3,"href":"https:\/\/paca.lpo.fr\/blogs\/pays-brianconnais\/wp-json\/wp\/v2\/posts\/1527\/revisions"}],"predecessor-version":[{"id":1531,"href":"https:\/\/paca.lpo.fr\/blogs\/pays-brianconnais\/wp-json\/wp\/v2\/posts\/1527\/revisions\/1531"}],"wp:featuredmedia":[{"embeddable":true,"href":"https:\/\/paca.lpo.fr\/blogs\/pays-brianconnais\/wp-json\/wp\/v2\/media\/1613"}],"wp:attachment":[{"href":"https:\/\/paca.lpo.fr\/blogs\/pays-brianconnais\/wp-json\/wp\/v2\/media?parent=1527"}],"wp:term":[{"taxonomy":"category","embeddable":true,"href":"https:\/\/paca.lpo.fr\/blogs\/pays-brianconnais\/wp-json\/wp\/v2\/categories?post=1527"},{"taxonomy":"post_tag","embeddable":true,"href":"https:\/\/paca.lpo.fr\/blogs\/pays-brianconnais\/wp-json\/wp\/v2\/tags?post=1527"}],"curies":[{"name":"wp","href":"https:\/\/api.w.org\/{rel}","templated":true}]}}