{"id":1583,"date":"2015-10-02T23:33:13","date_gmt":"2015-10-02T22:33:13","guid":{"rendered":"http:\/\/paca.lpo.fr\/blogs\/pays-brianconnais\/?p=1583"},"modified":"2015-10-02T23:40:11","modified_gmt":"2015-10-02T22:40:11","slug":"voyage-en-pays-scandinave","status":"publish","type":"post","link":"https:\/\/paca.lpo.fr\/blogs\/pays-brianconnais\/2015\/10\/02\/voyage-en-pays-scandinave\/","title":{"rendered":"Voyage en pays scandinave."},"content":{"rendered":"<p>Direction le Varanger \u00e0 l\u2019extr\u00eame nord de la Scandinavie dans la r\u00e9gion la plus septentrionale de la Norv\u00e8ge.<\/p>\n<p>Robert et deux amis photographes partirons de Finlande pour rallier la presqu&rsquo;\u00eele de Varanger car pour des raisons financi\u00e8res le mieux est de louer un v\u00e9hicule dans ce pays moins cher que la Norv\u00e8ge.<\/p>\n<p>D\u00e9s leur arriv\u00e9e prise de contact avec le pays.D\u00e9couverte de la tente traditionnelle, \u00e9difi\u00e9e avec des branches de bouleau et recouverte de peaux de rennes,utilis\u00e9e par les \u00ab\u00a0samis\u00a0\u00bb.C&rsquo;est le peuple autochtone de Norv\u00e8ge.<\/p>\n<p>Puis c&rsquo;est au tour du paysage.La for\u00eat bor\u00e9ale s\u2019\u00e9tend \u00e0 perte de vue.Dans cette immensit\u00e9 on entend m\u00eame pas les oiseaux.C&rsquo;est le silence\u00a0!!<\/p>\n<p><a href=\"http:\/\/paca.lpo.fr\/blogs\/pays-brianconnais\/files\/2015\/07\/1.Projection-norvege-08.09-004-Copie.jpg\"><img loading=\"lazy\" decoding=\"async\" class=\"aligncenter size-medium wp-image-1557\" src=\"http:\/\/paca.lpo.fr\/blogs\/pays-brianconnais\/files\/2015\/07\/1.Projection-norvege-08.09-004-Copie-480x262.jpg\" alt=\"1.Projection norvege 08.09-004 - Copie\" width=\"480\" height=\"262\" srcset=\"https:\/\/paca.lpo.fr\/blogs\/pays-brianconnais\/files\/2015\/07\/1.Projection-norvege-08.09-004-Copie-480x262.jpg 480w, https:\/\/paca.lpo.fr\/blogs\/pays-brianconnais\/files\/2015\/07\/1.Projection-norvege-08.09-004-Copie-700x382.jpg 700w, https:\/\/paca.lpo.fr\/blogs\/pays-brianconnais\/files\/2015\/07\/1.Projection-norvege-08.09-004-Copie-900x491.jpg 900w, https:\/\/paca.lpo.fr\/blogs\/pays-brianconnais\/files\/2015\/07\/1.Projection-norvege-08.09-004-Copie.jpg 950w\" sizes=\"auto, (max-width: 480px) 100vw, 480px\" \/><\/a><\/p>\n<p>Pas facile d&rsquo;observer mais qu&rsquo;a cela ne tienne il existe des caf\u00e9s mangeoires. Le caf\u00e9 n&rsquo;est pas forcement tr\u00e8s bon mais les oiseaux sont au rendez vous\u00a0: Pinson du Nord, Gobemouche noir, Sizerin flamm\u00e9.<\/p>\n<p><a href=\"http:\/\/paca.lpo.fr\/blogs\/pays-brianconnais\/files\/2015\/07\/2.Projection-norvege-08.09-005-Copie.jpg\"><img loading=\"lazy\" decoding=\"async\" class=\"aligncenter size-medium wp-image-1558\" src=\"http:\/\/paca.lpo.fr\/blogs\/pays-brianconnais\/files\/2015\/07\/2.Projection-norvege-08.09-005-Copie-480x229.jpg\" alt=\"2.Projection norvege 08.09-005 - Copie\" width=\"480\" height=\"229\" srcset=\"https:\/\/paca.lpo.fr\/blogs\/pays-brianconnais\/files\/2015\/07\/2.Projection-norvege-08.09-005-Copie-480x229.jpg 480w, https:\/\/paca.lpo.fr\/blogs\/pays-brianconnais\/files\/2015\/07\/2.Projection-norvege-08.09-005-Copie-700x335.jpg 700w, https:\/\/paca.lpo.fr\/blogs\/pays-brianconnais\/files\/2015\/07\/2.Projection-norvege-08.09-005-Copie-900x430.jpg 900w, https:\/\/paca.lpo.fr\/blogs\/pays-brianconnais\/files\/2015\/07\/2.Projection-norvege-08.09-005-Copie.jpg 950w\" sizes=\"auto, (max-width: 480px) 100vw, 480px\" \/><\/a><\/p>\n<p>Premi\u00e8res coches avec la m\u00e9sange lapone et le durbec des sapins.<\/p>\n<p><a href=\"http:\/\/paca.lpo.fr\/blogs\/pays-brianconnais\/files\/2015\/07\/3.Projection-norvege-08.09-016-Copie.jpg\"><img loading=\"lazy\" decoding=\"async\" class=\"aligncenter size-medium wp-image-1559\" src=\"http:\/\/paca.lpo.fr\/blogs\/pays-brianconnais\/files\/2015\/07\/3.Projection-norvege-08.09-016-Copie-480x290.jpg\" alt=\"3.Projection norvege 08.09-016 - Copie\" width=\"480\" height=\"290\" srcset=\"https:\/\/paca.lpo.fr\/blogs\/pays-brianconnais\/files\/2015\/07\/3.Projection-norvege-08.09-016-Copie-480x290.jpg 480w, https:\/\/paca.lpo.fr\/blogs\/pays-brianconnais\/files\/2015\/07\/3.Projection-norvege-08.09-016-Copie-960x581.jpg 960w, https:\/\/paca.lpo.fr\/blogs\/pays-brianconnais\/files\/2015\/07\/3.Projection-norvege-08.09-016-Copie-700x424.jpg 700w, https:\/\/paca.lpo.fr\/blogs\/pays-brianconnais\/files\/2015\/07\/3.Projection-norvege-08.09-016-Copie-900x545.jpg 900w, https:\/\/paca.lpo.fr\/blogs\/pays-brianconnais\/files\/2015\/07\/3.Projection-norvege-08.09-016-Copie.jpg 980w\" sizes=\"auto, (max-width: 480px) 100vw, 480px\" \/><\/a><\/p>\n<p>Le golfe du varanger se situe \u00e0 100 km de la fronti\u00e8re russe.Cette r\u00e9gion est tr\u00e8s peu peupl\u00e9e.<\/p>\n<p>La richesse de son avifaune est mondialement connu par tout les amoureux des oiseaux et de la nature en g\u00e9n\u00e9ral.<\/p>\n<p>Nous y sommes\u00a0!!<\/p>\n<p>Nous apprenons que la corneille mantel\u00e9e est aussi fr\u00e9quente que la corneille noire chez nous .Il y en a de partout.<\/p>\n<p>Le soleil ne se couche pas. Une journ\u00e9e c&rsquo;est 24h de jour sans nuit. La lumi\u00e8re change un peu malgr\u00e9 tout mais c&rsquo;est tout de m\u00eame d\u00e9stabilisant.<\/p>\n<p>D\u00e9s que l&rsquo;on quitte la c\u00f4te on entre dans la toundra. Et l\u00e0 c&rsquo;est bottes en caoutchouc obligatoire . C&rsquo;est le terrain des lagop\u00e8des des saules , des pluviers dor\u00e9s en plumage nuptial s&rsquo;il vous pla\u00eet, du labbe parasite et du bruant lapon\u00a0.<\/p>\n<p><a href=\"http:\/\/paca.lpo.fr\/blogs\/pays-brianconnais\/files\/2015\/07\/4.Projection-norvege-08.09-009-Copie.jpg\"><img loading=\"lazy\" decoding=\"async\" class=\"aligncenter size-medium wp-image-1560\" src=\"http:\/\/paca.lpo.fr\/blogs\/pays-brianconnais\/files\/2015\/07\/4.Projection-norvege-08.09-009-Copie-480x250.jpg\" alt=\"4.Projection norvege 08.09-009 - Copie\" width=\"480\" height=\"250\" srcset=\"https:\/\/paca.lpo.fr\/blogs\/pays-brianconnais\/files\/2015\/07\/4.Projection-norvege-08.09-009-Copie-480x250.jpg 480w, https:\/\/paca.lpo.fr\/blogs\/pays-brianconnais\/files\/2015\/07\/4.Projection-norvege-08.09-009-Copie-960x501.jpg 960w, https:\/\/paca.lpo.fr\/blogs\/pays-brianconnais\/files\/2015\/07\/4.Projection-norvege-08.09-009-Copie-700x365.jpg 700w, https:\/\/paca.lpo.fr\/blogs\/pays-brianconnais\/files\/2015\/07\/4.Projection-norvege-08.09-009-Copie-900x469.jpg 900w, https:\/\/paca.lpo.fr\/blogs\/pays-brianconnais\/files\/2015\/07\/4.Projection-norvege-08.09-009-Copie.jpg 1024w\" sizes=\"auto, (max-width: 480px) 100vw, 480px\" \/><\/a><\/p>\n<p>Rencontre avec les combattants vari\u00e9s eux aussi en nuptial.MAGNIFIQUE.Le climat au Varanger varie beaucoup. Il peut y avoir les 4 saisons en une journ\u00e9e. Un peu comme en Bretagne\u00a0!!!.<\/p>\n<p><a href=\"http:\/\/paca.lpo.fr\/blogs\/pays-brianconnais\/files\/2015\/07\/5.Projection-norvege-08.09-010-Copie.jpg\"><img loading=\"lazy\" decoding=\"async\" class=\"aligncenter size-medium wp-image-1561\" src=\"http:\/\/paca.lpo.fr\/blogs\/pays-brianconnais\/files\/2015\/07\/5.Projection-norvege-08.09-010-Copie-480x292.jpg\" alt=\"5.Projection norvege 08.09-010 - Copie\" width=\"480\" height=\"292\" srcset=\"https:\/\/paca.lpo.fr\/blogs\/pays-brianconnais\/files\/2015\/07\/5.Projection-norvege-08.09-010-Copie-480x292.jpg 480w, https:\/\/paca.lpo.fr\/blogs\/pays-brianconnais\/files\/2015\/07\/5.Projection-norvege-08.09-010-Copie-268x164.jpg 268w, https:\/\/paca.lpo.fr\/blogs\/pays-brianconnais\/files\/2015\/07\/5.Projection-norvege-08.09-010-Copie-700x426.jpg 700w, https:\/\/paca.lpo.fr\/blogs\/pays-brianconnais\/files\/2015\/07\/5.Projection-norvege-08.09-010-Copie-900x548.jpg 900w, https:\/\/paca.lpo.fr\/blogs\/pays-brianconnais\/files\/2015\/07\/5.Projection-norvege-08.09-010-Copie.jpg 950w\" sizes=\"auto, (max-width: 480px) 100vw, 480px\" \/><\/a><\/p>\n<p>Le paysage est lunaire.<\/p>\n<p><a href=\"http:\/\/paca.lpo.fr\/blogs\/pays-brianconnais\/files\/2015\/07\/6.Projection-norvege-08.09-006-Copie.jpg\"><img loading=\"lazy\" decoding=\"async\" class=\"aligncenter size-medium wp-image-1562\" src=\"http:\/\/paca.lpo.fr\/blogs\/pays-brianconnais\/files\/2015\/07\/6.Projection-norvege-08.09-006-Copie-480x312.jpg\" alt=\"6.Projection norvege 08.09-006 - Copie\" width=\"480\" height=\"312\" srcset=\"https:\/\/paca.lpo.fr\/blogs\/pays-brianconnais\/files\/2015\/07\/6.Projection-norvege-08.09-006-Copie-480x312.jpg 480w, https:\/\/paca.lpo.fr\/blogs\/pays-brianconnais\/files\/2015\/07\/6.Projection-norvege-08.09-006-Copie-700x455.jpg 700w, https:\/\/paca.lpo.fr\/blogs\/pays-brianconnais\/files\/2015\/07\/6.Projection-norvege-08.09-006-Copie.jpg 800w\" sizes=\"auto, (max-width: 480px) 100vw, 480px\" \/><\/a><\/p>\n<p>Le long de la c\u00f4te on peut voir le pygargue \u00e0 queue blanche et le labbe \u00e0 longue queue.<\/p>\n<p><a href=\"http:\/\/paca.lpo.fr\/blogs\/pays-brianconnais\/files\/2015\/07\/7.Projection-norvege-08.09-011-Copie.jpg\"><img loading=\"lazy\" decoding=\"async\" class=\"aligncenter size-medium wp-image-1563\" src=\"http:\/\/paca.lpo.fr\/blogs\/pays-brianconnais\/files\/2015\/07\/7.Projection-norvege-08.09-011-Copie-480x356.jpg\" alt=\"7.Projection norvege 08.09-011 - Copie\" width=\"480\" height=\"356\" srcset=\"https:\/\/paca.lpo.fr\/blogs\/pays-brianconnais\/files\/2015\/07\/7.Projection-norvege-08.09-011-Copie-480x356.jpg 480w, https:\/\/paca.lpo.fr\/blogs\/pays-brianconnais\/files\/2015\/07\/7.Projection-norvege-08.09-011-Copie-700x519.jpg 700w, https:\/\/paca.lpo.fr\/blogs\/pays-brianconnais\/files\/2015\/07\/7.Projection-norvege-08.09-011-Copie.jpg 900w\" sizes=\"auto, (max-width: 480px) 100vw, 480px\" \/><\/a><\/p>\n<p>Petit tour vers les falaises.Et l\u00e0 c&rsquo;est des colonies de mouettes tridactyles qui se reproduisent. D&rsquo;autres esp\u00e8ces cohabitent \u00e0 proximit\u00e9. Une famille de grand corbeau a \u00e9lu domicile juste \u00e0 cot\u00e9. Pratique !!!\u00a0.Le garde manger est \u00e0 port\u00e9 de mains enfin de pattes.Une jolie photo de sterne .C&rsquo;est la sterne arctique .<\/p>\n<p><a href=\"http:\/\/paca.lpo.fr\/blogs\/pays-brianconnais\/files\/2015\/07\/8.Projection-norvege-08.09-014-Copie.jpg\"><img loading=\"lazy\" decoding=\"async\" class=\"aligncenter size-medium wp-image-1564\" src=\"http:\/\/paca.lpo.fr\/blogs\/pays-brianconnais\/files\/2015\/07\/8.Projection-norvege-08.09-014-Copie-480x247.jpg\" alt=\"8.Projection norvege 08.09-014 - Copie\" width=\"480\" height=\"247\" srcset=\"https:\/\/paca.lpo.fr\/blogs\/pays-brianconnais\/files\/2015\/07\/8.Projection-norvege-08.09-014-Copie-480x247.jpg 480w, https:\/\/paca.lpo.fr\/blogs\/pays-brianconnais\/files\/2015\/07\/8.Projection-norvege-08.09-014-Copie-960x493.jpg 960w, https:\/\/paca.lpo.fr\/blogs\/pays-brianconnais\/files\/2015\/07\/8.Projection-norvege-08.09-014-Copie-700x360.jpg 700w, https:\/\/paca.lpo.fr\/blogs\/pays-brianconnais\/files\/2015\/07\/8.Projection-norvege-08.09-014-Copie-900x463.jpg 900w, https:\/\/paca.lpo.fr\/blogs\/pays-brianconnais\/files\/2015\/07\/8.Projection-norvege-08.09-014-Copie.jpg 1000w\" sizes=\"auto, (max-width: 480px) 100vw, 480px\" \/><\/a><\/p>\n<p>Puis direction Vardo.C&rsquo;est la commune la plus \u00e0 l&rsquo;Ouest.Pour y acc\u00e9der il faut prendre un tunnel qui passe sous l&rsquo;oc\u00e9an.Nous restons dans le milieu des falaises avec des guillemots de Tro\u00efl et un cormoran hupp\u00e9.<\/p>\n<p><a href=\"http:\/\/paca.lpo.fr\/blogs\/pays-brianconnais\/files\/2015\/07\/9.projection-norv\u00e8ge.jpg\"><img loading=\"lazy\" decoding=\"async\" class=\"aligncenter size-medium wp-image-1565\" src=\"http:\/\/paca.lpo.fr\/blogs\/pays-brianconnais\/files\/2015\/07\/9.projection-norv\u00e8ge-480x396.jpg\" alt=\"9.projection norv\u00e8ge\" width=\"480\" height=\"396\" srcset=\"https:\/\/paca.lpo.fr\/blogs\/pays-brianconnais\/files\/2015\/07\/9.projection-norv\u00e8ge-480x396.jpg 480w, https:\/\/paca.lpo.fr\/blogs\/pays-brianconnais\/files\/2015\/07\/9.projection-norv\u00e8ge-700x578.jpg 700w, https:\/\/paca.lpo.fr\/blogs\/pays-brianconnais\/files\/2015\/07\/9.projection-norv\u00e8ge.jpg 750w\" sizes=\"auto, (max-width: 480px) 100vw, 480px\" \/><\/a><\/p>\n<p>Les photos d\u00e9filent et l\u00e0 c&rsquo;est le petit f\u00e9tiche de la LPO\u00a0: le macareux moine.<\/p>\n<p><a href=\"http:\/\/paca.lpo.fr\/blogs\/pays-brianconnais\/files\/2015\/06\/10.Projection-norvege-08.09-013-Copie.jpg\"><img loading=\"lazy\" decoding=\"async\" class=\"aligncenter size-medium wp-image-1567\" src=\"http:\/\/paca.lpo.fr\/blogs\/pays-brianconnais\/files\/2015\/06\/10.Projection-norvege-08.09-013-Copie-480x292.jpg\" alt=\"10.Projection norvege 08.09-013 - Copie\" width=\"480\" height=\"292\" srcset=\"https:\/\/paca.lpo.fr\/blogs\/pays-brianconnais\/files\/2015\/06\/10.Projection-norvege-08.09-013-Copie-480x292.jpg 480w, https:\/\/paca.lpo.fr\/blogs\/pays-brianconnais\/files\/2015\/06\/10.Projection-norvege-08.09-013-Copie-268x164.jpg 268w, https:\/\/paca.lpo.fr\/blogs\/pays-brianconnais\/files\/2015\/06\/10.Projection-norvege-08.09-013-Copie-700x426.jpg 700w, https:\/\/paca.lpo.fr\/blogs\/pays-brianconnais\/files\/2015\/06\/10.Projection-norvege-08.09-013-Copie-900x548.jpg 900w, https:\/\/paca.lpo.fr\/blogs\/pays-brianconnais\/files\/2015\/06\/10.Projection-norvege-08.09-013-Copie.jpg 950w\" sizes=\"auto, (max-width: 480px) 100vw, 480px\" \/><\/a><\/p>\n<p>Puis le pingouin torda.<\/p>\n<p><a href=\"http:\/\/paca.lpo.fr\/blogs\/pays-brianconnais\/files\/2015\/06\/12.Projection-norvege-08.09-003-Copie.jpg\"><img loading=\"lazy\" decoding=\"async\" class=\"aligncenter size-medium wp-image-1569\" src=\"http:\/\/paca.lpo.fr\/blogs\/pays-brianconnais\/files\/2015\/06\/12.Projection-norvege-08.09-003-Copie-480x222.jpg\" alt=\"12.Projection norvege 08.09-003 - Copie\" width=\"480\" height=\"222\" srcset=\"https:\/\/paca.lpo.fr\/blogs\/pays-brianconnais\/files\/2015\/06\/12.Projection-norvege-08.09-003-Copie-480x222.jpg 480w, https:\/\/paca.lpo.fr\/blogs\/pays-brianconnais\/files\/2015\/06\/12.Projection-norvege-08.09-003-Copie-960x443.jpg 960w, https:\/\/paca.lpo.fr\/blogs\/pays-brianconnais\/files\/2015\/06\/12.Projection-norvege-08.09-003-Copie-700x323.jpg 700w, https:\/\/paca.lpo.fr\/blogs\/pays-brianconnais\/files\/2015\/06\/12.Projection-norvege-08.09-003-Copie-900x416.jpg 900w, https:\/\/paca.lpo.fr\/blogs\/pays-brianconnais\/files\/2015\/06\/12.Projection-norvege-08.09-003-Copie.jpg 1024w\" sizes=\"auto, (max-width: 480px) 100vw, 480px\" \/><\/a><\/p>\n<p>On d\u00e9couvre un petit oiseau avec le croupion violet c&rsquo;est la linotte \u00e0 bec jaune.Une splendeur ces eiders \u00e0 duvet.<\/p>\n<p><a href=\"http:\/\/paca.lpo.fr\/blogs\/pays-brianconnais\/files\/2015\/06\/11.Projection-norvege-08.09-017-Copie.jpg\"><img loading=\"lazy\" decoding=\"async\" class=\"aligncenter size-medium wp-image-1568\" src=\"http:\/\/paca.lpo.fr\/blogs\/pays-brianconnais\/files\/2015\/06\/11.Projection-norvege-08.09-017-Copie-480x262.jpg\" alt=\"11.Projection norvege 08.09-017 - Copie\" width=\"480\" height=\"262\" srcset=\"https:\/\/paca.lpo.fr\/blogs\/pays-brianconnais\/files\/2015\/06\/11.Projection-norvege-08.09-017-Copie-480x262.jpg 480w, https:\/\/paca.lpo.fr\/blogs\/pays-brianconnais\/files\/2015\/06\/11.Projection-norvege-08.09-017-Copie-700x382.jpg 700w, https:\/\/paca.lpo.fr\/blogs\/pays-brianconnais\/files\/2015\/06\/11.Projection-norvege-08.09-017-Copie-900x491.jpg 900w, https:\/\/paca.lpo.fr\/blogs\/pays-brianconnais\/files\/2015\/06\/11.Projection-norvege-08.09-017-Copie.jpg 950w\" sizes=\"auto, (max-width: 480px) 100vw, 480px\" \/><\/a><\/p>\n<p>On change de r\u00e9gion .Destination les hauts plateaux .Il y encore beaucoup de\u00a0neige. C&rsquo;est l\u00e0 qu&rsquo;il faut chercher le fameux pluvier guignard .Malheureusement nos trois comp\u00e8res n\u2019auront pas la chance de les voir.Dommage.Ce sera pour une prochaine fois..Les lacs sont encore en partie glac\u00e9s.Les temp\u00e9ratures sont froides.Il y a du vent .Et bien quelles conditions\u00a0!!!!Photos suivantes\u00a0:Plongeon catmarin\u00a0,harelde bor\u00e9ale ,oie des moissons,fuligule milouinan.<\/p>\n<p><a href=\"http:\/\/paca.lpo.fr\/blogs\/pays-brianconnais\/files\/2015\/06\/13.Projection-norvege-08.09-018-Copie.jpg\"><img loading=\"lazy\" decoding=\"async\" class=\"aligncenter size-medium wp-image-1570\" src=\"http:\/\/paca.lpo.fr\/blogs\/pays-brianconnais\/files\/2015\/06\/13.Projection-norvege-08.09-018-Copie-480x275.jpg\" alt=\"13.Projection norvege 08.09-018 - Copie\" width=\"480\" height=\"275\" srcset=\"https:\/\/paca.lpo.fr\/blogs\/pays-brianconnais\/files\/2015\/06\/13.Projection-norvege-08.09-018-Copie-480x275.jpg 480w, https:\/\/paca.lpo.fr\/blogs\/pays-brianconnais\/files\/2015\/06\/13.Projection-norvege-08.09-018-Copie-960x549.jpg 960w, https:\/\/paca.lpo.fr\/blogs\/pays-brianconnais\/files\/2015\/06\/13.Projection-norvege-08.09-018-Copie-700x401.jpg 700w, https:\/\/paca.lpo.fr\/blogs\/pays-brianconnais\/files\/2015\/06\/13.Projection-norvege-08.09-018-Copie-900x515.jpg 900w, https:\/\/paca.lpo.fr\/blogs\/pays-brianconnais\/files\/2015\/06\/13.Projection-norvege-08.09-018-Copie.jpg 1024w\" sizes=\"auto, (max-width: 480px) 100vw, 480px\" \/><\/a><\/p>\n<p>Quelques clich\u00e9s souvenirs .Des boites aux lettres de toutes les couleurs.Des fa\u00e7ades de toutes les couleurs. Des maisons perdues au milieu de nulle part. Des trolls en guise de nains de jardins\u2026.c&rsquo;est pas commun\u00a0!!!.<\/p>\n<p><a href=\"http:\/\/paca.lpo.fr\/blogs\/pays-brianconnais\/files\/2015\/06\/14.Projection-norvege-08.09-012-Copie.jpg\"><img loading=\"lazy\" decoding=\"async\" class=\"aligncenter size-medium wp-image-1571\" src=\"http:\/\/paca.lpo.fr\/blogs\/pays-brianconnais\/files\/2015\/06\/14.Projection-norvege-08.09-012-Copie-480x300.jpg\" alt=\"14.Projection norvege 08.09-012 - Copie\" width=\"480\" height=\"300\" srcset=\"https:\/\/paca.lpo.fr\/blogs\/pays-brianconnais\/files\/2015\/06\/14.Projection-norvege-08.09-012-Copie-480x300.jpg 480w, https:\/\/paca.lpo.fr\/blogs\/pays-brianconnais\/files\/2015\/06\/14.Projection-norvege-08.09-012-Copie-700x437.jpg 700w, https:\/\/paca.lpo.fr\/blogs\/pays-brianconnais\/files\/2015\/06\/14.Projection-norvege-08.09-012-Copie.jpg 850w\" sizes=\"auto, (max-width: 480px) 100vw, 480px\" \/><\/a><\/p>\n<p>Revenons aux oiseaux&#8230;.Avec le Cygne chanteur\u00a0.<\/p>\n<p><a href=\"http:\/\/paca.lpo.fr\/blogs\/pays-brianconnais\/files\/2015\/06\/15.Projection-norvege-08.09-008-Copie.jpg\"><img loading=\"lazy\" decoding=\"async\" class=\"aligncenter size-medium wp-image-1572\" src=\"http:\/\/paca.lpo.fr\/blogs\/pays-brianconnais\/files\/2015\/06\/15.Projection-norvege-08.09-008-Copie-480x251.jpg\" alt=\"15.Projection norvege 08.09-008 - Copie\" width=\"480\" height=\"251\" srcset=\"https:\/\/paca.lpo.fr\/blogs\/pays-brianconnais\/files\/2015\/06\/15.Projection-norvege-08.09-008-Copie-480x251.jpg 480w, https:\/\/paca.lpo.fr\/blogs\/pays-brianconnais\/files\/2015\/06\/15.Projection-norvege-08.09-008-Copie-700x366.jpg 700w, https:\/\/paca.lpo.fr\/blogs\/pays-brianconnais\/files\/2015\/06\/15.Projection-norvege-08.09-008-Copie.jpg 900w\" sizes=\"auto, (max-width: 480px) 100vw, 480px\" \/><\/a><\/p>\n<p>Un vol de harle bi\u00e8vre..Des b\u00e9casseaux maub\u00e8che pas farouche,un couple de harle pi\u00e8te ,un go\u00e9land cendr\u00e9, un pipit \u00e0 gorge rousse.<\/p>\n<p><a href=\"http:\/\/paca.lpo.fr\/blogs\/pays-brianconnais\/files\/2015\/06\/17.Projection-norvege-08.09-019-Copie.jpg\"><img loading=\"lazy\" decoding=\"async\" class=\"aligncenter size-medium wp-image-1574\" src=\"http:\/\/paca.lpo.fr\/blogs\/pays-brianconnais\/files\/2015\/06\/17.Projection-norvege-08.09-019-Copie-480x274.jpg\" alt=\"17.Projection norvege 08.09-019 - Copie\" width=\"480\" height=\"274\" srcset=\"https:\/\/paca.lpo.fr\/blogs\/pays-brianconnais\/files\/2015\/06\/17.Projection-norvege-08.09-019-Copie-480x274.jpg 480w, https:\/\/paca.lpo.fr\/blogs\/pays-brianconnais\/files\/2015\/06\/17.Projection-norvege-08.09-019-Copie-700x400.jpg 700w, https:\/\/paca.lpo.fr\/blogs\/pays-brianconnais\/files\/2015\/06\/17.Projection-norvege-08.09-019-Copie-900x514.jpg 900w, https:\/\/paca.lpo.fr\/blogs\/pays-brianconnais\/files\/2015\/06\/17.Projection-norvege-08.09-019-Copie.jpg 950w\" sizes=\"auto, (max-width: 480px) 100vw, 480px\" \/><\/a><\/p>\n<p>Une exception dans le monde ornitho\u00a0: Le phalarope \u00e0 bec \u00e9troit.Chez cette esp\u00e8ce les femelles sont plus color\u00e9es en plumage nuptial\u00a0 et plus grandes que les m\u00e2les.Les r\u00f4les sont invers\u00e9s.Elle parade et lui couve..<\/p>\n<p><a href=\"http:\/\/paca.lpo.fr\/blogs\/pays-brianconnais\/files\/2015\/06\/16.Projection-norvege-08.09-Copie.jpg\"><img loading=\"lazy\" decoding=\"async\" class=\"aligncenter size-medium wp-image-1573\" src=\"http:\/\/paca.lpo.fr\/blogs\/pays-brianconnais\/files\/2015\/06\/16.Projection-norvege-08.09-Copie-480x230.jpg\" alt=\"16.Projection norvege 08.09 - Copie\" width=\"480\" height=\"230\" srcset=\"https:\/\/paca.lpo.fr\/blogs\/pays-brianconnais\/files\/2015\/06\/16.Projection-norvege-08.09-Copie-480x230.jpg 480w, https:\/\/paca.lpo.fr\/blogs\/pays-brianconnais\/files\/2015\/06\/16.Projection-norvege-08.09-Copie-960x459.jpg 960w, https:\/\/paca.lpo.fr\/blogs\/pays-brianconnais\/files\/2015\/06\/16.Projection-norvege-08.09-Copie-700x335.jpg 700w, https:\/\/paca.lpo.fr\/blogs\/pays-brianconnais\/files\/2015\/06\/16.Projection-norvege-08.09-Copie-900x431.jpg 900w, https:\/\/paca.lpo.fr\/blogs\/pays-brianconnais\/files\/2015\/06\/16.Projection-norvege-08.09-Copie.jpg 1024w\" sizes=\"auto, (max-width: 480px) 100vw, 480px\" \/><\/a><\/p>\n<p>Une jolie gorgebleue \u00e0 miroir roux.C&rsquo;est la sous esp\u00e8ce svecica,appel\u00e9 aussi gorgebleue de la toundra.Le pouillot fitis avec sa \u00ab\u00a0hutte\u00a0\u00bb au sol.Pas tr\u00e8s judicieux face aux pr\u00e9dateurs.Nous continuons avec un sizerin blanch\u00e2tre.\u00a0Alors pour faire la diff\u00e9rence avec les flam\u00e9s pas fastoche&#8230;<\/p>\n<p><a href=\"http:\/\/paca.lpo.fr\/blogs\/pays-brianconnais\/files\/2015\/06\/18.Projection-norvege-08.09-020-Copie.jpg\"><img loading=\"lazy\" decoding=\"async\" class=\"aligncenter size-medium wp-image-1575\" src=\"http:\/\/paca.lpo.fr\/blogs\/pays-brianconnais\/files\/2015\/06\/18.Projection-norvege-08.09-020-Copie-480x314.jpg\" alt=\"18.Projection norvege 08.09-020 - Copie\" width=\"480\" height=\"314\" srcset=\"https:\/\/paca.lpo.fr\/blogs\/pays-brianconnais\/files\/2015\/06\/18.Projection-norvege-08.09-020-Copie-480x314.jpg 480w, https:\/\/paca.lpo.fr\/blogs\/pays-brianconnais\/files\/2015\/06\/18.Projection-norvege-08.09-020-Copie-700x457.jpg 700w, https:\/\/paca.lpo.fr\/blogs\/pays-brianconnais\/files\/2015\/06\/18.Projection-norvege-08.09-020-Copie.jpg 900w\" sizes=\"auto, (max-width: 480px) 100vw, 480px\" \/><\/a><\/p>\n<p>Retour en finlande.<\/p>\n<p>Et l\u00e0 on apprend que le Chevalier sylvain, que l&rsquo;on voit en Camargue, niche dans les torrents .\u00c7a change!!!. Ah un oiseau que l&rsquo;on conna\u00eet : la grive litorne .Puis c&rsquo;est un bruant des roseaux et un bruant nain.<\/p>\n<p><a href=\"http:\/\/paca.lpo.fr\/blogs\/pays-brianconnais\/files\/2015\/06\/19.Projection-norvege-08.09-021-Copie.jpg\"><img loading=\"lazy\" decoding=\"async\" class=\"aligncenter size-medium wp-image-1576\" src=\"http:\/\/paca.lpo.fr\/blogs\/pays-brianconnais\/files\/2015\/06\/19.Projection-norvege-08.09-021-Copie-480x200.jpg\" alt=\"19.Projection norvege 08.09-021 - Copie\" width=\"480\" height=\"200\" srcset=\"https:\/\/paca.lpo.fr\/blogs\/pays-brianconnais\/files\/2015\/06\/19.Projection-norvege-08.09-021-Copie-480x200.jpg 480w, https:\/\/paca.lpo.fr\/blogs\/pays-brianconnais\/files\/2015\/06\/19.Projection-norvege-08.09-021-Copie.jpg 950w, https:\/\/paca.lpo.fr\/blogs\/pays-brianconnais\/files\/2015\/06\/19.Projection-norvege-08.09-021-Copie-700x292.jpg 700w, https:\/\/paca.lpo.fr\/blogs\/pays-brianconnais\/files\/2015\/06\/19.Projection-norvege-08.09-021-Copie-900x375.jpg 900w\" sizes=\"auto, (max-width: 480px) 100vw, 480px\" \/><\/a><\/p>\n<p>Petit clin d&rsquo;oeil sur les vaches locales\u00a0: les rennes bien entendus.Deux autres photos suivent avec un \u00e9lan et un \u00e9cureuil.<\/p>\n<p><a href=\"http:\/\/paca.lpo.fr\/blogs\/pays-brianconnais\/files\/2015\/06\/20.Projection-norvege-08.09-015-Copie.jpg\"><img loading=\"lazy\" decoding=\"async\" class=\"aligncenter size-medium wp-image-1582\" src=\"http:\/\/paca.lpo.fr\/blogs\/pays-brianconnais\/files\/2015\/06\/20.Projection-norvege-08.09-015-Copie-480x221.jpg\" alt=\"20.Projection norvege 08.09-015 - Copie\" width=\"480\" height=\"221\" srcset=\"https:\/\/paca.lpo.fr\/blogs\/pays-brianconnais\/files\/2015\/06\/20.Projection-norvege-08.09-015-Copie-480x221.jpg 480w, https:\/\/paca.lpo.fr\/blogs\/pays-brianconnais\/files\/2015\/06\/20.Projection-norvege-08.09-015-Copie-700x323.jpg 700w, https:\/\/paca.lpo.fr\/blogs\/pays-brianconnais\/files\/2015\/06\/20.Projection-norvege-08.09-015-Copie.jpg 800w\" sizes=\"auto, (max-width: 480px) 100vw, 480px\" \/><\/a><\/p>\n<p>Durant ce voyage environ 30 nouvelles esp\u00e8ces au compteur pour notre photographe.<\/p>\n<p>Quelques esp\u00e8ces esp\u00e9r\u00e9es n&rsquo;ont pas pu \u00eatre vu tel que l&rsquo;harfang des neiges et la chouette \u00e9pervi\u00e8re.<\/p>\n<p>Une magnifique projection o\u00f9 14 personnes ont pu admirer les photos de Robert.C&rsquo;est toujours un r\u00e9gal.A quand le prochain voyage\u00a0????<\/p>\n<p><a href=\"http:\/\/paca.lpo.fr\/blogs\/pays-brianconnais\/files\/2015\/06\/14031bd2.gif\"><img loading=\"lazy\" decoding=\"async\" class=\"aligncenter size-full wp-image-1585\" src=\"http:\/\/paca.lpo.fr\/blogs\/pays-brianconnais\/files\/2015\/06\/14031bd2.gif\" alt=\"14031bd2\" width=\"248\" height=\"250\" \/><\/a><\/p>\n","protected":false},"excerpt":{"rendered":"<p>Direction le Varanger \u00e0 l\u2019extr\u00eame nord de la Scandinavie dans la r\u00e9gion la plus septentrionale de la Norv\u00e8ge. Robert et deux amis photographes partirons de Finlande pour rallier la presqu&rsquo;\u00eele de Varanger car pour des raisons financi\u00e8res le mieux est de louer un v\u00e9hicule dans ce pays moins cher que la Norv\u00e8ge. D\u00e9s leur arriv\u00e9e [&hellip;]<\/p>\n","protected":false},"author":37,"featured_media":1586,"comment_status":"open","ping_status":"open","sticky":false,"template":"","format":"standard","meta":{"footnotes":""},"categories":[1],"tags":[500,499,71,490],"class_list":["post-1583","post","type-post","status-publish","format-standard","has-post-thumbnail","hentry","category-activites-du-groupe-lpo-pays-brianconnais","tag-macareux","tag-norvege","tag-projection","tag-voyage"],"jetpack_featured_media_url":"https:\/\/paca.lpo.fr\/blogs\/pays-brianconnais\/files\/2015\/06\/73Y9257.jpg","_links":{"self":[{"href":"https:\/\/paca.lpo.fr\/blogs\/pays-brianconnais\/wp-json\/wp\/v2\/posts\/1583","targetHints":{"allow":["GET"]}}],"collection":[{"href":"https:\/\/paca.lpo.fr\/blogs\/pays-brianconnais\/wp-json\/wp\/v2\/posts"}],"about":[{"href":"https:\/\/paca.lpo.fr\/blogs\/pays-brianconnais\/wp-json\/wp\/v2\/types\/post"}],"author":[{"embeddable":true,"href":"https:\/\/paca.lpo.fr\/blogs\/pays-brianconnais\/wp-json\/wp\/v2\/users\/37"}],"replies":[{"embeddable":true,"href":"https:\/\/paca.lpo.fr\/blogs\/pays-brianconnais\/wp-json\/wp\/v2\/comments?post=1583"}],"version-history":[{"count":4,"href":"https:\/\/paca.lpo.fr\/blogs\/pays-brianconnais\/wp-json\/wp\/v2\/posts\/1583\/revisions"}],"predecessor-version":[{"id":1590,"href":"https:\/\/paca.lpo.fr\/blogs\/pays-brianconnais\/wp-json\/wp\/v2\/posts\/1583\/revisions\/1590"}],"wp:featuredmedia":[{"embeddable":true,"href":"https:\/\/paca.lpo.fr\/blogs\/pays-brianconnais\/wp-json\/wp\/v2\/media\/1586"}],"wp:attachment":[{"href":"https:\/\/paca.lpo.fr\/blogs\/pays-brianconnais\/wp-json\/wp\/v2\/media?parent=1583"}],"wp:term":[{"taxonomy":"category","embeddable":true,"href":"https:\/\/paca.lpo.fr\/blogs\/pays-brianconnais\/wp-json\/wp\/v2\/categories?post=1583"},{"taxonomy":"post_tag","embeddable":true,"href":"https:\/\/paca.lpo.fr\/blogs\/pays-brianconnais\/wp-json\/wp\/v2\/tags?post=1583"}],"curies":[{"name":"wp","href":"https:\/\/api.w.org\/{rel}","templated":true}]}}