{"id":1596,"date":"2015-10-03T13:52:14","date_gmt":"2015-10-03T12:52:14","guid":{"rendered":"http:\/\/paca.lpo.fr\/blogs\/pays-brianconnais\/?p=1596"},"modified":"2015-10-03T14:31:20","modified_gmt":"2015-10-03T13:31:20","slug":"mountain-wilderness","status":"publish","type":"post","link":"https:\/\/paca.lpo.fr\/blogs\/pays-brianconnais\/2015\/10\/03\/mountain-wilderness\/","title":{"rendered":"MOUNTAIN WILDERNESS"},"content":{"rendered":"<p><a href=\"http:\/\/paca.lpo.fr\/blogs\/pays-brianconnais\/files\/2015\/07\/siteon0.jpg\"><img loading=\"lazy\" decoding=\"async\" class=\"aligncenter size-full wp-image-1598\" src=\"http:\/\/paca.lpo.fr\/blogs\/pays-brianconnais\/files\/2015\/07\/siteon0.jpg\" alt=\"siteon0\" width=\"110\" height=\"178\" \/><\/a><\/p>\n<p>Mountain Wilderness est une association nationale de protection de la montagne.<\/p>\n<p><!--more--><\/p>\n<p><strong><em>\u00a0\u00ab\u00a0De nombreux am\u00e9nagements \u00e0 vocation essentiellement touristique, mais \u00e9galement industrielle, agricole, militaire&#8230; sont aujourd\u2019hui aban<\/em><\/strong><strong><em>donn\u00e9s dans les montagnes fran\u00e7aises. Ces installations qui n\u2019ont plus d\u2019usage, marquent souvent le paysage comme de v\u00e9ritables cicatrices. Elles sont donc obsol\u00e8tes et doivent dispara\u00eetre.\u00a0\u00bb<\/em><\/strong><\/p>\n<p>Chaque ann\u00e9e une op\u00e9ration de nettoyage est r\u00e9alis\u00e9e .<\/p>\n<p><a href=\"http:\/\/paca.lpo.fr\/blogs\/pays-brianconnais\/files\/2015\/07\/vignette-io-4.jpg\"><img loading=\"lazy\" decoding=\"async\" class=\"aligncenter size-full wp-image-1599\" src=\"http:\/\/paca.lpo.fr\/blogs\/pays-brianconnais\/files\/2015\/07\/vignette-io-4.jpg\" alt=\"vignette-io-4\" width=\"200\" height=\"100\" \/><\/a><\/p>\n<p>Une premi\u00e8re r\u00e9union de concertation a eu lieu le mardi 15 septembre au local de l&rsquo;antenne\u00a0LPO PACA \u00e0 Brian\u00e7on.<\/p>\n<p>Voici le lien pour le compte rendu :<\/p>\n<p>https:\/\/www.dropbox.com\/s\/6qa447qm9d7lyer\/CR_IO_Cerces_15sept2015_JPN.pdf?dl=0<\/p>\n<p>Mobilisons nous .<\/p>\n<p>&nbsp;<\/p>\n<p>&nbsp;<\/p>\n<p>&nbsp;<\/p>\n","protected":false},"excerpt":{"rendered":"<p>Mountain Wilderness est une association nationale de protection de la montagne.<\/p>\n","protected":false},"author":37,"featured_media":1604,"comment_status":"open","ping_status":"open","sticky":false,"template":"","format":"standard","meta":{"footnotes":""},"categories":[1],"tags":[501],"class_list":["post-1596","post","type-post","status-publish","format-standard","has-post-thumbnail","hentry","category-activites-du-groupe-lpo-pays-brianconnais","tag-mountain-wilderness"],"jetpack_featured_media_url":"https:\/\/paca.lpo.fr\/blogs\/pays-brianconnais\/files\/2015\/07\/DSCN0234-Copie.jpg","_links":{"self":[{"href":"https:\/\/paca.lpo.fr\/blogs\/pays-brianconnais\/wp-json\/wp\/v2\/posts\/1596","targetHints":{"allow":["GET"]}}],"collection":[{"href":"https:\/\/paca.lpo.fr\/blogs\/pays-brianconnais\/wp-json\/wp\/v2\/posts"}],"about":[{"href":"https:\/\/paca.lpo.fr\/blogs\/pays-brianconnais\/wp-json\/wp\/v2\/types\/post"}],"author":[{"embeddable":true,"href":"https:\/\/paca.lpo.fr\/blogs\/pays-brianconnais\/wp-json\/wp\/v2\/users\/37"}],"replies":[{"embeddable":true,"href":"https:\/\/paca.lpo.fr\/blogs\/pays-brianconnais\/wp-json\/wp\/v2\/comments?post=1596"}],"version-history":[{"count":4,"href":"https:\/\/paca.lpo.fr\/blogs\/pays-brianconnais\/wp-json\/wp\/v2\/posts\/1596\/revisions"}],"predecessor-version":[{"id":1603,"href":"https:\/\/paca.lpo.fr\/blogs\/pays-brianconnais\/wp-json\/wp\/v2\/posts\/1596\/revisions\/1603"}],"wp:featuredmedia":[{"embeddable":true,"href":"https:\/\/paca.lpo.fr\/blogs\/pays-brianconnais\/wp-json\/wp\/v2\/media\/1604"}],"wp:attachment":[{"href":"https:\/\/paca.lpo.fr\/blogs\/pays-brianconnais\/wp-json\/wp\/v2\/media?parent=1596"}],"wp:term":[{"taxonomy":"category","embeddable":true,"href":"https:\/\/paca.lpo.fr\/blogs\/pays-brianconnais\/wp-json\/wp\/v2\/categories?post=1596"},{"taxonomy":"post_tag","embeddable":true,"href":"https:\/\/paca.lpo.fr\/blogs\/pays-brianconnais\/wp-json\/wp\/v2\/tags?post=1596"}],"curies":[{"name":"wp","href":"https:\/\/api.w.org\/{rel}","templated":true}]}}