{"id":1627,"date":"2015-12-20T21:30:12","date_gmt":"2015-12-20T20:30:12","guid":{"rendered":"http:\/\/paca.lpo.fr\/blogs\/pays-brianconnais\/?p=1627"},"modified":"2016-02-29T22:04:46","modified_gmt":"2016-02-29T21:04:46","slug":"sortie-pelerinage-a-curbans","status":"publish","type":"post","link":"https:\/\/paca.lpo.fr\/blogs\/pays-brianconnais\/2015\/12\/20\/sortie-pelerinage-a-curbans\/","title":{"rendered":"Sortie \u00ab\u00a0p\u00e8lerinage\u00a0\u00bb \u00e0 Curbans."},"content":{"rendered":"<p>&nbsp;<\/p>\n<p>Cela nous changent un peu nous Brian\u00e7onnais car \u00e0 part les quelques canards colverts de la Schappe et du plan d&rsquo;eau des Alberts on peu pas dire que nous en voyons beaucoup des plumes \u00ab\u00a0aquatiques\u00a0\u00bb.<\/p>\n<p>D\u2019o\u00f9 notre petite escapade vers le bas du d\u00e9partement pour aller jeter un \u0153il sur la retenue de Curbans pour admirer les oiseaux d&rsquo;eau.Quelques esp\u00e8ces viennent passer l&rsquo;hiver sur ce site.Cela permet de voir parfois des raret\u00e9s , des \u00e9chapp\u00e9s,des \u00e9gar\u00e9s&#8230;<\/p>\n<p><a href=\"http:\/\/paca.lpo.fr\/blogs\/pays-brianconnais\/files\/2015\/08\/lac-de-Curbans.jpg\"><img loading=\"lazy\" decoding=\"async\" class=\"aligncenter wp-image-1622 size-medium\" src=\"http:\/\/paca.lpo.fr\/blogs\/pays-brianconnais\/files\/2015\/08\/lac-de-Curbans-480x360.jpg\" alt=\"lac de Curbans\" width=\"480\" height=\"360\" srcset=\"https:\/\/paca.lpo.fr\/blogs\/pays-brianconnais\/files\/2015\/08\/lac-de-Curbans-480x360.jpg 480w, https:\/\/paca.lpo.fr\/blogs\/pays-brianconnais\/files\/2015\/08\/lac-de-Curbans-700x525.jpg 700w, https:\/\/paca.lpo.fr\/blogs\/pays-brianconnais\/files\/2015\/08\/lac-de-Curbans.jpg 750w\" sizes=\"auto, (max-width: 480px) 100vw, 480px\" \/><\/a><\/p>\n<p>Ce dimanche 22 novembre au point de rendez-vous nous sommes treize.C&rsquo;est un bon chiffre.<\/p>\n<p>Le groupe est au complet\u00a0: 7 Brian\u00e7onnais\u00a0( Manon,Charlin,Elie,Yvan,Germaine,Pierre,Val\u00e9rie) , 3 Embrunnais ( Camille,Jeanine,David),\u00c9liane de Gap,Michel et Denise de la Roque d&rsquo;Anth\u00e9ron..Et bien \u00e7a c&rsquo;est une sortie inter groupe.<\/p>\n<p>Premier arr\u00eat au niveau du barrage. Premi\u00e8re discorde au sujet d&rsquo;une bergeronnette.Un grand classique en cette saison .Et oui c&rsquo;est bien une ruisseau.<\/p>\n<p>C&rsquo;est toujours tr\u00e8s int\u00e9ressant et enrichissant de n&rsquo;\u00eatre pas d&rsquo;accord cela permet \u00e0 chacun d&rsquo;apprendre.<\/p>\n<p>Les observations se poursuivent\u00a0:Un martin p\u00eacheur,un cingle plongeur \u2026.Bon alors et de l&rsquo;autre cot\u00e9\u00a0??<\/p>\n<p><a href=\"http:\/\/paca.lpo.fr\/blogs\/pays-brianconnais\/files\/2015\/08\/Sortie-curbans.jpg\"><img loading=\"lazy\" decoding=\"async\" class=\"aligncenter wp-image-1623 size-medium\" src=\"http:\/\/paca.lpo.fr\/blogs\/pays-brianconnais\/files\/2015\/08\/Sortie-curbans-480x300.jpg\" alt=\"Sortie curbans\" width=\"480\" height=\"300\" srcset=\"https:\/\/paca.lpo.fr\/blogs\/pays-brianconnais\/files\/2015\/08\/Sortie-curbans-480x300.jpg 480w, https:\/\/paca.lpo.fr\/blogs\/pays-brianconnais\/files\/2015\/08\/Sortie-curbans-768x480.jpg 768w, https:\/\/paca.lpo.fr\/blogs\/pays-brianconnais\/files\/2015\/08\/Sortie-curbans-700x437.jpg 700w, https:\/\/paca.lpo.fr\/blogs\/pays-brianconnais\/files\/2015\/08\/Sortie-curbans.jpg 850w\" sizes=\"auto, (max-width: 480px) 100vw, 480px\" \/><\/a><\/p>\n<p>Les longues vues se braquent donc vers l&rsquo;autre direction?.Morillons,milouins,siffleurs,sarcelles d&rsquo;hiver \u2026..Pas mal&#8230; &#8230;gr\u00e8be castagneux &#8230;grand cormoran&#8230;.h\u00e9ron cendr\u00e9 et bien s\u00fbr une forte population de canard colverts&#8230;..Un couple de cygne tubercul\u00e9 vient nous voir.C&rsquo;est une v\u00e9rification de routine .On ne sait jamais si nous avions du pain.\u00a0!!!<\/p>\n<p>Nous d\u00e9cidons ensuite d&rsquo;aller vers le camping dans l&rsquo;intention de voir les b\u00e9cassines des marais.L&rsquo;eau est encore un peu trop haute .Patiente\u00a0!!!!<\/p>\n<p>Apr\u00e8s le repas belles observations de moineaux friquets,chardonneret \u00e9l\u00e9gant ,sittelle torchepot dans les haies du camping.<\/p>\n<p>Les b\u00e9cassines se montrent enfin.Pas de r\u00e2le d&rsquo;eau pour cette fois.Nous d\u00e9cidons d&rsquo;aller voir sur la digue mais l\u00e0 surprise la roseli\u00e8re a beaucoup progresser et du coup on ne voit presque plus l\u2019\u00e9tendue d&rsquo;eau.<\/p>\n<p>La journ\u00e9e se termine. \u00c9liane nous propose un petit d\u00e9tour par le site des Piles.Bonne id\u00e9e.<\/p>\n<p><a href=\"http:\/\/paca.lpo.fr\/blogs\/pays-brianconnais\/files\/2015\/08\/les-piles.jpg\"><img loading=\"lazy\" decoding=\"async\" class=\"aligncenter wp-image-1625 size-medium\" src=\"http:\/\/paca.lpo.fr\/blogs\/pays-brianconnais\/files\/2015\/08\/les-piles-480x360.jpg\" alt=\"les piles\" width=\"480\" height=\"360\" srcset=\"https:\/\/paca.lpo.fr\/blogs\/pays-brianconnais\/files\/2015\/08\/les-piles-480x360.jpg 480w, https:\/\/paca.lpo.fr\/blogs\/pays-brianconnais\/files\/2015\/08\/les-piles.jpg 650w\" sizes=\"auto, (max-width: 480px) 100vw, 480px\" \/><\/a><\/p>\n<p>La LPO PACA co g\u00e8re ce site avec le gestionnaire de l&rsquo;autoroute ESCOTA .C&rsquo;est une mesure compensatoire .Sous le pont nous recherchons des traces car c&rsquo;est un passage \u00e0 faune qui permet aux animaux de passer sous la route.Chacun scrute le sol\u00a0!!! un \u00e9cureuil&#8230;un blaireau,un chevreuil..des oiseaux&#8230;..Puis nous continuons notre progression dans le site.Une jolie d\u00e9couverte.<\/p>\n<p><a href=\"http:\/\/paca.lpo.fr\/blogs\/pays-brianconnais\/files\/2015\/08\/Les-traces.jpg\"><img loading=\"lazy\" decoding=\"async\" class=\"aligncenter wp-image-1624 size-medium\" src=\"http:\/\/paca.lpo.fr\/blogs\/pays-brianconnais\/files\/2015\/08\/Les-traces-480x276.jpg\" alt=\"Les traces\" width=\"480\" height=\"276\" srcset=\"https:\/\/paca.lpo.fr\/blogs\/pays-brianconnais\/files\/2015\/08\/Les-traces-480x276.jpg 480w, https:\/\/paca.lpo.fr\/blogs\/pays-brianconnais\/files\/2015\/08\/Les-traces-768x442.jpg 768w, https:\/\/paca.lpo.fr\/blogs\/pays-brianconnais\/files\/2015\/08\/Les-traces-700x403.jpg 700w, https:\/\/paca.lpo.fr\/blogs\/pays-brianconnais\/files\/2015\/08\/Les-traces-900x518.jpg 900w, https:\/\/paca.lpo.fr\/blogs\/pays-brianconnais\/files\/2015\/08\/Les-traces.jpg 950w\" sizes=\"auto, (max-width: 480px) 100vw, 480px\" \/><\/a><\/p>\n<p>Il est temps de se quitter.Nous rentrons tous dans nos foyers respectifs.Une belle journ\u00e9e d&rsquo;\u00e9change et de rencontre.<\/p>\n<p>Merci \u00e0 tous.<\/p>\n","protected":false},"excerpt":{"rendered":"<p>&nbsp; Cela nous changent un peu nous Brian\u00e7onnais car \u00e0 part les quelques canards colverts de la Schappe et du plan d&rsquo;eau des Alberts on peu pas dire que nous en voyons beaucoup des plumes \u00ab\u00a0aquatiques\u00a0\u00bb. D\u2019o\u00f9 notre petite escapade vers le bas du d\u00e9partement pour aller jeter un \u0153il sur la retenue de Curbans [&hellip;]<\/p>\n","protected":false},"author":37,"featured_media":1626,"comment_status":"open","ping_status":"open","sticky":false,"template":"","format":"standard","meta":{"footnotes":""},"categories":[1],"tags":[],"class_list":["post-1627","post","type-post","status-publish","format-standard","has-post-thumbnail","hentry","category-activites-du-groupe-lpo-pays-brianconnais"],"jetpack_featured_media_url":"https:\/\/paca.lpo.fr\/blogs\/pays-brianconnais\/files\/2015\/08\/le-lac.jpg","_links":{"self":[{"href":"https:\/\/paca.lpo.fr\/blogs\/pays-brianconnais\/wp-json\/wp\/v2\/posts\/1627","targetHints":{"allow":["GET"]}}],"collection":[{"href":"https:\/\/paca.lpo.fr\/blogs\/pays-brianconnais\/wp-json\/wp\/v2\/posts"}],"about":[{"href":"https:\/\/paca.lpo.fr\/blogs\/pays-brianconnais\/wp-json\/wp\/v2\/types\/post"}],"author":[{"embeddable":true,"href":"https:\/\/paca.lpo.fr\/blogs\/pays-brianconnais\/wp-json\/wp\/v2\/users\/37"}],"replies":[{"embeddable":true,"href":"https:\/\/paca.lpo.fr\/blogs\/pays-brianconnais\/wp-json\/wp\/v2\/comments?post=1627"}],"version-history":[{"count":2,"href":"https:\/\/paca.lpo.fr\/blogs\/pays-brianconnais\/wp-json\/wp\/v2\/posts\/1627\/revisions"}],"predecessor-version":[{"id":1740,"href":"https:\/\/paca.lpo.fr\/blogs\/pays-brianconnais\/wp-json\/wp\/v2\/posts\/1627\/revisions\/1740"}],"wp:featuredmedia":[{"embeddable":true,"href":"https:\/\/paca.lpo.fr\/blogs\/pays-brianconnais\/wp-json\/wp\/v2\/media\/1626"}],"wp:attachment":[{"href":"https:\/\/paca.lpo.fr\/blogs\/pays-brianconnais\/wp-json\/wp\/v2\/media?parent=1627"}],"wp:term":[{"taxonomy":"category","embeddable":true,"href":"https:\/\/paca.lpo.fr\/blogs\/pays-brianconnais\/wp-json\/wp\/v2\/categories?post=1627"},{"taxonomy":"post_tag","embeddable":true,"href":"https:\/\/paca.lpo.fr\/blogs\/pays-brianconnais\/wp-json\/wp\/v2\/tags?post=1627"}],"curies":[{"name":"wp","href":"https:\/\/api.w.org\/{rel}","templated":true}]}}