{"id":1651,"date":"2016-02-12T15:51:19","date_gmt":"2016-02-12T14:51:19","guid":{"rendered":"http:\/\/paca.lpo.fr\/blogs\/pays-brianconnais\/?p=1651"},"modified":"2016-02-29T22:07:34","modified_gmt":"2016-02-29T21:07:34","slug":"petit-dejeuner-mangeoire","status":"publish","type":"post","link":"https:\/\/paca.lpo.fr\/blogs\/pays-brianconnais\/2016\/02\/12\/petit-dejeuner-mangeoire\/","title":{"rendered":"Petit d\u00e9jeuner mangeoire"},"content":{"rendered":"<p>En cette p\u00e9riode pas facile d&rsquo;observer les oiseaux dans nos montagnes.<\/p>\n<p>Beaucoup s&rsquo;en sont all\u00e9s dans des lieux plus cl\u00e9ments.Les s\u00e9dentaires se sont rapproch\u00e9s des villages et des mangeoires.Du coup nous avons instaur\u00e9 des petits d\u00e9jeuners mangeoires.<\/p>\n<p>C&rsquo;est simple. L\u2019h\u00f4te offre le caf\u00e9 et les participants se chargent des croissants.<\/p>\n<p><!--more--><\/p>\n<p>Ce dimanche 10 janvier c&rsquo;est Jean-Pierre et sa superbe mangeoire qui nous accueillent.<\/p>\n<p>Il pleuviote,il neigeote&#8230;.Quel temps\u00a0!!!!<\/p>\n<p>Des chardonnerets \u00e9l\u00e9gants,des tarins des aulnes,<a href=\"http:\/\/paca.lpo.fr\/blogs\/pays-brianconnais\/files\/2016\/02\/tarin.jpg\"><img loading=\"lazy\" decoding=\"async\" class=\"aligncenter wp-image-1647 size-medium\" src=\"http:\/\/paca.lpo.fr\/blogs\/pays-brianconnais\/files\/2016\/02\/tarin-480x339.jpg\" alt=\"tarin\" width=\"480\" height=\"339\" srcset=\"https:\/\/paca.lpo.fr\/blogs\/pays-brianconnais\/files\/2016\/02\/tarin-480x339.jpg 480w, https:\/\/paca.lpo.fr\/blogs\/pays-brianconnais\/files\/2016\/02\/tarin.jpg 640w\" sizes=\"auto, (max-width: 480px) 100vw, 480px\" \/><\/a><\/p>\n<p>des pinsons des arbres,un couple de sittelle torchepot ,des verdiers&#8230;&#8230;des m\u00e9sanges bleues, noires&#8230;&#8230;<\/p>\n<p><a href=\"http:\/\/paca.lpo.fr\/blogs\/pays-brianconnais\/files\/2016\/02\/sitelle.jpg\"><img loading=\"lazy\" decoding=\"async\" class=\"aligncenter wp-image-1648 size-full\" src=\"http:\/\/paca.lpo.fr\/blogs\/pays-brianconnais\/files\/2016\/02\/sitelle.jpg\" alt=\"sitelle\" width=\"264\" height=\"400\" \/><\/a><\/p>\n<p>Tout ce petit monde se c\u00f4toient et mangent \u00e0 sa faim.<\/p>\n<p>Pas forcement tranquille car au moindre mouvements ,\u00e0 l&rsquo;int\u00e9rieur comme \u00e0 l&rsquo;ext\u00e9rieur ,c&rsquo;est la fuite vers les arbres les plus proches.<\/p>\n<p>C&rsquo;est vraiment g\u00e9nial de les voir d\u2019aussi pr\u00e9s.De pouvoir voir tous les d\u00e9tails .<\/p>\n<p>La suite du programme de la matin\u00e9e c&rsquo;est une autre mangeoire ou on esp\u00e8re voir les grosbecs. Malgr\u00e9 notre patience ils ne se montreront pas.<\/p>\n<p><a href=\"http:\/\/paca.lpo.fr\/blogs\/pays-brianconnais\/files\/2016\/02\/\u00e9peiche.jpg\"><img loading=\"lazy\" decoding=\"async\" class=\"aligncenter wp-image-1650 size-medium\" src=\"http:\/\/paca.lpo.fr\/blogs\/pays-brianconnais\/files\/2016\/02\/\u00e9peiche-343x480.jpg\" alt=\"\u00e9peiche\" width=\"343\" height=\"480\" \/><\/a><\/p>\n<p>Une belle vision de pinson du nord et de pic \u00e9peiche en revanche.<\/p>\n<p>Une riche matin\u00e9e.<\/p>\n<p>A quand le prochain\u00a0??<\/p>\n<p><img loading=\"lazy\" decoding=\"async\" class=\"aligncenter size-full wp-image-1649\" src=\"http:\/\/paca.lpo.fr\/blogs\/pays-brianconnais\/files\/2016\/02\/oiseaux-qui-sautent.gif\" alt=\"oiseaux-qui-sautent\" width=\"444\" height=\"100\" \/><\/p>\n","protected":false},"excerpt":{"rendered":"<p>En cette p\u00e9riode pas facile d&rsquo;observer les oiseaux dans nos montagnes. Beaucoup s&rsquo;en sont all\u00e9s dans des lieux plus cl\u00e9ments.Les s\u00e9dentaires se sont rapproch\u00e9s des villages et des mangeoires.Du coup nous avons instaur\u00e9 des petits d\u00e9jeuners mangeoires. C&rsquo;est simple. L\u2019h\u00f4te offre le caf\u00e9 et les participants se chargent des croissants.<\/p>\n","protected":false},"author":37,"featured_media":1646,"comment_status":"open","ping_status":"open","sticky":false,"template":"","format":"standard","meta":{"footnotes":""},"categories":[1],"tags":[],"class_list":["post-1651","post","type-post","status-publish","format-standard","has-post-thumbnail","hentry","category-activites-du-groupe-lpo-pays-brianconnais"],"jetpack_featured_media_url":"https:\/\/paca.lpo.fr\/blogs\/pays-brianconnais\/files\/2016\/02\/DSCN1240-Copie.jpg","_links":{"self":[{"href":"https:\/\/paca.lpo.fr\/blogs\/pays-brianconnais\/wp-json\/wp\/v2\/posts\/1651","targetHints":{"allow":["GET"]}}],"collection":[{"href":"https:\/\/paca.lpo.fr\/blogs\/pays-brianconnais\/wp-json\/wp\/v2\/posts"}],"about":[{"href":"https:\/\/paca.lpo.fr\/blogs\/pays-brianconnais\/wp-json\/wp\/v2\/types\/post"}],"author":[{"embeddable":true,"href":"https:\/\/paca.lpo.fr\/blogs\/pays-brianconnais\/wp-json\/wp\/v2\/users\/37"}],"replies":[{"embeddable":true,"href":"https:\/\/paca.lpo.fr\/blogs\/pays-brianconnais\/wp-json\/wp\/v2\/comments?post=1651"}],"version-history":[{"count":3,"href":"https:\/\/paca.lpo.fr\/blogs\/pays-brianconnais\/wp-json\/wp\/v2\/posts\/1651\/revisions"}],"predecessor-version":[{"id":1742,"href":"https:\/\/paca.lpo.fr\/blogs\/pays-brianconnais\/wp-json\/wp\/v2\/posts\/1651\/revisions\/1742"}],"wp:featuredmedia":[{"embeddable":true,"href":"https:\/\/paca.lpo.fr\/blogs\/pays-brianconnais\/wp-json\/wp\/v2\/media\/1646"}],"wp:attachment":[{"href":"https:\/\/paca.lpo.fr\/blogs\/pays-brianconnais\/wp-json\/wp\/v2\/media?parent=1651"}],"wp:term":[{"taxonomy":"category","embeddable":true,"href":"https:\/\/paca.lpo.fr\/blogs\/pays-brianconnais\/wp-json\/wp\/v2\/categories?post=1651"},{"taxonomy":"post_tag","embeddable":true,"href":"https:\/\/paca.lpo.fr\/blogs\/pays-brianconnais\/wp-json\/wp\/v2\/tags?post=1651"}],"curies":[{"name":"wp","href":"https:\/\/api.w.org\/{rel}","templated":true}]}}