{"id":1085,"date":"2023-04-28T18:31:30","date_gmt":"2023-04-28T18:31:30","guid":{"rendered":"https:\/\/paca.lpo.fr\/blogs\/pays-gapencais\/?p=1085"},"modified":"2023-04-28T18:31:30","modified_gmt":"2023-04-28T18:31:30","slug":"ecoute-des-chants-et-observation","status":"publish","type":"post","link":"https:\/\/paca.lpo.fr\/blogs\/pays-gapencais\/2023\/04\/28\/ecoute-des-chants-et-observation\/","title":{"rendered":"Ecoute des chants et observation"},"content":{"rendered":"\n<p class=\"wp-block-paragraph\">Ce mercredi 26 avril, le groupe local du pays gapen\u00e7ais est all\u00e9 se promener sur les hauts de Sainte Marguerite. <strong>Au programme : \u00e9coute des chants et cris des oiseaux et observation<\/strong>.<\/p>\n\n\n\n<p class=\"wp-block-paragraph\">Une dizaine de personnes pour cette sortie encore fra\u00eeche, les gants et les \u00e9charpes n&rsquo;\u00e9taient pas inutiles ce matin ! <strong>Une trentaine d&rsquo;esp\u00e8ces<\/strong> ont \u00e9t\u00e9 vues ou entendues. <\/p>\n\n\n\n<p class=\"wp-block-paragraph\">Beaucoup de m\u00e9sanges, le pouillot de Bonelli, la sittelle torchepot, la huppe fasci\u00e9e, moineaux, merles, pies, rouges-queues noirs, rouges-queues \u00e0 front blanc et m\u00eame un milan noir, pass\u00e9 nous saluer tr\u00e8s rapidement !<\/p>\n\n\n\n<p class=\"wp-block-paragraph\">Tr\u00e8s belle matin\u00e9e d&rsquo;observation ! Nous vous attendons pour les suivantes, chaque mercredi matin ainsi que certains week-ends, <strong>retrouvez les dates en cliquant sur l&rsquo;onglet \u00ab\u00a0Agenda 2023\u00a0\u00bb<\/strong>. A bient\u00f4t \ud83d\ude42<\/p>\n\n\n\n<p class=\"wp-block-paragraph\"><\/p>\n\n\n\n<figure class=\"wp-block-gallery has-nested-images columns-default is-cropped wp-block-gallery-1 is-layout-flex wp-block-gallery-is-layout-flex\">\n<figure class=\"wp-block-image size-large\"><img loading=\"lazy\" decoding=\"async\" width=\"1024\" height=\"768\" data-id=\"1090\" src=\"https:\/\/paca.lpo.fr\/blogs\/pays-gapencais\/files\/2023\/04\/343329371-179416875012074-3132657418513928291-n.jpg\" alt=\"\" class=\"wp-image-1090\" srcset=\"https:\/\/paca.lpo.fr\/blogs\/pays-gapencais\/files\/2023\/04\/343329371-179416875012074-3132657418513928291-n.jpg 1024w, https:\/\/paca.lpo.fr\/blogs\/pays-gapencais\/files\/2023\/04\/343329371-179416875012074-3132657418513928291-n-768x576.jpg 768w\" sizes=\"auto, (max-width: 1024px) 100vw, 1024px\" \/><\/figure>\n\n\n\n<figure class=\"wp-block-image size-large\"><img loading=\"lazy\" decoding=\"async\" width=\"1024\" height=\"768\" data-id=\"1089\" src=\"https:\/\/paca.lpo.fr\/blogs\/pays-gapencais\/files\/2023\/04\/75c737e3-fe05-43db-9b6d-0de7913ea6e1.jpg\" alt=\"\" class=\"wp-image-1089\" srcset=\"https:\/\/paca.lpo.fr\/blogs\/pays-gapencais\/files\/2023\/04\/75c737e3-fe05-43db-9b6d-0de7913ea6e1.jpg 1024w, https:\/\/paca.lpo.fr\/blogs\/pays-gapencais\/files\/2023\/04\/75c737e3-fe05-43db-9b6d-0de7913ea6e1-768x576.jpg 768w\" sizes=\"auto, (max-width: 1024px) 100vw, 1024px\" \/><\/figure>\n\n\n\n<figure class=\"wp-block-image size-large\"><img loading=\"lazy\" decoding=\"async\" width=\"768\" height=\"1024\" data-id=\"1088\" src=\"https:\/\/paca.lpo.fr\/blogs\/pays-gapencais\/files\/2023\/04\/de6bd7d8-0b68-422d-8943-4a40821d2038.jpg\" alt=\"\" class=\"wp-image-1088\" srcset=\"https:\/\/paca.lpo.fr\/blogs\/pays-gapencais\/files\/2023\/04\/de6bd7d8-0b68-422d-8943-4a40821d2038.jpg 768w, https:\/\/paca.lpo.fr\/blogs\/pays-gapencais\/files\/2023\/04\/de6bd7d8-0b68-422d-8943-4a40821d2038-576x768.jpg 576w\" sizes=\"auto, (max-width: 768px) 100vw, 768px\" \/><\/figure>\n\n\n\n<figure class=\"wp-block-image size-large\"><img loading=\"lazy\" decoding=\"async\" width=\"768\" height=\"1024\" data-id=\"1087\" src=\"https:\/\/paca.lpo.fr\/blogs\/pays-gapencais\/files\/2023\/04\/192f27c6-7a89-448d-8d63-397024fee0d9.jpg\" alt=\"\" class=\"wp-image-1087\" srcset=\"https:\/\/paca.lpo.fr\/blogs\/pays-gapencais\/files\/2023\/04\/192f27c6-7a89-448d-8d63-397024fee0d9.jpg 768w, https:\/\/paca.lpo.fr\/blogs\/pays-gapencais\/files\/2023\/04\/192f27c6-7a89-448d-8d63-397024fee0d9-576x768.jpg 576w\" sizes=\"auto, (max-width: 768px) 100vw, 768px\" \/><\/figure>\n\n\n\n<figure class=\"wp-block-image size-large\"><img loading=\"lazy\" decoding=\"async\" width=\"768\" height=\"1024\" data-id=\"1086\" src=\"https:\/\/paca.lpo.fr\/blogs\/pays-gapencais\/files\/2023\/04\/343395932-258495959946501-6136381235649080925-n.jpg\" alt=\"\" class=\"wp-image-1086\" srcset=\"https:\/\/paca.lpo.fr\/blogs\/pays-gapencais\/files\/2023\/04\/343395932-258495959946501-6136381235649080925-n.jpg 768w, https:\/\/paca.lpo.fr\/blogs\/pays-gapencais\/files\/2023\/04\/343395932-258495959946501-6136381235649080925-n-576x768.jpg 576w\" sizes=\"auto, (max-width: 768px) 100vw, 768px\" \/><\/figure>\n<\/figure>\n\n\n\n\n\n<h2 class=\"wp-block-heading\"><\/h2>\n\n\n\n<p class=\"wp-block-paragraph\"><\/p>\n\n\n\n<p class=\"wp-block-paragraph\"><\/p>\n","protected":false},"excerpt":{"rendered":"<p>Ce mercredi 26 avril, le groupe local du pays gapen\u00e7ais est all\u00e9 se promener sur les hauts de Sainte Marguerite. Au programme : \u00e9coute des chants et cris des oiseaux et observation. Une dizaine de personnes pour cette sortie encore fra\u00eeche, les gants et les \u00e9charpes n&rsquo;\u00e9taient pas inutiles ce matin ! Une trentaine d&rsquo;esp\u00e8ces [&hellip;]<\/p>\n","protected":false},"author":160,"featured_media":1091,"comment_status":"open","ping_status":"open","sticky":false,"template":"","format":"standard","meta":{"footnotes":""},"categories":[45],"tags":[],"class_list":["post-1085","post","type-post","status-publish","format-standard","has-post-thumbnail","hentry","category-actualites"],"yoast_head":"<!-- This site is optimized with the Yoast SEO plugin v28.3 - https:\/\/yoast.com\/product\/yoast-seo-wordpress\/ -->\n<title>Ecoute des chants et observation - Groupe local Pays Gapen\u00e7ais<\/title>\n<meta name=\"robots\" content=\"index, follow, max-snippet:-1, max-image-preview:large, max-video-preview:-1\" \/>\n<link rel=\"canonical\" href=\"https:\/\/paca.lpo.fr\/blogs\/pays-gapencais\/2023\/04\/28\/ecoute-des-chants-et-observation\/\" \/>\n<meta property=\"og:locale\" content=\"fr_FR\" \/>\n<meta property=\"og:type\" content=\"article\" \/>\n<meta property=\"og:title\" content=\"Ecoute des chants et observation - Groupe local Pays Gapen\u00e7ais\" \/>\n<meta property=\"og:description\" content=\"Ce mercredi 26 avril, le groupe local du pays gapen\u00e7ais est all\u00e9 se promener sur les hauts de Sainte Marguerite. Au programme : \u00e9coute des chants et cris des oiseaux et observation. Une dizaine de personnes pour cette sortie encore fra\u00eeche, les gants et les \u00e9charpes n&rsquo;\u00e9taient pas inutiles ce matin ! Une trentaine d&rsquo;esp\u00e8ces [&hellip;]\" \/>\n<meta property=\"og:url\" content=\"https:\/\/paca.lpo.fr\/blogs\/pays-gapencais\/2023\/04\/28\/ecoute-des-chants-et-observation\/\" \/>\n<meta property=\"og:site_name\" content=\"Groupe local Pays Gapen\u00e7ais\" \/>\n<meta property=\"article:published_time\" content=\"2023-04-28T18:31:30+00:00\" \/>\n<meta property=\"og:image\" content=\"https:\/\/paca.lpo.fr\/blogs\/pays-gapencais\/files\/2023\/04\/c554d805-f448-4284-9624-112f0d90c789.jpg\" \/>\n\t<meta property=\"og:image:width\" content=\"1024\" \/>\n\t<meta property=\"og:image:height\" content=\"768\" \/>\n\t<meta property=\"og:image:type\" content=\"image\/jpeg\" \/>\n<meta name=\"author\" content=\"Clothilde\" \/>\n<meta name=\"twitter:card\" content=\"summary_large_image\" \/>\n<meta name=\"twitter:label1\" content=\"\u00c9crit par\" \/>\n\t<meta name=\"twitter:data1\" content=\"Clothilde\" \/>\n\t<meta name=\"twitter:label2\" content=\"Dur\u00e9e de lecture estim\u00e9e\" \/>\n\t<meta name=\"twitter:data2\" content=\"1 minute\" \/>\n<script type=\"application\/ld+json\" class=\"yoast-schema-graph\">{\"@context\":\"https:\\\/\\\/schema.org\",\"@graph\":[{\"@type\":\"Article\",\"@id\":\"https:\\\/\\\/paca.lpo.fr\\\/blogs\\\/pays-gapencais\\\/2023\\\/04\\\/28\\\/ecoute-des-chants-et-observation\\\/#article\",\"isPartOf\":{\"@id\":\"https:\\\/\\\/paca.lpo.fr\\\/blogs\\\/pays-gapencais\\\/2023\\\/04\\\/28\\\/ecoute-des-chants-et-observation\\\/\"},\"author\":{\"name\":\"Clothilde\",\"@id\":\"https:\\\/\\\/paca.lpo.fr\\\/blogs\\\/pays-gapencais\\\/#\\\/schema\\\/person\\\/1c87baaa2604f64f79675eab2285a83a\"},\"headline\":\"Ecoute des chants et observation\",\"datePublished\":\"2023-04-28T18:31:30+00:00\",\"mainEntityOfPage\":{\"@id\":\"https:\\\/\\\/paca.lpo.fr\\\/blogs\\\/pays-gapencais\\\/2023\\\/04\\\/28\\\/ecoute-des-chants-et-observation\\\/\"},\"wordCount\":134,\"commentCount\":0,\"publisher\":{\"@id\":\"https:\\\/\\\/paca.lpo.fr\\\/blogs\\\/pays-gapencais\\\/#organization\"},\"image\":{\"@id\":\"https:\\\/\\\/paca.lpo.fr\\\/blogs\\\/pays-gapencais\\\/2023\\\/04\\\/28\\\/ecoute-des-chants-et-observation\\\/#primaryimage\"},\"thumbnailUrl\":\"https:\\\/\\\/paca.lpo.fr\\\/blogs\\\/pays-gapencais\\\/files\\\/2023\\\/04\\\/c554d805-f448-4284-9624-112f0d90c789.jpg\",\"articleSection\":[\"Actualit\u00e9s\"],\"inLanguage\":\"fr-FR\",\"potentialAction\":[{\"@type\":\"CommentAction\",\"name\":\"Comment\",\"target\":[\"https:\\\/\\\/paca.lpo.fr\\\/blogs\\\/pays-gapencais\\\/2023\\\/04\\\/28\\\/ecoute-des-chants-et-observation\\\/#respond\"]}]},{\"@type\":\"WebPage\",\"@id\":\"https:\\\/\\\/paca.lpo.fr\\\/blogs\\\/pays-gapencais\\\/2023\\\/04\\\/28\\\/ecoute-des-chants-et-observation\\\/\",\"url\":\"https:\\\/\\\/paca.lpo.fr\\\/blogs\\\/pays-gapencais\\\/2023\\\/04\\\/28\\\/ecoute-des-chants-et-observation\\\/\",\"name\":\"Ecoute des chants et observation - Groupe local Pays Gapen\u00e7ais\",\"isPartOf\":{\"@id\":\"https:\\\/\\\/paca.lpo.fr\\\/blogs\\\/pays-gapencais\\\/#website\"},\"primaryImageOfPage\":{\"@id\":\"https:\\\/\\\/paca.lpo.fr\\\/blogs\\\/pays-gapencais\\\/2023\\\/04\\\/28\\\/ecoute-des-chants-et-observation\\\/#primaryimage\"},\"image\":{\"@id\":\"https:\\\/\\\/paca.lpo.fr\\\/blogs\\\/pays-gapencais\\\/2023\\\/04\\\/28\\\/ecoute-des-chants-et-observation\\\/#primaryimage\"},\"thumbnailUrl\":\"https:\\\/\\\/paca.lpo.fr\\\/blogs\\\/pays-gapencais\\\/files\\\/2023\\\/04\\\/c554d805-f448-4284-9624-112f0d90c789.jpg\",\"datePublished\":\"2023-04-28T18:31:30+00:00\",\"breadcrumb\":{\"@id\":\"https:\\\/\\\/paca.lpo.fr\\\/blogs\\\/pays-gapencais\\\/2023\\\/04\\\/28\\\/ecoute-des-chants-et-observation\\\/#breadcrumb\"},\"inLanguage\":\"fr-FR\",\"potentialAction\":[{\"@type\":\"ReadAction\",\"target\":[\"https:\\\/\\\/paca.lpo.fr\\\/blogs\\\/pays-gapencais\\\/2023\\\/04\\\/28\\\/ecoute-des-chants-et-observation\\\/\"]}]},{\"@type\":\"ImageObject\",\"inLanguage\":\"fr-FR\",\"@id\":\"https:\\\/\\\/paca.lpo.fr\\\/blogs\\\/pays-gapencais\\\/2023\\\/04\\\/28\\\/ecoute-des-chants-et-observation\\\/#primaryimage\",\"url\":\"https:\\\/\\\/paca.lpo.fr\\\/blogs\\\/pays-gapencais\\\/files\\\/2023\\\/04\\\/c554d805-f448-4284-9624-112f0d90c789.jpg\",\"contentUrl\":\"https:\\\/\\\/paca.lpo.fr\\\/blogs\\\/pays-gapencais\\\/files\\\/2023\\\/04\\\/c554d805-f448-4284-9624-112f0d90c789.jpg\",\"width\":1024,\"height\":768},{\"@type\":\"BreadcrumbList\",\"@id\":\"https:\\\/\\\/paca.lpo.fr\\\/blogs\\\/pays-gapencais\\\/2023\\\/04\\\/28\\\/ecoute-des-chants-et-observation\\\/#breadcrumb\",\"itemListElement\":[{\"@type\":\"ListItem\",\"position\":1,\"name\":\"Accueil\",\"item\":\"https:\\\/\\\/paca.lpo.fr\\\/blogs\\\/pays-gapencais\\\/\"},{\"@type\":\"ListItem\",\"position\":2,\"name\":\"Ecoute des chants et observation\"}]},{\"@type\":\"WebSite\",\"@id\":\"https:\\\/\\\/paca.lpo.fr\\\/blogs\\\/pays-gapencais\\\/#website\",\"url\":\"https:\\\/\\\/paca.lpo.fr\\\/blogs\\\/pays-gapencais\\\/\",\"name\":\"Groupe local Pays Gapen\u00e7ais\",\"description\":\"Groupe local Pays Gapen\u00e7ais\",\"publisher\":{\"@id\":\"https:\\\/\\\/paca.lpo.fr\\\/blogs\\\/pays-gapencais\\\/#organization\"},\"potentialAction\":[{\"@type\":\"SearchAction\",\"target\":{\"@type\":\"EntryPoint\",\"urlTemplate\":\"https:\\\/\\\/paca.lpo.fr\\\/blogs\\\/pays-gapencais\\\/?s={search_term_string}\"},\"query-input\":{\"@type\":\"PropertyValueSpecification\",\"valueRequired\":true,\"valueName\":\"search_term_string\"}}],\"inLanguage\":\"fr-FR\"},{\"@type\":\"Organization\",\"@id\":\"https:\\\/\\\/paca.lpo.fr\\\/blogs\\\/pays-gapencais\\\/#organization\",\"name\":\"Groupe local Pays Gapen\u00e7ais\",\"url\":\"https:\\\/\\\/paca.lpo.fr\\\/blogs\\\/pays-gapencais\\\/\",\"logo\":{\"@type\":\"ImageObject\",\"inLanguage\":\"fr-FR\",\"@id\":\"https:\\\/\\\/paca.lpo.fr\\\/blogs\\\/pays-gapencais\\\/#\\\/schema\\\/logo\\\/image\\\/\",\"url\":\"https:\\\/\\\/paca.lpo.fr\\\/blogs\\\/pays-gapencais\\\/files\\\/2024\\\/01\\\/cropped-rvb-lpo-paca-logotype-signature-droite-mini-500.jpg\",\"contentUrl\":\"https:\\\/\\\/paca.lpo.fr\\\/blogs\\\/pays-gapencais\\\/files\\\/2024\\\/01\\\/cropped-rvb-lpo-paca-logotype-signature-droite-mini-500.jpg\",\"width\":500,\"height\":210,\"caption\":\"Groupe local Pays Gapen\u00e7ais\"},\"image\":{\"@id\":\"https:\\\/\\\/paca.lpo.fr\\\/blogs\\\/pays-gapencais\\\/#\\\/schema\\\/logo\\\/image\\\/\"}},{\"@type\":\"Person\",\"@id\":\"https:\\\/\\\/paca.lpo.fr\\\/blogs\\\/pays-gapencais\\\/#\\\/schema\\\/person\\\/1c87baaa2604f64f79675eab2285a83a\",\"name\":\"Clothilde\",\"image\":{\"@type\":\"ImageObject\",\"inLanguage\":\"fr-FR\",\"@id\":\"https:\\\/\\\/secure.gravatar.com\\\/avatar\\\/6cb270b0aca35c7f0cba6bc63e460287eadf103ce197a7797390ee99a011b1ef?s=96&d=mm&r=g\",\"url\":\"https:\\\/\\\/secure.gravatar.com\\\/avatar\\\/6cb270b0aca35c7f0cba6bc63e460287eadf103ce197a7797390ee99a011b1ef?s=96&d=mm&r=g\",\"contentUrl\":\"https:\\\/\\\/secure.gravatar.com\\\/avatar\\\/6cb270b0aca35c7f0cba6bc63e460287eadf103ce197a7797390ee99a011b1ef?s=96&d=mm&r=g\",\"caption\":\"Clothilde\"},\"url\":\"https:\\\/\\\/paca.lpo.fr\\\/blogs\\\/pays-gapencais\\\/author\\\/clothildeletreste\\\/\"}]}<\/script>\n<!-- \/ Yoast SEO plugin. -->","yoast_head_json":{"title":"Ecoute des chants et observation - Groupe local Pays Gapen\u00e7ais","robots":{"index":"index","follow":"follow","max-snippet":"max-snippet:-1","max-image-preview":"max-image-preview:large","max-video-preview":"max-video-preview:-1"},"canonical":"https:\/\/paca.lpo.fr\/blogs\/pays-gapencais\/2023\/04\/28\/ecoute-des-chants-et-observation\/","og_locale":"fr_FR","og_type":"article","og_title":"Ecoute des chants et observation - Groupe local Pays Gapen\u00e7ais","og_description":"Ce mercredi 26 avril, le groupe local du pays gapen\u00e7ais est all\u00e9 se promener sur les hauts de Sainte Marguerite. Au programme : \u00e9coute des chants et cris des oiseaux et observation. Une dizaine de personnes pour cette sortie encore fra\u00eeche, les gants et les \u00e9charpes n&rsquo;\u00e9taient pas inutiles ce matin ! Une trentaine d&rsquo;esp\u00e8ces [&hellip;]","og_url":"https:\/\/paca.lpo.fr\/blogs\/pays-gapencais\/2023\/04\/28\/ecoute-des-chants-et-observation\/","og_site_name":"Groupe local Pays Gapen\u00e7ais","article_published_time":"2023-04-28T18:31:30+00:00","og_image":[{"width":1024,"height":768,"url":"https:\/\/paca.lpo.fr\/blogs\/pays-gapencais\/files\/2023\/04\/c554d805-f448-4284-9624-112f0d90c789.jpg","type":"image\/jpeg"}],"author":"Clothilde","twitter_card":"summary_large_image","twitter_misc":{"\u00c9crit par":"Clothilde","Dur\u00e9e de lecture estim\u00e9e":"1 minute"},"schema":{"@context":"https:\/\/schema.org","@graph":[{"@type":"Article","@id":"https:\/\/paca.lpo.fr\/blogs\/pays-gapencais\/2023\/04\/28\/ecoute-des-chants-et-observation\/#article","isPartOf":{"@id":"https:\/\/paca.lpo.fr\/blogs\/pays-gapencais\/2023\/04\/28\/ecoute-des-chants-et-observation\/"},"author":{"name":"Clothilde","@id":"https:\/\/paca.lpo.fr\/blogs\/pays-gapencais\/#\/schema\/person\/1c87baaa2604f64f79675eab2285a83a"},"headline":"Ecoute des chants et observation","datePublished":"2023-04-28T18:31:30+00:00","mainEntityOfPage":{"@id":"https:\/\/paca.lpo.fr\/blogs\/pays-gapencais\/2023\/04\/28\/ecoute-des-chants-et-observation\/"},"wordCount":134,"commentCount":0,"publisher":{"@id":"https:\/\/paca.lpo.fr\/blogs\/pays-gapencais\/#organization"},"image":{"@id":"https:\/\/paca.lpo.fr\/blogs\/pays-gapencais\/2023\/04\/28\/ecoute-des-chants-et-observation\/#primaryimage"},"thumbnailUrl":"https:\/\/paca.lpo.fr\/blogs\/pays-gapencais\/files\/2023\/04\/c554d805-f448-4284-9624-112f0d90c789.jpg","articleSection":["Actualit\u00e9s"],"inLanguage":"fr-FR","potentialAction":[{"@type":"CommentAction","name":"Comment","target":["https:\/\/paca.lpo.fr\/blogs\/pays-gapencais\/2023\/04\/28\/ecoute-des-chants-et-observation\/#respond"]}]},{"@type":"WebPage","@id":"https:\/\/paca.lpo.fr\/blogs\/pays-gapencais\/2023\/04\/28\/ecoute-des-chants-et-observation\/","url":"https:\/\/paca.lpo.fr\/blogs\/pays-gapencais\/2023\/04\/28\/ecoute-des-chants-et-observation\/","name":"Ecoute des chants et observation - Groupe local Pays Gapen\u00e7ais","isPartOf":{"@id":"https:\/\/paca.lpo.fr\/blogs\/pays-gapencais\/#website"},"primaryImageOfPage":{"@id":"https:\/\/paca.lpo.fr\/blogs\/pays-gapencais\/2023\/04\/28\/ecoute-des-chants-et-observation\/#primaryimage"},"image":{"@id":"https:\/\/paca.lpo.fr\/blogs\/pays-gapencais\/2023\/04\/28\/ecoute-des-chants-et-observation\/#primaryimage"},"thumbnailUrl":"https:\/\/paca.lpo.fr\/blogs\/pays-gapencais\/files\/2023\/04\/c554d805-f448-4284-9624-112f0d90c789.jpg","datePublished":"2023-04-28T18:31:30+00:00","breadcrumb":{"@id":"https:\/\/paca.lpo.fr\/blogs\/pays-gapencais\/2023\/04\/28\/ecoute-des-chants-et-observation\/#breadcrumb"},"inLanguage":"fr-FR","potentialAction":[{"@type":"ReadAction","target":["https:\/\/paca.lpo.fr\/blogs\/pays-gapencais\/2023\/04\/28\/ecoute-des-chants-et-observation\/"]}]},{"@type":"ImageObject","inLanguage":"fr-FR","@id":"https:\/\/paca.lpo.fr\/blogs\/pays-gapencais\/2023\/04\/28\/ecoute-des-chants-et-observation\/#primaryimage","url":"https:\/\/paca.lpo.fr\/blogs\/pays-gapencais\/files\/2023\/04\/c554d805-f448-4284-9624-112f0d90c789.jpg","contentUrl":"https:\/\/paca.lpo.fr\/blogs\/pays-gapencais\/files\/2023\/04\/c554d805-f448-4284-9624-112f0d90c789.jpg","width":1024,"height":768},{"@type":"BreadcrumbList","@id":"https:\/\/paca.lpo.fr\/blogs\/pays-gapencais\/2023\/04\/28\/ecoute-des-chants-et-observation\/#breadcrumb","itemListElement":[{"@type":"ListItem","position":1,"name":"Accueil","item":"https:\/\/paca.lpo.fr\/blogs\/pays-gapencais\/"},{"@type":"ListItem","position":2,"name":"Ecoute des chants et observation"}]},{"@type":"WebSite","@id":"https:\/\/paca.lpo.fr\/blogs\/pays-gapencais\/#website","url":"https:\/\/paca.lpo.fr\/blogs\/pays-gapencais\/","name":"Groupe local Pays Gapen\u00e7ais","description":"Groupe local Pays Gapen\u00e7ais","publisher":{"@id":"https:\/\/paca.lpo.fr\/blogs\/pays-gapencais\/#organization"},"potentialAction":[{"@type":"SearchAction","target":{"@type":"EntryPoint","urlTemplate":"https:\/\/paca.lpo.fr\/blogs\/pays-gapencais\/?s={search_term_string}"},"query-input":{"@type":"PropertyValueSpecification","valueRequired":true,"valueName":"search_term_string"}}],"inLanguage":"fr-FR"},{"@type":"Organization","@id":"https:\/\/paca.lpo.fr\/blogs\/pays-gapencais\/#organization","name":"Groupe local Pays Gapen\u00e7ais","url":"https:\/\/paca.lpo.fr\/blogs\/pays-gapencais\/","logo":{"@type":"ImageObject","inLanguage":"fr-FR","@id":"https:\/\/paca.lpo.fr\/blogs\/pays-gapencais\/#\/schema\/logo\/image\/","url":"https:\/\/paca.lpo.fr\/blogs\/pays-gapencais\/files\/2024\/01\/cropped-rvb-lpo-paca-logotype-signature-droite-mini-500.jpg","contentUrl":"https:\/\/paca.lpo.fr\/blogs\/pays-gapencais\/files\/2024\/01\/cropped-rvb-lpo-paca-logotype-signature-droite-mini-500.jpg","width":500,"height":210,"caption":"Groupe local Pays Gapen\u00e7ais"},"image":{"@id":"https:\/\/paca.lpo.fr\/blogs\/pays-gapencais\/#\/schema\/logo\/image\/"}},{"@type":"Person","@id":"https:\/\/paca.lpo.fr\/blogs\/pays-gapencais\/#\/schema\/person\/1c87baaa2604f64f79675eab2285a83a","name":"Clothilde","image":{"@type":"ImageObject","inLanguage":"fr-FR","@id":"https:\/\/secure.gravatar.com\/avatar\/6cb270b0aca35c7f0cba6bc63e460287eadf103ce197a7797390ee99a011b1ef?s=96&d=mm&r=g","url":"https:\/\/secure.gravatar.com\/avatar\/6cb270b0aca35c7f0cba6bc63e460287eadf103ce197a7797390ee99a011b1ef?s=96&d=mm&r=g","contentUrl":"https:\/\/secure.gravatar.com\/avatar\/6cb270b0aca35c7f0cba6bc63e460287eadf103ce197a7797390ee99a011b1ef?s=96&d=mm&r=g","caption":"Clothilde"},"url":"https:\/\/paca.lpo.fr\/blogs\/pays-gapencais\/author\/clothildeletreste\/"}]}},"jetpack_featured_media_url":"https:\/\/paca.lpo.fr\/blogs\/pays-gapencais\/files\/2023\/04\/c554d805-f448-4284-9624-112f0d90c789.jpg","_links":{"self":[{"href":"https:\/\/paca.lpo.fr\/blogs\/pays-gapencais\/wp-json\/wp\/v2\/posts\/1085","targetHints":{"allow":["GET"]}}],"collection":[{"href":"https:\/\/paca.lpo.fr\/blogs\/pays-gapencais\/wp-json\/wp\/v2\/posts"}],"about":[{"href":"https:\/\/paca.lpo.fr\/blogs\/pays-gapencais\/wp-json\/wp\/v2\/types\/post"}],"author":[{"embeddable":true,"href":"https:\/\/paca.lpo.fr\/blogs\/pays-gapencais\/wp-json\/wp\/v2\/users\/160"}],"replies":[{"embeddable":true,"href":"https:\/\/paca.lpo.fr\/blogs\/pays-gapencais\/wp-json\/wp\/v2\/comments?post=1085"}],"version-history":[{"count":4,"href":"https:\/\/paca.lpo.fr\/blogs\/pays-gapencais\/wp-json\/wp\/v2\/posts\/1085\/revisions"}],"predecessor-version":[{"id":1095,"href":"https:\/\/paca.lpo.fr\/blogs\/pays-gapencais\/wp-json\/wp\/v2\/posts\/1085\/revisions\/1095"}],"wp:featuredmedia":[{"embeddable":true,"href":"https:\/\/paca.lpo.fr\/blogs\/pays-gapencais\/wp-json\/wp\/v2\/media\/1091"}],"wp:attachment":[{"href":"https:\/\/paca.lpo.fr\/blogs\/pays-gapencais\/wp-json\/wp\/v2\/media?parent=1085"}],"wp:term":[{"taxonomy":"category","embeddable":true,"href":"https:\/\/paca.lpo.fr\/blogs\/pays-gapencais\/wp-json\/wp\/v2\/categories?post=1085"},{"taxonomy":"post_tag","embeddable":true,"href":"https:\/\/paca.lpo.fr\/blogs\/pays-gapencais\/wp-json\/wp\/v2\/tags?post=1085"}],"curies":[{"name":"wp","href":"https:\/\/api.w.org\/{rel}","templated":true}]}}