{"id":111,"date":"2013-01-03T07:28:23","date_gmt":"2013-01-03T07:28:23","guid":{"rendered":"http:\/\/paca.lpo.fr\/blogs\/pays-gapencais\/?p=111"},"modified":"2013-01-03T07:32:49","modified_gmt":"2013-01-03T07:32:49","slug":"petite-video-sur-les-oiseaux-observes-en-2012-dans-les-hautes-alpes","status":"publish","type":"post","link":"https:\/\/paca.lpo.fr\/blogs\/pays-gapencais\/2013\/01\/03\/petite-video-sur-les-oiseaux-observes-en-2012-dans-les-hautes-alpes\/","title":{"rendered":"Petite vid\u00e9o sur les oiseaux observ\u00e9s en 2012 dans les Hautes-Alpes"},"content":{"rendered":"<p><iframe loading=\"lazy\" src=\"http:\/\/www.dailymotion.com\/embed\/video\/xvykjh\" frameborder=\"0\" width=\"480\" height=\"270\"><\/iframe><br \/>\n<a href=\"http:\/\/www.dailymotion.com\/video\/xvykjh_oiseaux-2012_animals\" target=\"_blank\">OISEAUX 2012<\/a> <em>par <a href=\"http:\/\/www.dailymotion.com\/siger05\" target=\"_blank\">siger05<\/a><\/em><\/p>\n","protected":false},"excerpt":{"rendered":"<p>OISEAUX 2012 par siger05<\/p>\n","protected":false},"author":3,"featured_media":0,"comment_status":"open","ping_status":"open","sticky":false,"template":"","format":"standard","meta":{"footnotes":""},"categories":[1],"tags":[],"class_list":["post-111","post","type-post","status-publish","format-standard","hentry","category-non-classe"],"yoast_head":"<!-- This site is optimized with the Yoast SEO plugin v28.3 - https:\/\/yoast.com\/product\/yoast-seo-wordpress\/ -->\n<title>Petite vid\u00e9o sur les oiseaux observ\u00e9s en 2012 dans les Hautes-Alpes - Groupe local Pays Gapen\u00e7ais<\/title>\n<meta name=\"robots\" content=\"index, follow, max-snippet:-1, max-image-preview:large, max-video-preview:-1\" \/>\n<link rel=\"canonical\" href=\"https:\/\/paca.lpo.fr\/blogs\/pays-gapencais\/2013\/01\/03\/petite-video-sur-les-oiseaux-observes-en-2012-dans-les-hautes-alpes\/\" \/>\n<meta property=\"og:locale\" content=\"fr_FR\" \/>\n<meta property=\"og:type\" content=\"article\" \/>\n<meta property=\"og:title\" content=\"Petite vid\u00e9o sur les oiseaux observ\u00e9s en 2012 dans les Hautes-Alpes - Groupe local Pays Gapen\u00e7ais\" \/>\n<meta property=\"og:description\" content=\"OISEAUX 2012 par siger05\" \/>\n<meta property=\"og:url\" content=\"https:\/\/paca.lpo.fr\/blogs\/pays-gapencais\/2013\/01\/03\/petite-video-sur-les-oiseaux-observes-en-2012-dans-les-hautes-alpes\/\" \/>\n<meta property=\"og:site_name\" content=\"Groupe local Pays Gapen\u00e7ais\" \/>\n<meta property=\"article:published_time\" content=\"2013-01-03T07:28:23+00:00\" \/>\n<meta property=\"article:modified_time\" content=\"2013-01-03T07:32:49+00:00\" \/>\n<meta name=\"author\" content=\"S\u00e9bastien\" \/>\n<meta name=\"twitter:card\" content=\"summary_large_image\" \/>\n<meta name=\"twitter:label1\" content=\"\u00c9crit par\" \/>\n\t<meta name=\"twitter:data1\" content=\"S\u00e9bastien\" \/>\n<script type=\"application\/ld+json\" class=\"yoast-schema-graph\">{\"@context\":\"https:\\\/\\\/schema.org\",\"@graph\":[{\"@type\":\"Article\",\"@id\":\"https:\\\/\\\/paca.lpo.fr\\\/blogs\\\/pays-gapencais\\\/2013\\\/01\\\/03\\\/petite-video-sur-les-oiseaux-observes-en-2012-dans-les-hautes-alpes\\\/#article\",\"isPartOf\":{\"@id\":\"https:\\\/\\\/paca.lpo.fr\\\/blogs\\\/pays-gapencais\\\/2013\\\/01\\\/03\\\/petite-video-sur-les-oiseaux-observes-en-2012-dans-les-hautes-alpes\\\/\"},\"author\":{\"name\":\"S\u00e9bastien\",\"@id\":\"https:\\\/\\\/paca.lpo.fr\\\/blogs\\\/pays-gapencais\\\/#\\\/schema\\\/person\\\/da382f7625a143975882519ded8c5834\"},\"headline\":\"Petite vid\u00e9o sur les oiseaux observ\u00e9s en 2012 dans les Hautes-Alpes\",\"datePublished\":\"2013-01-03T07:28:23+00:00\",\"dateModified\":\"2013-01-03T07:32:49+00:00\",\"mainEntityOfPage\":{\"@id\":\"https:\\\/\\\/paca.lpo.fr\\\/blogs\\\/pays-gapencais\\\/2013\\\/01\\\/03\\\/petite-video-sur-les-oiseaux-observes-en-2012-dans-les-hautes-alpes\\\/\"},\"wordCount\":15,\"commentCount\":3,\"publisher\":{\"@id\":\"https:\\\/\\\/paca.lpo.fr\\\/blogs\\\/pays-gapencais\\\/#organization\"},\"inLanguage\":\"fr-FR\",\"potentialAction\":[{\"@type\":\"CommentAction\",\"name\":\"Comment\",\"target\":[\"https:\\\/\\\/paca.lpo.fr\\\/blogs\\\/pays-gapencais\\\/2013\\\/01\\\/03\\\/petite-video-sur-les-oiseaux-observes-en-2012-dans-les-hautes-alpes\\\/#respond\"]}]},{\"@type\":\"WebPage\",\"@id\":\"https:\\\/\\\/paca.lpo.fr\\\/blogs\\\/pays-gapencais\\\/2013\\\/01\\\/03\\\/petite-video-sur-les-oiseaux-observes-en-2012-dans-les-hautes-alpes\\\/\",\"url\":\"https:\\\/\\\/paca.lpo.fr\\\/blogs\\\/pays-gapencais\\\/2013\\\/01\\\/03\\\/petite-video-sur-les-oiseaux-observes-en-2012-dans-les-hautes-alpes\\\/\",\"name\":\"Petite vid\u00e9o sur les oiseaux observ\u00e9s en 2012 dans les Hautes-Alpes - Groupe local Pays Gapen\u00e7ais\",\"isPartOf\":{\"@id\":\"https:\\\/\\\/paca.lpo.fr\\\/blogs\\\/pays-gapencais\\\/#website\"},\"datePublished\":\"2013-01-03T07:28:23+00:00\",\"dateModified\":\"2013-01-03T07:32:49+00:00\",\"breadcrumb\":{\"@id\":\"https:\\\/\\\/paca.lpo.fr\\\/blogs\\\/pays-gapencais\\\/2013\\\/01\\\/03\\\/petite-video-sur-les-oiseaux-observes-en-2012-dans-les-hautes-alpes\\\/#breadcrumb\"},\"inLanguage\":\"fr-FR\",\"potentialAction\":[{\"@type\":\"ReadAction\",\"target\":[\"https:\\\/\\\/paca.lpo.fr\\\/blogs\\\/pays-gapencais\\\/2013\\\/01\\\/03\\\/petite-video-sur-les-oiseaux-observes-en-2012-dans-les-hautes-alpes\\\/\"]}]},{\"@type\":\"BreadcrumbList\",\"@id\":\"https:\\\/\\\/paca.lpo.fr\\\/blogs\\\/pays-gapencais\\\/2013\\\/01\\\/03\\\/petite-video-sur-les-oiseaux-observes-en-2012-dans-les-hautes-alpes\\\/#breadcrumb\",\"itemListElement\":[{\"@type\":\"ListItem\",\"position\":1,\"name\":\"Accueil\",\"item\":\"https:\\\/\\\/paca.lpo.fr\\\/blogs\\\/pays-gapencais\\\/\"},{\"@type\":\"ListItem\",\"position\":2,\"name\":\"Petite vid\u00e9o sur les oiseaux observ\u00e9s en 2012 dans les Hautes-Alpes\"}]},{\"@type\":\"WebSite\",\"@id\":\"https:\\\/\\\/paca.lpo.fr\\\/blogs\\\/pays-gapencais\\\/#website\",\"url\":\"https:\\\/\\\/paca.lpo.fr\\\/blogs\\\/pays-gapencais\\\/\",\"name\":\"Groupe local Pays Gapen\u00e7ais\",\"description\":\"Groupe local Pays Gapen\u00e7ais\",\"publisher\":{\"@id\":\"https:\\\/\\\/paca.lpo.fr\\\/blogs\\\/pays-gapencais\\\/#organization\"},\"potentialAction\":[{\"@type\":\"SearchAction\",\"target\":{\"@type\":\"EntryPoint\",\"urlTemplate\":\"https:\\\/\\\/paca.lpo.fr\\\/blogs\\\/pays-gapencais\\\/?s={search_term_string}\"},\"query-input\":{\"@type\":\"PropertyValueSpecification\",\"valueRequired\":true,\"valueName\":\"search_term_string\"}}],\"inLanguage\":\"fr-FR\"},{\"@type\":\"Organization\",\"@id\":\"https:\\\/\\\/paca.lpo.fr\\\/blogs\\\/pays-gapencais\\\/#organization\",\"name\":\"Groupe local Pays Gapen\u00e7ais\",\"url\":\"https:\\\/\\\/paca.lpo.fr\\\/blogs\\\/pays-gapencais\\\/\",\"logo\":{\"@type\":\"ImageObject\",\"inLanguage\":\"fr-FR\",\"@id\":\"https:\\\/\\\/paca.lpo.fr\\\/blogs\\\/pays-gapencais\\\/#\\\/schema\\\/logo\\\/image\\\/\",\"url\":\"https:\\\/\\\/paca.lpo.fr\\\/blogs\\\/pays-gapencais\\\/files\\\/2024\\\/01\\\/cropped-rvb-lpo-paca-logotype-signature-droite-mini-500.jpg\",\"contentUrl\":\"https:\\\/\\\/paca.lpo.fr\\\/blogs\\\/pays-gapencais\\\/files\\\/2024\\\/01\\\/cropped-rvb-lpo-paca-logotype-signature-droite-mini-500.jpg\",\"width\":500,\"height\":210,\"caption\":\"Groupe local Pays Gapen\u00e7ais\"},\"image\":{\"@id\":\"https:\\\/\\\/paca.lpo.fr\\\/blogs\\\/pays-gapencais\\\/#\\\/schema\\\/logo\\\/image\\\/\"}},{\"@type\":\"Person\",\"@id\":\"https:\\\/\\\/paca.lpo.fr\\\/blogs\\\/pays-gapencais\\\/#\\\/schema\\\/person\\\/da382f7625a143975882519ded8c5834\",\"name\":\"S\u00e9bastien\",\"image\":{\"@type\":\"ImageObject\",\"inLanguage\":\"fr-FR\",\"@id\":\"https:\\\/\\\/secure.gravatar.com\\\/avatar\\\/927679b7de34b212ca305076031e57cdcd861ed31fcd177bee25e8f836faaafe?s=96&d=mm&r=g\",\"url\":\"https:\\\/\\\/secure.gravatar.com\\\/avatar\\\/927679b7de34b212ca305076031e57cdcd861ed31fcd177bee25e8f836faaafe?s=96&d=mm&r=g\",\"contentUrl\":\"https:\\\/\\\/secure.gravatar.com\\\/avatar\\\/927679b7de34b212ca305076031e57cdcd861ed31fcd177bee25e8f836faaafe?s=96&d=mm&r=g\",\"caption\":\"S\u00e9bastien\"},\"url\":\"https:\\\/\\\/paca.lpo.fr\\\/blogs\\\/pays-gapencais\\\/author\\\/sebastien83\\\/\"}]}<\/script>\n<!-- \/ Yoast SEO plugin. -->","yoast_head_json":{"title":"Petite vid\u00e9o sur les oiseaux observ\u00e9s en 2012 dans les Hautes-Alpes - Groupe local Pays Gapen\u00e7ais","robots":{"index":"index","follow":"follow","max-snippet":"max-snippet:-1","max-image-preview":"max-image-preview:large","max-video-preview":"max-video-preview:-1"},"canonical":"https:\/\/paca.lpo.fr\/blogs\/pays-gapencais\/2013\/01\/03\/petite-video-sur-les-oiseaux-observes-en-2012-dans-les-hautes-alpes\/","og_locale":"fr_FR","og_type":"article","og_title":"Petite vid\u00e9o sur les oiseaux observ\u00e9s en 2012 dans les Hautes-Alpes - Groupe local Pays Gapen\u00e7ais","og_description":"OISEAUX 2012 par siger05","og_url":"https:\/\/paca.lpo.fr\/blogs\/pays-gapencais\/2013\/01\/03\/petite-video-sur-les-oiseaux-observes-en-2012-dans-les-hautes-alpes\/","og_site_name":"Groupe local Pays Gapen\u00e7ais","article_published_time":"2013-01-03T07:28:23+00:00","article_modified_time":"2013-01-03T07:32:49+00:00","author":"S\u00e9bastien","twitter_card":"summary_large_image","twitter_misc":{"\u00c9crit par":"S\u00e9bastien"},"schema":{"@context":"https:\/\/schema.org","@graph":[{"@type":"Article","@id":"https:\/\/paca.lpo.fr\/blogs\/pays-gapencais\/2013\/01\/03\/petite-video-sur-les-oiseaux-observes-en-2012-dans-les-hautes-alpes\/#article","isPartOf":{"@id":"https:\/\/paca.lpo.fr\/blogs\/pays-gapencais\/2013\/01\/03\/petite-video-sur-les-oiseaux-observes-en-2012-dans-les-hautes-alpes\/"},"author":{"name":"S\u00e9bastien","@id":"https:\/\/paca.lpo.fr\/blogs\/pays-gapencais\/#\/schema\/person\/da382f7625a143975882519ded8c5834"},"headline":"Petite vid\u00e9o sur les oiseaux observ\u00e9s en 2012 dans les Hautes-Alpes","datePublished":"2013-01-03T07:28:23+00:00","dateModified":"2013-01-03T07:32:49+00:00","mainEntityOfPage":{"@id":"https:\/\/paca.lpo.fr\/blogs\/pays-gapencais\/2013\/01\/03\/petite-video-sur-les-oiseaux-observes-en-2012-dans-les-hautes-alpes\/"},"wordCount":15,"commentCount":3,"publisher":{"@id":"https:\/\/paca.lpo.fr\/blogs\/pays-gapencais\/#organization"},"inLanguage":"fr-FR","potentialAction":[{"@type":"CommentAction","name":"Comment","target":["https:\/\/paca.lpo.fr\/blogs\/pays-gapencais\/2013\/01\/03\/petite-video-sur-les-oiseaux-observes-en-2012-dans-les-hautes-alpes\/#respond"]}]},{"@type":"WebPage","@id":"https:\/\/paca.lpo.fr\/blogs\/pays-gapencais\/2013\/01\/03\/petite-video-sur-les-oiseaux-observes-en-2012-dans-les-hautes-alpes\/","url":"https:\/\/paca.lpo.fr\/blogs\/pays-gapencais\/2013\/01\/03\/petite-video-sur-les-oiseaux-observes-en-2012-dans-les-hautes-alpes\/","name":"Petite vid\u00e9o sur les oiseaux observ\u00e9s en 2012 dans les Hautes-Alpes - Groupe local Pays Gapen\u00e7ais","isPartOf":{"@id":"https:\/\/paca.lpo.fr\/blogs\/pays-gapencais\/#website"},"datePublished":"2013-01-03T07:28:23+00:00","dateModified":"2013-01-03T07:32:49+00:00","breadcrumb":{"@id":"https:\/\/paca.lpo.fr\/blogs\/pays-gapencais\/2013\/01\/03\/petite-video-sur-les-oiseaux-observes-en-2012-dans-les-hautes-alpes\/#breadcrumb"},"inLanguage":"fr-FR","potentialAction":[{"@type":"ReadAction","target":["https:\/\/paca.lpo.fr\/blogs\/pays-gapencais\/2013\/01\/03\/petite-video-sur-les-oiseaux-observes-en-2012-dans-les-hautes-alpes\/"]}]},{"@type":"BreadcrumbList","@id":"https:\/\/paca.lpo.fr\/blogs\/pays-gapencais\/2013\/01\/03\/petite-video-sur-les-oiseaux-observes-en-2012-dans-les-hautes-alpes\/#breadcrumb","itemListElement":[{"@type":"ListItem","position":1,"name":"Accueil","item":"https:\/\/paca.lpo.fr\/blogs\/pays-gapencais\/"},{"@type":"ListItem","position":2,"name":"Petite vid\u00e9o sur les oiseaux observ\u00e9s en 2012 dans les Hautes-Alpes"}]},{"@type":"WebSite","@id":"https:\/\/paca.lpo.fr\/blogs\/pays-gapencais\/#website","url":"https:\/\/paca.lpo.fr\/blogs\/pays-gapencais\/","name":"Groupe local Pays Gapen\u00e7ais","description":"Groupe local Pays Gapen\u00e7ais","publisher":{"@id":"https:\/\/paca.lpo.fr\/blogs\/pays-gapencais\/#organization"},"potentialAction":[{"@type":"SearchAction","target":{"@type":"EntryPoint","urlTemplate":"https:\/\/paca.lpo.fr\/blogs\/pays-gapencais\/?s={search_term_string}"},"query-input":{"@type":"PropertyValueSpecification","valueRequired":true,"valueName":"search_term_string"}}],"inLanguage":"fr-FR"},{"@type":"Organization","@id":"https:\/\/paca.lpo.fr\/blogs\/pays-gapencais\/#organization","name":"Groupe local Pays Gapen\u00e7ais","url":"https:\/\/paca.lpo.fr\/blogs\/pays-gapencais\/","logo":{"@type":"ImageObject","inLanguage":"fr-FR","@id":"https:\/\/paca.lpo.fr\/blogs\/pays-gapencais\/#\/schema\/logo\/image\/","url":"https:\/\/paca.lpo.fr\/blogs\/pays-gapencais\/files\/2024\/01\/cropped-rvb-lpo-paca-logotype-signature-droite-mini-500.jpg","contentUrl":"https:\/\/paca.lpo.fr\/blogs\/pays-gapencais\/files\/2024\/01\/cropped-rvb-lpo-paca-logotype-signature-droite-mini-500.jpg","width":500,"height":210,"caption":"Groupe local Pays Gapen\u00e7ais"},"image":{"@id":"https:\/\/paca.lpo.fr\/blogs\/pays-gapencais\/#\/schema\/logo\/image\/"}},{"@type":"Person","@id":"https:\/\/paca.lpo.fr\/blogs\/pays-gapencais\/#\/schema\/person\/da382f7625a143975882519ded8c5834","name":"S\u00e9bastien","image":{"@type":"ImageObject","inLanguage":"fr-FR","@id":"https:\/\/secure.gravatar.com\/avatar\/927679b7de34b212ca305076031e57cdcd861ed31fcd177bee25e8f836faaafe?s=96&d=mm&r=g","url":"https:\/\/secure.gravatar.com\/avatar\/927679b7de34b212ca305076031e57cdcd861ed31fcd177bee25e8f836faaafe?s=96&d=mm&r=g","contentUrl":"https:\/\/secure.gravatar.com\/avatar\/927679b7de34b212ca305076031e57cdcd861ed31fcd177bee25e8f836faaafe?s=96&d=mm&r=g","caption":"S\u00e9bastien"},"url":"https:\/\/paca.lpo.fr\/blogs\/pays-gapencais\/author\/sebastien83\/"}]}},"jetpack_featured_media_url":"","_links":{"self":[{"href":"https:\/\/paca.lpo.fr\/blogs\/pays-gapencais\/wp-json\/wp\/v2\/posts\/111","targetHints":{"allow":["GET"]}}],"collection":[{"href":"https:\/\/paca.lpo.fr\/blogs\/pays-gapencais\/wp-json\/wp\/v2\/posts"}],"about":[{"href":"https:\/\/paca.lpo.fr\/blogs\/pays-gapencais\/wp-json\/wp\/v2\/types\/post"}],"author":[{"embeddable":true,"href":"https:\/\/paca.lpo.fr\/blogs\/pays-gapencais\/wp-json\/wp\/v2\/users\/3"}],"replies":[{"embeddable":true,"href":"https:\/\/paca.lpo.fr\/blogs\/pays-gapencais\/wp-json\/wp\/v2\/comments?post=111"}],"version-history":[{"count":4,"href":"https:\/\/paca.lpo.fr\/blogs\/pays-gapencais\/wp-json\/wp\/v2\/posts\/111\/revisions"}],"predecessor-version":[{"id":219,"href":"https:\/\/paca.lpo.fr\/blogs\/pays-gapencais\/wp-json\/wp\/v2\/posts\/111\/revisions\/219"}],"wp:attachment":[{"href":"https:\/\/paca.lpo.fr\/blogs\/pays-gapencais\/wp-json\/wp\/v2\/media?parent=111"}],"wp:term":[{"taxonomy":"category","embeddable":true,"href":"https:\/\/paca.lpo.fr\/blogs\/pays-gapencais\/wp-json\/wp\/v2\/categories?post=111"},{"taxonomy":"post_tag","embeddable":true,"href":"https:\/\/paca.lpo.fr\/blogs\/pays-gapencais\/wp-json\/wp\/v2\/tags?post=111"}],"curies":[{"name":"wp","href":"https:\/\/api.w.org\/{rel}","templated":true}]}}