{"id":119,"date":"2013-01-19T10:11:15","date_gmt":"2013-01-19T10:11:15","guid":{"rendered":"http:\/\/paca.lpo.fr\/blogs\/pays-gapencais\/?p=119"},"modified":"2014-10-31T13:19:24","modified_gmt":"2014-10-31T13:19:24","slug":"les-oiseaux-du-vieux-village-de-sigoyer-viere","status":"publish","type":"post","link":"https:\/\/paca.lpo.fr\/blogs\/pays-gapencais\/2013\/01\/19\/les-oiseaux-du-vieux-village-de-sigoyer-viere\/","title":{"rendered":"Les oiseaux du vieux village de SIGOYER : VIERE"},"content":{"rendered":"<figure id=\"attachment_122\" aria-describedby=\"caption-attachment-122\" style=\"width: 480px\" class=\"wp-caption alignleft\"><a href=\"http:\/\/paca.lpo.fr\/blogs\/pays-gapencais\/2013\/01\/19\/les-oiseaux-du-vieux-village-de-sigoyer-viere\/dscn4058rd-2\/\" rel=\"attachment wp-att-122\"><img loading=\"lazy\" decoding=\"async\" class=\"size-medium wp-image-122\" src=\"http:\/\/paca.lpo.fr\/blogs\/pays-gapencais\/files\/2013\/01\/DSCN4058rd1-480x360.jpg\" alt=\"SIGOYER\" width=\"480\" height=\"360\" srcset=\"https:\/\/paca.lpo.fr\/blogs\/pays-gapencais\/files\/2013\/01\/DSCN4058rd1-480x360.jpg 480w, https:\/\/paca.lpo.fr\/blogs\/pays-gapencais\/files\/2013\/01\/DSCN4058rd1.jpg 640w\" sizes=\"auto, (max-width: 480px) 100vw, 480px\" \/><\/a><figcaption id=\"caption-attachment-122\" class=\"wp-caption-text\">Sous la falaise de C\u00e9\u00fcze, le groupe local d\u00e9couvre le vieux village de Sigoyer et ses oiseaux hivernants<\/figcaption><\/figure>\n<p><em>Tout au bout du chemin, de neige fra\u00eeche poudr\u00e9<\/em><\/p>\n<p><em>De ci, des bruants jaunes, de l\u00e0, une sittelle<\/em><\/p>\n<p><em>A l&rsquo;ombre des murailles de l&rsquo;ancien Sigoyer, une grive, un pinson<\/em><\/p>\n<p><em>Deux chevreuils s&rsquo;\u00e9vanouissent, del\u00e0\u00a0le Pissenton<\/em><\/p>\n<p><em>Saisis par la froidure d&rsquo;un janvier lumineux<\/em><\/p>\n<p><em>Nous voici de retour, ciel et c\u0153urs radieux&#8230;<\/em><\/p>\n<p><em>Jean et Marie-Constance Raillot<\/em><\/p>\n<p>Mercredi 16 janvier<\/p>\n<p>&nbsp;<\/p>\n","protected":false},"excerpt":{"rendered":"<p>Tout au bout du chemin, de neige fra\u00eeche poudr\u00e9 De ci, des bruants jaunes, de l\u00e0, une sittelle A l&rsquo;ombre des murailles de l&rsquo;ancien Sigoyer, une grive, un pinson Deux chevreuils s&rsquo;\u00e9vanouissent, del\u00e0\u00a0le Pissenton Saisis par la froidure d&rsquo;un janvier lumineux Nous voici de retour, ciel et c\u0153urs radieux&#8230; Jean et Marie-Constance Raillot Mercredi 16 [&hellip;]<\/p>\n","protected":false},"author":20,"featured_media":122,"comment_status":"open","ping_status":"open","sticky":false,"template":"","format":"standard","meta":{"footnotes":""},"categories":[1],"tags":[],"class_list":["post-119","post","type-post","status-publish","format-standard","has-post-thumbnail","hentry","category-non-classe"],"yoast_head":"<!-- This site is optimized with the Yoast SEO plugin v28.3 - https:\/\/yoast.com\/product\/yoast-seo-wordpress\/ -->\n<title>Les oiseaux du vieux village de SIGOYER : VIERE - Groupe local Pays Gapen\u00e7ais<\/title>\n<meta name=\"robots\" content=\"index, follow, max-snippet:-1, max-image-preview:large, max-video-preview:-1\" \/>\n<link rel=\"canonical\" href=\"https:\/\/paca.lpo.fr\/blogs\/pays-gapencais\/2013\/01\/19\/les-oiseaux-du-vieux-village-de-sigoyer-viere\/\" \/>\n<meta property=\"og:locale\" content=\"fr_FR\" \/>\n<meta property=\"og:type\" content=\"article\" \/>\n<meta property=\"og:title\" content=\"Les oiseaux du vieux village de SIGOYER : VIERE - Groupe local Pays Gapen\u00e7ais\" \/>\n<meta property=\"og:description\" content=\"Tout au bout du chemin, de neige fra\u00eeche poudr\u00e9 De ci, des bruants jaunes, de l\u00e0, une sittelle A l&rsquo;ombre des murailles de l&rsquo;ancien Sigoyer, une grive, un pinson Deux chevreuils s&rsquo;\u00e9vanouissent, del\u00e0\u00a0le Pissenton Saisis par la froidure d&rsquo;un janvier lumineux Nous voici de retour, ciel et c\u0153urs radieux&#8230; Jean et Marie-Constance Raillot Mercredi 16 [&hellip;]\" \/>\n<meta property=\"og:url\" content=\"https:\/\/paca.lpo.fr\/blogs\/pays-gapencais\/2013\/01\/19\/les-oiseaux-du-vieux-village-de-sigoyer-viere\/\" \/>\n<meta property=\"og:site_name\" content=\"Groupe local Pays Gapen\u00e7ais\" \/>\n<meta property=\"article:published_time\" content=\"2013-01-19T10:11:15+00:00\" \/>\n<meta property=\"article:modified_time\" content=\"2014-10-31T13:19:24+00:00\" \/>\n<meta property=\"og:image\" content=\"https:\/\/paca.lpo.fr\/blogs\/pays-gapencais\/files\/2013\/01\/DSCN4058rd1.jpg\" \/>\n\t<meta property=\"og:image:width\" content=\"640\" \/>\n\t<meta property=\"og:image:height\" content=\"480\" \/>\n\t<meta property=\"og:image:type\" content=\"image\/jpeg\" \/>\n<meta name=\"author\" content=\"LPO Pays Gapen\u00e7ais\" \/>\n<meta name=\"twitter:card\" content=\"summary_large_image\" \/>\n<meta name=\"twitter:label1\" content=\"\u00c9crit par\" \/>\n\t<meta name=\"twitter:data1\" content=\"LPO Pays Gapen\u00e7ais\" \/>\n<script type=\"application\/ld+json\" class=\"yoast-schema-graph\">{\"@context\":\"https:\\\/\\\/schema.org\",\"@graph\":[{\"@type\":\"Article\",\"@id\":\"https:\\\/\\\/paca.lpo.fr\\\/blogs\\\/pays-gapencais\\\/2013\\\/01\\\/19\\\/les-oiseaux-du-vieux-village-de-sigoyer-viere\\\/#article\",\"isPartOf\":{\"@id\":\"https:\\\/\\\/paca.lpo.fr\\\/blogs\\\/pays-gapencais\\\/2013\\\/01\\\/19\\\/les-oiseaux-du-vieux-village-de-sigoyer-viere\\\/\"},\"author\":{\"name\":\"LPO Pays Gapen\u00e7ais\",\"@id\":\"https:\\\/\\\/paca.lpo.fr\\\/blogs\\\/pays-gapencais\\\/#\\\/schema\\\/person\\\/f04b4317576a566640b52fd10cb73f42\"},\"headline\":\"Les oiseaux du vieux village de SIGOYER : VIERE\",\"datePublished\":\"2013-01-19T10:11:15+00:00\",\"dateModified\":\"2014-10-31T13:19:24+00:00\",\"mainEntityOfPage\":{\"@id\":\"https:\\\/\\\/paca.lpo.fr\\\/blogs\\\/pays-gapencais\\\/2013\\\/01\\\/19\\\/les-oiseaux-du-vieux-village-de-sigoyer-viere\\\/\"},\"wordCount\":98,\"commentCount\":0,\"publisher\":{\"@id\":\"https:\\\/\\\/paca.lpo.fr\\\/blogs\\\/pays-gapencais\\\/#organization\"},\"image\":{\"@id\":\"https:\\\/\\\/paca.lpo.fr\\\/blogs\\\/pays-gapencais\\\/2013\\\/01\\\/19\\\/les-oiseaux-du-vieux-village-de-sigoyer-viere\\\/#primaryimage\"},\"thumbnailUrl\":\"https:\\\/\\\/paca.lpo.fr\\\/blogs\\\/pays-gapencais\\\/files\\\/2013\\\/01\\\/DSCN4058rd1.jpg\",\"inLanguage\":\"fr-FR\",\"potentialAction\":[{\"@type\":\"CommentAction\",\"name\":\"Comment\",\"target\":[\"https:\\\/\\\/paca.lpo.fr\\\/blogs\\\/pays-gapencais\\\/2013\\\/01\\\/19\\\/les-oiseaux-du-vieux-village-de-sigoyer-viere\\\/#respond\"]}]},{\"@type\":\"WebPage\",\"@id\":\"https:\\\/\\\/paca.lpo.fr\\\/blogs\\\/pays-gapencais\\\/2013\\\/01\\\/19\\\/les-oiseaux-du-vieux-village-de-sigoyer-viere\\\/\",\"url\":\"https:\\\/\\\/paca.lpo.fr\\\/blogs\\\/pays-gapencais\\\/2013\\\/01\\\/19\\\/les-oiseaux-du-vieux-village-de-sigoyer-viere\\\/\",\"name\":\"Les oiseaux du vieux village de SIGOYER : VIERE - Groupe local Pays Gapen\u00e7ais\",\"isPartOf\":{\"@id\":\"https:\\\/\\\/paca.lpo.fr\\\/blogs\\\/pays-gapencais\\\/#website\"},\"primaryImageOfPage\":{\"@id\":\"https:\\\/\\\/paca.lpo.fr\\\/blogs\\\/pays-gapencais\\\/2013\\\/01\\\/19\\\/les-oiseaux-du-vieux-village-de-sigoyer-viere\\\/#primaryimage\"},\"image\":{\"@id\":\"https:\\\/\\\/paca.lpo.fr\\\/blogs\\\/pays-gapencais\\\/2013\\\/01\\\/19\\\/les-oiseaux-du-vieux-village-de-sigoyer-viere\\\/#primaryimage\"},\"thumbnailUrl\":\"https:\\\/\\\/paca.lpo.fr\\\/blogs\\\/pays-gapencais\\\/files\\\/2013\\\/01\\\/DSCN4058rd1.jpg\",\"datePublished\":\"2013-01-19T10:11:15+00:00\",\"dateModified\":\"2014-10-31T13:19:24+00:00\",\"breadcrumb\":{\"@id\":\"https:\\\/\\\/paca.lpo.fr\\\/blogs\\\/pays-gapencais\\\/2013\\\/01\\\/19\\\/les-oiseaux-du-vieux-village-de-sigoyer-viere\\\/#breadcrumb\"},\"inLanguage\":\"fr-FR\",\"potentialAction\":[{\"@type\":\"ReadAction\",\"target\":[\"https:\\\/\\\/paca.lpo.fr\\\/blogs\\\/pays-gapencais\\\/2013\\\/01\\\/19\\\/les-oiseaux-du-vieux-village-de-sigoyer-viere\\\/\"]}]},{\"@type\":\"ImageObject\",\"inLanguage\":\"fr-FR\",\"@id\":\"https:\\\/\\\/paca.lpo.fr\\\/blogs\\\/pays-gapencais\\\/2013\\\/01\\\/19\\\/les-oiseaux-du-vieux-village-de-sigoyer-viere\\\/#primaryimage\",\"url\":\"https:\\\/\\\/paca.lpo.fr\\\/blogs\\\/pays-gapencais\\\/files\\\/2013\\\/01\\\/DSCN4058rd1.jpg\",\"contentUrl\":\"https:\\\/\\\/paca.lpo.fr\\\/blogs\\\/pays-gapencais\\\/files\\\/2013\\\/01\\\/DSCN4058rd1.jpg\",\"width\":\"640\",\"height\":\"480\",\"caption\":\"Sous la falaise de C\u00e9\u00fcze, le groupe local d\u00e9couvre le vieux village de Sigoyer et ses oiseaux hivernants\"},{\"@type\":\"BreadcrumbList\",\"@id\":\"https:\\\/\\\/paca.lpo.fr\\\/blogs\\\/pays-gapencais\\\/2013\\\/01\\\/19\\\/les-oiseaux-du-vieux-village-de-sigoyer-viere\\\/#breadcrumb\",\"itemListElement\":[{\"@type\":\"ListItem\",\"position\":1,\"name\":\"Accueil\",\"item\":\"https:\\\/\\\/paca.lpo.fr\\\/blogs\\\/pays-gapencais\\\/\"},{\"@type\":\"ListItem\",\"position\":2,\"name\":\"Les oiseaux du vieux village de SIGOYER : VIERE\"}]},{\"@type\":\"WebSite\",\"@id\":\"https:\\\/\\\/paca.lpo.fr\\\/blogs\\\/pays-gapencais\\\/#website\",\"url\":\"https:\\\/\\\/paca.lpo.fr\\\/blogs\\\/pays-gapencais\\\/\",\"name\":\"Groupe local Pays Gapen\u00e7ais\",\"description\":\"Groupe local Pays Gapen\u00e7ais\",\"publisher\":{\"@id\":\"https:\\\/\\\/paca.lpo.fr\\\/blogs\\\/pays-gapencais\\\/#organization\"},\"potentialAction\":[{\"@type\":\"SearchAction\",\"target\":{\"@type\":\"EntryPoint\",\"urlTemplate\":\"https:\\\/\\\/paca.lpo.fr\\\/blogs\\\/pays-gapencais\\\/?s={search_term_string}\"},\"query-input\":{\"@type\":\"PropertyValueSpecification\",\"valueRequired\":true,\"valueName\":\"search_term_string\"}}],\"inLanguage\":\"fr-FR\"},{\"@type\":\"Organization\",\"@id\":\"https:\\\/\\\/paca.lpo.fr\\\/blogs\\\/pays-gapencais\\\/#organization\",\"name\":\"Groupe local Pays Gapen\u00e7ais\",\"url\":\"https:\\\/\\\/paca.lpo.fr\\\/blogs\\\/pays-gapencais\\\/\",\"logo\":{\"@type\":\"ImageObject\",\"inLanguage\":\"fr-FR\",\"@id\":\"https:\\\/\\\/paca.lpo.fr\\\/blogs\\\/pays-gapencais\\\/#\\\/schema\\\/logo\\\/image\\\/\",\"url\":\"https:\\\/\\\/paca.lpo.fr\\\/blogs\\\/pays-gapencais\\\/files\\\/2024\\\/01\\\/cropped-rvb-lpo-paca-logotype-signature-droite-mini-500.jpg\",\"contentUrl\":\"https:\\\/\\\/paca.lpo.fr\\\/blogs\\\/pays-gapencais\\\/files\\\/2024\\\/01\\\/cropped-rvb-lpo-paca-logotype-signature-droite-mini-500.jpg\",\"width\":500,\"height\":210,\"caption\":\"Groupe local Pays Gapen\u00e7ais\"},\"image\":{\"@id\":\"https:\\\/\\\/paca.lpo.fr\\\/blogs\\\/pays-gapencais\\\/#\\\/schema\\\/logo\\\/image\\\/\"}},{\"@type\":\"Person\",\"@id\":\"https:\\\/\\\/paca.lpo.fr\\\/blogs\\\/pays-gapencais\\\/#\\\/schema\\\/person\\\/f04b4317576a566640b52fd10cb73f42\",\"name\":\"LPO Pays Gapen\u00e7ais\",\"image\":{\"@type\":\"ImageObject\",\"inLanguage\":\"fr-FR\",\"@id\":\"https:\\\/\\\/secure.gravatar.com\\\/avatar\\\/0ad60f70598d35f5834aaa24844d0685f1c44e5307491303924c152e7ee710eb?s=96&d=mm&r=g\",\"url\":\"https:\\\/\\\/secure.gravatar.com\\\/avatar\\\/0ad60f70598d35f5834aaa24844d0685f1c44e5307491303924c152e7ee710eb?s=96&d=mm&r=g\",\"contentUrl\":\"https:\\\/\\\/secure.gravatar.com\\\/avatar\\\/0ad60f70598d35f5834aaa24844d0685f1c44e5307491303924c152e7ee710eb?s=96&d=mm&r=g\",\"caption\":\"LPO Pays Gapen\u00e7ais\"},\"url\":\"https:\\\/\\\/paca.lpo.fr\\\/blogs\\\/pays-gapencais\\\/author\\\/paysgapencais\\\/\"}]}<\/script>\n<!-- \/ Yoast SEO plugin. -->","yoast_head_json":{"title":"Les oiseaux du vieux village de SIGOYER : VIERE - Groupe local Pays Gapen\u00e7ais","robots":{"index":"index","follow":"follow","max-snippet":"max-snippet:-1","max-image-preview":"max-image-preview:large","max-video-preview":"max-video-preview:-1"},"canonical":"https:\/\/paca.lpo.fr\/blogs\/pays-gapencais\/2013\/01\/19\/les-oiseaux-du-vieux-village-de-sigoyer-viere\/","og_locale":"fr_FR","og_type":"article","og_title":"Les oiseaux du vieux village de SIGOYER : VIERE - Groupe local Pays Gapen\u00e7ais","og_description":"Tout au bout du chemin, de neige fra\u00eeche poudr\u00e9 De ci, des bruants jaunes, de l\u00e0, une sittelle A l&rsquo;ombre des murailles de l&rsquo;ancien Sigoyer, une grive, un pinson Deux chevreuils s&rsquo;\u00e9vanouissent, del\u00e0\u00a0le Pissenton Saisis par la froidure d&rsquo;un janvier lumineux Nous voici de retour, ciel et c\u0153urs radieux&#8230; Jean et Marie-Constance Raillot Mercredi 16 [&hellip;]","og_url":"https:\/\/paca.lpo.fr\/blogs\/pays-gapencais\/2013\/01\/19\/les-oiseaux-du-vieux-village-de-sigoyer-viere\/","og_site_name":"Groupe local Pays Gapen\u00e7ais","article_published_time":"2013-01-19T10:11:15+00:00","article_modified_time":"2014-10-31T13:19:24+00:00","og_image":[{"width":640,"height":480,"url":"https:\/\/paca.lpo.fr\/blogs\/pays-gapencais\/files\/2013\/01\/DSCN4058rd1.jpg","type":"image\/jpeg"}],"author":"LPO Pays Gapen\u00e7ais","twitter_card":"summary_large_image","twitter_misc":{"\u00c9crit par":"LPO Pays Gapen\u00e7ais"},"schema":{"@context":"https:\/\/schema.org","@graph":[{"@type":"Article","@id":"https:\/\/paca.lpo.fr\/blogs\/pays-gapencais\/2013\/01\/19\/les-oiseaux-du-vieux-village-de-sigoyer-viere\/#article","isPartOf":{"@id":"https:\/\/paca.lpo.fr\/blogs\/pays-gapencais\/2013\/01\/19\/les-oiseaux-du-vieux-village-de-sigoyer-viere\/"},"author":{"name":"LPO Pays Gapen\u00e7ais","@id":"https:\/\/paca.lpo.fr\/blogs\/pays-gapencais\/#\/schema\/person\/f04b4317576a566640b52fd10cb73f42"},"headline":"Les oiseaux du vieux village de SIGOYER : VIERE","datePublished":"2013-01-19T10:11:15+00:00","dateModified":"2014-10-31T13:19:24+00:00","mainEntityOfPage":{"@id":"https:\/\/paca.lpo.fr\/blogs\/pays-gapencais\/2013\/01\/19\/les-oiseaux-du-vieux-village-de-sigoyer-viere\/"},"wordCount":98,"commentCount":0,"publisher":{"@id":"https:\/\/paca.lpo.fr\/blogs\/pays-gapencais\/#organization"},"image":{"@id":"https:\/\/paca.lpo.fr\/blogs\/pays-gapencais\/2013\/01\/19\/les-oiseaux-du-vieux-village-de-sigoyer-viere\/#primaryimage"},"thumbnailUrl":"https:\/\/paca.lpo.fr\/blogs\/pays-gapencais\/files\/2013\/01\/DSCN4058rd1.jpg","inLanguage":"fr-FR","potentialAction":[{"@type":"CommentAction","name":"Comment","target":["https:\/\/paca.lpo.fr\/blogs\/pays-gapencais\/2013\/01\/19\/les-oiseaux-du-vieux-village-de-sigoyer-viere\/#respond"]}]},{"@type":"WebPage","@id":"https:\/\/paca.lpo.fr\/blogs\/pays-gapencais\/2013\/01\/19\/les-oiseaux-du-vieux-village-de-sigoyer-viere\/","url":"https:\/\/paca.lpo.fr\/blogs\/pays-gapencais\/2013\/01\/19\/les-oiseaux-du-vieux-village-de-sigoyer-viere\/","name":"Les oiseaux du vieux village de SIGOYER : VIERE - Groupe local Pays Gapen\u00e7ais","isPartOf":{"@id":"https:\/\/paca.lpo.fr\/blogs\/pays-gapencais\/#website"},"primaryImageOfPage":{"@id":"https:\/\/paca.lpo.fr\/blogs\/pays-gapencais\/2013\/01\/19\/les-oiseaux-du-vieux-village-de-sigoyer-viere\/#primaryimage"},"image":{"@id":"https:\/\/paca.lpo.fr\/blogs\/pays-gapencais\/2013\/01\/19\/les-oiseaux-du-vieux-village-de-sigoyer-viere\/#primaryimage"},"thumbnailUrl":"https:\/\/paca.lpo.fr\/blogs\/pays-gapencais\/files\/2013\/01\/DSCN4058rd1.jpg","datePublished":"2013-01-19T10:11:15+00:00","dateModified":"2014-10-31T13:19:24+00:00","breadcrumb":{"@id":"https:\/\/paca.lpo.fr\/blogs\/pays-gapencais\/2013\/01\/19\/les-oiseaux-du-vieux-village-de-sigoyer-viere\/#breadcrumb"},"inLanguage":"fr-FR","potentialAction":[{"@type":"ReadAction","target":["https:\/\/paca.lpo.fr\/blogs\/pays-gapencais\/2013\/01\/19\/les-oiseaux-du-vieux-village-de-sigoyer-viere\/"]}]},{"@type":"ImageObject","inLanguage":"fr-FR","@id":"https:\/\/paca.lpo.fr\/blogs\/pays-gapencais\/2013\/01\/19\/les-oiseaux-du-vieux-village-de-sigoyer-viere\/#primaryimage","url":"https:\/\/paca.lpo.fr\/blogs\/pays-gapencais\/files\/2013\/01\/DSCN4058rd1.jpg","contentUrl":"https:\/\/paca.lpo.fr\/blogs\/pays-gapencais\/files\/2013\/01\/DSCN4058rd1.jpg","width":"640","height":"480","caption":"Sous la falaise de C\u00e9\u00fcze, le groupe local d\u00e9couvre le vieux village de Sigoyer et ses oiseaux hivernants"},{"@type":"BreadcrumbList","@id":"https:\/\/paca.lpo.fr\/blogs\/pays-gapencais\/2013\/01\/19\/les-oiseaux-du-vieux-village-de-sigoyer-viere\/#breadcrumb","itemListElement":[{"@type":"ListItem","position":1,"name":"Accueil","item":"https:\/\/paca.lpo.fr\/blogs\/pays-gapencais\/"},{"@type":"ListItem","position":2,"name":"Les oiseaux du vieux village de SIGOYER : VIERE"}]},{"@type":"WebSite","@id":"https:\/\/paca.lpo.fr\/blogs\/pays-gapencais\/#website","url":"https:\/\/paca.lpo.fr\/blogs\/pays-gapencais\/","name":"Groupe local Pays Gapen\u00e7ais","description":"Groupe local Pays Gapen\u00e7ais","publisher":{"@id":"https:\/\/paca.lpo.fr\/blogs\/pays-gapencais\/#organization"},"potentialAction":[{"@type":"SearchAction","target":{"@type":"EntryPoint","urlTemplate":"https:\/\/paca.lpo.fr\/blogs\/pays-gapencais\/?s={search_term_string}"},"query-input":{"@type":"PropertyValueSpecification","valueRequired":true,"valueName":"search_term_string"}}],"inLanguage":"fr-FR"},{"@type":"Organization","@id":"https:\/\/paca.lpo.fr\/blogs\/pays-gapencais\/#organization","name":"Groupe local Pays Gapen\u00e7ais","url":"https:\/\/paca.lpo.fr\/blogs\/pays-gapencais\/","logo":{"@type":"ImageObject","inLanguage":"fr-FR","@id":"https:\/\/paca.lpo.fr\/blogs\/pays-gapencais\/#\/schema\/logo\/image\/","url":"https:\/\/paca.lpo.fr\/blogs\/pays-gapencais\/files\/2024\/01\/cropped-rvb-lpo-paca-logotype-signature-droite-mini-500.jpg","contentUrl":"https:\/\/paca.lpo.fr\/blogs\/pays-gapencais\/files\/2024\/01\/cropped-rvb-lpo-paca-logotype-signature-droite-mini-500.jpg","width":500,"height":210,"caption":"Groupe local Pays Gapen\u00e7ais"},"image":{"@id":"https:\/\/paca.lpo.fr\/blogs\/pays-gapencais\/#\/schema\/logo\/image\/"}},{"@type":"Person","@id":"https:\/\/paca.lpo.fr\/blogs\/pays-gapencais\/#\/schema\/person\/f04b4317576a566640b52fd10cb73f42","name":"LPO Pays Gapen\u00e7ais","image":{"@type":"ImageObject","inLanguage":"fr-FR","@id":"https:\/\/secure.gravatar.com\/avatar\/0ad60f70598d35f5834aaa24844d0685f1c44e5307491303924c152e7ee710eb?s=96&d=mm&r=g","url":"https:\/\/secure.gravatar.com\/avatar\/0ad60f70598d35f5834aaa24844d0685f1c44e5307491303924c152e7ee710eb?s=96&d=mm&r=g","contentUrl":"https:\/\/secure.gravatar.com\/avatar\/0ad60f70598d35f5834aaa24844d0685f1c44e5307491303924c152e7ee710eb?s=96&d=mm&r=g","caption":"LPO Pays Gapen\u00e7ais"},"url":"https:\/\/paca.lpo.fr\/blogs\/pays-gapencais\/author\/paysgapencais\/"}]}},"jetpack_featured_media_url":"https:\/\/paca.lpo.fr\/blogs\/pays-gapencais\/files\/2013\/01\/DSCN4058rd1.jpg","_links":{"self":[{"href":"https:\/\/paca.lpo.fr\/blogs\/pays-gapencais\/wp-json\/wp\/v2\/posts\/119","targetHints":{"allow":["GET"]}}],"collection":[{"href":"https:\/\/paca.lpo.fr\/blogs\/pays-gapencais\/wp-json\/wp\/v2\/posts"}],"about":[{"href":"https:\/\/paca.lpo.fr\/blogs\/pays-gapencais\/wp-json\/wp\/v2\/types\/post"}],"author":[{"embeddable":true,"href":"https:\/\/paca.lpo.fr\/blogs\/pays-gapencais\/wp-json\/wp\/v2\/users\/20"}],"replies":[{"embeddable":true,"href":"https:\/\/paca.lpo.fr\/blogs\/pays-gapencais\/wp-json\/wp\/v2\/comments?post=119"}],"version-history":[{"count":3,"href":"https:\/\/paca.lpo.fr\/blogs\/pays-gapencais\/wp-json\/wp\/v2\/posts\/119\/revisions"}],"predecessor-version":[{"id":331,"href":"https:\/\/paca.lpo.fr\/blogs\/pays-gapencais\/wp-json\/wp\/v2\/posts\/119\/revisions\/331"}],"wp:featuredmedia":[{"embeddable":true,"href":"https:\/\/paca.lpo.fr\/blogs\/pays-gapencais\/wp-json\/wp\/v2\/media\/122"}],"wp:attachment":[{"href":"https:\/\/paca.lpo.fr\/blogs\/pays-gapencais\/wp-json\/wp\/v2\/media?parent=119"}],"wp:term":[{"taxonomy":"category","embeddable":true,"href":"https:\/\/paca.lpo.fr\/blogs\/pays-gapencais\/wp-json\/wp\/v2\/categories?post=119"},{"taxonomy":"post_tag","embeddable":true,"href":"https:\/\/paca.lpo.fr\/blogs\/pays-gapencais\/wp-json\/wp\/v2\/tags?post=119"}],"curies":[{"name":"wp","href":"https:\/\/api.w.org\/{rel}","templated":true}]}}