{"id":152,"date":"2013-04-28T14:14:40","date_gmt":"2013-04-28T14:14:40","guid":{"rendered":"http:\/\/paca.lpo.fr\/blogs\/pays-gapencais\/?p=152"},"modified":"2019-05-21T08:12:35","modified_gmt":"2019-05-21T08:12:35","slug":"la-zone-humide-des-piles","status":"publish","type":"post","link":"https:\/\/paca.lpo.fr\/blogs\/pays-gapencais\/2013\/04\/28\/la-zone-humide-des-piles\/","title":{"rendered":"La zone humide des Piles"},"content":{"rendered":"<p>La zone humide des Piles est un site renaturalis\u00e9 par ESCOTA dans le cadre des mesures compensatoires suite \u00e0 la construction de l&rsquo;autoroute A51. \u00a0C&rsquo;est un espace de 6ha qui se trouve pr\u00e8s du p\u00e9age de La Saulce, coinc\u00e9 entre la N75 et l&rsquo;autoroute, et juste au bout de la piste d&rsquo;envol de l&rsquo;a\u00e9rodrome de Tallard ! Mais le bruit des voitures et des avions n&rsquo;a pas emp\u00each\u00e9 la recolonisation par de nombreuses esp\u00e8ces floristiques et faunistiques.<\/p>\n<p>Le corridor \u00e9cologique \u00e9tant rompu, un passage \u00e0 faune a \u00e9t\u00e9 am\u00e9nag\u00e9 sous l&rsquo;autoroute. Il est emprunt\u00e9 par les chevreuils et blaireaux, chauves-souris, micro-mammif\u00e8res&#8230;<\/p>\n<p>L&rsquo;int\u00e9r\u00eat majeur du site pour le public, notamment les \u00e9coles, est l&rsquo;am\u00e9nagement d&rsquo;une mare p\u00e9dagogique. C&rsquo;est pourquoi il a \u00e9t\u00e9 baptis\u00e9 \u00ab\u00a0Le jardin aux libellules\u00a0\u00bb. Le parcours est balis\u00e9 et agr\u00e9ment\u00e9 de panneaux explicatifs.<\/p>\n<p>Le plus amusant, avec les enfants comme avec les adultes, c&rsquo;est la partie de p\u00eache ! Munis d&rsquo;\u00e9puisettes \u00e0 long manche (passoires, filtres \u00e0 caf\u00e9&#8230;), nous ramenons les petites b\u00eates que nous observons \u00e0 la loupe et que nous essayons d&rsquo;identifier \u00e0 l&rsquo;aide de fiches didactiques : larves de libellules, col\u00e9opt\u00e8res, punaises aquatiques, vers, t\u00eatards&#8230; Bient\u00f4t, les larves de libellules donneront naissance aux insectes volants et nous pourrons admirer leurs couleurs \u00e9clatantes et leur vol particulier : 41esp\u00e8ces ont d\u00e9j\u00e0 \u00e9t\u00e9 recens\u00e9es sur le site !<\/p>\n<div id='gallery-1' class='gallery galleryid-152 gallery-columns-3 gallery-size-thumbnail'><figure class='gallery-item'>\n\t\t\t<div class='gallery-icon landscape'>\n\t\t\t\t<a href='https:\/\/paca.lpo.fr\/blogs\/pays-gapencais\/files\/2013\/04\/DSCN3439rd.jpg'><img loading=\"lazy\" decoding=\"async\" width=\"144\" height=\"144\" src=\"https:\/\/paca.lpo.fr\/blogs\/pays-gapencais\/files\/2013\/04\/DSCN3439rd-150x150.jpg\" class=\"attachment-thumbnail size-thumbnail\" alt=\"\" \/><\/a>\n\t\t\t<\/div><\/figure><figure class='gallery-item'>\n\t\t\t<div class='gallery-icon landscape'>\n\t\t\t\t<a href='https:\/\/paca.lpo.fr\/blogs\/pays-gapencais\/files\/2013\/04\/P1290879rd.jpg'><img loading=\"lazy\" decoding=\"async\" width=\"144\" height=\"144\" src=\"https:\/\/paca.lpo.fr\/blogs\/pays-gapencais\/files\/2013\/04\/P1290879rd-150x150.jpg\" class=\"attachment-thumbnail size-thumbnail\" alt=\"\" \/><\/a>\n\t\t\t<\/div><\/figure><figure class='gallery-item'>\n\t\t\t<div class='gallery-icon landscape'>\n\t\t\t\t<a href='https:\/\/paca.lpo.fr\/blogs\/pays-gapencais\/files\/2013\/04\/P1290882rd.jpg'><img loading=\"lazy\" decoding=\"async\" width=\"144\" height=\"144\" src=\"https:\/\/paca.lpo.fr\/blogs\/pays-gapencais\/files\/2013\/04\/P1290882rd-150x150.jpg\" class=\"attachment-thumbnail size-thumbnail\" alt=\"\" \/><\/a>\n\t\t\t<\/div><\/figure><figure class='gallery-item'>\n\t\t\t<div class='gallery-icon landscape'>\n\t\t\t\t<a href='https:\/\/paca.lpo.fr\/blogs\/pays-gapencais\/files\/2013\/04\/P1290679rd.jpg'><img loading=\"lazy\" decoding=\"async\" width=\"144\" height=\"144\" src=\"https:\/\/paca.lpo.fr\/blogs\/pays-gapencais\/files\/2013\/04\/P1290679rd-150x150.jpg\" class=\"attachment-thumbnail size-thumbnail\" alt=\"\" \/><\/a>\n\t\t\t<\/div><\/figure><figure class='gallery-item'>\n\t\t\t<div class='gallery-icon landscape'>\n\t\t\t\t<a href='https:\/\/paca.lpo.fr\/blogs\/pays-gapencais\/files\/2013\/04\/P1290889rd.jpg'><img loading=\"lazy\" decoding=\"async\" width=\"144\" height=\"144\" src=\"https:\/\/paca.lpo.fr\/blogs\/pays-gapencais\/files\/2013\/04\/P1290889rd-150x150.jpg\" class=\"attachment-thumbnail size-thumbnail\" alt=\"\" \/><\/a>\n\t\t\t<\/div><\/figure>\n\t\t<\/div>\n\n","protected":false},"excerpt":{"rendered":"<p>La zone humide des Piles est un site renaturalis\u00e9 par ESCOTA dans le cadre des mesures compensatoires suite \u00e0 la construction de l&rsquo;autoroute A51. \u00a0C&rsquo;est un espace de 6ha qui se trouve pr\u00e8s du p\u00e9age de La Saulce, coinc\u00e9 entre la N75 et l&rsquo;autoroute, et juste au bout de la piste d&rsquo;envol de l&rsquo;a\u00e9rodrome de [&hellip;]<\/p>\n","protected":false},"author":20,"featured_media":154,"comment_status":"open","ping_status":"open","sticky":false,"template":"","format":"standard","meta":{"footnotes":""},"categories":[1],"tags":[],"class_list":["post-152","post","type-post","status-publish","format-standard","has-post-thumbnail","hentry","category-non-classe"],"yoast_head":"<!-- This site is optimized with the Yoast SEO plugin v28.3 - https:\/\/yoast.com\/product\/yoast-seo-wordpress\/ -->\n<title>La zone humide des Piles - Groupe local Pays Gapen\u00e7ais<\/title>\n<meta name=\"robots\" content=\"index, follow, max-snippet:-1, max-image-preview:large, max-video-preview:-1\" \/>\n<link rel=\"canonical\" href=\"https:\/\/paca.lpo.fr\/blogs\/pays-gapencais\/2013\/04\/28\/la-zone-humide-des-piles\/\" \/>\n<meta property=\"og:locale\" content=\"fr_FR\" \/>\n<meta property=\"og:type\" content=\"article\" \/>\n<meta property=\"og:title\" content=\"La zone humide des Piles - Groupe local Pays Gapen\u00e7ais\" \/>\n<meta property=\"og:description\" content=\"La zone humide des Piles est un site renaturalis\u00e9 par ESCOTA dans le cadre des mesures compensatoires suite \u00e0 la construction de l&rsquo;autoroute A51. \u00a0C&rsquo;est un espace de 6ha qui se trouve pr\u00e8s du p\u00e9age de La Saulce, coinc\u00e9 entre la N75 et l&rsquo;autoroute, et juste au bout de la piste d&rsquo;envol de l&rsquo;a\u00e9rodrome de [&hellip;]\" \/>\n<meta property=\"og:url\" content=\"https:\/\/paca.lpo.fr\/blogs\/pays-gapencais\/2013\/04\/28\/la-zone-humide-des-piles\/\" \/>\n<meta property=\"og:site_name\" content=\"Groupe local Pays Gapen\u00e7ais\" \/>\n<meta property=\"article:published_time\" content=\"2013-04-28T14:14:40+00:00\" \/>\n<meta property=\"article:modified_time\" content=\"2019-05-21T08:12:35+00:00\" \/>\n<meta property=\"og:image\" content=\"https:\/\/paca.lpo.fr\/blogs\/pays-gapencais\/files\/2013\/04\/P1290879rd.jpg\" \/>\n\t<meta property=\"og:image:width\" content=\"448\" \/>\n\t<meta property=\"og:image:height\" content=\"336\" \/>\n\t<meta property=\"og:image:type\" content=\"image\/jpeg\" \/>\n<meta name=\"author\" content=\"LPO Pays Gapen\u00e7ais\" \/>\n<meta name=\"twitter:card\" content=\"summary_large_image\" \/>\n<meta name=\"twitter:label1\" content=\"\u00c9crit par\" \/>\n\t<meta name=\"twitter:data1\" content=\"LPO Pays Gapen\u00e7ais\" \/>\n\t<meta name=\"twitter:label2\" content=\"Dur\u00e9e de lecture estim\u00e9e\" \/>\n\t<meta name=\"twitter:data2\" content=\"1 minute\" \/>\n<script type=\"application\/ld+json\" class=\"yoast-schema-graph\">{\"@context\":\"https:\\\/\\\/schema.org\",\"@graph\":[{\"@type\":\"Article\",\"@id\":\"https:\\\/\\\/paca.lpo.fr\\\/blogs\\\/pays-gapencais\\\/2013\\\/04\\\/28\\\/la-zone-humide-des-piles\\\/#article\",\"isPartOf\":{\"@id\":\"https:\\\/\\\/paca.lpo.fr\\\/blogs\\\/pays-gapencais\\\/2013\\\/04\\\/28\\\/la-zone-humide-des-piles\\\/\"},\"author\":{\"name\":\"LPO Pays Gapen\u00e7ais\",\"@id\":\"https:\\\/\\\/paca.lpo.fr\\\/blogs\\\/pays-gapencais\\\/#\\\/schema\\\/person\\\/f04b4317576a566640b52fd10cb73f42\"},\"headline\":\"La zone humide des Piles\",\"datePublished\":\"2013-04-28T14:14:40+00:00\",\"dateModified\":\"2019-05-21T08:12:35+00:00\",\"mainEntityOfPage\":{\"@id\":\"https:\\\/\\\/paca.lpo.fr\\\/blogs\\\/pays-gapencais\\\/2013\\\/04\\\/28\\\/la-zone-humide-des-piles\\\/\"},\"wordCount\":254,\"commentCount\":1,\"publisher\":{\"@id\":\"https:\\\/\\\/paca.lpo.fr\\\/blogs\\\/pays-gapencais\\\/#organization\"},\"image\":{\"@id\":\"https:\\\/\\\/paca.lpo.fr\\\/blogs\\\/pays-gapencais\\\/2013\\\/04\\\/28\\\/la-zone-humide-des-piles\\\/#primaryimage\"},\"thumbnailUrl\":\"https:\\\/\\\/paca.lpo.fr\\\/blogs\\\/pays-gapencais\\\/files\\\/2013\\\/04\\\/P1290879rd.jpg\",\"inLanguage\":\"fr-FR\",\"potentialAction\":[{\"@type\":\"CommentAction\",\"name\":\"Comment\",\"target\":[\"https:\\\/\\\/paca.lpo.fr\\\/blogs\\\/pays-gapencais\\\/2013\\\/04\\\/28\\\/la-zone-humide-des-piles\\\/#respond\"]}]},{\"@type\":\"WebPage\",\"@id\":\"https:\\\/\\\/paca.lpo.fr\\\/blogs\\\/pays-gapencais\\\/2013\\\/04\\\/28\\\/la-zone-humide-des-piles\\\/\",\"url\":\"https:\\\/\\\/paca.lpo.fr\\\/blogs\\\/pays-gapencais\\\/2013\\\/04\\\/28\\\/la-zone-humide-des-piles\\\/\",\"name\":\"La zone humide des Piles - Groupe local Pays Gapen\u00e7ais\",\"isPartOf\":{\"@id\":\"https:\\\/\\\/paca.lpo.fr\\\/blogs\\\/pays-gapencais\\\/#website\"},\"primaryImageOfPage\":{\"@id\":\"https:\\\/\\\/paca.lpo.fr\\\/blogs\\\/pays-gapencais\\\/2013\\\/04\\\/28\\\/la-zone-humide-des-piles\\\/#primaryimage\"},\"image\":{\"@id\":\"https:\\\/\\\/paca.lpo.fr\\\/blogs\\\/pays-gapencais\\\/2013\\\/04\\\/28\\\/la-zone-humide-des-piles\\\/#primaryimage\"},\"thumbnailUrl\":\"https:\\\/\\\/paca.lpo.fr\\\/blogs\\\/pays-gapencais\\\/files\\\/2013\\\/04\\\/P1290879rd.jpg\",\"datePublished\":\"2013-04-28T14:14:40+00:00\",\"dateModified\":\"2019-05-21T08:12:35+00:00\",\"breadcrumb\":{\"@id\":\"https:\\\/\\\/paca.lpo.fr\\\/blogs\\\/pays-gapencais\\\/2013\\\/04\\\/28\\\/la-zone-humide-des-piles\\\/#breadcrumb\"},\"inLanguage\":\"fr-FR\",\"potentialAction\":[{\"@type\":\"ReadAction\",\"target\":[\"https:\\\/\\\/paca.lpo.fr\\\/blogs\\\/pays-gapencais\\\/2013\\\/04\\\/28\\\/la-zone-humide-des-piles\\\/\"]}]},{\"@type\":\"ImageObject\",\"inLanguage\":\"fr-FR\",\"@id\":\"https:\\\/\\\/paca.lpo.fr\\\/blogs\\\/pays-gapencais\\\/2013\\\/04\\\/28\\\/la-zone-humide-des-piles\\\/#primaryimage\",\"url\":\"https:\\\/\\\/paca.lpo.fr\\\/blogs\\\/pays-gapencais\\\/files\\\/2013\\\/04\\\/P1290879rd.jpg\",\"contentUrl\":\"https:\\\/\\\/paca.lpo.fr\\\/blogs\\\/pays-gapencais\\\/files\\\/2013\\\/04\\\/P1290879rd.jpg\",\"width\":\"448\",\"height\":\"336\"},{\"@type\":\"BreadcrumbList\",\"@id\":\"https:\\\/\\\/paca.lpo.fr\\\/blogs\\\/pays-gapencais\\\/2013\\\/04\\\/28\\\/la-zone-humide-des-piles\\\/#breadcrumb\",\"itemListElement\":[{\"@type\":\"ListItem\",\"position\":1,\"name\":\"Accueil\",\"item\":\"https:\\\/\\\/paca.lpo.fr\\\/blogs\\\/pays-gapencais\\\/\"},{\"@type\":\"ListItem\",\"position\":2,\"name\":\"La zone humide des Piles\"}]},{\"@type\":\"WebSite\",\"@id\":\"https:\\\/\\\/paca.lpo.fr\\\/blogs\\\/pays-gapencais\\\/#website\",\"url\":\"https:\\\/\\\/paca.lpo.fr\\\/blogs\\\/pays-gapencais\\\/\",\"name\":\"Groupe local Pays Gapen\u00e7ais\",\"description\":\"Groupe local Pays Gapen\u00e7ais\",\"publisher\":{\"@id\":\"https:\\\/\\\/paca.lpo.fr\\\/blogs\\\/pays-gapencais\\\/#organization\"},\"potentialAction\":[{\"@type\":\"SearchAction\",\"target\":{\"@type\":\"EntryPoint\",\"urlTemplate\":\"https:\\\/\\\/paca.lpo.fr\\\/blogs\\\/pays-gapencais\\\/?s={search_term_string}\"},\"query-input\":{\"@type\":\"PropertyValueSpecification\",\"valueRequired\":true,\"valueName\":\"search_term_string\"}}],\"inLanguage\":\"fr-FR\"},{\"@type\":\"Organization\",\"@id\":\"https:\\\/\\\/paca.lpo.fr\\\/blogs\\\/pays-gapencais\\\/#organization\",\"name\":\"Groupe local Pays Gapen\u00e7ais\",\"url\":\"https:\\\/\\\/paca.lpo.fr\\\/blogs\\\/pays-gapencais\\\/\",\"logo\":{\"@type\":\"ImageObject\",\"inLanguage\":\"fr-FR\",\"@id\":\"https:\\\/\\\/paca.lpo.fr\\\/blogs\\\/pays-gapencais\\\/#\\\/schema\\\/logo\\\/image\\\/\",\"url\":\"https:\\\/\\\/paca.lpo.fr\\\/blogs\\\/pays-gapencais\\\/files\\\/2024\\\/01\\\/cropped-rvb-lpo-paca-logotype-signature-droite-mini-500.jpg\",\"contentUrl\":\"https:\\\/\\\/paca.lpo.fr\\\/blogs\\\/pays-gapencais\\\/files\\\/2024\\\/01\\\/cropped-rvb-lpo-paca-logotype-signature-droite-mini-500.jpg\",\"width\":500,\"height\":210,\"caption\":\"Groupe local Pays Gapen\u00e7ais\"},\"image\":{\"@id\":\"https:\\\/\\\/paca.lpo.fr\\\/blogs\\\/pays-gapencais\\\/#\\\/schema\\\/logo\\\/image\\\/\"}},{\"@type\":\"Person\",\"@id\":\"https:\\\/\\\/paca.lpo.fr\\\/blogs\\\/pays-gapencais\\\/#\\\/schema\\\/person\\\/f04b4317576a566640b52fd10cb73f42\",\"name\":\"LPO Pays Gapen\u00e7ais\",\"image\":{\"@type\":\"ImageObject\",\"inLanguage\":\"fr-FR\",\"@id\":\"https:\\\/\\\/secure.gravatar.com\\\/avatar\\\/0ad60f70598d35f5834aaa24844d0685f1c44e5307491303924c152e7ee710eb?s=96&d=mm&r=g\",\"url\":\"https:\\\/\\\/secure.gravatar.com\\\/avatar\\\/0ad60f70598d35f5834aaa24844d0685f1c44e5307491303924c152e7ee710eb?s=96&d=mm&r=g\",\"contentUrl\":\"https:\\\/\\\/secure.gravatar.com\\\/avatar\\\/0ad60f70598d35f5834aaa24844d0685f1c44e5307491303924c152e7ee710eb?s=96&d=mm&r=g\",\"caption\":\"LPO Pays Gapen\u00e7ais\"},\"url\":\"https:\\\/\\\/paca.lpo.fr\\\/blogs\\\/pays-gapencais\\\/author\\\/paysgapencais\\\/\"}]}<\/script>\n<!-- \/ Yoast SEO plugin. -->","yoast_head_json":{"title":"La zone humide des Piles - Groupe local Pays Gapen\u00e7ais","robots":{"index":"index","follow":"follow","max-snippet":"max-snippet:-1","max-image-preview":"max-image-preview:large","max-video-preview":"max-video-preview:-1"},"canonical":"https:\/\/paca.lpo.fr\/blogs\/pays-gapencais\/2013\/04\/28\/la-zone-humide-des-piles\/","og_locale":"fr_FR","og_type":"article","og_title":"La zone humide des Piles - Groupe local Pays Gapen\u00e7ais","og_description":"La zone humide des Piles est un site renaturalis\u00e9 par ESCOTA dans le cadre des mesures compensatoires suite \u00e0 la construction de l&rsquo;autoroute A51. \u00a0C&rsquo;est un espace de 6ha qui se trouve pr\u00e8s du p\u00e9age de La Saulce, coinc\u00e9 entre la N75 et l&rsquo;autoroute, et juste au bout de la piste d&rsquo;envol de l&rsquo;a\u00e9rodrome de [&hellip;]","og_url":"https:\/\/paca.lpo.fr\/blogs\/pays-gapencais\/2013\/04\/28\/la-zone-humide-des-piles\/","og_site_name":"Groupe local Pays Gapen\u00e7ais","article_published_time":"2013-04-28T14:14:40+00:00","article_modified_time":"2019-05-21T08:12:35+00:00","og_image":[{"width":448,"height":336,"url":"https:\/\/paca.lpo.fr\/blogs\/pays-gapencais\/files\/2013\/04\/P1290879rd.jpg","type":"image\/jpeg"}],"author":"LPO Pays Gapen\u00e7ais","twitter_card":"summary_large_image","twitter_misc":{"\u00c9crit par":"LPO Pays Gapen\u00e7ais","Dur\u00e9e de lecture estim\u00e9e":"1 minute"},"schema":{"@context":"https:\/\/schema.org","@graph":[{"@type":"Article","@id":"https:\/\/paca.lpo.fr\/blogs\/pays-gapencais\/2013\/04\/28\/la-zone-humide-des-piles\/#article","isPartOf":{"@id":"https:\/\/paca.lpo.fr\/blogs\/pays-gapencais\/2013\/04\/28\/la-zone-humide-des-piles\/"},"author":{"name":"LPO Pays Gapen\u00e7ais","@id":"https:\/\/paca.lpo.fr\/blogs\/pays-gapencais\/#\/schema\/person\/f04b4317576a566640b52fd10cb73f42"},"headline":"La zone humide des Piles","datePublished":"2013-04-28T14:14:40+00:00","dateModified":"2019-05-21T08:12:35+00:00","mainEntityOfPage":{"@id":"https:\/\/paca.lpo.fr\/blogs\/pays-gapencais\/2013\/04\/28\/la-zone-humide-des-piles\/"},"wordCount":254,"commentCount":1,"publisher":{"@id":"https:\/\/paca.lpo.fr\/blogs\/pays-gapencais\/#organization"},"image":{"@id":"https:\/\/paca.lpo.fr\/blogs\/pays-gapencais\/2013\/04\/28\/la-zone-humide-des-piles\/#primaryimage"},"thumbnailUrl":"https:\/\/paca.lpo.fr\/blogs\/pays-gapencais\/files\/2013\/04\/P1290879rd.jpg","inLanguage":"fr-FR","potentialAction":[{"@type":"CommentAction","name":"Comment","target":["https:\/\/paca.lpo.fr\/blogs\/pays-gapencais\/2013\/04\/28\/la-zone-humide-des-piles\/#respond"]}]},{"@type":"WebPage","@id":"https:\/\/paca.lpo.fr\/blogs\/pays-gapencais\/2013\/04\/28\/la-zone-humide-des-piles\/","url":"https:\/\/paca.lpo.fr\/blogs\/pays-gapencais\/2013\/04\/28\/la-zone-humide-des-piles\/","name":"La zone humide des Piles - Groupe local Pays Gapen\u00e7ais","isPartOf":{"@id":"https:\/\/paca.lpo.fr\/blogs\/pays-gapencais\/#website"},"primaryImageOfPage":{"@id":"https:\/\/paca.lpo.fr\/blogs\/pays-gapencais\/2013\/04\/28\/la-zone-humide-des-piles\/#primaryimage"},"image":{"@id":"https:\/\/paca.lpo.fr\/blogs\/pays-gapencais\/2013\/04\/28\/la-zone-humide-des-piles\/#primaryimage"},"thumbnailUrl":"https:\/\/paca.lpo.fr\/blogs\/pays-gapencais\/files\/2013\/04\/P1290879rd.jpg","datePublished":"2013-04-28T14:14:40+00:00","dateModified":"2019-05-21T08:12:35+00:00","breadcrumb":{"@id":"https:\/\/paca.lpo.fr\/blogs\/pays-gapencais\/2013\/04\/28\/la-zone-humide-des-piles\/#breadcrumb"},"inLanguage":"fr-FR","potentialAction":[{"@type":"ReadAction","target":["https:\/\/paca.lpo.fr\/blogs\/pays-gapencais\/2013\/04\/28\/la-zone-humide-des-piles\/"]}]},{"@type":"ImageObject","inLanguage":"fr-FR","@id":"https:\/\/paca.lpo.fr\/blogs\/pays-gapencais\/2013\/04\/28\/la-zone-humide-des-piles\/#primaryimage","url":"https:\/\/paca.lpo.fr\/blogs\/pays-gapencais\/files\/2013\/04\/P1290879rd.jpg","contentUrl":"https:\/\/paca.lpo.fr\/blogs\/pays-gapencais\/files\/2013\/04\/P1290879rd.jpg","width":"448","height":"336"},{"@type":"BreadcrumbList","@id":"https:\/\/paca.lpo.fr\/blogs\/pays-gapencais\/2013\/04\/28\/la-zone-humide-des-piles\/#breadcrumb","itemListElement":[{"@type":"ListItem","position":1,"name":"Accueil","item":"https:\/\/paca.lpo.fr\/blogs\/pays-gapencais\/"},{"@type":"ListItem","position":2,"name":"La zone humide des Piles"}]},{"@type":"WebSite","@id":"https:\/\/paca.lpo.fr\/blogs\/pays-gapencais\/#website","url":"https:\/\/paca.lpo.fr\/blogs\/pays-gapencais\/","name":"Groupe local Pays Gapen\u00e7ais","description":"Groupe local Pays Gapen\u00e7ais","publisher":{"@id":"https:\/\/paca.lpo.fr\/blogs\/pays-gapencais\/#organization"},"potentialAction":[{"@type":"SearchAction","target":{"@type":"EntryPoint","urlTemplate":"https:\/\/paca.lpo.fr\/blogs\/pays-gapencais\/?s={search_term_string}"},"query-input":{"@type":"PropertyValueSpecification","valueRequired":true,"valueName":"search_term_string"}}],"inLanguage":"fr-FR"},{"@type":"Organization","@id":"https:\/\/paca.lpo.fr\/blogs\/pays-gapencais\/#organization","name":"Groupe local Pays Gapen\u00e7ais","url":"https:\/\/paca.lpo.fr\/blogs\/pays-gapencais\/","logo":{"@type":"ImageObject","inLanguage":"fr-FR","@id":"https:\/\/paca.lpo.fr\/blogs\/pays-gapencais\/#\/schema\/logo\/image\/","url":"https:\/\/paca.lpo.fr\/blogs\/pays-gapencais\/files\/2024\/01\/cropped-rvb-lpo-paca-logotype-signature-droite-mini-500.jpg","contentUrl":"https:\/\/paca.lpo.fr\/blogs\/pays-gapencais\/files\/2024\/01\/cropped-rvb-lpo-paca-logotype-signature-droite-mini-500.jpg","width":500,"height":210,"caption":"Groupe local Pays Gapen\u00e7ais"},"image":{"@id":"https:\/\/paca.lpo.fr\/blogs\/pays-gapencais\/#\/schema\/logo\/image\/"}},{"@type":"Person","@id":"https:\/\/paca.lpo.fr\/blogs\/pays-gapencais\/#\/schema\/person\/f04b4317576a566640b52fd10cb73f42","name":"LPO Pays Gapen\u00e7ais","image":{"@type":"ImageObject","inLanguage":"fr-FR","@id":"https:\/\/secure.gravatar.com\/avatar\/0ad60f70598d35f5834aaa24844d0685f1c44e5307491303924c152e7ee710eb?s=96&d=mm&r=g","url":"https:\/\/secure.gravatar.com\/avatar\/0ad60f70598d35f5834aaa24844d0685f1c44e5307491303924c152e7ee710eb?s=96&d=mm&r=g","contentUrl":"https:\/\/secure.gravatar.com\/avatar\/0ad60f70598d35f5834aaa24844d0685f1c44e5307491303924c152e7ee710eb?s=96&d=mm&r=g","caption":"LPO Pays Gapen\u00e7ais"},"url":"https:\/\/paca.lpo.fr\/blogs\/pays-gapencais\/author\/paysgapencais\/"}]}},"jetpack_featured_media_url":"https:\/\/paca.lpo.fr\/blogs\/pays-gapencais\/files\/2013\/04\/P1290879rd.jpg","_links":{"self":[{"href":"https:\/\/paca.lpo.fr\/blogs\/pays-gapencais\/wp-json\/wp\/v2\/posts\/152","targetHints":{"allow":["GET"]}}],"collection":[{"href":"https:\/\/paca.lpo.fr\/blogs\/pays-gapencais\/wp-json\/wp\/v2\/posts"}],"about":[{"href":"https:\/\/paca.lpo.fr\/blogs\/pays-gapencais\/wp-json\/wp\/v2\/types\/post"}],"author":[{"embeddable":true,"href":"https:\/\/paca.lpo.fr\/blogs\/pays-gapencais\/wp-json\/wp\/v2\/users\/20"}],"replies":[{"embeddable":true,"href":"https:\/\/paca.lpo.fr\/blogs\/pays-gapencais\/wp-json\/wp\/v2\/comments?post=152"}],"version-history":[{"count":4,"href":"https:\/\/paca.lpo.fr\/blogs\/pays-gapencais\/wp-json\/wp\/v2\/posts\/152\/revisions"}],"predecessor-version":[{"id":752,"href":"https:\/\/paca.lpo.fr\/blogs\/pays-gapencais\/wp-json\/wp\/v2\/posts\/152\/revisions\/752"}],"wp:featuredmedia":[{"embeddable":true,"href":"https:\/\/paca.lpo.fr\/blogs\/pays-gapencais\/wp-json\/wp\/v2\/media\/154"}],"wp:attachment":[{"href":"https:\/\/paca.lpo.fr\/blogs\/pays-gapencais\/wp-json\/wp\/v2\/media?parent=152"}],"wp:term":[{"taxonomy":"category","embeddable":true,"href":"https:\/\/paca.lpo.fr\/blogs\/pays-gapencais\/wp-json\/wp\/v2\/categories?post=152"},{"taxonomy":"post_tag","embeddable":true,"href":"https:\/\/paca.lpo.fr\/blogs\/pays-gapencais\/wp-json\/wp\/v2\/tags?post=152"}],"curies":[{"name":"wp","href":"https:\/\/api.w.org\/{rel}","templated":true}]}}