{"id":4,"date":"2010-09-27T14:19:59","date_gmt":"2010-09-27T14:19:59","guid":{"rendered":"http:\/\/paca.lpo.fr\/blogs\/pays-gapencais\/?p=4"},"modified":"2012-06-29T12:52:37","modified_gmt":"2012-06-29T12:52:37","slug":"notre-stand-a-la-fete-de-la-science-a-gap","status":"publish","type":"post","link":"https:\/\/paca.lpo.fr\/blogs\/pays-gapencais\/2010\/09\/27\/notre-stand-a-la-fete-de-la-science-a-gap\/","title":{"rendered":"Notre stand \u00e0 la f\u00eate de la science \u00e0 Gap"},"content":{"rendered":"<p><img loading=\"lazy\" decoding=\"async\" class=\"alignnone\" src=\"http:\/\/paca.lpo.fr\/media\/k2\/items\/cache\/feb4274796d93ff716e9650163a77fb8_L.jpg\" alt=\"\" width=\"450\" height=\"339\" \/><\/p>\n<p>Notre groupe local accueillera le public sur son stand, lors de la f\u00eate de la science les 21, 22 et 23 octobre; A cette occasion, nous sollicitons nos membres afin de pr\u00e9parer cet \u00e9v\u00e9nement&#8230;.<\/p>\n","protected":false},"excerpt":{"rendered":"<p>Notre groupe local accueillera le public sur son stand, lors de la f\u00eate de la science les 21, 22 et 23 octobre; A cette occasion, nous sollicitons nos membres afin de pr\u00e9parer cet \u00e9v\u00e9nement&#8230;.<\/p>\n","protected":false},"author":1,"featured_media":0,"comment_status":"open","ping_status":"open","sticky":false,"template":"","format":"standard","meta":{"footnotes":""},"categories":[1],"tags":[5,3,4],"class_list":["post-4","post","type-post","status-publish","format-standard","hentry","category-non-classe","tag-fete-de-la-science-2010","tag-gap","tag-hautesalpes"],"yoast_head":"<!-- This site is optimized with the Yoast SEO plugin v28.3 - https:\/\/yoast.com\/product\/yoast-seo-wordpress\/ -->\n<title>Notre stand \u00e0 la f\u00eate de la science \u00e0 Gap - Groupe local Pays Gapen\u00e7ais<\/title>\n<meta name=\"robots\" content=\"index, follow, max-snippet:-1, max-image-preview:large, max-video-preview:-1\" \/>\n<link rel=\"canonical\" href=\"https:\/\/paca.lpo.fr\/blogs\/pays-gapencais\/2010\/09\/27\/notre-stand-a-la-fete-de-la-science-a-gap\/\" \/>\n<meta property=\"og:locale\" content=\"fr_FR\" \/>\n<meta property=\"og:type\" content=\"article\" \/>\n<meta property=\"og:title\" content=\"Notre stand \u00e0 la f\u00eate de la science \u00e0 Gap - Groupe local Pays Gapen\u00e7ais\" \/>\n<meta property=\"og:description\" content=\"Notre groupe local accueillera le public sur son stand, lors de la f\u00eate de la science les 21, 22 et 23 octobre; A cette occasion, nous sollicitons nos membres afin de pr\u00e9parer cet \u00e9v\u00e9nement&#8230;.\" \/>\n<meta property=\"og:url\" content=\"https:\/\/paca.lpo.fr\/blogs\/pays-gapencais\/2010\/09\/27\/notre-stand-a-la-fete-de-la-science-a-gap\/\" \/>\n<meta property=\"og:site_name\" content=\"Groupe local Pays Gapen\u00e7ais\" \/>\n<meta property=\"article:published_time\" content=\"2010-09-27T14:19:59+00:00\" \/>\n<meta property=\"article:modified_time\" content=\"2012-06-29T12:52:37+00:00\" \/>\n<meta property=\"og:image\" content=\"http:\/\/paca.lpo.fr\/media\/k2\/items\/cache\/feb4274796d93ff716e9650163a77fb8_L.jpg\" \/>\n<meta name=\"author\" content=\"LPOPACA\" \/>\n<meta name=\"twitter:card\" content=\"summary_large_image\" \/>\n<meta name=\"twitter:label1\" content=\"\u00c9crit par\" \/>\n\t<meta name=\"twitter:data1\" content=\"LPOPACA\" \/>\n<script type=\"application\/ld+json\" class=\"yoast-schema-graph\">{\"@context\":\"https:\\\/\\\/schema.org\",\"@graph\":[{\"@type\":\"Article\",\"@id\":\"https:\\\/\\\/paca.lpo.fr\\\/blogs\\\/pays-gapencais\\\/2010\\\/09\\\/27\\\/notre-stand-a-la-fete-de-la-science-a-gap\\\/#article\",\"isPartOf\":{\"@id\":\"https:\\\/\\\/paca.lpo.fr\\\/blogs\\\/pays-gapencais\\\/2010\\\/09\\\/27\\\/notre-stand-a-la-fete-de-la-science-a-gap\\\/\"},\"author\":{\"name\":\"LPOPACA\",\"@id\":\"https:\\\/\\\/paca.lpo.fr\\\/blogs\\\/pays-gapencais\\\/#\\\/schema\\\/person\\\/f4701c21e2e412e301d69ea575732a07\"},\"headline\":\"Notre stand \u00e0 la f\u00eate de la science \u00e0 Gap\",\"datePublished\":\"2010-09-27T14:19:59+00:00\",\"dateModified\":\"2012-06-29T12:52:37+00:00\",\"mainEntityOfPage\":{\"@id\":\"https:\\\/\\\/paca.lpo.fr\\\/blogs\\\/pays-gapencais\\\/2010\\\/09\\\/27\\\/notre-stand-a-la-fete-de-la-science-a-gap\\\/\"},\"wordCount\":43,\"commentCount\":0,\"publisher\":{\"@id\":\"https:\\\/\\\/paca.lpo.fr\\\/blogs\\\/pays-gapencais\\\/#organization\"},\"image\":{\"@id\":\"https:\\\/\\\/paca.lpo.fr\\\/blogs\\\/pays-gapencais\\\/2010\\\/09\\\/27\\\/notre-stand-a-la-fete-de-la-science-a-gap\\\/#primaryimage\"},\"thumbnailUrl\":\"http:\\\/\\\/paca.lpo.fr\\\/media\\\/k2\\\/items\\\/cache\\\/feb4274796d93ff716e9650163a77fb8_L.jpg\",\"keywords\":[\"f\u00eate de la science 2010\",\"gap\",\"HautesAlpes\"],\"inLanguage\":\"fr-FR\",\"potentialAction\":[{\"@type\":\"CommentAction\",\"name\":\"Comment\",\"target\":[\"https:\\\/\\\/paca.lpo.fr\\\/blogs\\\/pays-gapencais\\\/2010\\\/09\\\/27\\\/notre-stand-a-la-fete-de-la-science-a-gap\\\/#respond\"]}]},{\"@type\":\"WebPage\",\"@id\":\"https:\\\/\\\/paca.lpo.fr\\\/blogs\\\/pays-gapencais\\\/2010\\\/09\\\/27\\\/notre-stand-a-la-fete-de-la-science-a-gap\\\/\",\"url\":\"https:\\\/\\\/paca.lpo.fr\\\/blogs\\\/pays-gapencais\\\/2010\\\/09\\\/27\\\/notre-stand-a-la-fete-de-la-science-a-gap\\\/\",\"name\":\"Notre stand \u00e0 la f\u00eate de la science \u00e0 Gap - Groupe local Pays Gapen\u00e7ais\",\"isPartOf\":{\"@id\":\"https:\\\/\\\/paca.lpo.fr\\\/blogs\\\/pays-gapencais\\\/#website\"},\"primaryImageOfPage\":{\"@id\":\"https:\\\/\\\/paca.lpo.fr\\\/blogs\\\/pays-gapencais\\\/2010\\\/09\\\/27\\\/notre-stand-a-la-fete-de-la-science-a-gap\\\/#primaryimage\"},\"image\":{\"@id\":\"https:\\\/\\\/paca.lpo.fr\\\/blogs\\\/pays-gapencais\\\/2010\\\/09\\\/27\\\/notre-stand-a-la-fete-de-la-science-a-gap\\\/#primaryimage\"},\"thumbnailUrl\":\"http:\\\/\\\/paca.lpo.fr\\\/media\\\/k2\\\/items\\\/cache\\\/feb4274796d93ff716e9650163a77fb8_L.jpg\",\"datePublished\":\"2010-09-27T14:19:59+00:00\",\"dateModified\":\"2012-06-29T12:52:37+00:00\",\"breadcrumb\":{\"@id\":\"https:\\\/\\\/paca.lpo.fr\\\/blogs\\\/pays-gapencais\\\/2010\\\/09\\\/27\\\/notre-stand-a-la-fete-de-la-science-a-gap\\\/#breadcrumb\"},\"inLanguage\":\"fr-FR\",\"potentialAction\":[{\"@type\":\"ReadAction\",\"target\":[\"https:\\\/\\\/paca.lpo.fr\\\/blogs\\\/pays-gapencais\\\/2010\\\/09\\\/27\\\/notre-stand-a-la-fete-de-la-science-a-gap\\\/\"]}]},{\"@type\":\"ImageObject\",\"inLanguage\":\"fr-FR\",\"@id\":\"https:\\\/\\\/paca.lpo.fr\\\/blogs\\\/pays-gapencais\\\/2010\\\/09\\\/27\\\/notre-stand-a-la-fete-de-la-science-a-gap\\\/#primaryimage\",\"url\":\"http:\\\/\\\/paca.lpo.fr\\\/media\\\/k2\\\/items\\\/cache\\\/feb4274796d93ff716e9650163a77fb8_L.jpg\",\"contentUrl\":\"http:\\\/\\\/paca.lpo.fr\\\/media\\\/k2\\\/items\\\/cache\\\/feb4274796d93ff716e9650163a77fb8_L.jpg\"},{\"@type\":\"BreadcrumbList\",\"@id\":\"https:\\\/\\\/paca.lpo.fr\\\/blogs\\\/pays-gapencais\\\/2010\\\/09\\\/27\\\/notre-stand-a-la-fete-de-la-science-a-gap\\\/#breadcrumb\",\"itemListElement\":[{\"@type\":\"ListItem\",\"position\":1,\"name\":\"Accueil\",\"item\":\"https:\\\/\\\/paca.lpo.fr\\\/blogs\\\/pays-gapencais\\\/\"},{\"@type\":\"ListItem\",\"position\":2,\"name\":\"Notre stand \u00e0 la f\u00eate de la science \u00e0 Gap\"}]},{\"@type\":\"WebSite\",\"@id\":\"https:\\\/\\\/paca.lpo.fr\\\/blogs\\\/pays-gapencais\\\/#website\",\"url\":\"https:\\\/\\\/paca.lpo.fr\\\/blogs\\\/pays-gapencais\\\/\",\"name\":\"Groupe local Pays Gapen\u00e7ais\",\"description\":\"Groupe local Pays Gapen\u00e7ais\",\"publisher\":{\"@id\":\"https:\\\/\\\/paca.lpo.fr\\\/blogs\\\/pays-gapencais\\\/#organization\"},\"potentialAction\":[{\"@type\":\"SearchAction\",\"target\":{\"@type\":\"EntryPoint\",\"urlTemplate\":\"https:\\\/\\\/paca.lpo.fr\\\/blogs\\\/pays-gapencais\\\/?s={search_term_string}\"},\"query-input\":{\"@type\":\"PropertyValueSpecification\",\"valueRequired\":true,\"valueName\":\"search_term_string\"}}],\"inLanguage\":\"fr-FR\"},{\"@type\":\"Organization\",\"@id\":\"https:\\\/\\\/paca.lpo.fr\\\/blogs\\\/pays-gapencais\\\/#organization\",\"name\":\"Groupe local Pays Gapen\u00e7ais\",\"url\":\"https:\\\/\\\/paca.lpo.fr\\\/blogs\\\/pays-gapencais\\\/\",\"logo\":{\"@type\":\"ImageObject\",\"inLanguage\":\"fr-FR\",\"@id\":\"https:\\\/\\\/paca.lpo.fr\\\/blogs\\\/pays-gapencais\\\/#\\\/schema\\\/logo\\\/image\\\/\",\"url\":\"https:\\\/\\\/paca.lpo.fr\\\/blogs\\\/pays-gapencais\\\/files\\\/2024\\\/01\\\/cropped-rvb-lpo-paca-logotype-signature-droite-mini-500.jpg\",\"contentUrl\":\"https:\\\/\\\/paca.lpo.fr\\\/blogs\\\/pays-gapencais\\\/files\\\/2024\\\/01\\\/cropped-rvb-lpo-paca-logotype-signature-droite-mini-500.jpg\",\"width\":500,\"height\":210,\"caption\":\"Groupe local Pays Gapen\u00e7ais\"},\"image\":{\"@id\":\"https:\\\/\\\/paca.lpo.fr\\\/blogs\\\/pays-gapencais\\\/#\\\/schema\\\/logo\\\/image\\\/\"}},{\"@type\":\"Person\",\"@id\":\"https:\\\/\\\/paca.lpo.fr\\\/blogs\\\/pays-gapencais\\\/#\\\/schema\\\/person\\\/f4701c21e2e412e301d69ea575732a07\",\"name\":\"LPOPACA\",\"image\":{\"@type\":\"ImageObject\",\"inLanguage\":\"fr-FR\",\"@id\":\"https:\\\/\\\/secure.gravatar.com\\\/avatar\\\/61b4fe4aeb906264475360b018582a8a825394c21df85ee757345c68c15ddd14?s=96&d=mm&r=g\",\"url\":\"https:\\\/\\\/secure.gravatar.com\\\/avatar\\\/61b4fe4aeb906264475360b018582a8a825394c21df85ee757345c68c15ddd14?s=96&d=mm&r=g\",\"contentUrl\":\"https:\\\/\\\/secure.gravatar.com\\\/avatar\\\/61b4fe4aeb906264475360b018582a8a825394c21df85ee757345c68c15ddd14?s=96&d=mm&r=g\",\"caption\":\"LPOPACA\"},\"url\":\"https:\\\/\\\/paca.lpo.fr\\\/blogs\\\/pays-gapencais\\\/author\\\/lpopaca\\\/\"}]}<\/script>\n<!-- \/ Yoast SEO plugin. -->","yoast_head_json":{"title":"Notre stand \u00e0 la f\u00eate de la science \u00e0 Gap - Groupe local Pays Gapen\u00e7ais","robots":{"index":"index","follow":"follow","max-snippet":"max-snippet:-1","max-image-preview":"max-image-preview:large","max-video-preview":"max-video-preview:-1"},"canonical":"https:\/\/paca.lpo.fr\/blogs\/pays-gapencais\/2010\/09\/27\/notre-stand-a-la-fete-de-la-science-a-gap\/","og_locale":"fr_FR","og_type":"article","og_title":"Notre stand \u00e0 la f\u00eate de la science \u00e0 Gap - Groupe local Pays Gapen\u00e7ais","og_description":"Notre groupe local accueillera le public sur son stand, lors de la f\u00eate de la science les 21, 22 et 23 octobre; A cette occasion, nous sollicitons nos membres afin de pr\u00e9parer cet \u00e9v\u00e9nement&#8230;.","og_url":"https:\/\/paca.lpo.fr\/blogs\/pays-gapencais\/2010\/09\/27\/notre-stand-a-la-fete-de-la-science-a-gap\/","og_site_name":"Groupe local Pays Gapen\u00e7ais","article_published_time":"2010-09-27T14:19:59+00:00","article_modified_time":"2012-06-29T12:52:37+00:00","og_image":[{"url":"http:\/\/paca.lpo.fr\/media\/k2\/items\/cache\/feb4274796d93ff716e9650163a77fb8_L.jpg","type":"","width":"","height":""}],"author":"LPOPACA","twitter_card":"summary_large_image","twitter_misc":{"\u00c9crit par":"LPOPACA"},"schema":{"@context":"https:\/\/schema.org","@graph":[{"@type":"Article","@id":"https:\/\/paca.lpo.fr\/blogs\/pays-gapencais\/2010\/09\/27\/notre-stand-a-la-fete-de-la-science-a-gap\/#article","isPartOf":{"@id":"https:\/\/paca.lpo.fr\/blogs\/pays-gapencais\/2010\/09\/27\/notre-stand-a-la-fete-de-la-science-a-gap\/"},"author":{"name":"LPOPACA","@id":"https:\/\/paca.lpo.fr\/blogs\/pays-gapencais\/#\/schema\/person\/f4701c21e2e412e301d69ea575732a07"},"headline":"Notre stand \u00e0 la f\u00eate de la science \u00e0 Gap","datePublished":"2010-09-27T14:19:59+00:00","dateModified":"2012-06-29T12:52:37+00:00","mainEntityOfPage":{"@id":"https:\/\/paca.lpo.fr\/blogs\/pays-gapencais\/2010\/09\/27\/notre-stand-a-la-fete-de-la-science-a-gap\/"},"wordCount":43,"commentCount":0,"publisher":{"@id":"https:\/\/paca.lpo.fr\/blogs\/pays-gapencais\/#organization"},"image":{"@id":"https:\/\/paca.lpo.fr\/blogs\/pays-gapencais\/2010\/09\/27\/notre-stand-a-la-fete-de-la-science-a-gap\/#primaryimage"},"thumbnailUrl":"http:\/\/paca.lpo.fr\/media\/k2\/items\/cache\/feb4274796d93ff716e9650163a77fb8_L.jpg","keywords":["f\u00eate de la science 2010","gap","HautesAlpes"],"inLanguage":"fr-FR","potentialAction":[{"@type":"CommentAction","name":"Comment","target":["https:\/\/paca.lpo.fr\/blogs\/pays-gapencais\/2010\/09\/27\/notre-stand-a-la-fete-de-la-science-a-gap\/#respond"]}]},{"@type":"WebPage","@id":"https:\/\/paca.lpo.fr\/blogs\/pays-gapencais\/2010\/09\/27\/notre-stand-a-la-fete-de-la-science-a-gap\/","url":"https:\/\/paca.lpo.fr\/blogs\/pays-gapencais\/2010\/09\/27\/notre-stand-a-la-fete-de-la-science-a-gap\/","name":"Notre stand \u00e0 la f\u00eate de la science \u00e0 Gap - Groupe local Pays Gapen\u00e7ais","isPartOf":{"@id":"https:\/\/paca.lpo.fr\/blogs\/pays-gapencais\/#website"},"primaryImageOfPage":{"@id":"https:\/\/paca.lpo.fr\/blogs\/pays-gapencais\/2010\/09\/27\/notre-stand-a-la-fete-de-la-science-a-gap\/#primaryimage"},"image":{"@id":"https:\/\/paca.lpo.fr\/blogs\/pays-gapencais\/2010\/09\/27\/notre-stand-a-la-fete-de-la-science-a-gap\/#primaryimage"},"thumbnailUrl":"http:\/\/paca.lpo.fr\/media\/k2\/items\/cache\/feb4274796d93ff716e9650163a77fb8_L.jpg","datePublished":"2010-09-27T14:19:59+00:00","dateModified":"2012-06-29T12:52:37+00:00","breadcrumb":{"@id":"https:\/\/paca.lpo.fr\/blogs\/pays-gapencais\/2010\/09\/27\/notre-stand-a-la-fete-de-la-science-a-gap\/#breadcrumb"},"inLanguage":"fr-FR","potentialAction":[{"@type":"ReadAction","target":["https:\/\/paca.lpo.fr\/blogs\/pays-gapencais\/2010\/09\/27\/notre-stand-a-la-fete-de-la-science-a-gap\/"]}]},{"@type":"ImageObject","inLanguage":"fr-FR","@id":"https:\/\/paca.lpo.fr\/blogs\/pays-gapencais\/2010\/09\/27\/notre-stand-a-la-fete-de-la-science-a-gap\/#primaryimage","url":"http:\/\/paca.lpo.fr\/media\/k2\/items\/cache\/feb4274796d93ff716e9650163a77fb8_L.jpg","contentUrl":"http:\/\/paca.lpo.fr\/media\/k2\/items\/cache\/feb4274796d93ff716e9650163a77fb8_L.jpg"},{"@type":"BreadcrumbList","@id":"https:\/\/paca.lpo.fr\/blogs\/pays-gapencais\/2010\/09\/27\/notre-stand-a-la-fete-de-la-science-a-gap\/#breadcrumb","itemListElement":[{"@type":"ListItem","position":1,"name":"Accueil","item":"https:\/\/paca.lpo.fr\/blogs\/pays-gapencais\/"},{"@type":"ListItem","position":2,"name":"Notre stand \u00e0 la f\u00eate de la science \u00e0 Gap"}]},{"@type":"WebSite","@id":"https:\/\/paca.lpo.fr\/blogs\/pays-gapencais\/#website","url":"https:\/\/paca.lpo.fr\/blogs\/pays-gapencais\/","name":"Groupe local Pays Gapen\u00e7ais","description":"Groupe local Pays Gapen\u00e7ais","publisher":{"@id":"https:\/\/paca.lpo.fr\/blogs\/pays-gapencais\/#organization"},"potentialAction":[{"@type":"SearchAction","target":{"@type":"EntryPoint","urlTemplate":"https:\/\/paca.lpo.fr\/blogs\/pays-gapencais\/?s={search_term_string}"},"query-input":{"@type":"PropertyValueSpecification","valueRequired":true,"valueName":"search_term_string"}}],"inLanguage":"fr-FR"},{"@type":"Organization","@id":"https:\/\/paca.lpo.fr\/blogs\/pays-gapencais\/#organization","name":"Groupe local Pays Gapen\u00e7ais","url":"https:\/\/paca.lpo.fr\/blogs\/pays-gapencais\/","logo":{"@type":"ImageObject","inLanguage":"fr-FR","@id":"https:\/\/paca.lpo.fr\/blogs\/pays-gapencais\/#\/schema\/logo\/image\/","url":"https:\/\/paca.lpo.fr\/blogs\/pays-gapencais\/files\/2024\/01\/cropped-rvb-lpo-paca-logotype-signature-droite-mini-500.jpg","contentUrl":"https:\/\/paca.lpo.fr\/blogs\/pays-gapencais\/files\/2024\/01\/cropped-rvb-lpo-paca-logotype-signature-droite-mini-500.jpg","width":500,"height":210,"caption":"Groupe local Pays Gapen\u00e7ais"},"image":{"@id":"https:\/\/paca.lpo.fr\/blogs\/pays-gapencais\/#\/schema\/logo\/image\/"}},{"@type":"Person","@id":"https:\/\/paca.lpo.fr\/blogs\/pays-gapencais\/#\/schema\/person\/f4701c21e2e412e301d69ea575732a07","name":"LPOPACA","image":{"@type":"ImageObject","inLanguage":"fr-FR","@id":"https:\/\/secure.gravatar.com\/avatar\/61b4fe4aeb906264475360b018582a8a825394c21df85ee757345c68c15ddd14?s=96&d=mm&r=g","url":"https:\/\/secure.gravatar.com\/avatar\/61b4fe4aeb906264475360b018582a8a825394c21df85ee757345c68c15ddd14?s=96&d=mm&r=g","contentUrl":"https:\/\/secure.gravatar.com\/avatar\/61b4fe4aeb906264475360b018582a8a825394c21df85ee757345c68c15ddd14?s=96&d=mm&r=g","caption":"LPOPACA"},"url":"https:\/\/paca.lpo.fr\/blogs\/pays-gapencais\/author\/lpopaca\/"}]}},"jetpack_featured_media_url":"","_links":{"self":[{"href":"https:\/\/paca.lpo.fr\/blogs\/pays-gapencais\/wp-json\/wp\/v2\/posts\/4","targetHints":{"allow":["GET"]}}],"collection":[{"href":"https:\/\/paca.lpo.fr\/blogs\/pays-gapencais\/wp-json\/wp\/v2\/posts"}],"about":[{"href":"https:\/\/paca.lpo.fr\/blogs\/pays-gapencais\/wp-json\/wp\/v2\/types\/post"}],"author":[{"embeddable":true,"href":"https:\/\/paca.lpo.fr\/blogs\/pays-gapencais\/wp-json\/wp\/v2\/users\/1"}],"replies":[{"embeddable":true,"href":"https:\/\/paca.lpo.fr\/blogs\/pays-gapencais\/wp-json\/wp\/v2\/comments?post=4"}],"version-history":[{"count":2,"href":"https:\/\/paca.lpo.fr\/blogs\/pays-gapencais\/wp-json\/wp\/v2\/posts\/4\/revisions"}],"predecessor-version":[{"id":6,"href":"https:\/\/paca.lpo.fr\/blogs\/pays-gapencais\/wp-json\/wp\/v2\/posts\/4\/revisions\/6"}],"wp:attachment":[{"href":"https:\/\/paca.lpo.fr\/blogs\/pays-gapencais\/wp-json\/wp\/v2\/media?parent=4"}],"wp:term":[{"taxonomy":"category","embeddable":true,"href":"https:\/\/paca.lpo.fr\/blogs\/pays-gapencais\/wp-json\/wp\/v2\/categories?post=4"},{"taxonomy":"post_tag","embeddable":true,"href":"https:\/\/paca.lpo.fr\/blogs\/pays-gapencais\/wp-json\/wp\/v2\/tags?post=4"}],"curies":[{"name":"wp","href":"https:\/\/api.w.org\/{rel}","templated":true}]}}