{"id":40,"date":"2011-02-04T21:13:32","date_gmt":"2011-02-04T21:13:32","guid":{"rendered":"http:\/\/paca.lpo.fr\/blogs\/pays-gapencais\/?p=40"},"modified":"2012-06-29T13:17:53","modified_gmt":"2012-06-29T13:17:53","slug":"conference-de-sylvain-allombert-zones-humides-de-la-biodiversite-au-bien-etre-humain","status":"publish","type":"post","link":"https:\/\/paca.lpo.fr\/blogs\/pays-gapencais\/2011\/02\/04\/conference-de-sylvain-allombert-zones-humides-de-la-biodiversite-au-bien-etre-humain\/","title":{"rendered":"Conf\u00e9rence de Sylvain Allombert &#8211; Zones humides : de la biodiversit\u00e9 au bien-\u00eatre humain"},"content":{"rendered":"<figure style=\"width: 450px\" class=\"wp-caption alignnone\"><img loading=\"lazy\" decoding=\"async\" src=\"http:\/\/paca.lpo.fr\/media\/k2\/items\/cache\/d722f2a14a84b7ad8053262f61a6106b_L.jpg\" alt=\"\" width=\"450\" height=\"338\" \/><figcaption class=\"wp-caption-text\">Soir\u00e9e zones humides \u00e0 Dum&rsquo;Art\u00a0\u00a0\u00a0\u00a0\u00a0\u00a0\u00a0\u00a0\u00a0\u00a0\u00a0\u00a0\u00a0\u00a0\u00a0\u00a0\u00a0\u00a0\u00a0\u00a0\u00a0\u00a0\u00a0\u00a0\u00a0\u00a0\u00a0\u00a0\u00a0\u00a0\u00a0\u00a0\u00a0\u00a0\u00a0\u00a0\u00a0\u00a0\u00a0\u00a0\u00a0\u00a0\u00a0\u00a0\u00a0\u00a0\u00a0\u00a0\u00a0\u00a0\u00a0\u00a0\u00a0\u00a0\u00a0\u00a0\u00a0 LN<\/figcaption><\/figure>\n<div>\n<p>Une quarantaine de personnes est venue \u00e0 Dum&rsquo;Art \u00e9couter et voir la pr\u00e9sentation de Sylvain Allombert.<\/p>\n<p>Eliane a ouvert cette soir\u00e9e par une pr\u00e9sentation de la LPO et du Groupe Local, puis Sylvain, par des mots simples et une pr\u00e9sentation claire, nous a expos\u00e9 l&rsquo;importance des zones humides\u00a0pour l&rsquo;\u00e9quilibre de la biodiversit\u00e9, induisant le bien-\u00eatre humain. Leur r\u00f4le important dans la d\u00e9composition des v\u00e9g\u00e9taux, la filtration des eaux, la r\u00e9gulation des crues, la fourniture de nourritures, la conservation des esp\u00e8ces, leur capacit\u00e9 \u00e0 emmagasiner des quantit\u00e9s importantes de carbone&#8230;<\/p>\n<p>50\u00a0% environ des zones humides fran\u00e7aises\u00a0ont disparu en 30 ans. Les\u00a0catastrophes climatiques de ces derni\u00e8res ann\u00e9es ne peuvent qu&rsquo;inciter \u00e0 pr\u00e9server ou restaurer les zones humides. Leur restauration, leur protection, leur gestion et l&rsquo;utilisation rationnelle de ces zones tr\u00e8s riches mais sensibles, est dans l&rsquo;int\u00e9r\u00eat de tous et des g\u00e9n\u00e9rations \u00e0 venir.<\/p>\n<p>La convention de Ramsar et la Directive Cadre Europ\u00e9enne sur l&rsquo;eau servent de cadre \u00e0 l&rsquo;action nationale et \u00e0 la coop\u00e9ration internationale en mati\u00e8re de conservation et d&rsquo;utilisation rationnelle des zones humides et de leurs ressources.<\/p>\n<p>Apr\u00e8s avoir r\u00e9pondu aux questions que certains participants lui ont pos\u00e9es, Sylvain a pr\u00e9sent\u00e9 Terra Biodiversita, association de vulgarisation scientifique, dont le but est la sensibilisation des citoyens aux probl\u00e9matiques environnementales actuelles.<\/p>\n<p>La soir\u00e9e c&rsquo;est termin\u00e9e par une petite collation sympathique,\u00a0permettant ainsi \u00e0 chacun de discuter du sujet de cette conf\u00e9rence et de bien d&rsquo;autres choses encore&#8230;<\/p>\n<p>LN<\/p>\n<\/div>\n","protected":false},"excerpt":{"rendered":"<p>Une quarantaine de personnes est venue \u00e0 Dum&rsquo;Art \u00e9couter et voir la pr\u00e9sentation de Sylvain Allombert. Eliane a ouvert cette soir\u00e9e par une pr\u00e9sentation de la LPO et du Groupe Local, puis Sylvain, par des mots simples et une pr\u00e9sentation claire, nous a expos\u00e9 l&rsquo;importance des zones humides\u00a0pour l&rsquo;\u00e9quilibre de la biodiversit\u00e9, induisant le bien-\u00eatre [&hellip;]<\/p>\n","protected":false},"author":1,"featured_media":0,"comment_status":"open","ping_status":"open","sticky":false,"template":"","format":"standard","meta":{"footnotes":""},"categories":[1],"tags":[21,22,3,4,23],"class_list":["post-40","post","type-post","status-publish","format-standard","hentry","category-non-classe","tag-biodiversite","tag-conference","tag-gap","tag-hautesalpes","tag-zones-humides-et-forets"],"yoast_head":"<!-- This site is optimized with the Yoast SEO plugin v28.3 - https:\/\/yoast.com\/product\/yoast-seo-wordpress\/ -->\n<title>Conf\u00e9rence de Sylvain Allombert - Zones humides : de la biodiversit\u00e9 au bien-\u00eatre humain  - Groupe local Pays Gapen\u00e7ais<\/title>\n<meta name=\"robots\" content=\"index, follow, max-snippet:-1, max-image-preview:large, max-video-preview:-1\" \/>\n<link rel=\"canonical\" href=\"https:\/\/paca.lpo.fr\/blogs\/pays-gapencais\/2011\/02\/04\/conference-de-sylvain-allombert-zones-humides-de-la-biodiversite-au-bien-etre-humain\/\" \/>\n<meta property=\"og:locale\" content=\"fr_FR\" \/>\n<meta property=\"og:type\" content=\"article\" \/>\n<meta property=\"og:title\" content=\"Conf\u00e9rence de Sylvain Allombert - Zones humides : de la biodiversit\u00e9 au bien-\u00eatre humain  - Groupe local Pays Gapen\u00e7ais\" \/>\n<meta property=\"og:description\" content=\"Une quarantaine de personnes est venue \u00e0 Dum&rsquo;Art \u00e9couter et voir la pr\u00e9sentation de Sylvain Allombert. Eliane a ouvert cette soir\u00e9e par une pr\u00e9sentation de la LPO et du Groupe Local, puis Sylvain, par des mots simples et une pr\u00e9sentation claire, nous a expos\u00e9 l&rsquo;importance des zones humides\u00a0pour l&rsquo;\u00e9quilibre de la biodiversit\u00e9, induisant le bien-\u00eatre [&hellip;]\" \/>\n<meta property=\"og:url\" content=\"https:\/\/paca.lpo.fr\/blogs\/pays-gapencais\/2011\/02\/04\/conference-de-sylvain-allombert-zones-humides-de-la-biodiversite-au-bien-etre-humain\/\" \/>\n<meta property=\"og:site_name\" content=\"Groupe local Pays Gapen\u00e7ais\" \/>\n<meta property=\"article:published_time\" content=\"2011-02-04T21:13:32+00:00\" \/>\n<meta property=\"article:modified_time\" content=\"2012-06-29T13:17:53+00:00\" \/>\n<meta property=\"og:image\" content=\"http:\/\/paca.lpo.fr\/media\/k2\/items\/cache\/d722f2a14a84b7ad8053262f61a6106b_L.jpg\" \/>\n<meta name=\"author\" content=\"LPOPACA\" \/>\n<meta name=\"twitter:card\" content=\"summary_large_image\" \/>\n<meta name=\"twitter:label1\" content=\"\u00c9crit par\" \/>\n\t<meta name=\"twitter:data1\" content=\"LPOPACA\" \/>\n\t<meta name=\"twitter:label2\" content=\"Dur\u00e9e de lecture estim\u00e9e\" \/>\n\t<meta name=\"twitter:data2\" content=\"1 minute\" \/>\n<script type=\"application\/ld+json\" class=\"yoast-schema-graph\">{\"@context\":\"https:\\\/\\\/schema.org\",\"@graph\":[{\"@type\":\"Article\",\"@id\":\"https:\\\/\\\/paca.lpo.fr\\\/blogs\\\/pays-gapencais\\\/2011\\\/02\\\/04\\\/conference-de-sylvain-allombert-zones-humides-de-la-biodiversite-au-bien-etre-humain\\\/#article\",\"isPartOf\":{\"@id\":\"https:\\\/\\\/paca.lpo.fr\\\/blogs\\\/pays-gapencais\\\/2011\\\/02\\\/04\\\/conference-de-sylvain-allombert-zones-humides-de-la-biodiversite-au-bien-etre-humain\\\/\"},\"author\":{\"name\":\"LPOPACA\",\"@id\":\"https:\\\/\\\/paca.lpo.fr\\\/blogs\\\/pays-gapencais\\\/#\\\/schema\\\/person\\\/f4701c21e2e412e301d69ea575732a07\"},\"headline\":\"Conf\u00e9rence de Sylvain Allombert &#8211; Zones humides : de la biodiversit\u00e9 au bien-\u00eatre humain\",\"datePublished\":\"2011-02-04T21:13:32+00:00\",\"dateModified\":\"2012-06-29T13:17:53+00:00\",\"mainEntityOfPage\":{\"@id\":\"https:\\\/\\\/paca.lpo.fr\\\/blogs\\\/pays-gapencais\\\/2011\\\/02\\\/04\\\/conference-de-sylvain-allombert-zones-humides-de-la-biodiversite-au-bien-etre-humain\\\/\"},\"wordCount\":301,\"commentCount\":0,\"publisher\":{\"@id\":\"https:\\\/\\\/paca.lpo.fr\\\/blogs\\\/pays-gapencais\\\/#organization\"},\"image\":{\"@id\":\"https:\\\/\\\/paca.lpo.fr\\\/blogs\\\/pays-gapencais\\\/2011\\\/02\\\/04\\\/conference-de-sylvain-allombert-zones-humides-de-la-biodiversite-au-bien-etre-humain\\\/#primaryimage\"},\"thumbnailUrl\":\"http:\\\/\\\/paca.lpo.fr\\\/media\\\/k2\\\/items\\\/cache\\\/d722f2a14a84b7ad8053262f61a6106b_L.jpg\",\"keywords\":[\"biodiversit\u00e9\",\"conf\u00e9rence\",\"gap\",\"HautesAlpes\",\"zones humides et forets\"],\"inLanguage\":\"fr-FR\",\"potentialAction\":[{\"@type\":\"CommentAction\",\"name\":\"Comment\",\"target\":[\"https:\\\/\\\/paca.lpo.fr\\\/blogs\\\/pays-gapencais\\\/2011\\\/02\\\/04\\\/conference-de-sylvain-allombert-zones-humides-de-la-biodiversite-au-bien-etre-humain\\\/#respond\"]}]},{\"@type\":\"WebPage\",\"@id\":\"https:\\\/\\\/paca.lpo.fr\\\/blogs\\\/pays-gapencais\\\/2011\\\/02\\\/04\\\/conference-de-sylvain-allombert-zones-humides-de-la-biodiversite-au-bien-etre-humain\\\/\",\"url\":\"https:\\\/\\\/paca.lpo.fr\\\/blogs\\\/pays-gapencais\\\/2011\\\/02\\\/04\\\/conference-de-sylvain-allombert-zones-humides-de-la-biodiversite-au-bien-etre-humain\\\/\",\"name\":\"Conf\u00e9rence de Sylvain Allombert - Zones humides : de la biodiversit\u00e9 au bien-\u00eatre humain - Groupe local Pays Gapen\u00e7ais\",\"isPartOf\":{\"@id\":\"https:\\\/\\\/paca.lpo.fr\\\/blogs\\\/pays-gapencais\\\/#website\"},\"primaryImageOfPage\":{\"@id\":\"https:\\\/\\\/paca.lpo.fr\\\/blogs\\\/pays-gapencais\\\/2011\\\/02\\\/04\\\/conference-de-sylvain-allombert-zones-humides-de-la-biodiversite-au-bien-etre-humain\\\/#primaryimage\"},\"image\":{\"@id\":\"https:\\\/\\\/paca.lpo.fr\\\/blogs\\\/pays-gapencais\\\/2011\\\/02\\\/04\\\/conference-de-sylvain-allombert-zones-humides-de-la-biodiversite-au-bien-etre-humain\\\/#primaryimage\"},\"thumbnailUrl\":\"http:\\\/\\\/paca.lpo.fr\\\/media\\\/k2\\\/items\\\/cache\\\/d722f2a14a84b7ad8053262f61a6106b_L.jpg\",\"datePublished\":\"2011-02-04T21:13:32+00:00\",\"dateModified\":\"2012-06-29T13:17:53+00:00\",\"breadcrumb\":{\"@id\":\"https:\\\/\\\/paca.lpo.fr\\\/blogs\\\/pays-gapencais\\\/2011\\\/02\\\/04\\\/conference-de-sylvain-allombert-zones-humides-de-la-biodiversite-au-bien-etre-humain\\\/#breadcrumb\"},\"inLanguage\":\"fr-FR\",\"potentialAction\":[{\"@type\":\"ReadAction\",\"target\":[\"https:\\\/\\\/paca.lpo.fr\\\/blogs\\\/pays-gapencais\\\/2011\\\/02\\\/04\\\/conference-de-sylvain-allombert-zones-humides-de-la-biodiversite-au-bien-etre-humain\\\/\"]}]},{\"@type\":\"ImageObject\",\"inLanguage\":\"fr-FR\",\"@id\":\"https:\\\/\\\/paca.lpo.fr\\\/blogs\\\/pays-gapencais\\\/2011\\\/02\\\/04\\\/conference-de-sylvain-allombert-zones-humides-de-la-biodiversite-au-bien-etre-humain\\\/#primaryimage\",\"url\":\"http:\\\/\\\/paca.lpo.fr\\\/media\\\/k2\\\/items\\\/cache\\\/d722f2a14a84b7ad8053262f61a6106b_L.jpg\",\"contentUrl\":\"http:\\\/\\\/paca.lpo.fr\\\/media\\\/k2\\\/items\\\/cache\\\/d722f2a14a84b7ad8053262f61a6106b_L.jpg\"},{\"@type\":\"BreadcrumbList\",\"@id\":\"https:\\\/\\\/paca.lpo.fr\\\/blogs\\\/pays-gapencais\\\/2011\\\/02\\\/04\\\/conference-de-sylvain-allombert-zones-humides-de-la-biodiversite-au-bien-etre-humain\\\/#breadcrumb\",\"itemListElement\":[{\"@type\":\"ListItem\",\"position\":1,\"name\":\"Accueil\",\"item\":\"https:\\\/\\\/paca.lpo.fr\\\/blogs\\\/pays-gapencais\\\/\"},{\"@type\":\"ListItem\",\"position\":2,\"name\":\"Conf\u00e9rence de Sylvain Allombert &#8211; Zones humides : de la biodiversit\u00e9 au bien-\u00eatre humain\"}]},{\"@type\":\"WebSite\",\"@id\":\"https:\\\/\\\/paca.lpo.fr\\\/blogs\\\/pays-gapencais\\\/#website\",\"url\":\"https:\\\/\\\/paca.lpo.fr\\\/blogs\\\/pays-gapencais\\\/\",\"name\":\"Groupe local Pays Gapen\u00e7ais\",\"description\":\"Groupe local Pays Gapen\u00e7ais\",\"publisher\":{\"@id\":\"https:\\\/\\\/paca.lpo.fr\\\/blogs\\\/pays-gapencais\\\/#organization\"},\"potentialAction\":[{\"@type\":\"SearchAction\",\"target\":{\"@type\":\"EntryPoint\",\"urlTemplate\":\"https:\\\/\\\/paca.lpo.fr\\\/blogs\\\/pays-gapencais\\\/?s={search_term_string}\"},\"query-input\":{\"@type\":\"PropertyValueSpecification\",\"valueRequired\":true,\"valueName\":\"search_term_string\"}}],\"inLanguage\":\"fr-FR\"},{\"@type\":\"Organization\",\"@id\":\"https:\\\/\\\/paca.lpo.fr\\\/blogs\\\/pays-gapencais\\\/#organization\",\"name\":\"Groupe local Pays Gapen\u00e7ais\",\"url\":\"https:\\\/\\\/paca.lpo.fr\\\/blogs\\\/pays-gapencais\\\/\",\"logo\":{\"@type\":\"ImageObject\",\"inLanguage\":\"fr-FR\",\"@id\":\"https:\\\/\\\/paca.lpo.fr\\\/blogs\\\/pays-gapencais\\\/#\\\/schema\\\/logo\\\/image\\\/\",\"url\":\"https:\\\/\\\/paca.lpo.fr\\\/blogs\\\/pays-gapencais\\\/files\\\/2024\\\/01\\\/cropped-rvb-lpo-paca-logotype-signature-droite-mini-500.jpg\",\"contentUrl\":\"https:\\\/\\\/paca.lpo.fr\\\/blogs\\\/pays-gapencais\\\/files\\\/2024\\\/01\\\/cropped-rvb-lpo-paca-logotype-signature-droite-mini-500.jpg\",\"width\":500,\"height\":210,\"caption\":\"Groupe local Pays Gapen\u00e7ais\"},\"image\":{\"@id\":\"https:\\\/\\\/paca.lpo.fr\\\/blogs\\\/pays-gapencais\\\/#\\\/schema\\\/logo\\\/image\\\/\"}},{\"@type\":\"Person\",\"@id\":\"https:\\\/\\\/paca.lpo.fr\\\/blogs\\\/pays-gapencais\\\/#\\\/schema\\\/person\\\/f4701c21e2e412e301d69ea575732a07\",\"name\":\"LPOPACA\",\"image\":{\"@type\":\"ImageObject\",\"inLanguage\":\"fr-FR\",\"@id\":\"https:\\\/\\\/secure.gravatar.com\\\/avatar\\\/61b4fe4aeb906264475360b018582a8a825394c21df85ee757345c68c15ddd14?s=96&d=mm&r=g\",\"url\":\"https:\\\/\\\/secure.gravatar.com\\\/avatar\\\/61b4fe4aeb906264475360b018582a8a825394c21df85ee757345c68c15ddd14?s=96&d=mm&r=g\",\"contentUrl\":\"https:\\\/\\\/secure.gravatar.com\\\/avatar\\\/61b4fe4aeb906264475360b018582a8a825394c21df85ee757345c68c15ddd14?s=96&d=mm&r=g\",\"caption\":\"LPOPACA\"},\"url\":\"https:\\\/\\\/paca.lpo.fr\\\/blogs\\\/pays-gapencais\\\/author\\\/lpopaca\\\/\"}]}<\/script>\n<!-- \/ Yoast SEO plugin. -->","yoast_head_json":{"title":"Conf\u00e9rence de Sylvain Allombert - Zones humides : de la biodiversit\u00e9 au bien-\u00eatre humain  - Groupe local Pays Gapen\u00e7ais","robots":{"index":"index","follow":"follow","max-snippet":"max-snippet:-1","max-image-preview":"max-image-preview:large","max-video-preview":"max-video-preview:-1"},"canonical":"https:\/\/paca.lpo.fr\/blogs\/pays-gapencais\/2011\/02\/04\/conference-de-sylvain-allombert-zones-humides-de-la-biodiversite-au-bien-etre-humain\/","og_locale":"fr_FR","og_type":"article","og_title":"Conf\u00e9rence de Sylvain Allombert - Zones humides : de la biodiversit\u00e9 au bien-\u00eatre humain  - Groupe local Pays Gapen\u00e7ais","og_description":"Une quarantaine de personnes est venue \u00e0 Dum&rsquo;Art \u00e9couter et voir la pr\u00e9sentation de Sylvain Allombert. Eliane a ouvert cette soir\u00e9e par une pr\u00e9sentation de la LPO et du Groupe Local, puis Sylvain, par des mots simples et une pr\u00e9sentation claire, nous a expos\u00e9 l&rsquo;importance des zones humides\u00a0pour l&rsquo;\u00e9quilibre de la biodiversit\u00e9, induisant le bien-\u00eatre [&hellip;]","og_url":"https:\/\/paca.lpo.fr\/blogs\/pays-gapencais\/2011\/02\/04\/conference-de-sylvain-allombert-zones-humides-de-la-biodiversite-au-bien-etre-humain\/","og_site_name":"Groupe local Pays Gapen\u00e7ais","article_published_time":"2011-02-04T21:13:32+00:00","article_modified_time":"2012-06-29T13:17:53+00:00","og_image":[{"url":"http:\/\/paca.lpo.fr\/media\/k2\/items\/cache\/d722f2a14a84b7ad8053262f61a6106b_L.jpg","type":"","width":"","height":""}],"author":"LPOPACA","twitter_card":"summary_large_image","twitter_misc":{"\u00c9crit par":"LPOPACA","Dur\u00e9e de lecture estim\u00e9e":"1 minute"},"schema":{"@context":"https:\/\/schema.org","@graph":[{"@type":"Article","@id":"https:\/\/paca.lpo.fr\/blogs\/pays-gapencais\/2011\/02\/04\/conference-de-sylvain-allombert-zones-humides-de-la-biodiversite-au-bien-etre-humain\/#article","isPartOf":{"@id":"https:\/\/paca.lpo.fr\/blogs\/pays-gapencais\/2011\/02\/04\/conference-de-sylvain-allombert-zones-humides-de-la-biodiversite-au-bien-etre-humain\/"},"author":{"name":"LPOPACA","@id":"https:\/\/paca.lpo.fr\/blogs\/pays-gapencais\/#\/schema\/person\/f4701c21e2e412e301d69ea575732a07"},"headline":"Conf\u00e9rence de Sylvain Allombert &#8211; Zones humides : de la biodiversit\u00e9 au bien-\u00eatre humain","datePublished":"2011-02-04T21:13:32+00:00","dateModified":"2012-06-29T13:17:53+00:00","mainEntityOfPage":{"@id":"https:\/\/paca.lpo.fr\/blogs\/pays-gapencais\/2011\/02\/04\/conference-de-sylvain-allombert-zones-humides-de-la-biodiversite-au-bien-etre-humain\/"},"wordCount":301,"commentCount":0,"publisher":{"@id":"https:\/\/paca.lpo.fr\/blogs\/pays-gapencais\/#organization"},"image":{"@id":"https:\/\/paca.lpo.fr\/blogs\/pays-gapencais\/2011\/02\/04\/conference-de-sylvain-allombert-zones-humides-de-la-biodiversite-au-bien-etre-humain\/#primaryimage"},"thumbnailUrl":"http:\/\/paca.lpo.fr\/media\/k2\/items\/cache\/d722f2a14a84b7ad8053262f61a6106b_L.jpg","keywords":["biodiversit\u00e9","conf\u00e9rence","gap","HautesAlpes","zones humides et forets"],"inLanguage":"fr-FR","potentialAction":[{"@type":"CommentAction","name":"Comment","target":["https:\/\/paca.lpo.fr\/blogs\/pays-gapencais\/2011\/02\/04\/conference-de-sylvain-allombert-zones-humides-de-la-biodiversite-au-bien-etre-humain\/#respond"]}]},{"@type":"WebPage","@id":"https:\/\/paca.lpo.fr\/blogs\/pays-gapencais\/2011\/02\/04\/conference-de-sylvain-allombert-zones-humides-de-la-biodiversite-au-bien-etre-humain\/","url":"https:\/\/paca.lpo.fr\/blogs\/pays-gapencais\/2011\/02\/04\/conference-de-sylvain-allombert-zones-humides-de-la-biodiversite-au-bien-etre-humain\/","name":"Conf\u00e9rence de Sylvain Allombert - Zones humides : de la biodiversit\u00e9 au bien-\u00eatre humain - Groupe local Pays Gapen\u00e7ais","isPartOf":{"@id":"https:\/\/paca.lpo.fr\/blogs\/pays-gapencais\/#website"},"primaryImageOfPage":{"@id":"https:\/\/paca.lpo.fr\/blogs\/pays-gapencais\/2011\/02\/04\/conference-de-sylvain-allombert-zones-humides-de-la-biodiversite-au-bien-etre-humain\/#primaryimage"},"image":{"@id":"https:\/\/paca.lpo.fr\/blogs\/pays-gapencais\/2011\/02\/04\/conference-de-sylvain-allombert-zones-humides-de-la-biodiversite-au-bien-etre-humain\/#primaryimage"},"thumbnailUrl":"http:\/\/paca.lpo.fr\/media\/k2\/items\/cache\/d722f2a14a84b7ad8053262f61a6106b_L.jpg","datePublished":"2011-02-04T21:13:32+00:00","dateModified":"2012-06-29T13:17:53+00:00","breadcrumb":{"@id":"https:\/\/paca.lpo.fr\/blogs\/pays-gapencais\/2011\/02\/04\/conference-de-sylvain-allombert-zones-humides-de-la-biodiversite-au-bien-etre-humain\/#breadcrumb"},"inLanguage":"fr-FR","potentialAction":[{"@type":"ReadAction","target":["https:\/\/paca.lpo.fr\/blogs\/pays-gapencais\/2011\/02\/04\/conference-de-sylvain-allombert-zones-humides-de-la-biodiversite-au-bien-etre-humain\/"]}]},{"@type":"ImageObject","inLanguage":"fr-FR","@id":"https:\/\/paca.lpo.fr\/blogs\/pays-gapencais\/2011\/02\/04\/conference-de-sylvain-allombert-zones-humides-de-la-biodiversite-au-bien-etre-humain\/#primaryimage","url":"http:\/\/paca.lpo.fr\/media\/k2\/items\/cache\/d722f2a14a84b7ad8053262f61a6106b_L.jpg","contentUrl":"http:\/\/paca.lpo.fr\/media\/k2\/items\/cache\/d722f2a14a84b7ad8053262f61a6106b_L.jpg"},{"@type":"BreadcrumbList","@id":"https:\/\/paca.lpo.fr\/blogs\/pays-gapencais\/2011\/02\/04\/conference-de-sylvain-allombert-zones-humides-de-la-biodiversite-au-bien-etre-humain\/#breadcrumb","itemListElement":[{"@type":"ListItem","position":1,"name":"Accueil","item":"https:\/\/paca.lpo.fr\/blogs\/pays-gapencais\/"},{"@type":"ListItem","position":2,"name":"Conf\u00e9rence de Sylvain Allombert &#8211; Zones humides : de la biodiversit\u00e9 au bien-\u00eatre humain"}]},{"@type":"WebSite","@id":"https:\/\/paca.lpo.fr\/blogs\/pays-gapencais\/#website","url":"https:\/\/paca.lpo.fr\/blogs\/pays-gapencais\/","name":"Groupe local Pays Gapen\u00e7ais","description":"Groupe local Pays Gapen\u00e7ais","publisher":{"@id":"https:\/\/paca.lpo.fr\/blogs\/pays-gapencais\/#organization"},"potentialAction":[{"@type":"SearchAction","target":{"@type":"EntryPoint","urlTemplate":"https:\/\/paca.lpo.fr\/blogs\/pays-gapencais\/?s={search_term_string}"},"query-input":{"@type":"PropertyValueSpecification","valueRequired":true,"valueName":"search_term_string"}}],"inLanguage":"fr-FR"},{"@type":"Organization","@id":"https:\/\/paca.lpo.fr\/blogs\/pays-gapencais\/#organization","name":"Groupe local Pays Gapen\u00e7ais","url":"https:\/\/paca.lpo.fr\/blogs\/pays-gapencais\/","logo":{"@type":"ImageObject","inLanguage":"fr-FR","@id":"https:\/\/paca.lpo.fr\/blogs\/pays-gapencais\/#\/schema\/logo\/image\/","url":"https:\/\/paca.lpo.fr\/blogs\/pays-gapencais\/files\/2024\/01\/cropped-rvb-lpo-paca-logotype-signature-droite-mini-500.jpg","contentUrl":"https:\/\/paca.lpo.fr\/blogs\/pays-gapencais\/files\/2024\/01\/cropped-rvb-lpo-paca-logotype-signature-droite-mini-500.jpg","width":500,"height":210,"caption":"Groupe local Pays Gapen\u00e7ais"},"image":{"@id":"https:\/\/paca.lpo.fr\/blogs\/pays-gapencais\/#\/schema\/logo\/image\/"}},{"@type":"Person","@id":"https:\/\/paca.lpo.fr\/blogs\/pays-gapencais\/#\/schema\/person\/f4701c21e2e412e301d69ea575732a07","name":"LPOPACA","image":{"@type":"ImageObject","inLanguage":"fr-FR","@id":"https:\/\/secure.gravatar.com\/avatar\/61b4fe4aeb906264475360b018582a8a825394c21df85ee757345c68c15ddd14?s=96&d=mm&r=g","url":"https:\/\/secure.gravatar.com\/avatar\/61b4fe4aeb906264475360b018582a8a825394c21df85ee757345c68c15ddd14?s=96&d=mm&r=g","contentUrl":"https:\/\/secure.gravatar.com\/avatar\/61b4fe4aeb906264475360b018582a8a825394c21df85ee757345c68c15ddd14?s=96&d=mm&r=g","caption":"LPOPACA"},"url":"https:\/\/paca.lpo.fr\/blogs\/pays-gapencais\/author\/lpopaca\/"}]}},"jetpack_featured_media_url":"","_links":{"self":[{"href":"https:\/\/paca.lpo.fr\/blogs\/pays-gapencais\/wp-json\/wp\/v2\/posts\/40","targetHints":{"allow":["GET"]}}],"collection":[{"href":"https:\/\/paca.lpo.fr\/blogs\/pays-gapencais\/wp-json\/wp\/v2\/posts"}],"about":[{"href":"https:\/\/paca.lpo.fr\/blogs\/pays-gapencais\/wp-json\/wp\/v2\/types\/post"}],"author":[{"embeddable":true,"href":"https:\/\/paca.lpo.fr\/blogs\/pays-gapencais\/wp-json\/wp\/v2\/users\/1"}],"replies":[{"embeddable":true,"href":"https:\/\/paca.lpo.fr\/blogs\/pays-gapencais\/wp-json\/wp\/v2\/comments?post=40"}],"version-history":[{"count":2,"href":"https:\/\/paca.lpo.fr\/blogs\/pays-gapencais\/wp-json\/wp\/v2\/posts\/40\/revisions"}],"predecessor-version":[{"id":42,"href":"https:\/\/paca.lpo.fr\/blogs\/pays-gapencais\/wp-json\/wp\/v2\/posts\/40\/revisions\/42"}],"wp:attachment":[{"href":"https:\/\/paca.lpo.fr\/blogs\/pays-gapencais\/wp-json\/wp\/v2\/media?parent=40"}],"wp:term":[{"taxonomy":"category","embeddable":true,"href":"https:\/\/paca.lpo.fr\/blogs\/pays-gapencais\/wp-json\/wp\/v2\/categories?post=40"},{"taxonomy":"post_tag","embeddable":true,"href":"https:\/\/paca.lpo.fr\/blogs\/pays-gapencais\/wp-json\/wp\/v2\/tags?post=40"}],"curies":[{"name":"wp","href":"https:\/\/api.w.org\/{rel}","templated":true}]}}