{"id":46,"date":"2011-02-07T13:16:06","date_gmt":"2011-02-07T13:16:06","guid":{"rendered":"http:\/\/paca.lpo.fr\/blogs\/pays-gapencais\/?p=46"},"modified":"2012-06-29T13:24:41","modified_gmt":"2012-06-29T13:24:41","slug":"pic-de-crigne-la-traq-ue-du-tic-hodrome-echelette","status":"publish","type":"post","link":"https:\/\/paca.lpo.fr\/blogs\/pays-gapencais\/2011\/02\/07\/pic-de-crigne-la-traq-ue-du-tic-hodrome-echelette\/","title":{"rendered":"Pic de Crigne : La traq..ue du Tic..hodrome \u00e9chelette !"},"content":{"rendered":"<div>\n<figure style=\"width: 450px\" class=\"wp-caption alignnone\"><img loading=\"lazy\" decoding=\"async\" src=\"http:\/\/paca.lpo.fr\/media\/k2\/items\/cache\/7a6fe08027b80ee08bda1ed60d73e334_L.jpg\" alt=\"\" width=\"450\" height=\"338\" \/><figcaption class=\"wp-caption-text\">Sortie au Pic de Crigne \u00a0 \u00a0 \u00a0 \u00a0 \u00a0 \u00a0 \u00a0 \u00a0 \u00a0 \u00a0 \u00a0 \u00a0 \u00a0 \u00a0 \u00a0 \u00a0 \u00a0 \u00a0 \u00a0 \u00a0 \u00a0 \u00a0 \u00a0 \u00a0 \u00a0 \u00a0 \u00a0 \u00a0 \u00a0 \u00a0 \u00a0 \u00a0 \u00a0 \u00a0 \u00a0 \u00a0 \u00a0 \u00a0 \u00a0 \u00a0 \u00a0 LN<\/figcaption><\/figure>\n<p>Le grand beau temps perdurant et le th\u00e8me de cette sortie : \u00ab\u00a0Les oiseaux de falaise\u00a0\u00bb ont probablement contribu\u00e9 \u00e0 ce que nous nous retrouvions \u00e0 19 pour \u00ab\u00a0l&rsquo;ascension\u00a0\u00bb du chemin qui m\u00e8ne aux ruines de la bergerie.<\/p>\n<p>Les oiseaux se sont faits assez discrets. Peu d&rsquo;esp\u00e8ces ont \u00e9t\u00e9 contact\u00e9es (voir Faune-PACA) ; mais quand m\u00eame quelques aigles royaux, grands corbeaux et une magnifique buse variable qui, passant juste au-dessus de nous, nous a permis d&rsquo;admirer son plumage. Des m\u00e9sanges \u00e0 longue queue se sont bien laiss\u00e9es\u00a0observer aussi. Mais&#8230; le clou, quand m\u00eame, a \u00e9t\u00e9 le Tichodrome \u00e9chelette que, malheureusement, tout le monde n&rsquo;a pu voir. Certains l&rsquo;ont vu, \u00e0 la mont\u00e9e, dans la grande falaise c\u00f4t\u00e9 cascade sous la bergerie, et \u00e0 la descente, dans la petite falaise sous le Rocher de Chantelle.<\/p>\n<p>Notre prochaine sortie, le Mercredi 16 f\u00e9vrier,\u00a0nous conduira vers Rambaud et Treschatel a la rencontre des\u00a0passereaux hivernants.<\/p>\n<p>A tr\u00e8s bient\u00f4t.<\/p>\n<p>LN<\/p>\n<\/div>\n","protected":false},"excerpt":{"rendered":"<p>Le grand beau temps perdurant et le th\u00e8me de cette sortie : \u00ab\u00a0Les oiseaux de falaise\u00a0\u00bb ont probablement contribu\u00e9 \u00e0 ce que nous nous retrouvions \u00e0 19 pour \u00ab\u00a0l&rsquo;ascension\u00a0\u00bb du chemin qui m\u00e8ne aux ruines de la bergerie. Les oiseaux se sont faits assez discrets. Peu d&rsquo;esp\u00e8ces ont \u00e9t\u00e9 contact\u00e9es (voir Faune-PACA) ; mais quand [&hellip;]<\/p>\n","protected":false},"author":1,"featured_media":0,"comment_status":"open","ping_status":"open","sticky":false,"template":"","format":"standard","meta":{"footnotes":""},"categories":[1],"tags":[25,26,3,4],"class_list":["post-46","post","type-post","status-publish","format-standard","hentry","category-non-classe","tag-crigne","tag-falaise","tag-gap","tag-hautesalpes"],"yoast_head":"<!-- This site is optimized with the Yoast SEO plugin v28.3 - https:\/\/yoast.com\/product\/yoast-seo-wordpress\/ -->\n<title>Pic de Crigne : La traq..ue du Tic..hodrome \u00e9chelette ! - Groupe local Pays Gapen\u00e7ais<\/title>\n<meta name=\"robots\" content=\"index, follow, max-snippet:-1, max-image-preview:large, max-video-preview:-1\" \/>\n<link rel=\"canonical\" href=\"https:\/\/paca.lpo.fr\/blogs\/pays-gapencais\/2011\/02\/07\/pic-de-crigne-la-traq-ue-du-tic-hodrome-echelette\/\" \/>\n<meta property=\"og:locale\" content=\"fr_FR\" \/>\n<meta property=\"og:type\" content=\"article\" \/>\n<meta property=\"og:title\" content=\"Pic de Crigne : La traq..ue du Tic..hodrome \u00e9chelette ! - Groupe local Pays Gapen\u00e7ais\" \/>\n<meta property=\"og:description\" content=\"Le grand beau temps perdurant et le th\u00e8me de cette sortie : \u00ab\u00a0Les oiseaux de falaise\u00a0\u00bb ont probablement contribu\u00e9 \u00e0 ce que nous nous retrouvions \u00e0 19 pour \u00ab\u00a0l&rsquo;ascension\u00a0\u00bb du chemin qui m\u00e8ne aux ruines de la bergerie. Les oiseaux se sont faits assez discrets. Peu d&rsquo;esp\u00e8ces ont \u00e9t\u00e9 contact\u00e9es (voir Faune-PACA) ; mais quand [&hellip;]\" \/>\n<meta property=\"og:url\" content=\"https:\/\/paca.lpo.fr\/blogs\/pays-gapencais\/2011\/02\/07\/pic-de-crigne-la-traq-ue-du-tic-hodrome-echelette\/\" \/>\n<meta property=\"og:site_name\" content=\"Groupe local Pays Gapen\u00e7ais\" \/>\n<meta property=\"article:published_time\" content=\"2011-02-07T13:16:06+00:00\" \/>\n<meta property=\"article:modified_time\" content=\"2012-06-29T13:24:41+00:00\" \/>\n<meta property=\"og:image\" content=\"http:\/\/paca.lpo.fr\/media\/k2\/items\/cache\/7a6fe08027b80ee08bda1ed60d73e334_L.jpg\" \/>\n<meta name=\"author\" content=\"LPOPACA\" \/>\n<meta name=\"twitter:card\" content=\"summary_large_image\" \/>\n<meta name=\"twitter:label1\" content=\"\u00c9crit par\" \/>\n\t<meta name=\"twitter:data1\" content=\"LPOPACA\" \/>\n\t<meta name=\"twitter:label2\" content=\"Dur\u00e9e de lecture estim\u00e9e\" \/>\n\t<meta name=\"twitter:data2\" content=\"1 minute\" \/>\n<script type=\"application\/ld+json\" class=\"yoast-schema-graph\">{\"@context\":\"https:\\\/\\\/schema.org\",\"@graph\":[{\"@type\":\"Article\",\"@id\":\"https:\\\/\\\/paca.lpo.fr\\\/blogs\\\/pays-gapencais\\\/2011\\\/02\\\/07\\\/pic-de-crigne-la-traq-ue-du-tic-hodrome-echelette\\\/#article\",\"isPartOf\":{\"@id\":\"https:\\\/\\\/paca.lpo.fr\\\/blogs\\\/pays-gapencais\\\/2011\\\/02\\\/07\\\/pic-de-crigne-la-traq-ue-du-tic-hodrome-echelette\\\/\"},\"author\":{\"name\":\"LPOPACA\",\"@id\":\"https:\\\/\\\/paca.lpo.fr\\\/blogs\\\/pays-gapencais\\\/#\\\/schema\\\/person\\\/f4701c21e2e412e301d69ea575732a07\"},\"headline\":\"Pic de Crigne : La traq..ue du Tic..hodrome \u00e9chelette !\",\"datePublished\":\"2011-02-07T13:16:06+00:00\",\"dateModified\":\"2012-06-29T13:24:41+00:00\",\"mainEntityOfPage\":{\"@id\":\"https:\\\/\\\/paca.lpo.fr\\\/blogs\\\/pays-gapencais\\\/2011\\\/02\\\/07\\\/pic-de-crigne-la-traq-ue-du-tic-hodrome-echelette\\\/\"},\"wordCount\":189,\"commentCount\":0,\"publisher\":{\"@id\":\"https:\\\/\\\/paca.lpo.fr\\\/blogs\\\/pays-gapencais\\\/#organization\"},\"image\":{\"@id\":\"https:\\\/\\\/paca.lpo.fr\\\/blogs\\\/pays-gapencais\\\/2011\\\/02\\\/07\\\/pic-de-crigne-la-traq-ue-du-tic-hodrome-echelette\\\/#primaryimage\"},\"thumbnailUrl\":\"http:\\\/\\\/paca.lpo.fr\\\/media\\\/k2\\\/items\\\/cache\\\/7a6fe08027b80ee08bda1ed60d73e334_L.jpg\",\"keywords\":[\"Crigne\",\"Falaise\",\"gap\",\"HautesAlpes\"],\"inLanguage\":\"fr-FR\",\"potentialAction\":[{\"@type\":\"CommentAction\",\"name\":\"Comment\",\"target\":[\"https:\\\/\\\/paca.lpo.fr\\\/blogs\\\/pays-gapencais\\\/2011\\\/02\\\/07\\\/pic-de-crigne-la-traq-ue-du-tic-hodrome-echelette\\\/#respond\"]}]},{\"@type\":\"WebPage\",\"@id\":\"https:\\\/\\\/paca.lpo.fr\\\/blogs\\\/pays-gapencais\\\/2011\\\/02\\\/07\\\/pic-de-crigne-la-traq-ue-du-tic-hodrome-echelette\\\/\",\"url\":\"https:\\\/\\\/paca.lpo.fr\\\/blogs\\\/pays-gapencais\\\/2011\\\/02\\\/07\\\/pic-de-crigne-la-traq-ue-du-tic-hodrome-echelette\\\/\",\"name\":\"Pic de Crigne : La traq..ue du Tic..hodrome \u00e9chelette ! - Groupe local Pays Gapen\u00e7ais\",\"isPartOf\":{\"@id\":\"https:\\\/\\\/paca.lpo.fr\\\/blogs\\\/pays-gapencais\\\/#website\"},\"primaryImageOfPage\":{\"@id\":\"https:\\\/\\\/paca.lpo.fr\\\/blogs\\\/pays-gapencais\\\/2011\\\/02\\\/07\\\/pic-de-crigne-la-traq-ue-du-tic-hodrome-echelette\\\/#primaryimage\"},\"image\":{\"@id\":\"https:\\\/\\\/paca.lpo.fr\\\/blogs\\\/pays-gapencais\\\/2011\\\/02\\\/07\\\/pic-de-crigne-la-traq-ue-du-tic-hodrome-echelette\\\/#primaryimage\"},\"thumbnailUrl\":\"http:\\\/\\\/paca.lpo.fr\\\/media\\\/k2\\\/items\\\/cache\\\/7a6fe08027b80ee08bda1ed60d73e334_L.jpg\",\"datePublished\":\"2011-02-07T13:16:06+00:00\",\"dateModified\":\"2012-06-29T13:24:41+00:00\",\"breadcrumb\":{\"@id\":\"https:\\\/\\\/paca.lpo.fr\\\/blogs\\\/pays-gapencais\\\/2011\\\/02\\\/07\\\/pic-de-crigne-la-traq-ue-du-tic-hodrome-echelette\\\/#breadcrumb\"},\"inLanguage\":\"fr-FR\",\"potentialAction\":[{\"@type\":\"ReadAction\",\"target\":[\"https:\\\/\\\/paca.lpo.fr\\\/blogs\\\/pays-gapencais\\\/2011\\\/02\\\/07\\\/pic-de-crigne-la-traq-ue-du-tic-hodrome-echelette\\\/\"]}]},{\"@type\":\"ImageObject\",\"inLanguage\":\"fr-FR\",\"@id\":\"https:\\\/\\\/paca.lpo.fr\\\/blogs\\\/pays-gapencais\\\/2011\\\/02\\\/07\\\/pic-de-crigne-la-traq-ue-du-tic-hodrome-echelette\\\/#primaryimage\",\"url\":\"http:\\\/\\\/paca.lpo.fr\\\/media\\\/k2\\\/items\\\/cache\\\/7a6fe08027b80ee08bda1ed60d73e334_L.jpg\",\"contentUrl\":\"http:\\\/\\\/paca.lpo.fr\\\/media\\\/k2\\\/items\\\/cache\\\/7a6fe08027b80ee08bda1ed60d73e334_L.jpg\"},{\"@type\":\"BreadcrumbList\",\"@id\":\"https:\\\/\\\/paca.lpo.fr\\\/blogs\\\/pays-gapencais\\\/2011\\\/02\\\/07\\\/pic-de-crigne-la-traq-ue-du-tic-hodrome-echelette\\\/#breadcrumb\",\"itemListElement\":[{\"@type\":\"ListItem\",\"position\":1,\"name\":\"Accueil\",\"item\":\"https:\\\/\\\/paca.lpo.fr\\\/blogs\\\/pays-gapencais\\\/\"},{\"@type\":\"ListItem\",\"position\":2,\"name\":\"Pic de Crigne : La traq..ue du Tic..hodrome \u00e9chelette !\"}]},{\"@type\":\"WebSite\",\"@id\":\"https:\\\/\\\/paca.lpo.fr\\\/blogs\\\/pays-gapencais\\\/#website\",\"url\":\"https:\\\/\\\/paca.lpo.fr\\\/blogs\\\/pays-gapencais\\\/\",\"name\":\"Groupe local Pays Gapen\u00e7ais\",\"description\":\"Groupe local Pays Gapen\u00e7ais\",\"publisher\":{\"@id\":\"https:\\\/\\\/paca.lpo.fr\\\/blogs\\\/pays-gapencais\\\/#organization\"},\"potentialAction\":[{\"@type\":\"SearchAction\",\"target\":{\"@type\":\"EntryPoint\",\"urlTemplate\":\"https:\\\/\\\/paca.lpo.fr\\\/blogs\\\/pays-gapencais\\\/?s={search_term_string}\"},\"query-input\":{\"@type\":\"PropertyValueSpecification\",\"valueRequired\":true,\"valueName\":\"search_term_string\"}}],\"inLanguage\":\"fr-FR\"},{\"@type\":\"Organization\",\"@id\":\"https:\\\/\\\/paca.lpo.fr\\\/blogs\\\/pays-gapencais\\\/#organization\",\"name\":\"Groupe local Pays Gapen\u00e7ais\",\"url\":\"https:\\\/\\\/paca.lpo.fr\\\/blogs\\\/pays-gapencais\\\/\",\"logo\":{\"@type\":\"ImageObject\",\"inLanguage\":\"fr-FR\",\"@id\":\"https:\\\/\\\/paca.lpo.fr\\\/blogs\\\/pays-gapencais\\\/#\\\/schema\\\/logo\\\/image\\\/\",\"url\":\"https:\\\/\\\/paca.lpo.fr\\\/blogs\\\/pays-gapencais\\\/files\\\/2024\\\/01\\\/cropped-rvb-lpo-paca-logotype-signature-droite-mini-500.jpg\",\"contentUrl\":\"https:\\\/\\\/paca.lpo.fr\\\/blogs\\\/pays-gapencais\\\/files\\\/2024\\\/01\\\/cropped-rvb-lpo-paca-logotype-signature-droite-mini-500.jpg\",\"width\":500,\"height\":210,\"caption\":\"Groupe local Pays Gapen\u00e7ais\"},\"image\":{\"@id\":\"https:\\\/\\\/paca.lpo.fr\\\/blogs\\\/pays-gapencais\\\/#\\\/schema\\\/logo\\\/image\\\/\"}},{\"@type\":\"Person\",\"@id\":\"https:\\\/\\\/paca.lpo.fr\\\/blogs\\\/pays-gapencais\\\/#\\\/schema\\\/person\\\/f4701c21e2e412e301d69ea575732a07\",\"name\":\"LPOPACA\",\"image\":{\"@type\":\"ImageObject\",\"inLanguage\":\"fr-FR\",\"@id\":\"https:\\\/\\\/secure.gravatar.com\\\/avatar\\\/61b4fe4aeb906264475360b018582a8a825394c21df85ee757345c68c15ddd14?s=96&d=mm&r=g\",\"url\":\"https:\\\/\\\/secure.gravatar.com\\\/avatar\\\/61b4fe4aeb906264475360b018582a8a825394c21df85ee757345c68c15ddd14?s=96&d=mm&r=g\",\"contentUrl\":\"https:\\\/\\\/secure.gravatar.com\\\/avatar\\\/61b4fe4aeb906264475360b018582a8a825394c21df85ee757345c68c15ddd14?s=96&d=mm&r=g\",\"caption\":\"LPOPACA\"},\"url\":\"https:\\\/\\\/paca.lpo.fr\\\/blogs\\\/pays-gapencais\\\/author\\\/lpopaca\\\/\"}]}<\/script>\n<!-- \/ Yoast SEO plugin. -->","yoast_head_json":{"title":"Pic de Crigne : La traq..ue du Tic..hodrome \u00e9chelette ! - Groupe local Pays Gapen\u00e7ais","robots":{"index":"index","follow":"follow","max-snippet":"max-snippet:-1","max-image-preview":"max-image-preview:large","max-video-preview":"max-video-preview:-1"},"canonical":"https:\/\/paca.lpo.fr\/blogs\/pays-gapencais\/2011\/02\/07\/pic-de-crigne-la-traq-ue-du-tic-hodrome-echelette\/","og_locale":"fr_FR","og_type":"article","og_title":"Pic de Crigne : La traq..ue du Tic..hodrome \u00e9chelette ! - Groupe local Pays Gapen\u00e7ais","og_description":"Le grand beau temps perdurant et le th\u00e8me de cette sortie : \u00ab\u00a0Les oiseaux de falaise\u00a0\u00bb ont probablement contribu\u00e9 \u00e0 ce que nous nous retrouvions \u00e0 19 pour \u00ab\u00a0l&rsquo;ascension\u00a0\u00bb du chemin qui m\u00e8ne aux ruines de la bergerie. Les oiseaux se sont faits assez discrets. Peu d&rsquo;esp\u00e8ces ont \u00e9t\u00e9 contact\u00e9es (voir Faune-PACA) ; mais quand [&hellip;]","og_url":"https:\/\/paca.lpo.fr\/blogs\/pays-gapencais\/2011\/02\/07\/pic-de-crigne-la-traq-ue-du-tic-hodrome-echelette\/","og_site_name":"Groupe local Pays Gapen\u00e7ais","article_published_time":"2011-02-07T13:16:06+00:00","article_modified_time":"2012-06-29T13:24:41+00:00","og_image":[{"url":"http:\/\/paca.lpo.fr\/media\/k2\/items\/cache\/7a6fe08027b80ee08bda1ed60d73e334_L.jpg","type":"","width":"","height":""}],"author":"LPOPACA","twitter_card":"summary_large_image","twitter_misc":{"\u00c9crit par":"LPOPACA","Dur\u00e9e de lecture estim\u00e9e":"1 minute"},"schema":{"@context":"https:\/\/schema.org","@graph":[{"@type":"Article","@id":"https:\/\/paca.lpo.fr\/blogs\/pays-gapencais\/2011\/02\/07\/pic-de-crigne-la-traq-ue-du-tic-hodrome-echelette\/#article","isPartOf":{"@id":"https:\/\/paca.lpo.fr\/blogs\/pays-gapencais\/2011\/02\/07\/pic-de-crigne-la-traq-ue-du-tic-hodrome-echelette\/"},"author":{"name":"LPOPACA","@id":"https:\/\/paca.lpo.fr\/blogs\/pays-gapencais\/#\/schema\/person\/f4701c21e2e412e301d69ea575732a07"},"headline":"Pic de Crigne : La traq..ue du Tic..hodrome \u00e9chelette !","datePublished":"2011-02-07T13:16:06+00:00","dateModified":"2012-06-29T13:24:41+00:00","mainEntityOfPage":{"@id":"https:\/\/paca.lpo.fr\/blogs\/pays-gapencais\/2011\/02\/07\/pic-de-crigne-la-traq-ue-du-tic-hodrome-echelette\/"},"wordCount":189,"commentCount":0,"publisher":{"@id":"https:\/\/paca.lpo.fr\/blogs\/pays-gapencais\/#organization"},"image":{"@id":"https:\/\/paca.lpo.fr\/blogs\/pays-gapencais\/2011\/02\/07\/pic-de-crigne-la-traq-ue-du-tic-hodrome-echelette\/#primaryimage"},"thumbnailUrl":"http:\/\/paca.lpo.fr\/media\/k2\/items\/cache\/7a6fe08027b80ee08bda1ed60d73e334_L.jpg","keywords":["Crigne","Falaise","gap","HautesAlpes"],"inLanguage":"fr-FR","potentialAction":[{"@type":"CommentAction","name":"Comment","target":["https:\/\/paca.lpo.fr\/blogs\/pays-gapencais\/2011\/02\/07\/pic-de-crigne-la-traq-ue-du-tic-hodrome-echelette\/#respond"]}]},{"@type":"WebPage","@id":"https:\/\/paca.lpo.fr\/blogs\/pays-gapencais\/2011\/02\/07\/pic-de-crigne-la-traq-ue-du-tic-hodrome-echelette\/","url":"https:\/\/paca.lpo.fr\/blogs\/pays-gapencais\/2011\/02\/07\/pic-de-crigne-la-traq-ue-du-tic-hodrome-echelette\/","name":"Pic de Crigne : La traq..ue du Tic..hodrome \u00e9chelette ! - Groupe local Pays Gapen\u00e7ais","isPartOf":{"@id":"https:\/\/paca.lpo.fr\/blogs\/pays-gapencais\/#website"},"primaryImageOfPage":{"@id":"https:\/\/paca.lpo.fr\/blogs\/pays-gapencais\/2011\/02\/07\/pic-de-crigne-la-traq-ue-du-tic-hodrome-echelette\/#primaryimage"},"image":{"@id":"https:\/\/paca.lpo.fr\/blogs\/pays-gapencais\/2011\/02\/07\/pic-de-crigne-la-traq-ue-du-tic-hodrome-echelette\/#primaryimage"},"thumbnailUrl":"http:\/\/paca.lpo.fr\/media\/k2\/items\/cache\/7a6fe08027b80ee08bda1ed60d73e334_L.jpg","datePublished":"2011-02-07T13:16:06+00:00","dateModified":"2012-06-29T13:24:41+00:00","breadcrumb":{"@id":"https:\/\/paca.lpo.fr\/blogs\/pays-gapencais\/2011\/02\/07\/pic-de-crigne-la-traq-ue-du-tic-hodrome-echelette\/#breadcrumb"},"inLanguage":"fr-FR","potentialAction":[{"@type":"ReadAction","target":["https:\/\/paca.lpo.fr\/blogs\/pays-gapencais\/2011\/02\/07\/pic-de-crigne-la-traq-ue-du-tic-hodrome-echelette\/"]}]},{"@type":"ImageObject","inLanguage":"fr-FR","@id":"https:\/\/paca.lpo.fr\/blogs\/pays-gapencais\/2011\/02\/07\/pic-de-crigne-la-traq-ue-du-tic-hodrome-echelette\/#primaryimage","url":"http:\/\/paca.lpo.fr\/media\/k2\/items\/cache\/7a6fe08027b80ee08bda1ed60d73e334_L.jpg","contentUrl":"http:\/\/paca.lpo.fr\/media\/k2\/items\/cache\/7a6fe08027b80ee08bda1ed60d73e334_L.jpg"},{"@type":"BreadcrumbList","@id":"https:\/\/paca.lpo.fr\/blogs\/pays-gapencais\/2011\/02\/07\/pic-de-crigne-la-traq-ue-du-tic-hodrome-echelette\/#breadcrumb","itemListElement":[{"@type":"ListItem","position":1,"name":"Accueil","item":"https:\/\/paca.lpo.fr\/blogs\/pays-gapencais\/"},{"@type":"ListItem","position":2,"name":"Pic de Crigne : La traq..ue du Tic..hodrome \u00e9chelette !"}]},{"@type":"WebSite","@id":"https:\/\/paca.lpo.fr\/blogs\/pays-gapencais\/#website","url":"https:\/\/paca.lpo.fr\/blogs\/pays-gapencais\/","name":"Groupe local Pays Gapen\u00e7ais","description":"Groupe local Pays Gapen\u00e7ais","publisher":{"@id":"https:\/\/paca.lpo.fr\/blogs\/pays-gapencais\/#organization"},"potentialAction":[{"@type":"SearchAction","target":{"@type":"EntryPoint","urlTemplate":"https:\/\/paca.lpo.fr\/blogs\/pays-gapencais\/?s={search_term_string}"},"query-input":{"@type":"PropertyValueSpecification","valueRequired":true,"valueName":"search_term_string"}}],"inLanguage":"fr-FR"},{"@type":"Organization","@id":"https:\/\/paca.lpo.fr\/blogs\/pays-gapencais\/#organization","name":"Groupe local Pays Gapen\u00e7ais","url":"https:\/\/paca.lpo.fr\/blogs\/pays-gapencais\/","logo":{"@type":"ImageObject","inLanguage":"fr-FR","@id":"https:\/\/paca.lpo.fr\/blogs\/pays-gapencais\/#\/schema\/logo\/image\/","url":"https:\/\/paca.lpo.fr\/blogs\/pays-gapencais\/files\/2024\/01\/cropped-rvb-lpo-paca-logotype-signature-droite-mini-500.jpg","contentUrl":"https:\/\/paca.lpo.fr\/blogs\/pays-gapencais\/files\/2024\/01\/cropped-rvb-lpo-paca-logotype-signature-droite-mini-500.jpg","width":500,"height":210,"caption":"Groupe local Pays Gapen\u00e7ais"},"image":{"@id":"https:\/\/paca.lpo.fr\/blogs\/pays-gapencais\/#\/schema\/logo\/image\/"}},{"@type":"Person","@id":"https:\/\/paca.lpo.fr\/blogs\/pays-gapencais\/#\/schema\/person\/f4701c21e2e412e301d69ea575732a07","name":"LPOPACA","image":{"@type":"ImageObject","inLanguage":"fr-FR","@id":"https:\/\/secure.gravatar.com\/avatar\/61b4fe4aeb906264475360b018582a8a825394c21df85ee757345c68c15ddd14?s=96&d=mm&r=g","url":"https:\/\/secure.gravatar.com\/avatar\/61b4fe4aeb906264475360b018582a8a825394c21df85ee757345c68c15ddd14?s=96&d=mm&r=g","contentUrl":"https:\/\/secure.gravatar.com\/avatar\/61b4fe4aeb906264475360b018582a8a825394c21df85ee757345c68c15ddd14?s=96&d=mm&r=g","caption":"LPOPACA"},"url":"https:\/\/paca.lpo.fr\/blogs\/pays-gapencais\/author\/lpopaca\/"}]}},"jetpack_featured_media_url":"","_links":{"self":[{"href":"https:\/\/paca.lpo.fr\/blogs\/pays-gapencais\/wp-json\/wp\/v2\/posts\/46","targetHints":{"allow":["GET"]}}],"collection":[{"href":"https:\/\/paca.lpo.fr\/blogs\/pays-gapencais\/wp-json\/wp\/v2\/posts"}],"about":[{"href":"https:\/\/paca.lpo.fr\/blogs\/pays-gapencais\/wp-json\/wp\/v2\/types\/post"}],"author":[{"embeddable":true,"href":"https:\/\/paca.lpo.fr\/blogs\/pays-gapencais\/wp-json\/wp\/v2\/users\/1"}],"replies":[{"embeddable":true,"href":"https:\/\/paca.lpo.fr\/blogs\/pays-gapencais\/wp-json\/wp\/v2\/comments?post=46"}],"version-history":[{"count":3,"href":"https:\/\/paca.lpo.fr\/blogs\/pays-gapencais\/wp-json\/wp\/v2\/posts\/46\/revisions"}],"predecessor-version":[{"id":52,"href":"https:\/\/paca.lpo.fr\/blogs\/pays-gapencais\/wp-json\/wp\/v2\/posts\/46\/revisions\/52"}],"wp:attachment":[{"href":"https:\/\/paca.lpo.fr\/blogs\/pays-gapencais\/wp-json\/wp\/v2\/media?parent=46"}],"wp:term":[{"taxonomy":"category","embeddable":true,"href":"https:\/\/paca.lpo.fr\/blogs\/pays-gapencais\/wp-json\/wp\/v2\/categories?post=46"},{"taxonomy":"post_tag","embeddable":true,"href":"https:\/\/paca.lpo.fr\/blogs\/pays-gapencais\/wp-json\/wp\/v2\/tags?post=46"}],"curies":[{"name":"wp","href":"https:\/\/api.w.org\/{rel}","templated":true}]}}