{"id":56,"date":"2011-02-26T12:40:51","date_gmt":"2011-02-26T12:40:51","guid":{"rendered":"http:\/\/paca.lpo.fr\/blogs\/pays-gapencais\/?p=56"},"modified":"2012-06-29T13:29:13","modified_gmt":"2012-06-29T13:29:13","slug":"les-circaetes-jean-le-blanc-du-gapencais","status":"publish","type":"post","link":"https:\/\/paca.lpo.fr\/blogs\/pays-gapencais\/2011\/02\/26\/les-circaetes-jean-le-blanc-du-gapencais\/","title":{"rendered":"Les Circa\u00e8tes Jean-le-Blanc du gapen\u00e7ais"},"content":{"rendered":"<figure style=\"width: 470px\" class=\"wp-caption alignnone\"><img loading=\"lazy\" decoding=\"async\" src=\"http:\/\/paca.lpo.fr\/media\/k2\/items\/cache\/dc9e231f652301f80ea8e901bd9ec18a_XL.jpg\" alt=\"\" width=\"470\" height=\"332\" \/><figcaption class=\"wp-caption-text\">Pr\u00e9sentation de R\u00e9mi Brugot\u00a0\u00a0\u00a0\u00a0\u00a0\u00a0\u00a0\u00a0\u00a0\u00a0\u00a0\u00a0\u00a0\u00a0\u00a0\u00a0\u00a0\u00a0\u00a0\u00a0\u00a0\u00a0\u00a0\u00a0\u00a0\u00a0\u00a0\u00a0\u00a0\u00a0\u00a0\u00a0\u00a0\u00a0\u00a0\u00a0\u00a0\u00a0\u00a0\u00a0\u00a0\u00a0\u00a0\u00a0\u00a0\u00a0\u00a0\u00a0\u00a0\u00a0\u00a0\u00a0\u00a0\u00a0\u00a0\u00a0\u00a0\u00a0\u00a0\u00a0\u00a0\u00a0\u00a0\u00a0\u00a0\u00a0\u00a0\u00a0\u00a0\u00a0\u00a0 LN<\/figcaption><\/figure>\n<p>Nous \u00e9tions 35 \u00e0 \u00e9couter R\u00e9mi Brugot nous pr\u00e9senter son diaporama sur le Circa\u00e8te Jean-le-Blanc.<\/p>\n<p>De belles photos prises par R\u00e9mi qui, patiemment, passe des journ\u00e9es enti\u00e8res en aff\u00fbt, du matin encore \u00e0 la nuit jusqu&rsquo;au soir toujours \u00e0 la nuit pour ne pas d\u00e9ranger les couples de Circa\u00e8tes tout occup\u00e9s \u00e0 la reproduction de leur esp\u00e8ce.<\/p>\n<p>R\u00e9mi\u00a0nous a fait le bilan de l&rsquo;action men\u00e9e en 2010\u00a0pour laquelle le Groupe Local\u00a0s&rsquo;est bien investi. 15 couples ont \u00e9t\u00e9 suivis dans le d\u00e9partement dont 10 dans le gapen\u00e7ais. Il y a eu 6 jeunes \u00e0 l&rsquo;envol que nous esp\u00e9rons bien retrouver au printemps 2012 puisque les jeunes passent deux hivers en Afrique subsaharienne avant de revenir sous nos cieux pour se reproduire \u00e0 leur tour.<\/p>\n<p>2010 n&rsquo;a pas \u00e9t\u00e9 une ann\u00e9e faste pour la reproduction, probablement \u00e0 cause de la m\u00e9t\u00e9o. Les Circa\u00e8tes Jean-le-Blanc sont arriv\u00e9s alors que la neige recouvrait encore leurs terrains de chasse\u00a0 et que serpents, amphibiens et micromammif\u00e8res\u00a0 ne devaient pas \u00eatre faciles \u00e0 trouver ;\u00a0de plus,\u00a0le printemps s&rsquo;est av\u00e9r\u00e9 tr\u00e8s humide.<\/p>\n<p>Un plan d&rsquo;actions 2011 a \u00e9t\u00e9 \u00e9bauch\u00e9 avec de nouveaux sites \u00e0 prospecter, sans abandonner la surveillance des sites d\u00e9j\u00e0 connus.<\/p>\n<p>Pour participer au suivi des Circa\u00e8tes Jean-le-Blanc, il suffit de prendre contact avec R\u00e9mi, <a href=\"mailto:brugotremi@gmail.com\">brugotremi@gmail.com<\/a> . Vous recevrez les lieux et heures de rendez-vous, en g\u00e9n\u00e9ral de 17 h \u00e0 la nuit\u00a0; il faut \u00eatre chaudement couvert et \u00e9quip\u00e9, si possible, d&rsquo;une paire de jumelles et\/ou d&rsquo;une lunette d&rsquo;observation. Les paires d&rsquo;yeux \u00ab\u00a0\u00e0 nu\u00a0\u00bb\u00a0sont aussi tr\u00e8s utiles pour voir les rapaces arriver \u00ab\u00a0plein ciel\u00a0\u00bb.<\/p>\n<p>Pour plus de documentation, vous pouvez consulter sur le site de la LPO PACA <a href=\"http:\/\/paca.lpo.fr\">http:\/\/paca.lpo.fr<\/a>\u00a0la rubrique \u00ab\u00a0La plume du Circa\u00e8te\u00a0\u00bb.<\/p>\n<p>Nous nous et vous\u00a0souhaitons de bonnes observations. LN<\/p>\n","protected":false},"excerpt":{"rendered":"<p>Nous \u00e9tions 35 \u00e0 \u00e9couter R\u00e9mi Brugot nous pr\u00e9senter son diaporama sur le Circa\u00e8te Jean-le-Blanc. De belles photos prises par R\u00e9mi qui, patiemment, passe des journ\u00e9es enti\u00e8res en aff\u00fbt, du matin encore \u00e0 la nuit jusqu&rsquo;au soir toujours \u00e0 la nuit pour ne pas d\u00e9ranger les couples de Circa\u00e8tes tout occup\u00e9s \u00e0 la reproduction de [&hellip;]<\/p>\n","protected":false},"author":1,"featured_media":0,"comment_status":"open","ping_status":"open","sticky":false,"template":"","format":"standard","meta":{"footnotes":""},"categories":[1],"tags":[28,16,3,12,4,29],"class_list":["post-56","post","type-post","status-publish","format-standard","hentry","category-non-classe","tag-circaete","tag-comptage","tag-gap","tag-gapencais","tag-hautesalpes","tag-jeanleblanc"],"yoast_head":"<!-- This site is optimized with the Yoast SEO plugin v28.3 - https:\/\/yoast.com\/product\/yoast-seo-wordpress\/ -->\n<title>Les Circa\u00e8tes Jean-le-Blanc du gapen\u00e7ais  - Groupe local Pays Gapen\u00e7ais<\/title>\n<meta name=\"robots\" content=\"index, follow, max-snippet:-1, max-image-preview:large, max-video-preview:-1\" \/>\n<link rel=\"canonical\" href=\"https:\/\/paca.lpo.fr\/blogs\/pays-gapencais\/2011\/02\/26\/les-circaetes-jean-le-blanc-du-gapencais\/\" \/>\n<meta property=\"og:locale\" content=\"fr_FR\" \/>\n<meta property=\"og:type\" content=\"article\" \/>\n<meta property=\"og:title\" content=\"Les Circa\u00e8tes Jean-le-Blanc du gapen\u00e7ais  - Groupe local Pays Gapen\u00e7ais\" \/>\n<meta property=\"og:description\" content=\"Nous \u00e9tions 35 \u00e0 \u00e9couter R\u00e9mi Brugot nous pr\u00e9senter son diaporama sur le Circa\u00e8te Jean-le-Blanc. De belles photos prises par R\u00e9mi qui, patiemment, passe des journ\u00e9es enti\u00e8res en aff\u00fbt, du matin encore \u00e0 la nuit jusqu&rsquo;au soir toujours \u00e0 la nuit pour ne pas d\u00e9ranger les couples de Circa\u00e8tes tout occup\u00e9s \u00e0 la reproduction de [&hellip;]\" \/>\n<meta property=\"og:url\" content=\"https:\/\/paca.lpo.fr\/blogs\/pays-gapencais\/2011\/02\/26\/les-circaetes-jean-le-blanc-du-gapencais\/\" \/>\n<meta property=\"og:site_name\" content=\"Groupe local Pays Gapen\u00e7ais\" \/>\n<meta property=\"article:published_time\" content=\"2011-02-26T12:40:51+00:00\" \/>\n<meta property=\"article:modified_time\" content=\"2012-06-29T13:29:13+00:00\" \/>\n<meta property=\"og:image\" content=\"http:\/\/paca.lpo.fr\/media\/k2\/items\/cache\/dc9e231f652301f80ea8e901bd9ec18a_XL.jpg\" \/>\n<meta name=\"author\" content=\"LPOPACA\" \/>\n<meta name=\"twitter:card\" content=\"summary_large_image\" \/>\n<meta name=\"twitter:label1\" content=\"\u00c9crit par\" \/>\n\t<meta name=\"twitter:data1\" content=\"LPOPACA\" \/>\n\t<meta name=\"twitter:label2\" content=\"Dur\u00e9e de lecture estim\u00e9e\" \/>\n\t<meta name=\"twitter:data2\" content=\"2 minutes\" \/>\n<script type=\"application\/ld+json\" class=\"yoast-schema-graph\">{\"@context\":\"https:\\\/\\\/schema.org\",\"@graph\":[{\"@type\":\"Article\",\"@id\":\"https:\\\/\\\/paca.lpo.fr\\\/blogs\\\/pays-gapencais\\\/2011\\\/02\\\/26\\\/les-circaetes-jean-le-blanc-du-gapencais\\\/#article\",\"isPartOf\":{\"@id\":\"https:\\\/\\\/paca.lpo.fr\\\/blogs\\\/pays-gapencais\\\/2011\\\/02\\\/26\\\/les-circaetes-jean-le-blanc-du-gapencais\\\/\"},\"author\":{\"name\":\"LPOPACA\",\"@id\":\"https:\\\/\\\/paca.lpo.fr\\\/blogs\\\/pays-gapencais\\\/#\\\/schema\\\/person\\\/f4701c21e2e412e301d69ea575732a07\"},\"headline\":\"Les Circa\u00e8tes Jean-le-Blanc du gapen\u00e7ais\",\"datePublished\":\"2011-02-26T12:40:51+00:00\",\"dateModified\":\"2012-06-29T13:29:13+00:00\",\"mainEntityOfPage\":{\"@id\":\"https:\\\/\\\/paca.lpo.fr\\\/blogs\\\/pays-gapencais\\\/2011\\\/02\\\/26\\\/les-circaetes-jean-le-blanc-du-gapencais\\\/\"},\"wordCount\":341,\"commentCount\":0,\"publisher\":{\"@id\":\"https:\\\/\\\/paca.lpo.fr\\\/blogs\\\/pays-gapencais\\\/#organization\"},\"image\":{\"@id\":\"https:\\\/\\\/paca.lpo.fr\\\/blogs\\\/pays-gapencais\\\/2011\\\/02\\\/26\\\/les-circaetes-jean-le-blanc-du-gapencais\\\/#primaryimage\"},\"thumbnailUrl\":\"http:\\\/\\\/paca.lpo.fr\\\/media\\\/k2\\\/items\\\/cache\\\/dc9e231f652301f80ea8e901bd9ec18a_XL.jpg\",\"keywords\":[\"Circa\u00e8te\",\"comptage\",\"gap\",\"Gapen\u00e7ais\",\"HautesAlpes\",\"JeanleBlanc\"],\"inLanguage\":\"fr-FR\",\"potentialAction\":[{\"@type\":\"CommentAction\",\"name\":\"Comment\",\"target\":[\"https:\\\/\\\/paca.lpo.fr\\\/blogs\\\/pays-gapencais\\\/2011\\\/02\\\/26\\\/les-circaetes-jean-le-blanc-du-gapencais\\\/#respond\"]}]},{\"@type\":\"WebPage\",\"@id\":\"https:\\\/\\\/paca.lpo.fr\\\/blogs\\\/pays-gapencais\\\/2011\\\/02\\\/26\\\/les-circaetes-jean-le-blanc-du-gapencais\\\/\",\"url\":\"https:\\\/\\\/paca.lpo.fr\\\/blogs\\\/pays-gapencais\\\/2011\\\/02\\\/26\\\/les-circaetes-jean-le-blanc-du-gapencais\\\/\",\"name\":\"Les Circa\u00e8tes Jean-le-Blanc du gapen\u00e7ais - Groupe local Pays Gapen\u00e7ais\",\"isPartOf\":{\"@id\":\"https:\\\/\\\/paca.lpo.fr\\\/blogs\\\/pays-gapencais\\\/#website\"},\"primaryImageOfPage\":{\"@id\":\"https:\\\/\\\/paca.lpo.fr\\\/blogs\\\/pays-gapencais\\\/2011\\\/02\\\/26\\\/les-circaetes-jean-le-blanc-du-gapencais\\\/#primaryimage\"},\"image\":{\"@id\":\"https:\\\/\\\/paca.lpo.fr\\\/blogs\\\/pays-gapencais\\\/2011\\\/02\\\/26\\\/les-circaetes-jean-le-blanc-du-gapencais\\\/#primaryimage\"},\"thumbnailUrl\":\"http:\\\/\\\/paca.lpo.fr\\\/media\\\/k2\\\/items\\\/cache\\\/dc9e231f652301f80ea8e901bd9ec18a_XL.jpg\",\"datePublished\":\"2011-02-26T12:40:51+00:00\",\"dateModified\":\"2012-06-29T13:29:13+00:00\",\"breadcrumb\":{\"@id\":\"https:\\\/\\\/paca.lpo.fr\\\/blogs\\\/pays-gapencais\\\/2011\\\/02\\\/26\\\/les-circaetes-jean-le-blanc-du-gapencais\\\/#breadcrumb\"},\"inLanguage\":\"fr-FR\",\"potentialAction\":[{\"@type\":\"ReadAction\",\"target\":[\"https:\\\/\\\/paca.lpo.fr\\\/blogs\\\/pays-gapencais\\\/2011\\\/02\\\/26\\\/les-circaetes-jean-le-blanc-du-gapencais\\\/\"]}]},{\"@type\":\"ImageObject\",\"inLanguage\":\"fr-FR\",\"@id\":\"https:\\\/\\\/paca.lpo.fr\\\/blogs\\\/pays-gapencais\\\/2011\\\/02\\\/26\\\/les-circaetes-jean-le-blanc-du-gapencais\\\/#primaryimage\",\"url\":\"http:\\\/\\\/paca.lpo.fr\\\/media\\\/k2\\\/items\\\/cache\\\/dc9e231f652301f80ea8e901bd9ec18a_XL.jpg\",\"contentUrl\":\"http:\\\/\\\/paca.lpo.fr\\\/media\\\/k2\\\/items\\\/cache\\\/dc9e231f652301f80ea8e901bd9ec18a_XL.jpg\"},{\"@type\":\"BreadcrumbList\",\"@id\":\"https:\\\/\\\/paca.lpo.fr\\\/blogs\\\/pays-gapencais\\\/2011\\\/02\\\/26\\\/les-circaetes-jean-le-blanc-du-gapencais\\\/#breadcrumb\",\"itemListElement\":[{\"@type\":\"ListItem\",\"position\":1,\"name\":\"Accueil\",\"item\":\"https:\\\/\\\/paca.lpo.fr\\\/blogs\\\/pays-gapencais\\\/\"},{\"@type\":\"ListItem\",\"position\":2,\"name\":\"Les Circa\u00e8tes Jean-le-Blanc du gapen\u00e7ais\"}]},{\"@type\":\"WebSite\",\"@id\":\"https:\\\/\\\/paca.lpo.fr\\\/blogs\\\/pays-gapencais\\\/#website\",\"url\":\"https:\\\/\\\/paca.lpo.fr\\\/blogs\\\/pays-gapencais\\\/\",\"name\":\"Groupe local Pays Gapen\u00e7ais\",\"description\":\"Groupe local Pays Gapen\u00e7ais\",\"publisher\":{\"@id\":\"https:\\\/\\\/paca.lpo.fr\\\/blogs\\\/pays-gapencais\\\/#organization\"},\"potentialAction\":[{\"@type\":\"SearchAction\",\"target\":{\"@type\":\"EntryPoint\",\"urlTemplate\":\"https:\\\/\\\/paca.lpo.fr\\\/blogs\\\/pays-gapencais\\\/?s={search_term_string}\"},\"query-input\":{\"@type\":\"PropertyValueSpecification\",\"valueRequired\":true,\"valueName\":\"search_term_string\"}}],\"inLanguage\":\"fr-FR\"},{\"@type\":\"Organization\",\"@id\":\"https:\\\/\\\/paca.lpo.fr\\\/blogs\\\/pays-gapencais\\\/#organization\",\"name\":\"Groupe local Pays Gapen\u00e7ais\",\"url\":\"https:\\\/\\\/paca.lpo.fr\\\/blogs\\\/pays-gapencais\\\/\",\"logo\":{\"@type\":\"ImageObject\",\"inLanguage\":\"fr-FR\",\"@id\":\"https:\\\/\\\/paca.lpo.fr\\\/blogs\\\/pays-gapencais\\\/#\\\/schema\\\/logo\\\/image\\\/\",\"url\":\"https:\\\/\\\/paca.lpo.fr\\\/blogs\\\/pays-gapencais\\\/files\\\/2024\\\/01\\\/cropped-rvb-lpo-paca-logotype-signature-droite-mini-500.jpg\",\"contentUrl\":\"https:\\\/\\\/paca.lpo.fr\\\/blogs\\\/pays-gapencais\\\/files\\\/2024\\\/01\\\/cropped-rvb-lpo-paca-logotype-signature-droite-mini-500.jpg\",\"width\":500,\"height\":210,\"caption\":\"Groupe local Pays Gapen\u00e7ais\"},\"image\":{\"@id\":\"https:\\\/\\\/paca.lpo.fr\\\/blogs\\\/pays-gapencais\\\/#\\\/schema\\\/logo\\\/image\\\/\"}},{\"@type\":\"Person\",\"@id\":\"https:\\\/\\\/paca.lpo.fr\\\/blogs\\\/pays-gapencais\\\/#\\\/schema\\\/person\\\/f4701c21e2e412e301d69ea575732a07\",\"name\":\"LPOPACA\",\"image\":{\"@type\":\"ImageObject\",\"inLanguage\":\"fr-FR\",\"@id\":\"https:\\\/\\\/secure.gravatar.com\\\/avatar\\\/61b4fe4aeb906264475360b018582a8a825394c21df85ee757345c68c15ddd14?s=96&d=mm&r=g\",\"url\":\"https:\\\/\\\/secure.gravatar.com\\\/avatar\\\/61b4fe4aeb906264475360b018582a8a825394c21df85ee757345c68c15ddd14?s=96&d=mm&r=g\",\"contentUrl\":\"https:\\\/\\\/secure.gravatar.com\\\/avatar\\\/61b4fe4aeb906264475360b018582a8a825394c21df85ee757345c68c15ddd14?s=96&d=mm&r=g\",\"caption\":\"LPOPACA\"},\"url\":\"https:\\\/\\\/paca.lpo.fr\\\/blogs\\\/pays-gapencais\\\/author\\\/lpopaca\\\/\"}]}<\/script>\n<!-- \/ Yoast SEO plugin. -->","yoast_head_json":{"title":"Les Circa\u00e8tes Jean-le-Blanc du gapen\u00e7ais  - Groupe local Pays Gapen\u00e7ais","robots":{"index":"index","follow":"follow","max-snippet":"max-snippet:-1","max-image-preview":"max-image-preview:large","max-video-preview":"max-video-preview:-1"},"canonical":"https:\/\/paca.lpo.fr\/blogs\/pays-gapencais\/2011\/02\/26\/les-circaetes-jean-le-blanc-du-gapencais\/","og_locale":"fr_FR","og_type":"article","og_title":"Les Circa\u00e8tes Jean-le-Blanc du gapen\u00e7ais  - Groupe local Pays Gapen\u00e7ais","og_description":"Nous \u00e9tions 35 \u00e0 \u00e9couter R\u00e9mi Brugot nous pr\u00e9senter son diaporama sur le Circa\u00e8te Jean-le-Blanc. De belles photos prises par R\u00e9mi qui, patiemment, passe des journ\u00e9es enti\u00e8res en aff\u00fbt, du matin encore \u00e0 la nuit jusqu&rsquo;au soir toujours \u00e0 la nuit pour ne pas d\u00e9ranger les couples de Circa\u00e8tes tout occup\u00e9s \u00e0 la reproduction de [&hellip;]","og_url":"https:\/\/paca.lpo.fr\/blogs\/pays-gapencais\/2011\/02\/26\/les-circaetes-jean-le-blanc-du-gapencais\/","og_site_name":"Groupe local Pays Gapen\u00e7ais","article_published_time":"2011-02-26T12:40:51+00:00","article_modified_time":"2012-06-29T13:29:13+00:00","og_image":[{"url":"http:\/\/paca.lpo.fr\/media\/k2\/items\/cache\/dc9e231f652301f80ea8e901bd9ec18a_XL.jpg","type":"","width":"","height":""}],"author":"LPOPACA","twitter_card":"summary_large_image","twitter_misc":{"\u00c9crit par":"LPOPACA","Dur\u00e9e de lecture estim\u00e9e":"2 minutes"},"schema":{"@context":"https:\/\/schema.org","@graph":[{"@type":"Article","@id":"https:\/\/paca.lpo.fr\/blogs\/pays-gapencais\/2011\/02\/26\/les-circaetes-jean-le-blanc-du-gapencais\/#article","isPartOf":{"@id":"https:\/\/paca.lpo.fr\/blogs\/pays-gapencais\/2011\/02\/26\/les-circaetes-jean-le-blanc-du-gapencais\/"},"author":{"name":"LPOPACA","@id":"https:\/\/paca.lpo.fr\/blogs\/pays-gapencais\/#\/schema\/person\/f4701c21e2e412e301d69ea575732a07"},"headline":"Les Circa\u00e8tes Jean-le-Blanc du gapen\u00e7ais","datePublished":"2011-02-26T12:40:51+00:00","dateModified":"2012-06-29T13:29:13+00:00","mainEntityOfPage":{"@id":"https:\/\/paca.lpo.fr\/blogs\/pays-gapencais\/2011\/02\/26\/les-circaetes-jean-le-blanc-du-gapencais\/"},"wordCount":341,"commentCount":0,"publisher":{"@id":"https:\/\/paca.lpo.fr\/blogs\/pays-gapencais\/#organization"},"image":{"@id":"https:\/\/paca.lpo.fr\/blogs\/pays-gapencais\/2011\/02\/26\/les-circaetes-jean-le-blanc-du-gapencais\/#primaryimage"},"thumbnailUrl":"http:\/\/paca.lpo.fr\/media\/k2\/items\/cache\/dc9e231f652301f80ea8e901bd9ec18a_XL.jpg","keywords":["Circa\u00e8te","comptage","gap","Gapen\u00e7ais","HautesAlpes","JeanleBlanc"],"inLanguage":"fr-FR","potentialAction":[{"@type":"CommentAction","name":"Comment","target":["https:\/\/paca.lpo.fr\/blogs\/pays-gapencais\/2011\/02\/26\/les-circaetes-jean-le-blanc-du-gapencais\/#respond"]}]},{"@type":"WebPage","@id":"https:\/\/paca.lpo.fr\/blogs\/pays-gapencais\/2011\/02\/26\/les-circaetes-jean-le-blanc-du-gapencais\/","url":"https:\/\/paca.lpo.fr\/blogs\/pays-gapencais\/2011\/02\/26\/les-circaetes-jean-le-blanc-du-gapencais\/","name":"Les Circa\u00e8tes Jean-le-Blanc du gapen\u00e7ais - Groupe local Pays Gapen\u00e7ais","isPartOf":{"@id":"https:\/\/paca.lpo.fr\/blogs\/pays-gapencais\/#website"},"primaryImageOfPage":{"@id":"https:\/\/paca.lpo.fr\/blogs\/pays-gapencais\/2011\/02\/26\/les-circaetes-jean-le-blanc-du-gapencais\/#primaryimage"},"image":{"@id":"https:\/\/paca.lpo.fr\/blogs\/pays-gapencais\/2011\/02\/26\/les-circaetes-jean-le-blanc-du-gapencais\/#primaryimage"},"thumbnailUrl":"http:\/\/paca.lpo.fr\/media\/k2\/items\/cache\/dc9e231f652301f80ea8e901bd9ec18a_XL.jpg","datePublished":"2011-02-26T12:40:51+00:00","dateModified":"2012-06-29T13:29:13+00:00","breadcrumb":{"@id":"https:\/\/paca.lpo.fr\/blogs\/pays-gapencais\/2011\/02\/26\/les-circaetes-jean-le-blanc-du-gapencais\/#breadcrumb"},"inLanguage":"fr-FR","potentialAction":[{"@type":"ReadAction","target":["https:\/\/paca.lpo.fr\/blogs\/pays-gapencais\/2011\/02\/26\/les-circaetes-jean-le-blanc-du-gapencais\/"]}]},{"@type":"ImageObject","inLanguage":"fr-FR","@id":"https:\/\/paca.lpo.fr\/blogs\/pays-gapencais\/2011\/02\/26\/les-circaetes-jean-le-blanc-du-gapencais\/#primaryimage","url":"http:\/\/paca.lpo.fr\/media\/k2\/items\/cache\/dc9e231f652301f80ea8e901bd9ec18a_XL.jpg","contentUrl":"http:\/\/paca.lpo.fr\/media\/k2\/items\/cache\/dc9e231f652301f80ea8e901bd9ec18a_XL.jpg"},{"@type":"BreadcrumbList","@id":"https:\/\/paca.lpo.fr\/blogs\/pays-gapencais\/2011\/02\/26\/les-circaetes-jean-le-blanc-du-gapencais\/#breadcrumb","itemListElement":[{"@type":"ListItem","position":1,"name":"Accueil","item":"https:\/\/paca.lpo.fr\/blogs\/pays-gapencais\/"},{"@type":"ListItem","position":2,"name":"Les Circa\u00e8tes Jean-le-Blanc du gapen\u00e7ais"}]},{"@type":"WebSite","@id":"https:\/\/paca.lpo.fr\/blogs\/pays-gapencais\/#website","url":"https:\/\/paca.lpo.fr\/blogs\/pays-gapencais\/","name":"Groupe local Pays Gapen\u00e7ais","description":"Groupe local Pays Gapen\u00e7ais","publisher":{"@id":"https:\/\/paca.lpo.fr\/blogs\/pays-gapencais\/#organization"},"potentialAction":[{"@type":"SearchAction","target":{"@type":"EntryPoint","urlTemplate":"https:\/\/paca.lpo.fr\/blogs\/pays-gapencais\/?s={search_term_string}"},"query-input":{"@type":"PropertyValueSpecification","valueRequired":true,"valueName":"search_term_string"}}],"inLanguage":"fr-FR"},{"@type":"Organization","@id":"https:\/\/paca.lpo.fr\/blogs\/pays-gapencais\/#organization","name":"Groupe local Pays Gapen\u00e7ais","url":"https:\/\/paca.lpo.fr\/blogs\/pays-gapencais\/","logo":{"@type":"ImageObject","inLanguage":"fr-FR","@id":"https:\/\/paca.lpo.fr\/blogs\/pays-gapencais\/#\/schema\/logo\/image\/","url":"https:\/\/paca.lpo.fr\/blogs\/pays-gapencais\/files\/2024\/01\/cropped-rvb-lpo-paca-logotype-signature-droite-mini-500.jpg","contentUrl":"https:\/\/paca.lpo.fr\/blogs\/pays-gapencais\/files\/2024\/01\/cropped-rvb-lpo-paca-logotype-signature-droite-mini-500.jpg","width":500,"height":210,"caption":"Groupe local Pays Gapen\u00e7ais"},"image":{"@id":"https:\/\/paca.lpo.fr\/blogs\/pays-gapencais\/#\/schema\/logo\/image\/"}},{"@type":"Person","@id":"https:\/\/paca.lpo.fr\/blogs\/pays-gapencais\/#\/schema\/person\/f4701c21e2e412e301d69ea575732a07","name":"LPOPACA","image":{"@type":"ImageObject","inLanguage":"fr-FR","@id":"https:\/\/secure.gravatar.com\/avatar\/61b4fe4aeb906264475360b018582a8a825394c21df85ee757345c68c15ddd14?s=96&d=mm&r=g","url":"https:\/\/secure.gravatar.com\/avatar\/61b4fe4aeb906264475360b018582a8a825394c21df85ee757345c68c15ddd14?s=96&d=mm&r=g","contentUrl":"https:\/\/secure.gravatar.com\/avatar\/61b4fe4aeb906264475360b018582a8a825394c21df85ee757345c68c15ddd14?s=96&d=mm&r=g","caption":"LPOPACA"},"url":"https:\/\/paca.lpo.fr\/blogs\/pays-gapencais\/author\/lpopaca\/"}]}},"jetpack_featured_media_url":"","_links":{"self":[{"href":"https:\/\/paca.lpo.fr\/blogs\/pays-gapencais\/wp-json\/wp\/v2\/posts\/56","targetHints":{"allow":["GET"]}}],"collection":[{"href":"https:\/\/paca.lpo.fr\/blogs\/pays-gapencais\/wp-json\/wp\/v2\/posts"}],"about":[{"href":"https:\/\/paca.lpo.fr\/blogs\/pays-gapencais\/wp-json\/wp\/v2\/types\/post"}],"author":[{"embeddable":true,"href":"https:\/\/paca.lpo.fr\/blogs\/pays-gapencais\/wp-json\/wp\/v2\/users\/1"}],"replies":[{"embeddable":true,"href":"https:\/\/paca.lpo.fr\/blogs\/pays-gapencais\/wp-json\/wp\/v2\/comments?post=56"}],"version-history":[{"count":2,"href":"https:\/\/paca.lpo.fr\/blogs\/pays-gapencais\/wp-json\/wp\/v2\/posts\/56\/revisions"}],"predecessor-version":[{"id":58,"href":"https:\/\/paca.lpo.fr\/blogs\/pays-gapencais\/wp-json\/wp\/v2\/posts\/56\/revisions\/58"}],"wp:attachment":[{"href":"https:\/\/paca.lpo.fr\/blogs\/pays-gapencais\/wp-json\/wp\/v2\/media?parent=56"}],"wp:term":[{"taxonomy":"category","embeddable":true,"href":"https:\/\/paca.lpo.fr\/blogs\/pays-gapencais\/wp-json\/wp\/v2\/categories?post=56"},{"taxonomy":"post_tag","embeddable":true,"href":"https:\/\/paca.lpo.fr\/blogs\/pays-gapencais\/wp-json\/wp\/v2\/tags?post=56"}],"curies":[{"name":"wp","href":"https:\/\/api.w.org\/{rel}","templated":true}]}}