{"id":62,"date":"2011-04-05T07:50:12","date_gmt":"2011-04-05T07:50:12","guid":{"rendered":"http:\/\/paca.lpo.fr\/blogs\/pays-gapencais\/?p=62"},"modified":"2012-06-29T13:33:39","modified_gmt":"2012-06-29T13:33:39","slug":"st-etienne-le-laus-observation-des-circaetes-jean-le-blanc","status":"publish","type":"post","link":"https:\/\/paca.lpo.fr\/blogs\/pays-gapencais\/2011\/04\/05\/st-etienne-le-laus-observation-des-circaetes-jean-le-blanc\/","title":{"rendered":"St Etienne-le-Laus : Observation des Circa\u00e8tes Jean-le-Blanc"},"content":{"rendered":"<figure style=\"width: 450px\" class=\"wp-caption alignnone\"><img loading=\"lazy\" decoding=\"async\" src=\"http:\/\/paca.lpo.fr\/media\/k2\/items\/cache\/53bed31cb74891ae64a31e4c592ef86d_L.jpg\" alt=\"\" width=\"450\" height=\"338\" \/><figcaption class=\"wp-caption-text\">En pleine action\u00a0\u00a0\u00a0\u00a0\u00a0\u00a0\u00a0\u00a0\u00a0\u00a0\u00a0\u00a0\u00a0\u00a0\u00a0\u00a0\u00a0\u00a0\u00a0\u00a0\u00a0\u00a0\u00a0\u00a0\u00a0\u00a0\u00a0\u00a0\u00a0\u00a0\u00a0\u00a0\u00a0\u00a0\u00a0\u00a0\u00a0\u00a0\u00a0\u00a0\u00a0\u00a0\u00a0\u00a0\u00a0\u00a0\u00a0\u00a0\u00a0\u00a0\u00a0\u00a0\u00a0\u00a0\u00a0\u00a0\u00a0\u00a0\u00a0\u00a0\u00a0\u00a0\u00a0\u00a0\u00a0\u00a0\u00a0\u00a0\u00a0\u00a0\u00a0\u00a0\u00a0\u00a0\u00a0\u00a0\u00a0\u00a0\u00a0\u00a0\u00a0\u00a0\u00a0\u00a0\u00a0\u00a0\u00a0\u00a0\u00a0\u00a0\u00a0\u00a0\u00a0\u00a0\u00a0 LN<\/figcaption><\/figure>\n<p>4 avril 2011 &#8211; Nous \u00e9tions cinq \u00e0 avoir r\u00e9pondu au rendez-vous donn\u00e9 par R\u00e9mi. Deux Circa\u00e8tes sont bien venus \u00e0 ce rendez-vous, mais seulement pour chasser. Pour cette soir\u00e9e, un peu frisquette, pas de construction d&rsquo;aire en cours.<\/p>\n<p>De son cot\u00e9, Eliane nous a transmis :<\/p>\n<p>\u00ab\u00a0Le suspens continue \u00e0 Sigoyer !<\/p>\n<p>Tout semblait bien se passer : premier circa sur un pin de 18h \u00e0 18h30. Le deuxi\u00e8me arrive, beau vol en duo&#8230; jusqu&rsquo;\u00e0 ce qu&rsquo;un troisi\u00e8me individu s&rsquo;invite au bal !<\/p>\n<p>De ce fait, je ne sais pas si la seule tentative de rapprochement sur un pin \u00e9tait une intimidation, une chasse ou un essai d&rsquo;accouplement !<\/p>\n<p>A 20h, 2 circa \u00e9taient bien install\u00e9s pour la nuit, tr\u00e8s loin l&rsquo;un de l&rsquo;autre mais tr\u00e8s visibles de mon poste. Je n&rsquo;ai pas retrouv\u00e9 le 3\u00e8me.\u00a0\u00bb<\/p>\n<p>LN<\/p>\n","protected":false},"excerpt":{"rendered":"<p>4 avril 2011 &#8211; Nous \u00e9tions cinq \u00e0 avoir r\u00e9pondu au rendez-vous donn\u00e9 par R\u00e9mi. Deux Circa\u00e8tes sont bien venus \u00e0 ce rendez-vous, mais seulement pour chasser. Pour cette soir\u00e9e, un peu frisquette, pas de construction d&rsquo;aire en cours. De son cot\u00e9, Eliane nous a transmis : \u00ab\u00a0Le suspens continue \u00e0 Sigoyer ! Tout semblait [&hellip;]<\/p>\n","protected":false},"author":1,"featured_media":0,"comment_status":"open","ping_status":"open","sticky":false,"template":"","format":"standard","meta":{"footnotes":""},"categories":[1],"tags":[],"class_list":["post-62","post","type-post","status-publish","format-standard","hentry","category-non-classe"],"yoast_head":"<!-- This site is optimized with the Yoast SEO plugin v28.3 - https:\/\/yoast.com\/product\/yoast-seo-wordpress\/ -->\n<title>St Etienne-le-Laus : Observation des Circa\u00e8tes Jean-le-Blanc  - Groupe local Pays Gapen\u00e7ais<\/title>\n<meta name=\"robots\" content=\"index, follow, max-snippet:-1, max-image-preview:large, max-video-preview:-1\" \/>\n<link rel=\"canonical\" href=\"http:\/\/paca.lpo.fr\/blogs\/pays-gapencais\/2011\/04\/05\/st-etienne-le-laus-observation-des-circaetes-jean-le-blanc\/\" \/>\n<meta property=\"og:locale\" content=\"fr_FR\" \/>\n<meta property=\"og:type\" content=\"article\" \/>\n<meta property=\"og:title\" content=\"St Etienne-le-Laus : Observation des Circa\u00e8tes Jean-le-Blanc  - Groupe local Pays Gapen\u00e7ais\" \/>\n<meta property=\"og:description\" content=\"4 avril 2011 &#8211; Nous \u00e9tions cinq \u00e0 avoir r\u00e9pondu au rendez-vous donn\u00e9 par R\u00e9mi. Deux Circa\u00e8tes sont bien venus \u00e0 ce rendez-vous, mais seulement pour chasser. Pour cette soir\u00e9e, un peu frisquette, pas de construction d&rsquo;aire en cours. De son cot\u00e9, Eliane nous a transmis : \u00ab\u00a0Le suspens continue \u00e0 Sigoyer ! Tout semblait [&hellip;]\" \/>\n<meta property=\"og:url\" content=\"http:\/\/paca.lpo.fr\/blogs\/pays-gapencais\/2011\/04\/05\/st-etienne-le-laus-observation-des-circaetes-jean-le-blanc\/\" \/>\n<meta property=\"og:site_name\" content=\"Groupe local Pays Gapen\u00e7ais\" \/>\n<meta property=\"article:published_time\" content=\"2011-04-05T07:50:12+00:00\" \/>\n<meta property=\"article:modified_time\" content=\"2012-06-29T13:33:39+00:00\" \/>\n<meta property=\"og:image\" content=\"http:\/\/paca.lpo.fr\/media\/k2\/items\/cache\/53bed31cb74891ae64a31e4c592ef86d_L.jpg\" \/>\n<meta name=\"author\" content=\"LPOPACA\" \/>\n<meta name=\"twitter:card\" content=\"summary_large_image\" \/>\n<meta name=\"twitter:label1\" content=\"\u00c9crit par\" \/>\n\t<meta name=\"twitter:data1\" content=\"LPOPACA\" \/>\n\t<meta name=\"twitter:label2\" content=\"Dur\u00e9e de lecture estim\u00e9e\" \/>\n\t<meta name=\"twitter:data2\" content=\"1 minute\" \/>\n<script type=\"application\/ld+json\" class=\"yoast-schema-graph\">{\"@context\":\"https:\\\/\\\/schema.org\",\"@graph\":[{\"@type\":\"Article\",\"@id\":\"http:\\\/\\\/paca.lpo.fr\\\/blogs\\\/pays-gapencais\\\/2011\\\/04\\\/05\\\/st-etienne-le-laus-observation-des-circaetes-jean-le-blanc\\\/#article\",\"isPartOf\":{\"@id\":\"http:\\\/\\\/paca.lpo.fr\\\/blogs\\\/pays-gapencais\\\/2011\\\/04\\\/05\\\/st-etienne-le-laus-observation-des-circaetes-jean-le-blanc\\\/\"},\"author\":{\"name\":\"LPOPACA\",\"@id\":\"https:\\\/\\\/paca.lpo.fr\\\/blogs\\\/pays-gapencais\\\/#\\\/schema\\\/person\\\/f4701c21e2e412e301d69ea575732a07\"},\"headline\":\"St Etienne-le-Laus : Observation des Circa\u00e8tes Jean-le-Blanc\",\"datePublished\":\"2011-04-05T07:50:12+00:00\",\"dateModified\":\"2012-06-29T13:33:39+00:00\",\"mainEntityOfPage\":{\"@id\":\"http:\\\/\\\/paca.lpo.fr\\\/blogs\\\/pays-gapencais\\\/2011\\\/04\\\/05\\\/st-etienne-le-laus-observation-des-circaetes-jean-le-blanc\\\/\"},\"wordCount\":159,\"commentCount\":0,\"publisher\":{\"@id\":\"https:\\\/\\\/paca.lpo.fr\\\/blogs\\\/pays-gapencais\\\/#organization\"},\"image\":{\"@id\":\"http:\\\/\\\/paca.lpo.fr\\\/blogs\\\/pays-gapencais\\\/2011\\\/04\\\/05\\\/st-etienne-le-laus-observation-des-circaetes-jean-le-blanc\\\/#primaryimage\"},\"thumbnailUrl\":\"http:\\\/\\\/paca.lpo.fr\\\/media\\\/k2\\\/items\\\/cache\\\/53bed31cb74891ae64a31e4c592ef86d_L.jpg\",\"inLanguage\":\"fr-FR\",\"potentialAction\":[{\"@type\":\"CommentAction\",\"name\":\"Comment\",\"target\":[\"http:\\\/\\\/paca.lpo.fr\\\/blogs\\\/pays-gapencais\\\/2011\\\/04\\\/05\\\/st-etienne-le-laus-observation-des-circaetes-jean-le-blanc\\\/#respond\"]}]},{\"@type\":\"WebPage\",\"@id\":\"http:\\\/\\\/paca.lpo.fr\\\/blogs\\\/pays-gapencais\\\/2011\\\/04\\\/05\\\/st-etienne-le-laus-observation-des-circaetes-jean-le-blanc\\\/\",\"url\":\"http:\\\/\\\/paca.lpo.fr\\\/blogs\\\/pays-gapencais\\\/2011\\\/04\\\/05\\\/st-etienne-le-laus-observation-des-circaetes-jean-le-blanc\\\/\",\"name\":\"St Etienne-le-Laus : Observation des Circa\u00e8tes Jean-le-Blanc - Groupe local Pays Gapen\u00e7ais\",\"isPartOf\":{\"@id\":\"https:\\\/\\\/paca.lpo.fr\\\/blogs\\\/pays-gapencais\\\/#website\"},\"primaryImageOfPage\":{\"@id\":\"http:\\\/\\\/paca.lpo.fr\\\/blogs\\\/pays-gapencais\\\/2011\\\/04\\\/05\\\/st-etienne-le-laus-observation-des-circaetes-jean-le-blanc\\\/#primaryimage\"},\"image\":{\"@id\":\"http:\\\/\\\/paca.lpo.fr\\\/blogs\\\/pays-gapencais\\\/2011\\\/04\\\/05\\\/st-etienne-le-laus-observation-des-circaetes-jean-le-blanc\\\/#primaryimage\"},\"thumbnailUrl\":\"http:\\\/\\\/paca.lpo.fr\\\/media\\\/k2\\\/items\\\/cache\\\/53bed31cb74891ae64a31e4c592ef86d_L.jpg\",\"datePublished\":\"2011-04-05T07:50:12+00:00\",\"dateModified\":\"2012-06-29T13:33:39+00:00\",\"breadcrumb\":{\"@id\":\"http:\\\/\\\/paca.lpo.fr\\\/blogs\\\/pays-gapencais\\\/2011\\\/04\\\/05\\\/st-etienne-le-laus-observation-des-circaetes-jean-le-blanc\\\/#breadcrumb\"},\"inLanguage\":\"fr-FR\",\"potentialAction\":[{\"@type\":\"ReadAction\",\"target\":[\"http:\\\/\\\/paca.lpo.fr\\\/blogs\\\/pays-gapencais\\\/2011\\\/04\\\/05\\\/st-etienne-le-laus-observation-des-circaetes-jean-le-blanc\\\/\"]}]},{\"@type\":\"ImageObject\",\"inLanguage\":\"fr-FR\",\"@id\":\"http:\\\/\\\/paca.lpo.fr\\\/blogs\\\/pays-gapencais\\\/2011\\\/04\\\/05\\\/st-etienne-le-laus-observation-des-circaetes-jean-le-blanc\\\/#primaryimage\",\"url\":\"http:\\\/\\\/paca.lpo.fr\\\/media\\\/k2\\\/items\\\/cache\\\/53bed31cb74891ae64a31e4c592ef86d_L.jpg\",\"contentUrl\":\"http:\\\/\\\/paca.lpo.fr\\\/media\\\/k2\\\/items\\\/cache\\\/53bed31cb74891ae64a31e4c592ef86d_L.jpg\"},{\"@type\":\"BreadcrumbList\",\"@id\":\"http:\\\/\\\/paca.lpo.fr\\\/blogs\\\/pays-gapencais\\\/2011\\\/04\\\/05\\\/st-etienne-le-laus-observation-des-circaetes-jean-le-blanc\\\/#breadcrumb\",\"itemListElement\":[{\"@type\":\"ListItem\",\"position\":1,\"name\":\"Accueil\",\"item\":\"https:\\\/\\\/paca.lpo.fr\\\/blogs\\\/pays-gapencais\\\/\"},{\"@type\":\"ListItem\",\"position\":2,\"name\":\"St Etienne-le-Laus : Observation des Circa\u00e8tes Jean-le-Blanc\"}]},{\"@type\":\"WebSite\",\"@id\":\"https:\\\/\\\/paca.lpo.fr\\\/blogs\\\/pays-gapencais\\\/#website\",\"url\":\"https:\\\/\\\/paca.lpo.fr\\\/blogs\\\/pays-gapencais\\\/\",\"name\":\"Groupe local Pays Gapen\u00e7ais\",\"description\":\"Groupe local Pays Gapen\u00e7ais\",\"publisher\":{\"@id\":\"https:\\\/\\\/paca.lpo.fr\\\/blogs\\\/pays-gapencais\\\/#organization\"},\"potentialAction\":[{\"@type\":\"SearchAction\",\"target\":{\"@type\":\"EntryPoint\",\"urlTemplate\":\"https:\\\/\\\/paca.lpo.fr\\\/blogs\\\/pays-gapencais\\\/?s={search_term_string}\"},\"query-input\":{\"@type\":\"PropertyValueSpecification\",\"valueRequired\":true,\"valueName\":\"search_term_string\"}}],\"inLanguage\":\"fr-FR\"},{\"@type\":\"Organization\",\"@id\":\"https:\\\/\\\/paca.lpo.fr\\\/blogs\\\/pays-gapencais\\\/#organization\",\"name\":\"Groupe local Pays Gapen\u00e7ais\",\"url\":\"https:\\\/\\\/paca.lpo.fr\\\/blogs\\\/pays-gapencais\\\/\",\"logo\":{\"@type\":\"ImageObject\",\"inLanguage\":\"fr-FR\",\"@id\":\"https:\\\/\\\/paca.lpo.fr\\\/blogs\\\/pays-gapencais\\\/#\\\/schema\\\/logo\\\/image\\\/\",\"url\":\"https:\\\/\\\/paca.lpo.fr\\\/blogs\\\/pays-gapencais\\\/files\\\/2024\\\/01\\\/cropped-rvb-lpo-paca-logotype-signature-droite-mini-500.jpg\",\"contentUrl\":\"https:\\\/\\\/paca.lpo.fr\\\/blogs\\\/pays-gapencais\\\/files\\\/2024\\\/01\\\/cropped-rvb-lpo-paca-logotype-signature-droite-mini-500.jpg\",\"width\":500,\"height\":210,\"caption\":\"Groupe local Pays Gapen\u00e7ais\"},\"image\":{\"@id\":\"https:\\\/\\\/paca.lpo.fr\\\/blogs\\\/pays-gapencais\\\/#\\\/schema\\\/logo\\\/image\\\/\"}},{\"@type\":\"Person\",\"@id\":\"https:\\\/\\\/paca.lpo.fr\\\/blogs\\\/pays-gapencais\\\/#\\\/schema\\\/person\\\/f4701c21e2e412e301d69ea575732a07\",\"name\":\"LPOPACA\",\"image\":{\"@type\":\"ImageObject\",\"inLanguage\":\"fr-FR\",\"@id\":\"https:\\\/\\\/secure.gravatar.com\\\/avatar\\\/61b4fe4aeb906264475360b018582a8a825394c21df85ee757345c68c15ddd14?s=96&d=mm&r=g\",\"url\":\"https:\\\/\\\/secure.gravatar.com\\\/avatar\\\/61b4fe4aeb906264475360b018582a8a825394c21df85ee757345c68c15ddd14?s=96&d=mm&r=g\",\"contentUrl\":\"https:\\\/\\\/secure.gravatar.com\\\/avatar\\\/61b4fe4aeb906264475360b018582a8a825394c21df85ee757345c68c15ddd14?s=96&d=mm&r=g\",\"caption\":\"LPOPACA\"},\"url\":\"https:\\\/\\\/paca.lpo.fr\\\/blogs\\\/pays-gapencais\\\/author\\\/lpopaca\\\/\"}]}<\/script>\n<!-- \/ Yoast SEO plugin. -->","yoast_head_json":{"title":"St Etienne-le-Laus : Observation des Circa\u00e8tes Jean-le-Blanc  - Groupe local Pays Gapen\u00e7ais","robots":{"index":"index","follow":"follow","max-snippet":"max-snippet:-1","max-image-preview":"max-image-preview:large","max-video-preview":"max-video-preview:-1"},"canonical":"http:\/\/paca.lpo.fr\/blogs\/pays-gapencais\/2011\/04\/05\/st-etienne-le-laus-observation-des-circaetes-jean-le-blanc\/","og_locale":"fr_FR","og_type":"article","og_title":"St Etienne-le-Laus : Observation des Circa\u00e8tes Jean-le-Blanc  - Groupe local Pays Gapen\u00e7ais","og_description":"4 avril 2011 &#8211; Nous \u00e9tions cinq \u00e0 avoir r\u00e9pondu au rendez-vous donn\u00e9 par R\u00e9mi. Deux Circa\u00e8tes sont bien venus \u00e0 ce rendez-vous, mais seulement pour chasser. Pour cette soir\u00e9e, un peu frisquette, pas de construction d&rsquo;aire en cours. De son cot\u00e9, Eliane nous a transmis : \u00ab\u00a0Le suspens continue \u00e0 Sigoyer ! Tout semblait [&hellip;]","og_url":"http:\/\/paca.lpo.fr\/blogs\/pays-gapencais\/2011\/04\/05\/st-etienne-le-laus-observation-des-circaetes-jean-le-blanc\/","og_site_name":"Groupe local Pays Gapen\u00e7ais","article_published_time":"2011-04-05T07:50:12+00:00","article_modified_time":"2012-06-29T13:33:39+00:00","og_image":[{"url":"http:\/\/paca.lpo.fr\/media\/k2\/items\/cache\/53bed31cb74891ae64a31e4c592ef86d_L.jpg","type":"","width":"","height":""}],"author":"LPOPACA","twitter_card":"summary_large_image","twitter_misc":{"\u00c9crit par":"LPOPACA","Dur\u00e9e de lecture estim\u00e9e":"1 minute"},"schema":{"@context":"https:\/\/schema.org","@graph":[{"@type":"Article","@id":"http:\/\/paca.lpo.fr\/blogs\/pays-gapencais\/2011\/04\/05\/st-etienne-le-laus-observation-des-circaetes-jean-le-blanc\/#article","isPartOf":{"@id":"http:\/\/paca.lpo.fr\/blogs\/pays-gapencais\/2011\/04\/05\/st-etienne-le-laus-observation-des-circaetes-jean-le-blanc\/"},"author":{"name":"LPOPACA","@id":"https:\/\/paca.lpo.fr\/blogs\/pays-gapencais\/#\/schema\/person\/f4701c21e2e412e301d69ea575732a07"},"headline":"St Etienne-le-Laus : Observation des Circa\u00e8tes Jean-le-Blanc","datePublished":"2011-04-05T07:50:12+00:00","dateModified":"2012-06-29T13:33:39+00:00","mainEntityOfPage":{"@id":"http:\/\/paca.lpo.fr\/blogs\/pays-gapencais\/2011\/04\/05\/st-etienne-le-laus-observation-des-circaetes-jean-le-blanc\/"},"wordCount":159,"commentCount":0,"publisher":{"@id":"https:\/\/paca.lpo.fr\/blogs\/pays-gapencais\/#organization"},"image":{"@id":"http:\/\/paca.lpo.fr\/blogs\/pays-gapencais\/2011\/04\/05\/st-etienne-le-laus-observation-des-circaetes-jean-le-blanc\/#primaryimage"},"thumbnailUrl":"http:\/\/paca.lpo.fr\/media\/k2\/items\/cache\/53bed31cb74891ae64a31e4c592ef86d_L.jpg","inLanguage":"fr-FR","potentialAction":[{"@type":"CommentAction","name":"Comment","target":["http:\/\/paca.lpo.fr\/blogs\/pays-gapencais\/2011\/04\/05\/st-etienne-le-laus-observation-des-circaetes-jean-le-blanc\/#respond"]}]},{"@type":"WebPage","@id":"http:\/\/paca.lpo.fr\/blogs\/pays-gapencais\/2011\/04\/05\/st-etienne-le-laus-observation-des-circaetes-jean-le-blanc\/","url":"http:\/\/paca.lpo.fr\/blogs\/pays-gapencais\/2011\/04\/05\/st-etienne-le-laus-observation-des-circaetes-jean-le-blanc\/","name":"St Etienne-le-Laus : Observation des Circa\u00e8tes Jean-le-Blanc - Groupe local Pays Gapen\u00e7ais","isPartOf":{"@id":"https:\/\/paca.lpo.fr\/blogs\/pays-gapencais\/#website"},"primaryImageOfPage":{"@id":"http:\/\/paca.lpo.fr\/blogs\/pays-gapencais\/2011\/04\/05\/st-etienne-le-laus-observation-des-circaetes-jean-le-blanc\/#primaryimage"},"image":{"@id":"http:\/\/paca.lpo.fr\/blogs\/pays-gapencais\/2011\/04\/05\/st-etienne-le-laus-observation-des-circaetes-jean-le-blanc\/#primaryimage"},"thumbnailUrl":"http:\/\/paca.lpo.fr\/media\/k2\/items\/cache\/53bed31cb74891ae64a31e4c592ef86d_L.jpg","datePublished":"2011-04-05T07:50:12+00:00","dateModified":"2012-06-29T13:33:39+00:00","breadcrumb":{"@id":"http:\/\/paca.lpo.fr\/blogs\/pays-gapencais\/2011\/04\/05\/st-etienne-le-laus-observation-des-circaetes-jean-le-blanc\/#breadcrumb"},"inLanguage":"fr-FR","potentialAction":[{"@type":"ReadAction","target":["http:\/\/paca.lpo.fr\/blogs\/pays-gapencais\/2011\/04\/05\/st-etienne-le-laus-observation-des-circaetes-jean-le-blanc\/"]}]},{"@type":"ImageObject","inLanguage":"fr-FR","@id":"http:\/\/paca.lpo.fr\/blogs\/pays-gapencais\/2011\/04\/05\/st-etienne-le-laus-observation-des-circaetes-jean-le-blanc\/#primaryimage","url":"http:\/\/paca.lpo.fr\/media\/k2\/items\/cache\/53bed31cb74891ae64a31e4c592ef86d_L.jpg","contentUrl":"http:\/\/paca.lpo.fr\/media\/k2\/items\/cache\/53bed31cb74891ae64a31e4c592ef86d_L.jpg"},{"@type":"BreadcrumbList","@id":"http:\/\/paca.lpo.fr\/blogs\/pays-gapencais\/2011\/04\/05\/st-etienne-le-laus-observation-des-circaetes-jean-le-blanc\/#breadcrumb","itemListElement":[{"@type":"ListItem","position":1,"name":"Accueil","item":"https:\/\/paca.lpo.fr\/blogs\/pays-gapencais\/"},{"@type":"ListItem","position":2,"name":"St Etienne-le-Laus : Observation des Circa\u00e8tes Jean-le-Blanc"}]},{"@type":"WebSite","@id":"https:\/\/paca.lpo.fr\/blogs\/pays-gapencais\/#website","url":"https:\/\/paca.lpo.fr\/blogs\/pays-gapencais\/","name":"Groupe local Pays Gapen\u00e7ais","description":"Groupe local Pays Gapen\u00e7ais","publisher":{"@id":"https:\/\/paca.lpo.fr\/blogs\/pays-gapencais\/#organization"},"potentialAction":[{"@type":"SearchAction","target":{"@type":"EntryPoint","urlTemplate":"https:\/\/paca.lpo.fr\/blogs\/pays-gapencais\/?s={search_term_string}"},"query-input":{"@type":"PropertyValueSpecification","valueRequired":true,"valueName":"search_term_string"}}],"inLanguage":"fr-FR"},{"@type":"Organization","@id":"https:\/\/paca.lpo.fr\/blogs\/pays-gapencais\/#organization","name":"Groupe local Pays Gapen\u00e7ais","url":"https:\/\/paca.lpo.fr\/blogs\/pays-gapencais\/","logo":{"@type":"ImageObject","inLanguage":"fr-FR","@id":"https:\/\/paca.lpo.fr\/blogs\/pays-gapencais\/#\/schema\/logo\/image\/","url":"https:\/\/paca.lpo.fr\/blogs\/pays-gapencais\/files\/2024\/01\/cropped-rvb-lpo-paca-logotype-signature-droite-mini-500.jpg","contentUrl":"https:\/\/paca.lpo.fr\/blogs\/pays-gapencais\/files\/2024\/01\/cropped-rvb-lpo-paca-logotype-signature-droite-mini-500.jpg","width":500,"height":210,"caption":"Groupe local Pays Gapen\u00e7ais"},"image":{"@id":"https:\/\/paca.lpo.fr\/blogs\/pays-gapencais\/#\/schema\/logo\/image\/"}},{"@type":"Person","@id":"https:\/\/paca.lpo.fr\/blogs\/pays-gapencais\/#\/schema\/person\/f4701c21e2e412e301d69ea575732a07","name":"LPOPACA","image":{"@type":"ImageObject","inLanguage":"fr-FR","@id":"https:\/\/secure.gravatar.com\/avatar\/61b4fe4aeb906264475360b018582a8a825394c21df85ee757345c68c15ddd14?s=96&d=mm&r=g","url":"https:\/\/secure.gravatar.com\/avatar\/61b4fe4aeb906264475360b018582a8a825394c21df85ee757345c68c15ddd14?s=96&d=mm&r=g","contentUrl":"https:\/\/secure.gravatar.com\/avatar\/61b4fe4aeb906264475360b018582a8a825394c21df85ee757345c68c15ddd14?s=96&d=mm&r=g","caption":"LPOPACA"},"url":"https:\/\/paca.lpo.fr\/blogs\/pays-gapencais\/author\/lpopaca\/"}]}},"jetpack_featured_media_url":"","_links":{"self":[{"href":"https:\/\/paca.lpo.fr\/blogs\/pays-gapencais\/wp-json\/wp\/v2\/posts\/62","targetHints":{"allow":["GET"]}}],"collection":[{"href":"https:\/\/paca.lpo.fr\/blogs\/pays-gapencais\/wp-json\/wp\/v2\/posts"}],"about":[{"href":"https:\/\/paca.lpo.fr\/blogs\/pays-gapencais\/wp-json\/wp\/v2\/types\/post"}],"author":[{"embeddable":true,"href":"https:\/\/paca.lpo.fr\/blogs\/pays-gapencais\/wp-json\/wp\/v2\/users\/1"}],"replies":[{"embeddable":true,"href":"https:\/\/paca.lpo.fr\/blogs\/pays-gapencais\/wp-json\/wp\/v2\/comments?post=62"}],"version-history":[{"count":2,"href":"https:\/\/paca.lpo.fr\/blogs\/pays-gapencais\/wp-json\/wp\/v2\/posts\/62\/revisions"}],"predecessor-version":[{"id":64,"href":"https:\/\/paca.lpo.fr\/blogs\/pays-gapencais\/wp-json\/wp\/v2\/posts\/62\/revisions\/64"}],"wp:attachment":[{"href":"https:\/\/paca.lpo.fr\/blogs\/pays-gapencais\/wp-json\/wp\/v2\/media?parent=62"}],"wp:term":[{"taxonomy":"category","embeddable":true,"href":"https:\/\/paca.lpo.fr\/blogs\/pays-gapencais\/wp-json\/wp\/v2\/categories?post=62"},{"taxonomy":"post_tag","embeddable":true,"href":"https:\/\/paca.lpo.fr\/blogs\/pays-gapencais\/wp-json\/wp\/v2\/tags?post=62"}],"curies":[{"name":"wp","href":"https:\/\/api.w.org\/{rel}","templated":true}]}}