{"id":65,"date":"2011-04-05T20:30:44","date_gmt":"2011-04-05T20:30:44","guid":{"rendered":"http:\/\/paca.lpo.fr\/blogs\/pays-gapencais\/?p=65"},"modified":"2012-06-29T13:36:03","modified_gmt":"2012-06-29T13:36:03","slug":"la-batie-neuve-observation-des-circaetes-jean-le-blanc","status":"publish","type":"post","link":"https:\/\/paca.lpo.fr\/blogs\/pays-gapencais\/2011\/04\/05\/la-batie-neuve-observation-des-circaetes-jean-le-blanc\/","title":{"rendered":"La B\u00e2tie-Neuve : Observation des Circa\u00e8tes Jean-le-Blanc"},"content":{"rendered":"<figure style=\"width: 450px\" class=\"wp-caption alignnone\"><img loading=\"lazy\" decoding=\"async\" src=\"http:\/\/paca.lpo.fr\/media\/k2\/items\/cache\/7293a47c0f4cdddd46ff10bcf3d23287_L.jpg\" alt=\"\" width=\"450\" height=\"338\" \/><figcaption class=\"wp-caption-text\">Observation \u00e0 La B\u00e2tie-Neuve\u00a0\u00a0\u00a0\u00a0\u00a0\u00a0\u00a0\u00a0\u00a0\u00a0\u00a0\u00a0\u00a0\u00a0\u00a0\u00a0\u00a0\u00a0\u00a0\u00a0\u00a0\u00a0\u00a0\u00a0\u00a0\u00a0\u00a0\u00a0\u00a0\u00a0\u00a0\u00a0\u00a0\u00a0\u00a0\u00a0\u00a0\u00a0\u00a0\u00a0\u00a0\u00a0\u00a0\u00a0\u00a0\u00a0\u00a0\u00a0\u00a0\u00a0\u00a0\u00a0\u00a0\u00a0\u00a0\u00a0\u00a0\u00a0\u00a0\u00a0\u00a0\u00a0\u00a0\u00a0\u00a0\u00a0\u00a0\u00a0\u00a0\u00a0\u00a0 LN<\/figcaption><\/figure>\n<p>5 avril 2011 &#8211; Ce soir, le programme \u00e9tait \u00ab\u00a0Le Vallon du Sapet\u00a0\u00bb. Nous \u00e9tions 6 \u00e0 r\u00e9pondre \u00e0 l&rsquo;invitation de R\u00e9mi.<\/p>\n<p>Nous avons pu observer les couples d&rsquo;Avan\u00e7on et de Chorges, mais rien dans le Vallon du Sapet&#8230; Nous avons assist\u00e9 \u00e0 l&rsquo;accouplement de Milans noirs. Un couple de Faucons Cr\u00e9cerelles nous\u00a0a distrait un bon moment. Il y a eu des passages de Buses variables, d&rsquo;Hirondelles rustiques, de Corneilles noires et d&rsquo;une jolie Bergeronnette grise.<\/p>\n<p>Ce n&rsquo;\u00e9tait encore pas la bonne soir\u00e9e&#8230; mais nous y reviendrons. La temp\u00e9rature \u00e9tait bien plus cl\u00e9mente que la veille, \u00e0 St Etienne-le-Laus, et l&rsquo;\u00e9clairage de fin d&rsquo;apr\u00e8s-midi \u00e0 faire palir les pros de la photographie.<\/p>\n<p>Des nouvelles d&rsquo;Eliane :<\/p>\n<p>\u00ab\u00a0La situation semble \u00e9voluer : toujours 3 circa\u00e8tes ensemble. Vus \u00e0 midi en chasse et \u00e0 19h05 dans le ravin du Baudon. Mais\u00a0un couple semble se former\u00a0: un individu (femelle ?) est rest\u00e9 longuement post\u00e9 sur un pin sec jusqu&rsquo;\u00e0 l&rsquo;arriv\u00e9e du second. Vol en duo et galipettes, c&rsquo;est l\u00e0 que le n\u00b0 3 s&rsquo;est point\u00e9, tr\u00e8s bri\u00e8vement.\u00a0Puis les 2 premiers se sont\u00a0pos\u00e9s\u00a0sur le m\u00eame pin, tr\u00e8s proches l&rsquo;un de l&rsquo;autre pendant une minute (je ne suis pas certaine qu&rsquo;il y ait eu accouplement). Celle que j&rsquo;ai suppos\u00e9 la femelle est all\u00e9e se placer sur l&rsquo;aire de 2010\u00a0\u00e0 2 reprises pendant\u00a0quelques minutes. Mais\u00a0elle n&rsquo;y a pas \u00e9t\u00e9 rejointe.\u00a0Apr\u00e8s quelques pauses sur diff\u00e9rents pins, la \u00ab\u00a0femelle\u00a0\u00bb s&rsquo;est cach\u00e9e tout en haut d&rsquo;un vallon adjacent, pas loin des arbres o\u00f9 nous l&rsquo;avions laiss\u00e9e les soirs pr\u00e9c\u00e9dents. Tandis que le \u00ab\u00a0m\u00e2le\u00a0\u00bb disparaissait tout au fond du ravin, remontant vers l&rsquo;amont.<\/p>\n<p>Je n&rsquo;ai pas revu le 3\u00e8me. Mais au moment o\u00f9 nous quittions le poste, un circa volait encore sur la cr\u00eate c\u00f4t\u00e9 Fouillouse, tout pr\u00e8s des maisons. Myst\u00e8re&#8230;<\/p>\n<p>Je ne pourrai h\u00e9las pas poursuivre mes observations jusqu&rsquo;\u00e0 dimanche ! Je fais appel aux volontaires pas trop \u00e9loign\u00e9s, mais je sais que chacun a son vallon \u00e0 prospecter&#8230;\u00a0\u00bb<\/p>\n<p>LN<\/p>\n","protected":false},"excerpt":{"rendered":"<p>5 avril 2011 &#8211; Ce soir, le programme \u00e9tait \u00ab\u00a0Le Vallon du Sapet\u00a0\u00bb. Nous \u00e9tions 6 \u00e0 r\u00e9pondre \u00e0 l&rsquo;invitation de R\u00e9mi. Nous avons pu observer les couples d&rsquo;Avan\u00e7on et de Chorges, mais rien dans le Vallon du Sapet&#8230; Nous avons assist\u00e9 \u00e0 l&rsquo;accouplement de Milans noirs. Un couple de Faucons Cr\u00e9cerelles nous\u00a0a distrait un [&hellip;]<\/p>\n","protected":false},"author":1,"featured_media":0,"comment_status":"open","ping_status":"open","sticky":false,"template":"","format":"standard","meta":{"footnotes":""},"categories":[1],"tags":[34,3,4],"class_list":["post-65","post","type-post","status-publish","format-standard","hentry","category-non-classe","tag-circaete-jeanleblanc","tag-gap","tag-hautesalpes"],"yoast_head":"<!-- This site is optimized with the Yoast SEO plugin v28.3 - https:\/\/yoast.com\/product\/yoast-seo-wordpress\/ -->\n<title>La B\u00e2tie-Neuve : Observation des Circa\u00e8tes Jean-le-Blanc  - Groupe local Pays Gapen\u00e7ais<\/title>\n<meta name=\"robots\" content=\"index, follow, max-snippet:-1, max-image-preview:large, max-video-preview:-1\" \/>\n<link rel=\"canonical\" href=\"https:\/\/paca.lpo.fr\/blogs\/pays-gapencais\/2011\/04\/05\/la-batie-neuve-observation-des-circaetes-jean-le-blanc\/\" \/>\n<meta property=\"og:locale\" content=\"fr_FR\" \/>\n<meta property=\"og:type\" content=\"article\" \/>\n<meta property=\"og:title\" content=\"La B\u00e2tie-Neuve : Observation des Circa\u00e8tes Jean-le-Blanc  - Groupe local Pays Gapen\u00e7ais\" \/>\n<meta property=\"og:description\" content=\"5 avril 2011 &#8211; Ce soir, le programme \u00e9tait \u00ab\u00a0Le Vallon du Sapet\u00a0\u00bb. Nous \u00e9tions 6 \u00e0 r\u00e9pondre \u00e0 l&rsquo;invitation de R\u00e9mi. Nous avons pu observer les couples d&rsquo;Avan\u00e7on et de Chorges, mais rien dans le Vallon du Sapet&#8230; Nous avons assist\u00e9 \u00e0 l&rsquo;accouplement de Milans noirs. Un couple de Faucons Cr\u00e9cerelles nous\u00a0a distrait un [&hellip;]\" \/>\n<meta property=\"og:url\" content=\"https:\/\/paca.lpo.fr\/blogs\/pays-gapencais\/2011\/04\/05\/la-batie-neuve-observation-des-circaetes-jean-le-blanc\/\" \/>\n<meta property=\"og:site_name\" content=\"Groupe local Pays Gapen\u00e7ais\" \/>\n<meta property=\"article:published_time\" content=\"2011-04-05T20:30:44+00:00\" \/>\n<meta property=\"article:modified_time\" content=\"2012-06-29T13:36:03+00:00\" \/>\n<meta property=\"og:image\" content=\"http:\/\/paca.lpo.fr\/media\/k2\/items\/cache\/7293a47c0f4cdddd46ff10bcf3d23287_L.jpg\" \/>\n<meta name=\"author\" content=\"LPOPACA\" \/>\n<meta name=\"twitter:card\" content=\"summary_large_image\" \/>\n<meta name=\"twitter:label1\" content=\"\u00c9crit par\" \/>\n\t<meta name=\"twitter:data1\" content=\"LPOPACA\" \/>\n\t<meta name=\"twitter:label2\" content=\"Dur\u00e9e de lecture estim\u00e9e\" \/>\n\t<meta name=\"twitter:data2\" content=\"2 minutes\" \/>\n<script type=\"application\/ld+json\" class=\"yoast-schema-graph\">{\"@context\":\"https:\\\/\\\/schema.org\",\"@graph\":[{\"@type\":\"Article\",\"@id\":\"https:\\\/\\\/paca.lpo.fr\\\/blogs\\\/pays-gapencais\\\/2011\\\/04\\\/05\\\/la-batie-neuve-observation-des-circaetes-jean-le-blanc\\\/#article\",\"isPartOf\":{\"@id\":\"https:\\\/\\\/paca.lpo.fr\\\/blogs\\\/pays-gapencais\\\/2011\\\/04\\\/05\\\/la-batie-neuve-observation-des-circaetes-jean-le-blanc\\\/\"},\"author\":{\"name\":\"LPOPACA\",\"@id\":\"https:\\\/\\\/paca.lpo.fr\\\/blogs\\\/pays-gapencais\\\/#\\\/schema\\\/person\\\/f4701c21e2e412e301d69ea575732a07\"},\"headline\":\"La B\u00e2tie-Neuve : Observation des Circa\u00e8tes Jean-le-Blanc\",\"datePublished\":\"2011-04-05T20:30:44+00:00\",\"dateModified\":\"2012-06-29T13:36:03+00:00\",\"mainEntityOfPage\":{\"@id\":\"https:\\\/\\\/paca.lpo.fr\\\/blogs\\\/pays-gapencais\\\/2011\\\/04\\\/05\\\/la-batie-neuve-observation-des-circaetes-jean-le-blanc\\\/\"},\"wordCount\":380,\"commentCount\":0,\"publisher\":{\"@id\":\"https:\\\/\\\/paca.lpo.fr\\\/blogs\\\/pays-gapencais\\\/#organization\"},\"image\":{\"@id\":\"https:\\\/\\\/paca.lpo.fr\\\/blogs\\\/pays-gapencais\\\/2011\\\/04\\\/05\\\/la-batie-neuve-observation-des-circaetes-jean-le-blanc\\\/#primaryimage\"},\"thumbnailUrl\":\"http:\\\/\\\/paca.lpo.fr\\\/media\\\/k2\\\/items\\\/cache\\\/7293a47c0f4cdddd46ff10bcf3d23287_L.jpg\",\"keywords\":[\"Circa\u00e8te JeanleBlanc\",\"gap\",\"HautesAlpes\"],\"inLanguage\":\"fr-FR\",\"potentialAction\":[{\"@type\":\"CommentAction\",\"name\":\"Comment\",\"target\":[\"https:\\\/\\\/paca.lpo.fr\\\/blogs\\\/pays-gapencais\\\/2011\\\/04\\\/05\\\/la-batie-neuve-observation-des-circaetes-jean-le-blanc\\\/#respond\"]}]},{\"@type\":\"WebPage\",\"@id\":\"https:\\\/\\\/paca.lpo.fr\\\/blogs\\\/pays-gapencais\\\/2011\\\/04\\\/05\\\/la-batie-neuve-observation-des-circaetes-jean-le-blanc\\\/\",\"url\":\"https:\\\/\\\/paca.lpo.fr\\\/blogs\\\/pays-gapencais\\\/2011\\\/04\\\/05\\\/la-batie-neuve-observation-des-circaetes-jean-le-blanc\\\/\",\"name\":\"La B\u00e2tie-Neuve : Observation des Circa\u00e8tes Jean-le-Blanc - Groupe local Pays Gapen\u00e7ais\",\"isPartOf\":{\"@id\":\"https:\\\/\\\/paca.lpo.fr\\\/blogs\\\/pays-gapencais\\\/#website\"},\"primaryImageOfPage\":{\"@id\":\"https:\\\/\\\/paca.lpo.fr\\\/blogs\\\/pays-gapencais\\\/2011\\\/04\\\/05\\\/la-batie-neuve-observation-des-circaetes-jean-le-blanc\\\/#primaryimage\"},\"image\":{\"@id\":\"https:\\\/\\\/paca.lpo.fr\\\/blogs\\\/pays-gapencais\\\/2011\\\/04\\\/05\\\/la-batie-neuve-observation-des-circaetes-jean-le-blanc\\\/#primaryimage\"},\"thumbnailUrl\":\"http:\\\/\\\/paca.lpo.fr\\\/media\\\/k2\\\/items\\\/cache\\\/7293a47c0f4cdddd46ff10bcf3d23287_L.jpg\",\"datePublished\":\"2011-04-05T20:30:44+00:00\",\"dateModified\":\"2012-06-29T13:36:03+00:00\",\"breadcrumb\":{\"@id\":\"https:\\\/\\\/paca.lpo.fr\\\/blogs\\\/pays-gapencais\\\/2011\\\/04\\\/05\\\/la-batie-neuve-observation-des-circaetes-jean-le-blanc\\\/#breadcrumb\"},\"inLanguage\":\"fr-FR\",\"potentialAction\":[{\"@type\":\"ReadAction\",\"target\":[\"https:\\\/\\\/paca.lpo.fr\\\/blogs\\\/pays-gapencais\\\/2011\\\/04\\\/05\\\/la-batie-neuve-observation-des-circaetes-jean-le-blanc\\\/\"]}]},{\"@type\":\"ImageObject\",\"inLanguage\":\"fr-FR\",\"@id\":\"https:\\\/\\\/paca.lpo.fr\\\/blogs\\\/pays-gapencais\\\/2011\\\/04\\\/05\\\/la-batie-neuve-observation-des-circaetes-jean-le-blanc\\\/#primaryimage\",\"url\":\"http:\\\/\\\/paca.lpo.fr\\\/media\\\/k2\\\/items\\\/cache\\\/7293a47c0f4cdddd46ff10bcf3d23287_L.jpg\",\"contentUrl\":\"http:\\\/\\\/paca.lpo.fr\\\/media\\\/k2\\\/items\\\/cache\\\/7293a47c0f4cdddd46ff10bcf3d23287_L.jpg\"},{\"@type\":\"BreadcrumbList\",\"@id\":\"https:\\\/\\\/paca.lpo.fr\\\/blogs\\\/pays-gapencais\\\/2011\\\/04\\\/05\\\/la-batie-neuve-observation-des-circaetes-jean-le-blanc\\\/#breadcrumb\",\"itemListElement\":[{\"@type\":\"ListItem\",\"position\":1,\"name\":\"Accueil\",\"item\":\"https:\\\/\\\/paca.lpo.fr\\\/blogs\\\/pays-gapencais\\\/\"},{\"@type\":\"ListItem\",\"position\":2,\"name\":\"La B\u00e2tie-Neuve : Observation des Circa\u00e8tes Jean-le-Blanc\"}]},{\"@type\":\"WebSite\",\"@id\":\"https:\\\/\\\/paca.lpo.fr\\\/blogs\\\/pays-gapencais\\\/#website\",\"url\":\"https:\\\/\\\/paca.lpo.fr\\\/blogs\\\/pays-gapencais\\\/\",\"name\":\"Groupe local Pays Gapen\u00e7ais\",\"description\":\"Groupe local Pays Gapen\u00e7ais\",\"publisher\":{\"@id\":\"https:\\\/\\\/paca.lpo.fr\\\/blogs\\\/pays-gapencais\\\/#organization\"},\"potentialAction\":[{\"@type\":\"SearchAction\",\"target\":{\"@type\":\"EntryPoint\",\"urlTemplate\":\"https:\\\/\\\/paca.lpo.fr\\\/blogs\\\/pays-gapencais\\\/?s={search_term_string}\"},\"query-input\":{\"@type\":\"PropertyValueSpecification\",\"valueRequired\":true,\"valueName\":\"search_term_string\"}}],\"inLanguage\":\"fr-FR\"},{\"@type\":\"Organization\",\"@id\":\"https:\\\/\\\/paca.lpo.fr\\\/blogs\\\/pays-gapencais\\\/#organization\",\"name\":\"Groupe local Pays Gapen\u00e7ais\",\"url\":\"https:\\\/\\\/paca.lpo.fr\\\/blogs\\\/pays-gapencais\\\/\",\"logo\":{\"@type\":\"ImageObject\",\"inLanguage\":\"fr-FR\",\"@id\":\"https:\\\/\\\/paca.lpo.fr\\\/blogs\\\/pays-gapencais\\\/#\\\/schema\\\/logo\\\/image\\\/\",\"url\":\"https:\\\/\\\/paca.lpo.fr\\\/blogs\\\/pays-gapencais\\\/files\\\/2024\\\/01\\\/cropped-rvb-lpo-paca-logotype-signature-droite-mini-500.jpg\",\"contentUrl\":\"https:\\\/\\\/paca.lpo.fr\\\/blogs\\\/pays-gapencais\\\/files\\\/2024\\\/01\\\/cropped-rvb-lpo-paca-logotype-signature-droite-mini-500.jpg\",\"width\":500,\"height\":210,\"caption\":\"Groupe local Pays Gapen\u00e7ais\"},\"image\":{\"@id\":\"https:\\\/\\\/paca.lpo.fr\\\/blogs\\\/pays-gapencais\\\/#\\\/schema\\\/logo\\\/image\\\/\"}},{\"@type\":\"Person\",\"@id\":\"https:\\\/\\\/paca.lpo.fr\\\/blogs\\\/pays-gapencais\\\/#\\\/schema\\\/person\\\/f4701c21e2e412e301d69ea575732a07\",\"name\":\"LPOPACA\",\"image\":{\"@type\":\"ImageObject\",\"inLanguage\":\"fr-FR\",\"@id\":\"https:\\\/\\\/secure.gravatar.com\\\/avatar\\\/61b4fe4aeb906264475360b018582a8a825394c21df85ee757345c68c15ddd14?s=96&d=mm&r=g\",\"url\":\"https:\\\/\\\/secure.gravatar.com\\\/avatar\\\/61b4fe4aeb906264475360b018582a8a825394c21df85ee757345c68c15ddd14?s=96&d=mm&r=g\",\"contentUrl\":\"https:\\\/\\\/secure.gravatar.com\\\/avatar\\\/61b4fe4aeb906264475360b018582a8a825394c21df85ee757345c68c15ddd14?s=96&d=mm&r=g\",\"caption\":\"LPOPACA\"},\"url\":\"https:\\\/\\\/paca.lpo.fr\\\/blogs\\\/pays-gapencais\\\/author\\\/lpopaca\\\/\"}]}<\/script>\n<!-- \/ Yoast SEO plugin. -->","yoast_head_json":{"title":"La B\u00e2tie-Neuve : Observation des Circa\u00e8tes Jean-le-Blanc  - Groupe local Pays Gapen\u00e7ais","robots":{"index":"index","follow":"follow","max-snippet":"max-snippet:-1","max-image-preview":"max-image-preview:large","max-video-preview":"max-video-preview:-1"},"canonical":"https:\/\/paca.lpo.fr\/blogs\/pays-gapencais\/2011\/04\/05\/la-batie-neuve-observation-des-circaetes-jean-le-blanc\/","og_locale":"fr_FR","og_type":"article","og_title":"La B\u00e2tie-Neuve : Observation des Circa\u00e8tes Jean-le-Blanc  - Groupe local Pays Gapen\u00e7ais","og_description":"5 avril 2011 &#8211; Ce soir, le programme \u00e9tait \u00ab\u00a0Le Vallon du Sapet\u00a0\u00bb. Nous \u00e9tions 6 \u00e0 r\u00e9pondre \u00e0 l&rsquo;invitation de R\u00e9mi. Nous avons pu observer les couples d&rsquo;Avan\u00e7on et de Chorges, mais rien dans le Vallon du Sapet&#8230; Nous avons assist\u00e9 \u00e0 l&rsquo;accouplement de Milans noirs. Un couple de Faucons Cr\u00e9cerelles nous\u00a0a distrait un [&hellip;]","og_url":"https:\/\/paca.lpo.fr\/blogs\/pays-gapencais\/2011\/04\/05\/la-batie-neuve-observation-des-circaetes-jean-le-blanc\/","og_site_name":"Groupe local Pays Gapen\u00e7ais","article_published_time":"2011-04-05T20:30:44+00:00","article_modified_time":"2012-06-29T13:36:03+00:00","og_image":[{"url":"http:\/\/paca.lpo.fr\/media\/k2\/items\/cache\/7293a47c0f4cdddd46ff10bcf3d23287_L.jpg","type":"","width":"","height":""}],"author":"LPOPACA","twitter_card":"summary_large_image","twitter_misc":{"\u00c9crit par":"LPOPACA","Dur\u00e9e de lecture estim\u00e9e":"2 minutes"},"schema":{"@context":"https:\/\/schema.org","@graph":[{"@type":"Article","@id":"https:\/\/paca.lpo.fr\/blogs\/pays-gapencais\/2011\/04\/05\/la-batie-neuve-observation-des-circaetes-jean-le-blanc\/#article","isPartOf":{"@id":"https:\/\/paca.lpo.fr\/blogs\/pays-gapencais\/2011\/04\/05\/la-batie-neuve-observation-des-circaetes-jean-le-blanc\/"},"author":{"name":"LPOPACA","@id":"https:\/\/paca.lpo.fr\/blogs\/pays-gapencais\/#\/schema\/person\/f4701c21e2e412e301d69ea575732a07"},"headline":"La B\u00e2tie-Neuve : Observation des Circa\u00e8tes Jean-le-Blanc","datePublished":"2011-04-05T20:30:44+00:00","dateModified":"2012-06-29T13:36:03+00:00","mainEntityOfPage":{"@id":"https:\/\/paca.lpo.fr\/blogs\/pays-gapencais\/2011\/04\/05\/la-batie-neuve-observation-des-circaetes-jean-le-blanc\/"},"wordCount":380,"commentCount":0,"publisher":{"@id":"https:\/\/paca.lpo.fr\/blogs\/pays-gapencais\/#organization"},"image":{"@id":"https:\/\/paca.lpo.fr\/blogs\/pays-gapencais\/2011\/04\/05\/la-batie-neuve-observation-des-circaetes-jean-le-blanc\/#primaryimage"},"thumbnailUrl":"http:\/\/paca.lpo.fr\/media\/k2\/items\/cache\/7293a47c0f4cdddd46ff10bcf3d23287_L.jpg","keywords":["Circa\u00e8te JeanleBlanc","gap","HautesAlpes"],"inLanguage":"fr-FR","potentialAction":[{"@type":"CommentAction","name":"Comment","target":["https:\/\/paca.lpo.fr\/blogs\/pays-gapencais\/2011\/04\/05\/la-batie-neuve-observation-des-circaetes-jean-le-blanc\/#respond"]}]},{"@type":"WebPage","@id":"https:\/\/paca.lpo.fr\/blogs\/pays-gapencais\/2011\/04\/05\/la-batie-neuve-observation-des-circaetes-jean-le-blanc\/","url":"https:\/\/paca.lpo.fr\/blogs\/pays-gapencais\/2011\/04\/05\/la-batie-neuve-observation-des-circaetes-jean-le-blanc\/","name":"La B\u00e2tie-Neuve : Observation des Circa\u00e8tes Jean-le-Blanc - Groupe local Pays Gapen\u00e7ais","isPartOf":{"@id":"https:\/\/paca.lpo.fr\/blogs\/pays-gapencais\/#website"},"primaryImageOfPage":{"@id":"https:\/\/paca.lpo.fr\/blogs\/pays-gapencais\/2011\/04\/05\/la-batie-neuve-observation-des-circaetes-jean-le-blanc\/#primaryimage"},"image":{"@id":"https:\/\/paca.lpo.fr\/blogs\/pays-gapencais\/2011\/04\/05\/la-batie-neuve-observation-des-circaetes-jean-le-blanc\/#primaryimage"},"thumbnailUrl":"http:\/\/paca.lpo.fr\/media\/k2\/items\/cache\/7293a47c0f4cdddd46ff10bcf3d23287_L.jpg","datePublished":"2011-04-05T20:30:44+00:00","dateModified":"2012-06-29T13:36:03+00:00","breadcrumb":{"@id":"https:\/\/paca.lpo.fr\/blogs\/pays-gapencais\/2011\/04\/05\/la-batie-neuve-observation-des-circaetes-jean-le-blanc\/#breadcrumb"},"inLanguage":"fr-FR","potentialAction":[{"@type":"ReadAction","target":["https:\/\/paca.lpo.fr\/blogs\/pays-gapencais\/2011\/04\/05\/la-batie-neuve-observation-des-circaetes-jean-le-blanc\/"]}]},{"@type":"ImageObject","inLanguage":"fr-FR","@id":"https:\/\/paca.lpo.fr\/blogs\/pays-gapencais\/2011\/04\/05\/la-batie-neuve-observation-des-circaetes-jean-le-blanc\/#primaryimage","url":"http:\/\/paca.lpo.fr\/media\/k2\/items\/cache\/7293a47c0f4cdddd46ff10bcf3d23287_L.jpg","contentUrl":"http:\/\/paca.lpo.fr\/media\/k2\/items\/cache\/7293a47c0f4cdddd46ff10bcf3d23287_L.jpg"},{"@type":"BreadcrumbList","@id":"https:\/\/paca.lpo.fr\/blogs\/pays-gapencais\/2011\/04\/05\/la-batie-neuve-observation-des-circaetes-jean-le-blanc\/#breadcrumb","itemListElement":[{"@type":"ListItem","position":1,"name":"Accueil","item":"https:\/\/paca.lpo.fr\/blogs\/pays-gapencais\/"},{"@type":"ListItem","position":2,"name":"La B\u00e2tie-Neuve : Observation des Circa\u00e8tes Jean-le-Blanc"}]},{"@type":"WebSite","@id":"https:\/\/paca.lpo.fr\/blogs\/pays-gapencais\/#website","url":"https:\/\/paca.lpo.fr\/blogs\/pays-gapencais\/","name":"Groupe local Pays Gapen\u00e7ais","description":"Groupe local Pays Gapen\u00e7ais","publisher":{"@id":"https:\/\/paca.lpo.fr\/blogs\/pays-gapencais\/#organization"},"potentialAction":[{"@type":"SearchAction","target":{"@type":"EntryPoint","urlTemplate":"https:\/\/paca.lpo.fr\/blogs\/pays-gapencais\/?s={search_term_string}"},"query-input":{"@type":"PropertyValueSpecification","valueRequired":true,"valueName":"search_term_string"}}],"inLanguage":"fr-FR"},{"@type":"Organization","@id":"https:\/\/paca.lpo.fr\/blogs\/pays-gapencais\/#organization","name":"Groupe local Pays Gapen\u00e7ais","url":"https:\/\/paca.lpo.fr\/blogs\/pays-gapencais\/","logo":{"@type":"ImageObject","inLanguage":"fr-FR","@id":"https:\/\/paca.lpo.fr\/blogs\/pays-gapencais\/#\/schema\/logo\/image\/","url":"https:\/\/paca.lpo.fr\/blogs\/pays-gapencais\/files\/2024\/01\/cropped-rvb-lpo-paca-logotype-signature-droite-mini-500.jpg","contentUrl":"https:\/\/paca.lpo.fr\/blogs\/pays-gapencais\/files\/2024\/01\/cropped-rvb-lpo-paca-logotype-signature-droite-mini-500.jpg","width":500,"height":210,"caption":"Groupe local Pays Gapen\u00e7ais"},"image":{"@id":"https:\/\/paca.lpo.fr\/blogs\/pays-gapencais\/#\/schema\/logo\/image\/"}},{"@type":"Person","@id":"https:\/\/paca.lpo.fr\/blogs\/pays-gapencais\/#\/schema\/person\/f4701c21e2e412e301d69ea575732a07","name":"LPOPACA","image":{"@type":"ImageObject","inLanguage":"fr-FR","@id":"https:\/\/secure.gravatar.com\/avatar\/61b4fe4aeb906264475360b018582a8a825394c21df85ee757345c68c15ddd14?s=96&d=mm&r=g","url":"https:\/\/secure.gravatar.com\/avatar\/61b4fe4aeb906264475360b018582a8a825394c21df85ee757345c68c15ddd14?s=96&d=mm&r=g","contentUrl":"https:\/\/secure.gravatar.com\/avatar\/61b4fe4aeb906264475360b018582a8a825394c21df85ee757345c68c15ddd14?s=96&d=mm&r=g","caption":"LPOPACA"},"url":"https:\/\/paca.lpo.fr\/blogs\/pays-gapencais\/author\/lpopaca\/"}]}},"jetpack_featured_media_url":"","_links":{"self":[{"href":"https:\/\/paca.lpo.fr\/blogs\/pays-gapencais\/wp-json\/wp\/v2\/posts\/65","targetHints":{"allow":["GET"]}}],"collection":[{"href":"https:\/\/paca.lpo.fr\/blogs\/pays-gapencais\/wp-json\/wp\/v2\/posts"}],"about":[{"href":"https:\/\/paca.lpo.fr\/blogs\/pays-gapencais\/wp-json\/wp\/v2\/types\/post"}],"author":[{"embeddable":true,"href":"https:\/\/paca.lpo.fr\/blogs\/pays-gapencais\/wp-json\/wp\/v2\/users\/1"}],"replies":[{"embeddable":true,"href":"https:\/\/paca.lpo.fr\/blogs\/pays-gapencais\/wp-json\/wp\/v2\/comments?post=65"}],"version-history":[{"count":2,"href":"https:\/\/paca.lpo.fr\/blogs\/pays-gapencais\/wp-json\/wp\/v2\/posts\/65\/revisions"}],"predecessor-version":[{"id":67,"href":"https:\/\/paca.lpo.fr\/blogs\/pays-gapencais\/wp-json\/wp\/v2\/posts\/65\/revisions\/67"}],"wp:attachment":[{"href":"https:\/\/paca.lpo.fr\/blogs\/pays-gapencais\/wp-json\/wp\/v2\/media?parent=65"}],"wp:term":[{"taxonomy":"category","embeddable":true,"href":"https:\/\/paca.lpo.fr\/blogs\/pays-gapencais\/wp-json\/wp\/v2\/categories?post=65"},{"taxonomy":"post_tag","embeddable":true,"href":"https:\/\/paca.lpo.fr\/blogs\/pays-gapencais\/wp-json\/wp\/v2\/tags?post=65"}],"curies":[{"name":"wp","href":"https:\/\/api.w.org\/{rel}","templated":true}]}}