{"id":7,"date":"2010-11-10T16:01:57","date_gmt":"2010-11-10T16:01:57","guid":{"rendered":"http:\/\/paca.lpo.fr\/blogs\/pays-gapencais\/?p=7"},"modified":"2012-06-29T12:56:35","modified_gmt":"2012-06-29T12:56:35","slug":"jaime-la-nature-au-bord-des-chemins-au-lac-de-lescale-04","status":"publish","type":"post","link":"https:\/\/paca.lpo.fr\/blogs\/pays-gapencais\/2010\/11\/10\/jaime-la-nature-au-bord-des-chemins-au-lac-de-lescale-04\/","title":{"rendered":"J&rsquo;AIME LA NATURE AU BORD DES CHEMINS au lac de l&rsquo;Escale 04"},"content":{"rendered":"<figure style=\"width: 450px\" class=\"wp-caption alignnone\"><img loading=\"lazy\" decoding=\"async\" src=\"http:\/\/paca.lpo.fr\/media\/k2\/items\/cache\/d3b3799d6611d677944f5f86a500beb3_L.jpg\" alt=\"\" width=\"450\" height=\"332\" \/><figcaption class=\"wp-caption-text\">le Diablotin ( Empusa pennata) G\u00e9rard Briard<\/figcaption><\/figure>\n<p>Nous sommes 4 \u00e0 avoir rejoint le Groupe Local LPO de Bl\u00e9one-Durance, samedi 6 novembre 8h, \u00e0 l&rsquo;Escale.<\/p>\n<p>Nous ferons une longue marche autour du lac, \u00e0 la d\u00e9couverte des oiseaux, des arbres, et des insectes.<\/p>\n<p>Nous verrons de nombreux oiseaux: le Canard colvert, le Canard souchet, la Sarcelle d&rsquo;hiver,le Foulque macroule, quelques Galliules poule d&rsquo;eau, la Sarcelle d&rsquo;hiver, le Gr\u00e8be Hupp\u00e9, le Gr\u00e8be castagneux, le Grand cormoran, la Grande aigrette, le H\u00e9ron cendr\u00e9, le Go\u00e9land leucoph\u00e9e, le Grand cormoran, diff\u00e9rentes M\u00e9sanges dont la bleue et la longue-queue, le Martin p\u00eacheur, le Milan royal qui s&rsquo;est attard\u00e9.<\/p>\n<p>Nous entendrons le Pic vert, le Pic \u00e9peiche, le R\u00e2le d&rsquo;eau&#8230;<\/p>\n<p>En bordure du lac, nous suivrons un itin\u00e9raire botanique (balis\u00e9 par les soins de la Communaut\u00e9 Moyenne-Durance, en partenariat avec la Ligue de Protection des Oiseaux), \u00e0 la reconnaissance des arbres: le Saule blanc, le Peuplier noir, le Ch\u00eane blanc, le Prunier sauvage, l&rsquo;Erable de Montpellier, le Sumac fustet&#8230;<\/p>\n<p>A 12h30, en fin de parcours et de retour au lieu-dit La Palissade, nous verrons un dr\u00f4le d&rsquo;insecte, \u00e0 l&rsquo;aspect inhabituel, proche de la famille des Mantes religieuses, et pos\u00e9 au sommet de la paroi en bois.<\/p>\n","protected":false},"excerpt":{"rendered":"<p>Nous sommes 4 \u00e0 avoir rejoint le Groupe Local LPO de Bl\u00e9one-Durance, samedi 6 novembre 8h, \u00e0 l&rsquo;Escale. Nous ferons une longue marche autour du lac, \u00e0 la d\u00e9couverte des oiseaux, des arbres, et des insectes. Nous verrons de nombreux oiseaux: le Canard colvert, le Canard souchet, la Sarcelle d&rsquo;hiver,le Foulque macroule, quelques Galliules poule [&hellip;]<\/p>\n","protected":false},"author":1,"featured_media":0,"comment_status":"open","ping_status":"open","sticky":false,"template":"","format":"standard","meta":{"footnotes":""},"categories":[1],"tags":[8,9,3,4,6,7],"class_list":["post-7","post","type-post","status-publish","format-standard","hentry","category-non-classe","tag-bords","tag-chemins","tag-gap","tag-hautesalpes","tag-lescale","tag-nature"],"yoast_head":"<!-- This site is optimized with the Yoast SEO plugin v28.3 - https:\/\/yoast.com\/product\/yoast-seo-wordpress\/ -->\n<title>J&#039;AIME LA NATURE AU BORD DES CHEMINS au lac de l&#039;Escale 04  - Groupe local Pays Gapen\u00e7ais<\/title>\n<meta name=\"robots\" content=\"index, follow, max-snippet:-1, max-image-preview:large, max-video-preview:-1\" \/>\n<link rel=\"canonical\" href=\"http:\/\/paca.lpo.fr\/blogs\/pays-gapencais\/2010\/11\/10\/jaime-la-nature-au-bord-des-chemins-au-lac-de-lescale-04\/\" \/>\n<meta property=\"og:locale\" content=\"fr_FR\" \/>\n<meta property=\"og:type\" content=\"article\" \/>\n<meta property=\"og:title\" content=\"J&#039;AIME LA NATURE AU BORD DES CHEMINS au lac de l&#039;Escale 04  - Groupe local Pays Gapen\u00e7ais\" \/>\n<meta property=\"og:description\" content=\"Nous sommes 4 \u00e0 avoir rejoint le Groupe Local LPO de Bl\u00e9one-Durance, samedi 6 novembre 8h, \u00e0 l&rsquo;Escale. Nous ferons une longue marche autour du lac, \u00e0 la d\u00e9couverte des oiseaux, des arbres, et des insectes. Nous verrons de nombreux oiseaux: le Canard colvert, le Canard souchet, la Sarcelle d&rsquo;hiver,le Foulque macroule, quelques Galliules poule [&hellip;]\" \/>\n<meta property=\"og:url\" content=\"http:\/\/paca.lpo.fr\/blogs\/pays-gapencais\/2010\/11\/10\/jaime-la-nature-au-bord-des-chemins-au-lac-de-lescale-04\/\" \/>\n<meta property=\"og:site_name\" content=\"Groupe local Pays Gapen\u00e7ais\" \/>\n<meta property=\"article:published_time\" content=\"2010-11-10T16:01:57+00:00\" \/>\n<meta property=\"article:modified_time\" content=\"2012-06-29T12:56:35+00:00\" \/>\n<meta property=\"og:image\" content=\"http:\/\/paca.lpo.fr\/media\/k2\/items\/cache\/d3b3799d6611d677944f5f86a500beb3_L.jpg\" \/>\n<meta name=\"author\" content=\"LPOPACA\" \/>\n<meta name=\"twitter:card\" content=\"summary_large_image\" \/>\n<meta name=\"twitter:label1\" content=\"\u00c9crit par\" \/>\n\t<meta name=\"twitter:data1\" content=\"LPOPACA\" \/>\n\t<meta name=\"twitter:label2\" content=\"Dur\u00e9e de lecture estim\u00e9e\" \/>\n\t<meta name=\"twitter:data2\" content=\"1 minute\" \/>\n<script type=\"application\/ld+json\" class=\"yoast-schema-graph\">{\"@context\":\"https:\\\/\\\/schema.org\",\"@graph\":[{\"@type\":\"Article\",\"@id\":\"http:\\\/\\\/paca.lpo.fr\\\/blogs\\\/pays-gapencais\\\/2010\\\/11\\\/10\\\/jaime-la-nature-au-bord-des-chemins-au-lac-de-lescale-04\\\/#article\",\"isPartOf\":{\"@id\":\"http:\\\/\\\/paca.lpo.fr\\\/blogs\\\/pays-gapencais\\\/2010\\\/11\\\/10\\\/jaime-la-nature-au-bord-des-chemins-au-lac-de-lescale-04\\\/\"},\"author\":{\"name\":\"LPOPACA\",\"@id\":\"https:\\\/\\\/paca.lpo.fr\\\/blogs\\\/pays-gapencais\\\/#\\\/schema\\\/person\\\/f4701c21e2e412e301d69ea575732a07\"},\"headline\":\"J&rsquo;AIME LA NATURE AU BORD DES CHEMINS au lac de l&rsquo;Escale 04\",\"datePublished\":\"2010-11-10T16:01:57+00:00\",\"dateModified\":\"2012-06-29T12:56:35+00:00\",\"mainEntityOfPage\":{\"@id\":\"http:\\\/\\\/paca.lpo.fr\\\/blogs\\\/pays-gapencais\\\/2010\\\/11\\\/10\\\/jaime-la-nature-au-bord-des-chemins-au-lac-de-lescale-04\\\/\"},\"wordCount\":237,\"commentCount\":0,\"publisher\":{\"@id\":\"https:\\\/\\\/paca.lpo.fr\\\/blogs\\\/pays-gapencais\\\/#organization\"},\"image\":{\"@id\":\"http:\\\/\\\/paca.lpo.fr\\\/blogs\\\/pays-gapencais\\\/2010\\\/11\\\/10\\\/jaime-la-nature-au-bord-des-chemins-au-lac-de-lescale-04\\\/#primaryimage\"},\"thumbnailUrl\":\"http:\\\/\\\/paca.lpo.fr\\\/media\\\/k2\\\/items\\\/cache\\\/d3b3799d6611d677944f5f86a500beb3_L.jpg\",\"keywords\":[\"Bords\",\"Chemins\",\"gap\",\"HautesAlpes\",\"L'escale\",\"Nature\"],\"inLanguage\":\"fr-FR\",\"potentialAction\":[{\"@type\":\"CommentAction\",\"name\":\"Comment\",\"target\":[\"http:\\\/\\\/paca.lpo.fr\\\/blogs\\\/pays-gapencais\\\/2010\\\/11\\\/10\\\/jaime-la-nature-au-bord-des-chemins-au-lac-de-lescale-04\\\/#respond\"]}]},{\"@type\":\"WebPage\",\"@id\":\"http:\\\/\\\/paca.lpo.fr\\\/blogs\\\/pays-gapencais\\\/2010\\\/11\\\/10\\\/jaime-la-nature-au-bord-des-chemins-au-lac-de-lescale-04\\\/\",\"url\":\"http:\\\/\\\/paca.lpo.fr\\\/blogs\\\/pays-gapencais\\\/2010\\\/11\\\/10\\\/jaime-la-nature-au-bord-des-chemins-au-lac-de-lescale-04\\\/\",\"name\":\"J'AIME LA NATURE AU BORD DES CHEMINS au lac de l'Escale 04 - Groupe local Pays Gapen\u00e7ais\",\"isPartOf\":{\"@id\":\"https:\\\/\\\/paca.lpo.fr\\\/blogs\\\/pays-gapencais\\\/#website\"},\"primaryImageOfPage\":{\"@id\":\"http:\\\/\\\/paca.lpo.fr\\\/blogs\\\/pays-gapencais\\\/2010\\\/11\\\/10\\\/jaime-la-nature-au-bord-des-chemins-au-lac-de-lescale-04\\\/#primaryimage\"},\"image\":{\"@id\":\"http:\\\/\\\/paca.lpo.fr\\\/blogs\\\/pays-gapencais\\\/2010\\\/11\\\/10\\\/jaime-la-nature-au-bord-des-chemins-au-lac-de-lescale-04\\\/#primaryimage\"},\"thumbnailUrl\":\"http:\\\/\\\/paca.lpo.fr\\\/media\\\/k2\\\/items\\\/cache\\\/d3b3799d6611d677944f5f86a500beb3_L.jpg\",\"datePublished\":\"2010-11-10T16:01:57+00:00\",\"dateModified\":\"2012-06-29T12:56:35+00:00\",\"breadcrumb\":{\"@id\":\"http:\\\/\\\/paca.lpo.fr\\\/blogs\\\/pays-gapencais\\\/2010\\\/11\\\/10\\\/jaime-la-nature-au-bord-des-chemins-au-lac-de-lescale-04\\\/#breadcrumb\"},\"inLanguage\":\"fr-FR\",\"potentialAction\":[{\"@type\":\"ReadAction\",\"target\":[\"http:\\\/\\\/paca.lpo.fr\\\/blogs\\\/pays-gapencais\\\/2010\\\/11\\\/10\\\/jaime-la-nature-au-bord-des-chemins-au-lac-de-lescale-04\\\/\"]}]},{\"@type\":\"ImageObject\",\"inLanguage\":\"fr-FR\",\"@id\":\"http:\\\/\\\/paca.lpo.fr\\\/blogs\\\/pays-gapencais\\\/2010\\\/11\\\/10\\\/jaime-la-nature-au-bord-des-chemins-au-lac-de-lescale-04\\\/#primaryimage\",\"url\":\"http:\\\/\\\/paca.lpo.fr\\\/media\\\/k2\\\/items\\\/cache\\\/d3b3799d6611d677944f5f86a500beb3_L.jpg\",\"contentUrl\":\"http:\\\/\\\/paca.lpo.fr\\\/media\\\/k2\\\/items\\\/cache\\\/d3b3799d6611d677944f5f86a500beb3_L.jpg\"},{\"@type\":\"BreadcrumbList\",\"@id\":\"http:\\\/\\\/paca.lpo.fr\\\/blogs\\\/pays-gapencais\\\/2010\\\/11\\\/10\\\/jaime-la-nature-au-bord-des-chemins-au-lac-de-lescale-04\\\/#breadcrumb\",\"itemListElement\":[{\"@type\":\"ListItem\",\"position\":1,\"name\":\"Accueil\",\"item\":\"https:\\\/\\\/paca.lpo.fr\\\/blogs\\\/pays-gapencais\\\/\"},{\"@type\":\"ListItem\",\"position\":2,\"name\":\"J&rsquo;AIME LA NATURE AU BORD DES CHEMINS au lac de l&rsquo;Escale 04\"}]},{\"@type\":\"WebSite\",\"@id\":\"https:\\\/\\\/paca.lpo.fr\\\/blogs\\\/pays-gapencais\\\/#website\",\"url\":\"https:\\\/\\\/paca.lpo.fr\\\/blogs\\\/pays-gapencais\\\/\",\"name\":\"Groupe local Pays Gapen\u00e7ais\",\"description\":\"Groupe local Pays Gapen\u00e7ais\",\"publisher\":{\"@id\":\"https:\\\/\\\/paca.lpo.fr\\\/blogs\\\/pays-gapencais\\\/#organization\"},\"potentialAction\":[{\"@type\":\"SearchAction\",\"target\":{\"@type\":\"EntryPoint\",\"urlTemplate\":\"https:\\\/\\\/paca.lpo.fr\\\/blogs\\\/pays-gapencais\\\/?s={search_term_string}\"},\"query-input\":{\"@type\":\"PropertyValueSpecification\",\"valueRequired\":true,\"valueName\":\"search_term_string\"}}],\"inLanguage\":\"fr-FR\"},{\"@type\":\"Organization\",\"@id\":\"https:\\\/\\\/paca.lpo.fr\\\/blogs\\\/pays-gapencais\\\/#organization\",\"name\":\"Groupe local Pays Gapen\u00e7ais\",\"url\":\"https:\\\/\\\/paca.lpo.fr\\\/blogs\\\/pays-gapencais\\\/\",\"logo\":{\"@type\":\"ImageObject\",\"inLanguage\":\"fr-FR\",\"@id\":\"https:\\\/\\\/paca.lpo.fr\\\/blogs\\\/pays-gapencais\\\/#\\\/schema\\\/logo\\\/image\\\/\",\"url\":\"https:\\\/\\\/paca.lpo.fr\\\/blogs\\\/pays-gapencais\\\/files\\\/2024\\\/01\\\/cropped-rvb-lpo-paca-logotype-signature-droite-mini-500.jpg\",\"contentUrl\":\"https:\\\/\\\/paca.lpo.fr\\\/blogs\\\/pays-gapencais\\\/files\\\/2024\\\/01\\\/cropped-rvb-lpo-paca-logotype-signature-droite-mini-500.jpg\",\"width\":500,\"height\":210,\"caption\":\"Groupe local Pays Gapen\u00e7ais\"},\"image\":{\"@id\":\"https:\\\/\\\/paca.lpo.fr\\\/blogs\\\/pays-gapencais\\\/#\\\/schema\\\/logo\\\/image\\\/\"}},{\"@type\":\"Person\",\"@id\":\"https:\\\/\\\/paca.lpo.fr\\\/blogs\\\/pays-gapencais\\\/#\\\/schema\\\/person\\\/f4701c21e2e412e301d69ea575732a07\",\"name\":\"LPOPACA\",\"image\":{\"@type\":\"ImageObject\",\"inLanguage\":\"fr-FR\",\"@id\":\"https:\\\/\\\/secure.gravatar.com\\\/avatar\\\/61b4fe4aeb906264475360b018582a8a825394c21df85ee757345c68c15ddd14?s=96&d=mm&r=g\",\"url\":\"https:\\\/\\\/secure.gravatar.com\\\/avatar\\\/61b4fe4aeb906264475360b018582a8a825394c21df85ee757345c68c15ddd14?s=96&d=mm&r=g\",\"contentUrl\":\"https:\\\/\\\/secure.gravatar.com\\\/avatar\\\/61b4fe4aeb906264475360b018582a8a825394c21df85ee757345c68c15ddd14?s=96&d=mm&r=g\",\"caption\":\"LPOPACA\"},\"url\":\"https:\\\/\\\/paca.lpo.fr\\\/blogs\\\/pays-gapencais\\\/author\\\/lpopaca\\\/\"}]}<\/script>\n<!-- \/ Yoast SEO plugin. -->","yoast_head_json":{"title":"J'AIME LA NATURE AU BORD DES CHEMINS au lac de l'Escale 04  - Groupe local Pays Gapen\u00e7ais","robots":{"index":"index","follow":"follow","max-snippet":"max-snippet:-1","max-image-preview":"max-image-preview:large","max-video-preview":"max-video-preview:-1"},"canonical":"http:\/\/paca.lpo.fr\/blogs\/pays-gapencais\/2010\/11\/10\/jaime-la-nature-au-bord-des-chemins-au-lac-de-lescale-04\/","og_locale":"fr_FR","og_type":"article","og_title":"J'AIME LA NATURE AU BORD DES CHEMINS au lac de l'Escale 04  - Groupe local Pays Gapen\u00e7ais","og_description":"Nous sommes 4 \u00e0 avoir rejoint le Groupe Local LPO de Bl\u00e9one-Durance, samedi 6 novembre 8h, \u00e0 l&rsquo;Escale. Nous ferons une longue marche autour du lac, \u00e0 la d\u00e9couverte des oiseaux, des arbres, et des insectes. Nous verrons de nombreux oiseaux: le Canard colvert, le Canard souchet, la Sarcelle d&rsquo;hiver,le Foulque macroule, quelques Galliules poule [&hellip;]","og_url":"http:\/\/paca.lpo.fr\/blogs\/pays-gapencais\/2010\/11\/10\/jaime-la-nature-au-bord-des-chemins-au-lac-de-lescale-04\/","og_site_name":"Groupe local Pays Gapen\u00e7ais","article_published_time":"2010-11-10T16:01:57+00:00","article_modified_time":"2012-06-29T12:56:35+00:00","og_image":[{"url":"http:\/\/paca.lpo.fr\/media\/k2\/items\/cache\/d3b3799d6611d677944f5f86a500beb3_L.jpg","type":"","width":"","height":""}],"author":"LPOPACA","twitter_card":"summary_large_image","twitter_misc":{"\u00c9crit par":"LPOPACA","Dur\u00e9e de lecture estim\u00e9e":"1 minute"},"schema":{"@context":"https:\/\/schema.org","@graph":[{"@type":"Article","@id":"http:\/\/paca.lpo.fr\/blogs\/pays-gapencais\/2010\/11\/10\/jaime-la-nature-au-bord-des-chemins-au-lac-de-lescale-04\/#article","isPartOf":{"@id":"http:\/\/paca.lpo.fr\/blogs\/pays-gapencais\/2010\/11\/10\/jaime-la-nature-au-bord-des-chemins-au-lac-de-lescale-04\/"},"author":{"name":"LPOPACA","@id":"https:\/\/paca.lpo.fr\/blogs\/pays-gapencais\/#\/schema\/person\/f4701c21e2e412e301d69ea575732a07"},"headline":"J&rsquo;AIME LA NATURE AU BORD DES CHEMINS au lac de l&rsquo;Escale 04","datePublished":"2010-11-10T16:01:57+00:00","dateModified":"2012-06-29T12:56:35+00:00","mainEntityOfPage":{"@id":"http:\/\/paca.lpo.fr\/blogs\/pays-gapencais\/2010\/11\/10\/jaime-la-nature-au-bord-des-chemins-au-lac-de-lescale-04\/"},"wordCount":237,"commentCount":0,"publisher":{"@id":"https:\/\/paca.lpo.fr\/blogs\/pays-gapencais\/#organization"},"image":{"@id":"http:\/\/paca.lpo.fr\/blogs\/pays-gapencais\/2010\/11\/10\/jaime-la-nature-au-bord-des-chemins-au-lac-de-lescale-04\/#primaryimage"},"thumbnailUrl":"http:\/\/paca.lpo.fr\/media\/k2\/items\/cache\/d3b3799d6611d677944f5f86a500beb3_L.jpg","keywords":["Bords","Chemins","gap","HautesAlpes","L'escale","Nature"],"inLanguage":"fr-FR","potentialAction":[{"@type":"CommentAction","name":"Comment","target":["http:\/\/paca.lpo.fr\/blogs\/pays-gapencais\/2010\/11\/10\/jaime-la-nature-au-bord-des-chemins-au-lac-de-lescale-04\/#respond"]}]},{"@type":"WebPage","@id":"http:\/\/paca.lpo.fr\/blogs\/pays-gapencais\/2010\/11\/10\/jaime-la-nature-au-bord-des-chemins-au-lac-de-lescale-04\/","url":"http:\/\/paca.lpo.fr\/blogs\/pays-gapencais\/2010\/11\/10\/jaime-la-nature-au-bord-des-chemins-au-lac-de-lescale-04\/","name":"J'AIME LA NATURE AU BORD DES CHEMINS au lac de l'Escale 04 - Groupe local Pays Gapen\u00e7ais","isPartOf":{"@id":"https:\/\/paca.lpo.fr\/blogs\/pays-gapencais\/#website"},"primaryImageOfPage":{"@id":"http:\/\/paca.lpo.fr\/blogs\/pays-gapencais\/2010\/11\/10\/jaime-la-nature-au-bord-des-chemins-au-lac-de-lescale-04\/#primaryimage"},"image":{"@id":"http:\/\/paca.lpo.fr\/blogs\/pays-gapencais\/2010\/11\/10\/jaime-la-nature-au-bord-des-chemins-au-lac-de-lescale-04\/#primaryimage"},"thumbnailUrl":"http:\/\/paca.lpo.fr\/media\/k2\/items\/cache\/d3b3799d6611d677944f5f86a500beb3_L.jpg","datePublished":"2010-11-10T16:01:57+00:00","dateModified":"2012-06-29T12:56:35+00:00","breadcrumb":{"@id":"http:\/\/paca.lpo.fr\/blogs\/pays-gapencais\/2010\/11\/10\/jaime-la-nature-au-bord-des-chemins-au-lac-de-lescale-04\/#breadcrumb"},"inLanguage":"fr-FR","potentialAction":[{"@type":"ReadAction","target":["http:\/\/paca.lpo.fr\/blogs\/pays-gapencais\/2010\/11\/10\/jaime-la-nature-au-bord-des-chemins-au-lac-de-lescale-04\/"]}]},{"@type":"ImageObject","inLanguage":"fr-FR","@id":"http:\/\/paca.lpo.fr\/blogs\/pays-gapencais\/2010\/11\/10\/jaime-la-nature-au-bord-des-chemins-au-lac-de-lescale-04\/#primaryimage","url":"http:\/\/paca.lpo.fr\/media\/k2\/items\/cache\/d3b3799d6611d677944f5f86a500beb3_L.jpg","contentUrl":"http:\/\/paca.lpo.fr\/media\/k2\/items\/cache\/d3b3799d6611d677944f5f86a500beb3_L.jpg"},{"@type":"BreadcrumbList","@id":"http:\/\/paca.lpo.fr\/blogs\/pays-gapencais\/2010\/11\/10\/jaime-la-nature-au-bord-des-chemins-au-lac-de-lescale-04\/#breadcrumb","itemListElement":[{"@type":"ListItem","position":1,"name":"Accueil","item":"https:\/\/paca.lpo.fr\/blogs\/pays-gapencais\/"},{"@type":"ListItem","position":2,"name":"J&rsquo;AIME LA NATURE AU BORD DES CHEMINS au lac de l&rsquo;Escale 04"}]},{"@type":"WebSite","@id":"https:\/\/paca.lpo.fr\/blogs\/pays-gapencais\/#website","url":"https:\/\/paca.lpo.fr\/blogs\/pays-gapencais\/","name":"Groupe local Pays Gapen\u00e7ais","description":"Groupe local Pays Gapen\u00e7ais","publisher":{"@id":"https:\/\/paca.lpo.fr\/blogs\/pays-gapencais\/#organization"},"potentialAction":[{"@type":"SearchAction","target":{"@type":"EntryPoint","urlTemplate":"https:\/\/paca.lpo.fr\/blogs\/pays-gapencais\/?s={search_term_string}"},"query-input":{"@type":"PropertyValueSpecification","valueRequired":true,"valueName":"search_term_string"}}],"inLanguage":"fr-FR"},{"@type":"Organization","@id":"https:\/\/paca.lpo.fr\/blogs\/pays-gapencais\/#organization","name":"Groupe local Pays Gapen\u00e7ais","url":"https:\/\/paca.lpo.fr\/blogs\/pays-gapencais\/","logo":{"@type":"ImageObject","inLanguage":"fr-FR","@id":"https:\/\/paca.lpo.fr\/blogs\/pays-gapencais\/#\/schema\/logo\/image\/","url":"https:\/\/paca.lpo.fr\/blogs\/pays-gapencais\/files\/2024\/01\/cropped-rvb-lpo-paca-logotype-signature-droite-mini-500.jpg","contentUrl":"https:\/\/paca.lpo.fr\/blogs\/pays-gapencais\/files\/2024\/01\/cropped-rvb-lpo-paca-logotype-signature-droite-mini-500.jpg","width":500,"height":210,"caption":"Groupe local Pays Gapen\u00e7ais"},"image":{"@id":"https:\/\/paca.lpo.fr\/blogs\/pays-gapencais\/#\/schema\/logo\/image\/"}},{"@type":"Person","@id":"https:\/\/paca.lpo.fr\/blogs\/pays-gapencais\/#\/schema\/person\/f4701c21e2e412e301d69ea575732a07","name":"LPOPACA","image":{"@type":"ImageObject","inLanguage":"fr-FR","@id":"https:\/\/secure.gravatar.com\/avatar\/61b4fe4aeb906264475360b018582a8a825394c21df85ee757345c68c15ddd14?s=96&d=mm&r=g","url":"https:\/\/secure.gravatar.com\/avatar\/61b4fe4aeb906264475360b018582a8a825394c21df85ee757345c68c15ddd14?s=96&d=mm&r=g","contentUrl":"https:\/\/secure.gravatar.com\/avatar\/61b4fe4aeb906264475360b018582a8a825394c21df85ee757345c68c15ddd14?s=96&d=mm&r=g","caption":"LPOPACA"},"url":"https:\/\/paca.lpo.fr\/blogs\/pays-gapencais\/author\/lpopaca\/"}]}},"jetpack_featured_media_url":"","_links":{"self":[{"href":"https:\/\/paca.lpo.fr\/blogs\/pays-gapencais\/wp-json\/wp\/v2\/posts\/7","targetHints":{"allow":["GET"]}}],"collection":[{"href":"https:\/\/paca.lpo.fr\/blogs\/pays-gapencais\/wp-json\/wp\/v2\/posts"}],"about":[{"href":"https:\/\/paca.lpo.fr\/blogs\/pays-gapencais\/wp-json\/wp\/v2\/types\/post"}],"author":[{"embeddable":true,"href":"https:\/\/paca.lpo.fr\/blogs\/pays-gapencais\/wp-json\/wp\/v2\/users\/1"}],"replies":[{"embeddable":true,"href":"https:\/\/paca.lpo.fr\/blogs\/pays-gapencais\/wp-json\/wp\/v2\/comments?post=7"}],"version-history":[{"count":3,"href":"https:\/\/paca.lpo.fr\/blogs\/pays-gapencais\/wp-json\/wp\/v2\/posts\/7\/revisions"}],"predecessor-version":[{"id":10,"href":"https:\/\/paca.lpo.fr\/blogs\/pays-gapencais\/wp-json\/wp\/v2\/posts\/7\/revisions\/10"}],"wp:attachment":[{"href":"https:\/\/paca.lpo.fr\/blogs\/pays-gapencais\/wp-json\/wp\/v2\/media?parent=7"}],"wp:term":[{"taxonomy":"category","embeddable":true,"href":"https:\/\/paca.lpo.fr\/blogs\/pays-gapencais\/wp-json\/wp\/v2\/categories?post=7"},{"taxonomy":"post_tag","embeddable":true,"href":"https:\/\/paca.lpo.fr\/blogs\/pays-gapencais\/wp-json\/wp\/v2\/tags?post=7"}],"curies":[{"name":"wp","href":"https:\/\/api.w.org\/{rel}","templated":true}]}}