{"id":71,"date":"2011-04-08T08:05:01","date_gmt":"2011-04-08T08:05:01","guid":{"rendered":"http:\/\/paca.lpo.fr\/blogs\/pays-gapencais\/?p=71"},"modified":"2012-06-29T13:40:36","modified_gmt":"2012-06-29T13:40:36","slug":"ravin-du-buzon-observation-des-circaetes-jean-le-blanc","status":"publish","type":"post","link":"https:\/\/paca.lpo.fr\/blogs\/pays-gapencais\/2011\/04\/08\/ravin-du-buzon-observation-des-circaetes-jean-le-blanc\/","title":{"rendered":"Ravin du Buzon : Observation des Circa\u00e8tes Jean-le-Blanc"},"content":{"rendered":"<div>\n<figure style=\"width: 470px\" class=\"wp-caption alignnone\"><img loading=\"lazy\" decoding=\"async\" src=\"http:\/\/paca.lpo.fr\/media\/k2\/items\/cache\/c10c64c27e0606d1654b81b9bb482558_XL.jpg\" alt=\"\" width=\"470\" height=\"353\" \/><figcaption class=\"wp-caption-text\">Ravin du Buzon\u00a0\u00a0\u00a0\u00a0\u00a0\u00a0\u00a0\u00a0\u00a0\u00a0\u00a0\u00a0\u00a0\u00a0\u00a0\u00a0\u00a0\u00a0\u00a0\u00a0\u00a0\u00a0\u00a0\u00a0\u00a0\u00a0\u00a0\u00a0\u00a0\u00a0\u00a0\u00a0\u00a0\u00a0\u00a0\u00a0\u00a0\u00a0\u00a0\u00a0\u00a0\u00a0\u00a0\u00a0\u00a0\u00a0\u00a0\u00a0\u00a0\u00a0\u00a0\u00a0\u00a0\u00a0\u00a0\u00a0\u00a0\u00a0\u00a0\u00a0\u00a0\u00a0\u00a0\u00a0\u00a0\u00a0\u00a0\u00a0\u00a0\u00a0\u00a0\u00a0\u00a0\u00a0\u00a0\u00a0\u00a0\u00a0\u00a0\u00a0\u00a0\u00a0\u00a0\u00a0\u00a0\u00a0\u00a0\u00a0\u00a0\u00a0\u00a0 LN<\/figcaption><\/figure>\n<p><em>7 avril 2011 &#8211; Ce soir, nous \u00e9tions 10 au rendez-vous donn\u00e9 par R\u00e9mi. Point d&rsquo;observation ensoleill\u00e9. Nous avons pu suivre les \u00e9volutions des Circa\u00e8tes \u00ab\u00a0habituels\u00a0\u00bb ; ceux arrivant du fond de la vall\u00e9e, survolant Chorges et piquant droit sur le Colombis, Avan\u00e7on, Valserres&#8230; puis, en d\u00e9but de soir\u00e9e, enfin !<\/em><\/p>\n<p><em>3 Circa\u00e8tes viennent dormir dans le ravin&#8230; descente ailes repli\u00e9es en parachutiste&#8230; \u00e0 suivre.<\/em><\/p>\n<\/div>\n","protected":false},"excerpt":{"rendered":"<p>7 avril 2011 &#8211; Ce soir, nous \u00e9tions 10 au rendez-vous donn\u00e9 par R\u00e9mi. Point d&rsquo;observation ensoleill\u00e9. Nous avons pu suivre les \u00e9volutions des Circa\u00e8tes \u00ab\u00a0habituels\u00a0\u00bb ; ceux arrivant du fond de la vall\u00e9e, survolant Chorges et piquant droit sur le Colombis, Avan\u00e7on, Valserres&#8230; puis, en d\u00e9but de soir\u00e9e, enfin ! 3 Circa\u00e8tes viennent dormir [&hellip;]<\/p>\n","protected":false},"author":1,"featured_media":0,"comment_status":"open","ping_status":"open","sticky":false,"template":"","format":"standard","meta":{"footnotes":""},"categories":[1],"tags":[34,3,12,4],"class_list":["post-71","post","type-post","status-publish","format-standard","hentry","category-non-classe","tag-circaete-jeanleblanc","tag-gap","tag-gapencais","tag-hautesalpes"],"yoast_head":"<!-- This site is optimized with the Yoast SEO plugin v28.3 - https:\/\/yoast.com\/product\/yoast-seo-wordpress\/ -->\n<title>Ravin du Buzon : Observation des Circa\u00e8tes Jean-le-Blanc  - Groupe local Pays Gapen\u00e7ais<\/title>\n<meta name=\"robots\" content=\"index, follow, max-snippet:-1, max-image-preview:large, max-video-preview:-1\" \/>\n<link rel=\"canonical\" href=\"https:\/\/paca.lpo.fr\/blogs\/pays-gapencais\/2011\/04\/08\/ravin-du-buzon-observation-des-circaetes-jean-le-blanc\/\" \/>\n<meta property=\"og:locale\" content=\"fr_FR\" \/>\n<meta property=\"og:type\" content=\"article\" \/>\n<meta property=\"og:title\" content=\"Ravin du Buzon : Observation des Circa\u00e8tes Jean-le-Blanc  - Groupe local Pays Gapen\u00e7ais\" \/>\n<meta property=\"og:description\" content=\"7 avril 2011 &#8211; Ce soir, nous \u00e9tions 10 au rendez-vous donn\u00e9 par R\u00e9mi. Point d&rsquo;observation ensoleill\u00e9. Nous avons pu suivre les \u00e9volutions des Circa\u00e8tes \u00ab\u00a0habituels\u00a0\u00bb ; ceux arrivant du fond de la vall\u00e9e, survolant Chorges et piquant droit sur le Colombis, Avan\u00e7on, Valserres&#8230; puis, en d\u00e9but de soir\u00e9e, enfin ! 3 Circa\u00e8tes viennent dormir [&hellip;]\" \/>\n<meta property=\"og:url\" content=\"https:\/\/paca.lpo.fr\/blogs\/pays-gapencais\/2011\/04\/08\/ravin-du-buzon-observation-des-circaetes-jean-le-blanc\/\" \/>\n<meta property=\"og:site_name\" content=\"Groupe local Pays Gapen\u00e7ais\" \/>\n<meta property=\"article:published_time\" content=\"2011-04-08T08:05:01+00:00\" \/>\n<meta property=\"article:modified_time\" content=\"2012-06-29T13:40:36+00:00\" \/>\n<meta property=\"og:image\" content=\"http:\/\/paca.lpo.fr\/media\/k2\/items\/cache\/c10c64c27e0606d1654b81b9bb482558_XL.jpg\" \/>\n<meta name=\"author\" content=\"LPOPACA\" \/>\n<meta name=\"twitter:card\" content=\"summary_large_image\" \/>\n<meta name=\"twitter:label1\" content=\"\u00c9crit par\" \/>\n\t<meta name=\"twitter:data1\" content=\"LPOPACA\" \/>\n<script type=\"application\/ld+json\" class=\"yoast-schema-graph\">{\"@context\":\"https:\\\/\\\/schema.org\",\"@graph\":[{\"@type\":\"Article\",\"@id\":\"https:\\\/\\\/paca.lpo.fr\\\/blogs\\\/pays-gapencais\\\/2011\\\/04\\\/08\\\/ravin-du-buzon-observation-des-circaetes-jean-le-blanc\\\/#article\",\"isPartOf\":{\"@id\":\"https:\\\/\\\/paca.lpo.fr\\\/blogs\\\/pays-gapencais\\\/2011\\\/04\\\/08\\\/ravin-du-buzon-observation-des-circaetes-jean-le-blanc\\\/\"},\"author\":{\"name\":\"LPOPACA\",\"@id\":\"https:\\\/\\\/paca.lpo.fr\\\/blogs\\\/pays-gapencais\\\/#\\\/schema\\\/person\\\/f4701c21e2e412e301d69ea575732a07\"},\"headline\":\"Ravin du Buzon : Observation des Circa\u00e8tes Jean-le-Blanc\",\"datePublished\":\"2011-04-08T08:05:01+00:00\",\"dateModified\":\"2012-06-29T13:40:36+00:00\",\"mainEntityOfPage\":{\"@id\":\"https:\\\/\\\/paca.lpo.fr\\\/blogs\\\/pays-gapencais\\\/2011\\\/04\\\/08\\\/ravin-du-buzon-observation-des-circaetes-jean-le-blanc\\\/\"},\"wordCount\":85,\"commentCount\":0,\"publisher\":{\"@id\":\"https:\\\/\\\/paca.lpo.fr\\\/blogs\\\/pays-gapencais\\\/#organization\"},\"image\":{\"@id\":\"https:\\\/\\\/paca.lpo.fr\\\/blogs\\\/pays-gapencais\\\/2011\\\/04\\\/08\\\/ravin-du-buzon-observation-des-circaetes-jean-le-blanc\\\/#primaryimage\"},\"thumbnailUrl\":\"http:\\\/\\\/paca.lpo.fr\\\/media\\\/k2\\\/items\\\/cache\\\/c10c64c27e0606d1654b81b9bb482558_XL.jpg\",\"keywords\":[\"Circa\u00e8te JeanleBlanc\",\"gap\",\"Gapen\u00e7ais\",\"HautesAlpes\"],\"inLanguage\":\"fr-FR\",\"potentialAction\":[{\"@type\":\"CommentAction\",\"name\":\"Comment\",\"target\":[\"https:\\\/\\\/paca.lpo.fr\\\/blogs\\\/pays-gapencais\\\/2011\\\/04\\\/08\\\/ravin-du-buzon-observation-des-circaetes-jean-le-blanc\\\/#respond\"]}]},{\"@type\":\"WebPage\",\"@id\":\"https:\\\/\\\/paca.lpo.fr\\\/blogs\\\/pays-gapencais\\\/2011\\\/04\\\/08\\\/ravin-du-buzon-observation-des-circaetes-jean-le-blanc\\\/\",\"url\":\"https:\\\/\\\/paca.lpo.fr\\\/blogs\\\/pays-gapencais\\\/2011\\\/04\\\/08\\\/ravin-du-buzon-observation-des-circaetes-jean-le-blanc\\\/\",\"name\":\"Ravin du Buzon : Observation des Circa\u00e8tes Jean-le-Blanc - Groupe local Pays Gapen\u00e7ais\",\"isPartOf\":{\"@id\":\"https:\\\/\\\/paca.lpo.fr\\\/blogs\\\/pays-gapencais\\\/#website\"},\"primaryImageOfPage\":{\"@id\":\"https:\\\/\\\/paca.lpo.fr\\\/blogs\\\/pays-gapencais\\\/2011\\\/04\\\/08\\\/ravin-du-buzon-observation-des-circaetes-jean-le-blanc\\\/#primaryimage\"},\"image\":{\"@id\":\"https:\\\/\\\/paca.lpo.fr\\\/blogs\\\/pays-gapencais\\\/2011\\\/04\\\/08\\\/ravin-du-buzon-observation-des-circaetes-jean-le-blanc\\\/#primaryimage\"},\"thumbnailUrl\":\"http:\\\/\\\/paca.lpo.fr\\\/media\\\/k2\\\/items\\\/cache\\\/c10c64c27e0606d1654b81b9bb482558_XL.jpg\",\"datePublished\":\"2011-04-08T08:05:01+00:00\",\"dateModified\":\"2012-06-29T13:40:36+00:00\",\"breadcrumb\":{\"@id\":\"https:\\\/\\\/paca.lpo.fr\\\/blogs\\\/pays-gapencais\\\/2011\\\/04\\\/08\\\/ravin-du-buzon-observation-des-circaetes-jean-le-blanc\\\/#breadcrumb\"},\"inLanguage\":\"fr-FR\",\"potentialAction\":[{\"@type\":\"ReadAction\",\"target\":[\"https:\\\/\\\/paca.lpo.fr\\\/blogs\\\/pays-gapencais\\\/2011\\\/04\\\/08\\\/ravin-du-buzon-observation-des-circaetes-jean-le-blanc\\\/\"]}]},{\"@type\":\"ImageObject\",\"inLanguage\":\"fr-FR\",\"@id\":\"https:\\\/\\\/paca.lpo.fr\\\/blogs\\\/pays-gapencais\\\/2011\\\/04\\\/08\\\/ravin-du-buzon-observation-des-circaetes-jean-le-blanc\\\/#primaryimage\",\"url\":\"http:\\\/\\\/paca.lpo.fr\\\/media\\\/k2\\\/items\\\/cache\\\/c10c64c27e0606d1654b81b9bb482558_XL.jpg\",\"contentUrl\":\"http:\\\/\\\/paca.lpo.fr\\\/media\\\/k2\\\/items\\\/cache\\\/c10c64c27e0606d1654b81b9bb482558_XL.jpg\"},{\"@type\":\"BreadcrumbList\",\"@id\":\"https:\\\/\\\/paca.lpo.fr\\\/blogs\\\/pays-gapencais\\\/2011\\\/04\\\/08\\\/ravin-du-buzon-observation-des-circaetes-jean-le-blanc\\\/#breadcrumb\",\"itemListElement\":[{\"@type\":\"ListItem\",\"position\":1,\"name\":\"Accueil\",\"item\":\"https:\\\/\\\/paca.lpo.fr\\\/blogs\\\/pays-gapencais\\\/\"},{\"@type\":\"ListItem\",\"position\":2,\"name\":\"Ravin du Buzon : Observation des Circa\u00e8tes Jean-le-Blanc\"}]},{\"@type\":\"WebSite\",\"@id\":\"https:\\\/\\\/paca.lpo.fr\\\/blogs\\\/pays-gapencais\\\/#website\",\"url\":\"https:\\\/\\\/paca.lpo.fr\\\/blogs\\\/pays-gapencais\\\/\",\"name\":\"Groupe local Pays Gapen\u00e7ais\",\"description\":\"Groupe local Pays Gapen\u00e7ais\",\"publisher\":{\"@id\":\"https:\\\/\\\/paca.lpo.fr\\\/blogs\\\/pays-gapencais\\\/#organization\"},\"potentialAction\":[{\"@type\":\"SearchAction\",\"target\":{\"@type\":\"EntryPoint\",\"urlTemplate\":\"https:\\\/\\\/paca.lpo.fr\\\/blogs\\\/pays-gapencais\\\/?s={search_term_string}\"},\"query-input\":{\"@type\":\"PropertyValueSpecification\",\"valueRequired\":true,\"valueName\":\"search_term_string\"}}],\"inLanguage\":\"fr-FR\"},{\"@type\":\"Organization\",\"@id\":\"https:\\\/\\\/paca.lpo.fr\\\/blogs\\\/pays-gapencais\\\/#organization\",\"name\":\"Groupe local Pays Gapen\u00e7ais\",\"url\":\"https:\\\/\\\/paca.lpo.fr\\\/blogs\\\/pays-gapencais\\\/\",\"logo\":{\"@type\":\"ImageObject\",\"inLanguage\":\"fr-FR\",\"@id\":\"https:\\\/\\\/paca.lpo.fr\\\/blogs\\\/pays-gapencais\\\/#\\\/schema\\\/logo\\\/image\\\/\",\"url\":\"https:\\\/\\\/paca.lpo.fr\\\/blogs\\\/pays-gapencais\\\/files\\\/2024\\\/01\\\/cropped-rvb-lpo-paca-logotype-signature-droite-mini-500.jpg\",\"contentUrl\":\"https:\\\/\\\/paca.lpo.fr\\\/blogs\\\/pays-gapencais\\\/files\\\/2024\\\/01\\\/cropped-rvb-lpo-paca-logotype-signature-droite-mini-500.jpg\",\"width\":500,\"height\":210,\"caption\":\"Groupe local Pays Gapen\u00e7ais\"},\"image\":{\"@id\":\"https:\\\/\\\/paca.lpo.fr\\\/blogs\\\/pays-gapencais\\\/#\\\/schema\\\/logo\\\/image\\\/\"}},{\"@type\":\"Person\",\"@id\":\"https:\\\/\\\/paca.lpo.fr\\\/blogs\\\/pays-gapencais\\\/#\\\/schema\\\/person\\\/f4701c21e2e412e301d69ea575732a07\",\"name\":\"LPOPACA\",\"image\":{\"@type\":\"ImageObject\",\"inLanguage\":\"fr-FR\",\"@id\":\"https:\\\/\\\/secure.gravatar.com\\\/avatar\\\/61b4fe4aeb906264475360b018582a8a825394c21df85ee757345c68c15ddd14?s=96&d=mm&r=g\",\"url\":\"https:\\\/\\\/secure.gravatar.com\\\/avatar\\\/61b4fe4aeb906264475360b018582a8a825394c21df85ee757345c68c15ddd14?s=96&d=mm&r=g\",\"contentUrl\":\"https:\\\/\\\/secure.gravatar.com\\\/avatar\\\/61b4fe4aeb906264475360b018582a8a825394c21df85ee757345c68c15ddd14?s=96&d=mm&r=g\",\"caption\":\"LPOPACA\"},\"url\":\"https:\\\/\\\/paca.lpo.fr\\\/blogs\\\/pays-gapencais\\\/author\\\/lpopaca\\\/\"}]}<\/script>\n<!-- \/ Yoast SEO plugin. -->","yoast_head_json":{"title":"Ravin du Buzon : Observation des Circa\u00e8tes Jean-le-Blanc  - Groupe local Pays Gapen\u00e7ais","robots":{"index":"index","follow":"follow","max-snippet":"max-snippet:-1","max-image-preview":"max-image-preview:large","max-video-preview":"max-video-preview:-1"},"canonical":"https:\/\/paca.lpo.fr\/blogs\/pays-gapencais\/2011\/04\/08\/ravin-du-buzon-observation-des-circaetes-jean-le-blanc\/","og_locale":"fr_FR","og_type":"article","og_title":"Ravin du Buzon : Observation des Circa\u00e8tes Jean-le-Blanc  - Groupe local Pays Gapen\u00e7ais","og_description":"7 avril 2011 &#8211; Ce soir, nous \u00e9tions 10 au rendez-vous donn\u00e9 par R\u00e9mi. Point d&rsquo;observation ensoleill\u00e9. Nous avons pu suivre les \u00e9volutions des Circa\u00e8tes \u00ab\u00a0habituels\u00a0\u00bb ; ceux arrivant du fond de la vall\u00e9e, survolant Chorges et piquant droit sur le Colombis, Avan\u00e7on, Valserres&#8230; puis, en d\u00e9but de soir\u00e9e, enfin ! 3 Circa\u00e8tes viennent dormir [&hellip;]","og_url":"https:\/\/paca.lpo.fr\/blogs\/pays-gapencais\/2011\/04\/08\/ravin-du-buzon-observation-des-circaetes-jean-le-blanc\/","og_site_name":"Groupe local Pays Gapen\u00e7ais","article_published_time":"2011-04-08T08:05:01+00:00","article_modified_time":"2012-06-29T13:40:36+00:00","og_image":[{"url":"http:\/\/paca.lpo.fr\/media\/k2\/items\/cache\/c10c64c27e0606d1654b81b9bb482558_XL.jpg","type":"","width":"","height":""}],"author":"LPOPACA","twitter_card":"summary_large_image","twitter_misc":{"\u00c9crit par":"LPOPACA"},"schema":{"@context":"https:\/\/schema.org","@graph":[{"@type":"Article","@id":"https:\/\/paca.lpo.fr\/blogs\/pays-gapencais\/2011\/04\/08\/ravin-du-buzon-observation-des-circaetes-jean-le-blanc\/#article","isPartOf":{"@id":"https:\/\/paca.lpo.fr\/blogs\/pays-gapencais\/2011\/04\/08\/ravin-du-buzon-observation-des-circaetes-jean-le-blanc\/"},"author":{"name":"LPOPACA","@id":"https:\/\/paca.lpo.fr\/blogs\/pays-gapencais\/#\/schema\/person\/f4701c21e2e412e301d69ea575732a07"},"headline":"Ravin du Buzon : Observation des Circa\u00e8tes Jean-le-Blanc","datePublished":"2011-04-08T08:05:01+00:00","dateModified":"2012-06-29T13:40:36+00:00","mainEntityOfPage":{"@id":"https:\/\/paca.lpo.fr\/blogs\/pays-gapencais\/2011\/04\/08\/ravin-du-buzon-observation-des-circaetes-jean-le-blanc\/"},"wordCount":85,"commentCount":0,"publisher":{"@id":"https:\/\/paca.lpo.fr\/blogs\/pays-gapencais\/#organization"},"image":{"@id":"https:\/\/paca.lpo.fr\/blogs\/pays-gapencais\/2011\/04\/08\/ravin-du-buzon-observation-des-circaetes-jean-le-blanc\/#primaryimage"},"thumbnailUrl":"http:\/\/paca.lpo.fr\/media\/k2\/items\/cache\/c10c64c27e0606d1654b81b9bb482558_XL.jpg","keywords":["Circa\u00e8te JeanleBlanc","gap","Gapen\u00e7ais","HautesAlpes"],"inLanguage":"fr-FR","potentialAction":[{"@type":"CommentAction","name":"Comment","target":["https:\/\/paca.lpo.fr\/blogs\/pays-gapencais\/2011\/04\/08\/ravin-du-buzon-observation-des-circaetes-jean-le-blanc\/#respond"]}]},{"@type":"WebPage","@id":"https:\/\/paca.lpo.fr\/blogs\/pays-gapencais\/2011\/04\/08\/ravin-du-buzon-observation-des-circaetes-jean-le-blanc\/","url":"https:\/\/paca.lpo.fr\/blogs\/pays-gapencais\/2011\/04\/08\/ravin-du-buzon-observation-des-circaetes-jean-le-blanc\/","name":"Ravin du Buzon : Observation des Circa\u00e8tes Jean-le-Blanc - Groupe local Pays Gapen\u00e7ais","isPartOf":{"@id":"https:\/\/paca.lpo.fr\/blogs\/pays-gapencais\/#website"},"primaryImageOfPage":{"@id":"https:\/\/paca.lpo.fr\/blogs\/pays-gapencais\/2011\/04\/08\/ravin-du-buzon-observation-des-circaetes-jean-le-blanc\/#primaryimage"},"image":{"@id":"https:\/\/paca.lpo.fr\/blogs\/pays-gapencais\/2011\/04\/08\/ravin-du-buzon-observation-des-circaetes-jean-le-blanc\/#primaryimage"},"thumbnailUrl":"http:\/\/paca.lpo.fr\/media\/k2\/items\/cache\/c10c64c27e0606d1654b81b9bb482558_XL.jpg","datePublished":"2011-04-08T08:05:01+00:00","dateModified":"2012-06-29T13:40:36+00:00","breadcrumb":{"@id":"https:\/\/paca.lpo.fr\/blogs\/pays-gapencais\/2011\/04\/08\/ravin-du-buzon-observation-des-circaetes-jean-le-blanc\/#breadcrumb"},"inLanguage":"fr-FR","potentialAction":[{"@type":"ReadAction","target":["https:\/\/paca.lpo.fr\/blogs\/pays-gapencais\/2011\/04\/08\/ravin-du-buzon-observation-des-circaetes-jean-le-blanc\/"]}]},{"@type":"ImageObject","inLanguage":"fr-FR","@id":"https:\/\/paca.lpo.fr\/blogs\/pays-gapencais\/2011\/04\/08\/ravin-du-buzon-observation-des-circaetes-jean-le-blanc\/#primaryimage","url":"http:\/\/paca.lpo.fr\/media\/k2\/items\/cache\/c10c64c27e0606d1654b81b9bb482558_XL.jpg","contentUrl":"http:\/\/paca.lpo.fr\/media\/k2\/items\/cache\/c10c64c27e0606d1654b81b9bb482558_XL.jpg"},{"@type":"BreadcrumbList","@id":"https:\/\/paca.lpo.fr\/blogs\/pays-gapencais\/2011\/04\/08\/ravin-du-buzon-observation-des-circaetes-jean-le-blanc\/#breadcrumb","itemListElement":[{"@type":"ListItem","position":1,"name":"Accueil","item":"https:\/\/paca.lpo.fr\/blogs\/pays-gapencais\/"},{"@type":"ListItem","position":2,"name":"Ravin du Buzon : Observation des Circa\u00e8tes Jean-le-Blanc"}]},{"@type":"WebSite","@id":"https:\/\/paca.lpo.fr\/blogs\/pays-gapencais\/#website","url":"https:\/\/paca.lpo.fr\/blogs\/pays-gapencais\/","name":"Groupe local Pays Gapen\u00e7ais","description":"Groupe local Pays Gapen\u00e7ais","publisher":{"@id":"https:\/\/paca.lpo.fr\/blogs\/pays-gapencais\/#organization"},"potentialAction":[{"@type":"SearchAction","target":{"@type":"EntryPoint","urlTemplate":"https:\/\/paca.lpo.fr\/blogs\/pays-gapencais\/?s={search_term_string}"},"query-input":{"@type":"PropertyValueSpecification","valueRequired":true,"valueName":"search_term_string"}}],"inLanguage":"fr-FR"},{"@type":"Organization","@id":"https:\/\/paca.lpo.fr\/blogs\/pays-gapencais\/#organization","name":"Groupe local Pays Gapen\u00e7ais","url":"https:\/\/paca.lpo.fr\/blogs\/pays-gapencais\/","logo":{"@type":"ImageObject","inLanguage":"fr-FR","@id":"https:\/\/paca.lpo.fr\/blogs\/pays-gapencais\/#\/schema\/logo\/image\/","url":"https:\/\/paca.lpo.fr\/blogs\/pays-gapencais\/files\/2024\/01\/cropped-rvb-lpo-paca-logotype-signature-droite-mini-500.jpg","contentUrl":"https:\/\/paca.lpo.fr\/blogs\/pays-gapencais\/files\/2024\/01\/cropped-rvb-lpo-paca-logotype-signature-droite-mini-500.jpg","width":500,"height":210,"caption":"Groupe local Pays Gapen\u00e7ais"},"image":{"@id":"https:\/\/paca.lpo.fr\/blogs\/pays-gapencais\/#\/schema\/logo\/image\/"}},{"@type":"Person","@id":"https:\/\/paca.lpo.fr\/blogs\/pays-gapencais\/#\/schema\/person\/f4701c21e2e412e301d69ea575732a07","name":"LPOPACA","image":{"@type":"ImageObject","inLanguage":"fr-FR","@id":"https:\/\/secure.gravatar.com\/avatar\/61b4fe4aeb906264475360b018582a8a825394c21df85ee757345c68c15ddd14?s=96&d=mm&r=g","url":"https:\/\/secure.gravatar.com\/avatar\/61b4fe4aeb906264475360b018582a8a825394c21df85ee757345c68c15ddd14?s=96&d=mm&r=g","contentUrl":"https:\/\/secure.gravatar.com\/avatar\/61b4fe4aeb906264475360b018582a8a825394c21df85ee757345c68c15ddd14?s=96&d=mm&r=g","caption":"LPOPACA"},"url":"https:\/\/paca.lpo.fr\/blogs\/pays-gapencais\/author\/lpopaca\/"}]}},"jetpack_featured_media_url":"","_links":{"self":[{"href":"https:\/\/paca.lpo.fr\/blogs\/pays-gapencais\/wp-json\/wp\/v2\/posts\/71","targetHints":{"allow":["GET"]}}],"collection":[{"href":"https:\/\/paca.lpo.fr\/blogs\/pays-gapencais\/wp-json\/wp\/v2\/posts"}],"about":[{"href":"https:\/\/paca.lpo.fr\/blogs\/pays-gapencais\/wp-json\/wp\/v2\/types\/post"}],"author":[{"embeddable":true,"href":"https:\/\/paca.lpo.fr\/blogs\/pays-gapencais\/wp-json\/wp\/v2\/users\/1"}],"replies":[{"embeddable":true,"href":"https:\/\/paca.lpo.fr\/blogs\/pays-gapencais\/wp-json\/wp\/v2\/comments?post=71"}],"version-history":[{"count":2,"href":"https:\/\/paca.lpo.fr\/blogs\/pays-gapencais\/wp-json\/wp\/v2\/posts\/71\/revisions"}],"predecessor-version":[{"id":73,"href":"https:\/\/paca.lpo.fr\/blogs\/pays-gapencais\/wp-json\/wp\/v2\/posts\/71\/revisions\/73"}],"wp:attachment":[{"href":"https:\/\/paca.lpo.fr\/blogs\/pays-gapencais\/wp-json\/wp\/v2\/media?parent=71"}],"wp:term":[{"taxonomy":"category","embeddable":true,"href":"https:\/\/paca.lpo.fr\/blogs\/pays-gapencais\/wp-json\/wp\/v2\/categories?post=71"},{"taxonomy":"post_tag","embeddable":true,"href":"https:\/\/paca.lpo.fr\/blogs\/pays-gapencais\/wp-json\/wp\/v2\/tags?post=71"}],"curies":[{"name":"wp","href":"https:\/\/api.w.org\/{rel}","templated":true}]}}