{"id":74,"date":"2011-04-10T17:52:39","date_gmt":"2011-04-10T17:52:39","guid":{"rendered":"http:\/\/paca.lpo.fr\/blogs\/pays-gapencais\/?p=74"},"modified":"2012-06-29T13:42:28","modified_gmt":"2012-06-29T13:42:28","slug":"charance-observation-des-circaetes-jean-le-blanc","status":"publish","type":"post","link":"https:\/\/paca.lpo.fr\/blogs\/pays-gapencais\/2011\/04\/10\/charance-observation-des-circaetes-jean-le-blanc\/","title":{"rendered":"Charance : Observation des Circa\u00e8tes Jean-le Blanc"},"content":{"rendered":"<figure style=\"width: 450px\" class=\"wp-caption alignnone\"><img loading=\"lazy\" decoding=\"async\" src=\"http:\/\/paca.lpo.fr\/media\/k2\/items\/cache\/15d43aef6c8a5134e1fc00a9c98b8ab0_L.jpg\" alt=\"\" width=\"450\" height=\"338\" \/><figcaption class=\"wp-caption-text\">Infid\u00e9lit\u00e9 aux Circa\u00e8tes\u00a0\u00a0\u00a0\u00a0\u00a0\u00a0\u00a0\u00a0\u00a0\u00a0\u00a0\u00a0\u00a0\u00a0\u00a0\u00a0\u00a0\u00a0\u00a0\u00a0\u00a0\u00a0\u00a0\u00a0\u00a0\u00a0\u00a0\u00a0\u00a0\u00a0\u00a0\u00a0\u00a0\u00a0\u00a0\u00a0\u00a0\u00a0\u00a0\u00a0\u00a0\u00a0\u00a0\u00a0\u00a0\u00a0\u00a0\u00a0\u00a0\u00a0\u00a0\u00a0\u00a0\u00a0\u00a0\u00a0\u00a0\u00a0\u00a0\u00a0\u00a0\u00a0\u00a0\u00a0\u00a0\u00a0\u00a0\u00a0\u00a0\u00a0\u00a0\u00a0\u00a0\u00a0\u00a0\u00a0\u00a0\u00a0 LN<\/figcaption><\/figure>\n<p>9 avril 2011 &#8211; 7 circa\u00e8tes observ\u00e9s sur les flancs de Charance, 6 ensemble et 1 \u00e0 proximit\u00e9 !!!<\/p>\n<p>Non non, on avait pas encore ouvert les bouteilles de ros\u00e9&#8230;<\/p>\n<p>Parades, prise de serres, oiseaux se posant en sommet de sapins ailes ouvertes&#8230;<\/p>\n<p>Que doit on en penser <strong>?<\/strong> Apr\u00e8s les trios, les septuors ?&#8230; Affaire \u00e0 suivre !<\/p>\n<p>Et pour clore\u00a0cette soir\u00e9e, un pique-nique \u00ab\u00a0aux chandelles\u00a0\u00bb, d&rsquo;ou le ros\u00e9, et l&rsquo;observation du peu de Lune visible ce soir l\u00e0, toute aussi impressionnante que les Circas !<\/p>\n<p>RB &#8211; LN<\/p>\n","protected":false},"excerpt":{"rendered":"<p>9 avril 2011 &#8211; 7 circa\u00e8tes observ\u00e9s sur les flancs de Charance, 6 ensemble et 1 \u00e0 proximit\u00e9 !!! Non non, on avait pas encore ouvert les bouteilles de ros\u00e9&#8230; Parades, prise de serres, oiseaux se posant en sommet de sapins ailes ouvertes&#8230; Que doit on en penser ? Apr\u00e8s les trios, les septuors ?&#8230; [&hellip;]<\/p>\n","protected":false},"author":1,"featured_media":0,"comment_status":"open","ping_status":"open","sticky":false,"template":"","format":"standard","meta":{"footnotes":""},"categories":[1],"tags":[34,3,12,4],"class_list":["post-74","post","type-post","status-publish","format-standard","hentry","category-non-classe","tag-circaete-jeanleblanc","tag-gap","tag-gapencais","tag-hautesalpes"],"yoast_head":"<!-- This site is optimized with the Yoast SEO plugin v28.3 - https:\/\/yoast.com\/product\/yoast-seo-wordpress\/ -->\n<title>Charance : Observation des Circa\u00e8tes Jean-le Blanc  - Groupe local Pays Gapen\u00e7ais<\/title>\n<meta name=\"robots\" content=\"index, follow, max-snippet:-1, max-image-preview:large, max-video-preview:-1\" \/>\n<link rel=\"canonical\" href=\"https:\/\/paca.lpo.fr\/blogs\/pays-gapencais\/2011\/04\/10\/charance-observation-des-circaetes-jean-le-blanc\/\" \/>\n<meta property=\"og:locale\" content=\"fr_FR\" \/>\n<meta property=\"og:type\" content=\"article\" \/>\n<meta property=\"og:title\" content=\"Charance : Observation des Circa\u00e8tes Jean-le Blanc  - Groupe local Pays Gapen\u00e7ais\" \/>\n<meta property=\"og:description\" content=\"9 avril 2011 &#8211; 7 circa\u00e8tes observ\u00e9s sur les flancs de Charance, 6 ensemble et 1 \u00e0 proximit\u00e9 !!! Non non, on avait pas encore ouvert les bouteilles de ros\u00e9&#8230; Parades, prise de serres, oiseaux se posant en sommet de sapins ailes ouvertes&#8230; Que doit on en penser ? Apr\u00e8s les trios, les septuors ?&#8230; [&hellip;]\" \/>\n<meta property=\"og:url\" content=\"https:\/\/paca.lpo.fr\/blogs\/pays-gapencais\/2011\/04\/10\/charance-observation-des-circaetes-jean-le-blanc\/\" \/>\n<meta property=\"og:site_name\" content=\"Groupe local Pays Gapen\u00e7ais\" \/>\n<meta property=\"article:published_time\" content=\"2011-04-10T17:52:39+00:00\" \/>\n<meta property=\"article:modified_time\" content=\"2012-06-29T13:42:28+00:00\" \/>\n<meta property=\"og:image\" content=\"http:\/\/paca.lpo.fr\/media\/k2\/items\/cache\/15d43aef6c8a5134e1fc00a9c98b8ab0_L.jpg\" \/>\n<meta name=\"author\" content=\"LPOPACA\" \/>\n<meta name=\"twitter:card\" content=\"summary_large_image\" \/>\n<meta name=\"twitter:label1\" content=\"\u00c9crit par\" \/>\n\t<meta name=\"twitter:data1\" content=\"LPOPACA\" \/>\n<script type=\"application\/ld+json\" class=\"yoast-schema-graph\">{\"@context\":\"https:\\\/\\\/schema.org\",\"@graph\":[{\"@type\":\"Article\",\"@id\":\"https:\\\/\\\/paca.lpo.fr\\\/blogs\\\/pays-gapencais\\\/2011\\\/04\\\/10\\\/charance-observation-des-circaetes-jean-le-blanc\\\/#article\",\"isPartOf\":{\"@id\":\"https:\\\/\\\/paca.lpo.fr\\\/blogs\\\/pays-gapencais\\\/2011\\\/04\\\/10\\\/charance-observation-des-circaetes-jean-le-blanc\\\/\"},\"author\":{\"name\":\"LPOPACA\",\"@id\":\"https:\\\/\\\/paca.lpo.fr\\\/blogs\\\/pays-gapencais\\\/#\\\/schema\\\/person\\\/f4701c21e2e412e301d69ea575732a07\"},\"headline\":\"Charance : Observation des Circa\u00e8tes Jean-le Blanc\",\"datePublished\":\"2011-04-10T17:52:39+00:00\",\"dateModified\":\"2012-06-29T13:42:28+00:00\",\"mainEntityOfPage\":{\"@id\":\"https:\\\/\\\/paca.lpo.fr\\\/blogs\\\/pays-gapencais\\\/2011\\\/04\\\/10\\\/charance-observation-des-circaetes-jean-le-blanc\\\/\"},\"wordCount\":104,\"commentCount\":0,\"publisher\":{\"@id\":\"https:\\\/\\\/paca.lpo.fr\\\/blogs\\\/pays-gapencais\\\/#organization\"},\"image\":{\"@id\":\"https:\\\/\\\/paca.lpo.fr\\\/blogs\\\/pays-gapencais\\\/2011\\\/04\\\/10\\\/charance-observation-des-circaetes-jean-le-blanc\\\/#primaryimage\"},\"thumbnailUrl\":\"http:\\\/\\\/paca.lpo.fr\\\/media\\\/k2\\\/items\\\/cache\\\/15d43aef6c8a5134e1fc00a9c98b8ab0_L.jpg\",\"keywords\":[\"Circa\u00e8te JeanleBlanc\",\"gap\",\"Gapen\u00e7ais\",\"HautesAlpes\"],\"inLanguage\":\"fr-FR\",\"potentialAction\":[{\"@type\":\"CommentAction\",\"name\":\"Comment\",\"target\":[\"https:\\\/\\\/paca.lpo.fr\\\/blogs\\\/pays-gapencais\\\/2011\\\/04\\\/10\\\/charance-observation-des-circaetes-jean-le-blanc\\\/#respond\"]}]},{\"@type\":\"WebPage\",\"@id\":\"https:\\\/\\\/paca.lpo.fr\\\/blogs\\\/pays-gapencais\\\/2011\\\/04\\\/10\\\/charance-observation-des-circaetes-jean-le-blanc\\\/\",\"url\":\"https:\\\/\\\/paca.lpo.fr\\\/blogs\\\/pays-gapencais\\\/2011\\\/04\\\/10\\\/charance-observation-des-circaetes-jean-le-blanc\\\/\",\"name\":\"Charance : Observation des Circa\u00e8tes Jean-le Blanc - Groupe local Pays Gapen\u00e7ais\",\"isPartOf\":{\"@id\":\"https:\\\/\\\/paca.lpo.fr\\\/blogs\\\/pays-gapencais\\\/#website\"},\"primaryImageOfPage\":{\"@id\":\"https:\\\/\\\/paca.lpo.fr\\\/blogs\\\/pays-gapencais\\\/2011\\\/04\\\/10\\\/charance-observation-des-circaetes-jean-le-blanc\\\/#primaryimage\"},\"image\":{\"@id\":\"https:\\\/\\\/paca.lpo.fr\\\/blogs\\\/pays-gapencais\\\/2011\\\/04\\\/10\\\/charance-observation-des-circaetes-jean-le-blanc\\\/#primaryimage\"},\"thumbnailUrl\":\"http:\\\/\\\/paca.lpo.fr\\\/media\\\/k2\\\/items\\\/cache\\\/15d43aef6c8a5134e1fc00a9c98b8ab0_L.jpg\",\"datePublished\":\"2011-04-10T17:52:39+00:00\",\"dateModified\":\"2012-06-29T13:42:28+00:00\",\"breadcrumb\":{\"@id\":\"https:\\\/\\\/paca.lpo.fr\\\/blogs\\\/pays-gapencais\\\/2011\\\/04\\\/10\\\/charance-observation-des-circaetes-jean-le-blanc\\\/#breadcrumb\"},\"inLanguage\":\"fr-FR\",\"potentialAction\":[{\"@type\":\"ReadAction\",\"target\":[\"https:\\\/\\\/paca.lpo.fr\\\/blogs\\\/pays-gapencais\\\/2011\\\/04\\\/10\\\/charance-observation-des-circaetes-jean-le-blanc\\\/\"]}]},{\"@type\":\"ImageObject\",\"inLanguage\":\"fr-FR\",\"@id\":\"https:\\\/\\\/paca.lpo.fr\\\/blogs\\\/pays-gapencais\\\/2011\\\/04\\\/10\\\/charance-observation-des-circaetes-jean-le-blanc\\\/#primaryimage\",\"url\":\"http:\\\/\\\/paca.lpo.fr\\\/media\\\/k2\\\/items\\\/cache\\\/15d43aef6c8a5134e1fc00a9c98b8ab0_L.jpg\",\"contentUrl\":\"http:\\\/\\\/paca.lpo.fr\\\/media\\\/k2\\\/items\\\/cache\\\/15d43aef6c8a5134e1fc00a9c98b8ab0_L.jpg\"},{\"@type\":\"BreadcrumbList\",\"@id\":\"https:\\\/\\\/paca.lpo.fr\\\/blogs\\\/pays-gapencais\\\/2011\\\/04\\\/10\\\/charance-observation-des-circaetes-jean-le-blanc\\\/#breadcrumb\",\"itemListElement\":[{\"@type\":\"ListItem\",\"position\":1,\"name\":\"Accueil\",\"item\":\"https:\\\/\\\/paca.lpo.fr\\\/blogs\\\/pays-gapencais\\\/\"},{\"@type\":\"ListItem\",\"position\":2,\"name\":\"Charance : Observation des Circa\u00e8tes Jean-le Blanc\"}]},{\"@type\":\"WebSite\",\"@id\":\"https:\\\/\\\/paca.lpo.fr\\\/blogs\\\/pays-gapencais\\\/#website\",\"url\":\"https:\\\/\\\/paca.lpo.fr\\\/blogs\\\/pays-gapencais\\\/\",\"name\":\"Groupe local Pays Gapen\u00e7ais\",\"description\":\"Groupe local Pays Gapen\u00e7ais\",\"publisher\":{\"@id\":\"https:\\\/\\\/paca.lpo.fr\\\/blogs\\\/pays-gapencais\\\/#organization\"},\"potentialAction\":[{\"@type\":\"SearchAction\",\"target\":{\"@type\":\"EntryPoint\",\"urlTemplate\":\"https:\\\/\\\/paca.lpo.fr\\\/blogs\\\/pays-gapencais\\\/?s={search_term_string}\"},\"query-input\":{\"@type\":\"PropertyValueSpecification\",\"valueRequired\":true,\"valueName\":\"search_term_string\"}}],\"inLanguage\":\"fr-FR\"},{\"@type\":\"Organization\",\"@id\":\"https:\\\/\\\/paca.lpo.fr\\\/blogs\\\/pays-gapencais\\\/#organization\",\"name\":\"Groupe local Pays Gapen\u00e7ais\",\"url\":\"https:\\\/\\\/paca.lpo.fr\\\/blogs\\\/pays-gapencais\\\/\",\"logo\":{\"@type\":\"ImageObject\",\"inLanguage\":\"fr-FR\",\"@id\":\"https:\\\/\\\/paca.lpo.fr\\\/blogs\\\/pays-gapencais\\\/#\\\/schema\\\/logo\\\/image\\\/\",\"url\":\"https:\\\/\\\/paca.lpo.fr\\\/blogs\\\/pays-gapencais\\\/files\\\/2024\\\/01\\\/cropped-rvb-lpo-paca-logotype-signature-droite-mini-500.jpg\",\"contentUrl\":\"https:\\\/\\\/paca.lpo.fr\\\/blogs\\\/pays-gapencais\\\/files\\\/2024\\\/01\\\/cropped-rvb-lpo-paca-logotype-signature-droite-mini-500.jpg\",\"width\":500,\"height\":210,\"caption\":\"Groupe local Pays Gapen\u00e7ais\"},\"image\":{\"@id\":\"https:\\\/\\\/paca.lpo.fr\\\/blogs\\\/pays-gapencais\\\/#\\\/schema\\\/logo\\\/image\\\/\"}},{\"@type\":\"Person\",\"@id\":\"https:\\\/\\\/paca.lpo.fr\\\/blogs\\\/pays-gapencais\\\/#\\\/schema\\\/person\\\/f4701c21e2e412e301d69ea575732a07\",\"name\":\"LPOPACA\",\"image\":{\"@type\":\"ImageObject\",\"inLanguage\":\"fr-FR\",\"@id\":\"https:\\\/\\\/secure.gravatar.com\\\/avatar\\\/61b4fe4aeb906264475360b018582a8a825394c21df85ee757345c68c15ddd14?s=96&d=mm&r=g\",\"url\":\"https:\\\/\\\/secure.gravatar.com\\\/avatar\\\/61b4fe4aeb906264475360b018582a8a825394c21df85ee757345c68c15ddd14?s=96&d=mm&r=g\",\"contentUrl\":\"https:\\\/\\\/secure.gravatar.com\\\/avatar\\\/61b4fe4aeb906264475360b018582a8a825394c21df85ee757345c68c15ddd14?s=96&d=mm&r=g\",\"caption\":\"LPOPACA\"},\"url\":\"https:\\\/\\\/paca.lpo.fr\\\/blogs\\\/pays-gapencais\\\/author\\\/lpopaca\\\/\"}]}<\/script>\n<!-- \/ Yoast SEO plugin. -->","yoast_head_json":{"title":"Charance : Observation des Circa\u00e8tes Jean-le Blanc  - Groupe local Pays Gapen\u00e7ais","robots":{"index":"index","follow":"follow","max-snippet":"max-snippet:-1","max-image-preview":"max-image-preview:large","max-video-preview":"max-video-preview:-1"},"canonical":"https:\/\/paca.lpo.fr\/blogs\/pays-gapencais\/2011\/04\/10\/charance-observation-des-circaetes-jean-le-blanc\/","og_locale":"fr_FR","og_type":"article","og_title":"Charance : Observation des Circa\u00e8tes Jean-le Blanc  - Groupe local Pays Gapen\u00e7ais","og_description":"9 avril 2011 &#8211; 7 circa\u00e8tes observ\u00e9s sur les flancs de Charance, 6 ensemble et 1 \u00e0 proximit\u00e9 !!! Non non, on avait pas encore ouvert les bouteilles de ros\u00e9&#8230; Parades, prise de serres, oiseaux se posant en sommet de sapins ailes ouvertes&#8230; Que doit on en penser ? Apr\u00e8s les trios, les septuors ?&#8230; [&hellip;]","og_url":"https:\/\/paca.lpo.fr\/blogs\/pays-gapencais\/2011\/04\/10\/charance-observation-des-circaetes-jean-le-blanc\/","og_site_name":"Groupe local Pays Gapen\u00e7ais","article_published_time":"2011-04-10T17:52:39+00:00","article_modified_time":"2012-06-29T13:42:28+00:00","og_image":[{"url":"http:\/\/paca.lpo.fr\/media\/k2\/items\/cache\/15d43aef6c8a5134e1fc00a9c98b8ab0_L.jpg","type":"","width":"","height":""}],"author":"LPOPACA","twitter_card":"summary_large_image","twitter_misc":{"\u00c9crit par":"LPOPACA"},"schema":{"@context":"https:\/\/schema.org","@graph":[{"@type":"Article","@id":"https:\/\/paca.lpo.fr\/blogs\/pays-gapencais\/2011\/04\/10\/charance-observation-des-circaetes-jean-le-blanc\/#article","isPartOf":{"@id":"https:\/\/paca.lpo.fr\/blogs\/pays-gapencais\/2011\/04\/10\/charance-observation-des-circaetes-jean-le-blanc\/"},"author":{"name":"LPOPACA","@id":"https:\/\/paca.lpo.fr\/blogs\/pays-gapencais\/#\/schema\/person\/f4701c21e2e412e301d69ea575732a07"},"headline":"Charance : Observation des Circa\u00e8tes Jean-le Blanc","datePublished":"2011-04-10T17:52:39+00:00","dateModified":"2012-06-29T13:42:28+00:00","mainEntityOfPage":{"@id":"https:\/\/paca.lpo.fr\/blogs\/pays-gapencais\/2011\/04\/10\/charance-observation-des-circaetes-jean-le-blanc\/"},"wordCount":104,"commentCount":0,"publisher":{"@id":"https:\/\/paca.lpo.fr\/blogs\/pays-gapencais\/#organization"},"image":{"@id":"https:\/\/paca.lpo.fr\/blogs\/pays-gapencais\/2011\/04\/10\/charance-observation-des-circaetes-jean-le-blanc\/#primaryimage"},"thumbnailUrl":"http:\/\/paca.lpo.fr\/media\/k2\/items\/cache\/15d43aef6c8a5134e1fc00a9c98b8ab0_L.jpg","keywords":["Circa\u00e8te JeanleBlanc","gap","Gapen\u00e7ais","HautesAlpes"],"inLanguage":"fr-FR","potentialAction":[{"@type":"CommentAction","name":"Comment","target":["https:\/\/paca.lpo.fr\/blogs\/pays-gapencais\/2011\/04\/10\/charance-observation-des-circaetes-jean-le-blanc\/#respond"]}]},{"@type":"WebPage","@id":"https:\/\/paca.lpo.fr\/blogs\/pays-gapencais\/2011\/04\/10\/charance-observation-des-circaetes-jean-le-blanc\/","url":"https:\/\/paca.lpo.fr\/blogs\/pays-gapencais\/2011\/04\/10\/charance-observation-des-circaetes-jean-le-blanc\/","name":"Charance : Observation des Circa\u00e8tes Jean-le Blanc - Groupe local Pays Gapen\u00e7ais","isPartOf":{"@id":"https:\/\/paca.lpo.fr\/blogs\/pays-gapencais\/#website"},"primaryImageOfPage":{"@id":"https:\/\/paca.lpo.fr\/blogs\/pays-gapencais\/2011\/04\/10\/charance-observation-des-circaetes-jean-le-blanc\/#primaryimage"},"image":{"@id":"https:\/\/paca.lpo.fr\/blogs\/pays-gapencais\/2011\/04\/10\/charance-observation-des-circaetes-jean-le-blanc\/#primaryimage"},"thumbnailUrl":"http:\/\/paca.lpo.fr\/media\/k2\/items\/cache\/15d43aef6c8a5134e1fc00a9c98b8ab0_L.jpg","datePublished":"2011-04-10T17:52:39+00:00","dateModified":"2012-06-29T13:42:28+00:00","breadcrumb":{"@id":"https:\/\/paca.lpo.fr\/blogs\/pays-gapencais\/2011\/04\/10\/charance-observation-des-circaetes-jean-le-blanc\/#breadcrumb"},"inLanguage":"fr-FR","potentialAction":[{"@type":"ReadAction","target":["https:\/\/paca.lpo.fr\/blogs\/pays-gapencais\/2011\/04\/10\/charance-observation-des-circaetes-jean-le-blanc\/"]}]},{"@type":"ImageObject","inLanguage":"fr-FR","@id":"https:\/\/paca.lpo.fr\/blogs\/pays-gapencais\/2011\/04\/10\/charance-observation-des-circaetes-jean-le-blanc\/#primaryimage","url":"http:\/\/paca.lpo.fr\/media\/k2\/items\/cache\/15d43aef6c8a5134e1fc00a9c98b8ab0_L.jpg","contentUrl":"http:\/\/paca.lpo.fr\/media\/k2\/items\/cache\/15d43aef6c8a5134e1fc00a9c98b8ab0_L.jpg"},{"@type":"BreadcrumbList","@id":"https:\/\/paca.lpo.fr\/blogs\/pays-gapencais\/2011\/04\/10\/charance-observation-des-circaetes-jean-le-blanc\/#breadcrumb","itemListElement":[{"@type":"ListItem","position":1,"name":"Accueil","item":"https:\/\/paca.lpo.fr\/blogs\/pays-gapencais\/"},{"@type":"ListItem","position":2,"name":"Charance : Observation des Circa\u00e8tes Jean-le Blanc"}]},{"@type":"WebSite","@id":"https:\/\/paca.lpo.fr\/blogs\/pays-gapencais\/#website","url":"https:\/\/paca.lpo.fr\/blogs\/pays-gapencais\/","name":"Groupe local Pays Gapen\u00e7ais","description":"Groupe local Pays Gapen\u00e7ais","publisher":{"@id":"https:\/\/paca.lpo.fr\/blogs\/pays-gapencais\/#organization"},"potentialAction":[{"@type":"SearchAction","target":{"@type":"EntryPoint","urlTemplate":"https:\/\/paca.lpo.fr\/blogs\/pays-gapencais\/?s={search_term_string}"},"query-input":{"@type":"PropertyValueSpecification","valueRequired":true,"valueName":"search_term_string"}}],"inLanguage":"fr-FR"},{"@type":"Organization","@id":"https:\/\/paca.lpo.fr\/blogs\/pays-gapencais\/#organization","name":"Groupe local Pays Gapen\u00e7ais","url":"https:\/\/paca.lpo.fr\/blogs\/pays-gapencais\/","logo":{"@type":"ImageObject","inLanguage":"fr-FR","@id":"https:\/\/paca.lpo.fr\/blogs\/pays-gapencais\/#\/schema\/logo\/image\/","url":"https:\/\/paca.lpo.fr\/blogs\/pays-gapencais\/files\/2024\/01\/cropped-rvb-lpo-paca-logotype-signature-droite-mini-500.jpg","contentUrl":"https:\/\/paca.lpo.fr\/blogs\/pays-gapencais\/files\/2024\/01\/cropped-rvb-lpo-paca-logotype-signature-droite-mini-500.jpg","width":500,"height":210,"caption":"Groupe local Pays Gapen\u00e7ais"},"image":{"@id":"https:\/\/paca.lpo.fr\/blogs\/pays-gapencais\/#\/schema\/logo\/image\/"}},{"@type":"Person","@id":"https:\/\/paca.lpo.fr\/blogs\/pays-gapencais\/#\/schema\/person\/f4701c21e2e412e301d69ea575732a07","name":"LPOPACA","image":{"@type":"ImageObject","inLanguage":"fr-FR","@id":"https:\/\/secure.gravatar.com\/avatar\/61b4fe4aeb906264475360b018582a8a825394c21df85ee757345c68c15ddd14?s=96&d=mm&r=g","url":"https:\/\/secure.gravatar.com\/avatar\/61b4fe4aeb906264475360b018582a8a825394c21df85ee757345c68c15ddd14?s=96&d=mm&r=g","contentUrl":"https:\/\/secure.gravatar.com\/avatar\/61b4fe4aeb906264475360b018582a8a825394c21df85ee757345c68c15ddd14?s=96&d=mm&r=g","caption":"LPOPACA"},"url":"https:\/\/paca.lpo.fr\/blogs\/pays-gapencais\/author\/lpopaca\/"}]}},"jetpack_featured_media_url":"","_links":{"self":[{"href":"https:\/\/paca.lpo.fr\/blogs\/pays-gapencais\/wp-json\/wp\/v2\/posts\/74","targetHints":{"allow":["GET"]}}],"collection":[{"href":"https:\/\/paca.lpo.fr\/blogs\/pays-gapencais\/wp-json\/wp\/v2\/posts"}],"about":[{"href":"https:\/\/paca.lpo.fr\/blogs\/pays-gapencais\/wp-json\/wp\/v2\/types\/post"}],"author":[{"embeddable":true,"href":"https:\/\/paca.lpo.fr\/blogs\/pays-gapencais\/wp-json\/wp\/v2\/users\/1"}],"replies":[{"embeddable":true,"href":"https:\/\/paca.lpo.fr\/blogs\/pays-gapencais\/wp-json\/wp\/v2\/comments?post=74"}],"version-history":[{"count":2,"href":"https:\/\/paca.lpo.fr\/blogs\/pays-gapencais\/wp-json\/wp\/v2\/posts\/74\/revisions"}],"predecessor-version":[{"id":76,"href":"https:\/\/paca.lpo.fr\/blogs\/pays-gapencais\/wp-json\/wp\/v2\/posts\/74\/revisions\/76"}],"wp:attachment":[{"href":"https:\/\/paca.lpo.fr\/blogs\/pays-gapencais\/wp-json\/wp\/v2\/media?parent=74"}],"wp:term":[{"taxonomy":"category","embeddable":true,"href":"https:\/\/paca.lpo.fr\/blogs\/pays-gapencais\/wp-json\/wp\/v2\/categories?post=74"},{"taxonomy":"post_tag","embeddable":true,"href":"https:\/\/paca.lpo.fr\/blogs\/pays-gapencais\/wp-json\/wp\/v2\/tags?post=74"}],"curies":[{"name":"wp","href":"https:\/\/api.w.org\/{rel}","templated":true}]}}