{"id":195,"date":"2023-01-31T19:23:18","date_gmt":"2023-01-31T18:23:18","guid":{"rendered":"http:\/\/paca.lpo.fr\/blogs\/pays-salonais\/?p=195"},"modified":"2023-02-02T17:17:42","modified_gmt":"2023-02-02T16:17:42","slug":"une-sortie-pas-comme-les-autres-pour-le-pays-salonais","status":"publish","type":"post","link":"https:\/\/paca.lpo.fr\/blogs\/pays-salonais\/2023\/01\/31\/une-sortie-pas-comme-les-autres-pour-le-pays-salonais\/","title":{"rendered":"Une sortie pas comme les autres pour le Pays Salonais"},"content":{"rendered":"\n<p>Gr\u00e2ce \u00e0 l&rsquo;entremise de J\u00e9r\u00e9my, membre du Groupe Local du Pays Salonais, une dizaine de membres ont eu le privil\u00e8ge d&rsquo;\u00eatre accueillis par Yves Dutour, conservateur du Mus\u00e9um d&rsquo;Histoire Naturelle d&rsquo;Aix en Provence.<\/p>\n\n\n\n<p>Plong\u00e9e dans le pass\u00e9&#8230;<\/p>\n\n\n\n<figure class=\"wp-block-image size-full\"><img loading=\"lazy\" decoding=\"async\" width=\"1024\" height=\"731\" src=\"https:\/\/paca.lpo.fr\/blogs\/pays-salonais\/files\/2023\/01\/ossements-rhabdodon.jpg\" alt=\"\" class=\"wp-image-208\" srcset=\"https:\/\/paca.lpo.fr\/blogs\/pays-salonais\/files\/2023\/01\/ossements-rhabdodon.jpg 1024w, https:\/\/paca.lpo.fr\/blogs\/pays-salonais\/files\/2023\/01\/ossements-rhabdodon-768x548.jpg 768w\" sizes=\"auto, (max-width: 1024px) 100vw, 1024px\" \/><figcaption class=\"wp-element-caption\">Ossements de rhabdodon<\/figcaption><\/figure>\n\n\n\n<p>Le Mus\u00e9um d&rsquo;Histoire Naturelle d&rsquo;Aix n&rsquo;accueille plus de public depuis quelques ann\u00e9es, le local qu&rsquo;il occupait au coeur d&rsquo;Aix ayant \u00e9t\u00e9 r\u00e9cup\u00e9r\u00e9 par son propri\u00e9taire. Toutes les collections sont donc stock\u00e9es dans un hangar gigantesque dans la banlieue aixoise. Quel g\u00e2chis que toutes ces merveilles qui ne peuvent plus \u00eatre admir\u00e9es par le public !!! Elle ne sont cependant pas oubli\u00e9es, car elles font toujours l&rsquo;objet de consultations par de nombreux chercheurs et les \u00e9quipes du Mus\u00e9e continuent \u00e0 travailler dessus. Les collections du Mus\u00e9um sont parmi les plus riches d&rsquo;Europe pour les restes fossiles de dinosaures et la r\u00e9gion d&rsquo;Aix est class\u00e9e parmi les plus grands gisements mondiaux d&rsquo;oeufs de dinosaures&#8230;<\/p>\n\n\n\n<figure class=\"wp-block-image size-full\"><img loading=\"lazy\" decoding=\"async\" width=\"1024\" height=\"768\" src=\"https:\/\/paca.lpo.fr\/blogs\/pays-salonais\/files\/2023\/01\/img-0513.jpg\" alt=\"\" class=\"wp-image-209\" srcset=\"https:\/\/paca.lpo.fr\/blogs\/pays-salonais\/files\/2023\/01\/img-0513.jpg 1024w, https:\/\/paca.lpo.fr\/blogs\/pays-salonais\/files\/2023\/01\/img-0513-768x576.jpg 768w\" sizes=\"auto, (max-width: 1024px) 100vw, 1024px\" \/><figcaption class=\"wp-element-caption\">F\u00e9murs issus de diff\u00e9rents dinosaures<\/figcaption><\/figure>\n\n\n\n<p>La matin\u00e9e a \u00e9t\u00e9 riche en d\u00e9couvertes et \u00e9motions : des oeufs de Titanosaure aux ossements de Rhabdodon, des planches d&rsquo;herbiers du XIX\u00e8me si\u00e8cle au animaux naturalis\u00e9s.. Chaque tiroir ouvert \u00e9tait plus enthousiasmant encore que le pr\u00e9c\u00e9dent !<\/p>\n\n\n\n<p>Des milliers d&rsquo;objets : min\u00e9raux, herbiers , collections entomologiques, mollusques. Les salles destin\u00e9es aux collections d&rsquo;oiseaux, mammif\u00e8res sont spectaculaires, ils paraissent vivants !!!<\/p>\n\n\n\n<figure class=\"wp-block-image size-full\"><img loading=\"lazy\" decoding=\"async\" width=\"1024\" height=\"593\" src=\"https:\/\/paca.lpo.fr\/blogs\/pays-salonais\/files\/2023\/01\/colibris.jpg\" alt=\"\" class=\"wp-image-210\" srcset=\"https:\/\/paca.lpo.fr\/blogs\/pays-salonais\/files\/2023\/01\/colibris.jpg 1024w, https:\/\/paca.lpo.fr\/blogs\/pays-salonais\/files\/2023\/01\/colibris-768x445.jpg 768w\" sizes=\"auto, (max-width: 1024px) 100vw, 1024px\" \/><figcaption class=\"wp-element-caption\">Collection de colibris<\/figcaption><\/figure>\n\n\n\n<figure class=\"wp-block-image size-full\"><img loading=\"lazy\" decoding=\"async\" width=\"1024\" height=\"680\" src=\"https:\/\/paca.lpo.fr\/blogs\/pays-salonais\/files\/2023\/01\/plaques-a-oiseaux.jpg\" alt=\"\" class=\"wp-image-211\" srcset=\"https:\/\/paca.lpo.fr\/blogs\/pays-salonais\/files\/2023\/01\/plaques-a-oiseaux.jpg 1024w, https:\/\/paca.lpo.fr\/blogs\/pays-salonais\/files\/2023\/01\/plaques-a-oiseaux-768x510.jpg 768w\" sizes=\"auto, (max-width: 1024px) 100vw, 1024px\" \/><figcaption class=\"wp-element-caption\">Plaques \u00e0 oiseaux<\/figcaption><\/figure>\n\n\n\n<figure class=\"wp-block-image size-full\"><img loading=\"lazy\" decoding=\"async\" width=\"1024\" height=\"768\" src=\"https:\/\/paca.lpo.fr\/blogs\/pays-salonais\/files\/2023\/01\/img-0508-1.jpg\" alt=\"\" class=\"wp-image-212\" srcset=\"https:\/\/paca.lpo.fr\/blogs\/pays-salonais\/files\/2023\/01\/img-0508-1.jpg 1024w, https:\/\/paca.lpo.fr\/blogs\/pays-salonais\/files\/2023\/01\/img-0508-1-768x576.jpg 768w\" sizes=\"auto, (max-width: 1024px) 100vw, 1024px\" \/><figcaption class=\"wp-element-caption\">Dans le bureau, \u00e9talage de trouvailles<\/figcaption><\/figure>\n\n\n\n<figure class=\"wp-block-image size-full\"><img loading=\"lazy\" decoding=\"async\" width=\"1024\" height=\"608\" src=\"https:\/\/paca.lpo.fr\/blogs\/pays-salonais\/files\/2023\/01\/les-milliers-de-planches-dherbierx.jpg\" alt=\"\" class=\"wp-image-213\" srcset=\"https:\/\/paca.lpo.fr\/blogs\/pays-salonais\/files\/2023\/01\/les-milliers-de-planches-dherbierx.jpg 1024w, https:\/\/paca.lpo.fr\/blogs\/pays-salonais\/files\/2023\/01\/les-milliers-de-planches-dherbierx-768x456.jpg 768w\" sizes=\"auto, (max-width: 1024px) 100vw, 1024px\" \/><figcaption class=\"wp-element-caption\">Dans ces cartons, des milliers de planches d&rsquo;herbiers<\/figcaption><\/figure>\n\n\n\n<figure class=\"wp-block-image size-full\"><img loading=\"lazy\" decoding=\"async\" width=\"751\" height=\"670\" src=\"https:\/\/paca.lpo.fr\/blogs\/pays-salonais\/files\/2023\/01\/loup-gris.jpg\" alt=\"\" class=\"wp-image-214\" \/><figcaption class=\"wp-element-caption\">Loup gris naturalis\u00e9. On le croirait vivant !!<\/figcaption><\/figure>\n\n\n\n<figure class=\"wp-block-image size-full\"><img loading=\"lazy\" decoding=\"async\" width=\"1024\" height=\"768\" src=\"https:\/\/paca.lpo.fr\/blogs\/pays-salonais\/files\/2023\/01\/dsc-0190-1.jpg\" alt=\"\" class=\"wp-image-215\" srcset=\"https:\/\/paca.lpo.fr\/blogs\/pays-salonais\/files\/2023\/01\/dsc-0190-1.jpg 1024w, https:\/\/paca.lpo.fr\/blogs\/pays-salonais\/files\/2023\/01\/dsc-0190-1-768x576.jpg 768w\" sizes=\"auto, (max-width: 1024px) 100vw, 1024px\" \/><figcaption class=\"wp-element-caption\">On a eu froid, mais c&rsquo;\u00e9tait trop trop bien&#8230;<\/figcaption><\/figure>\n\n\n\n<figure class=\"wp-block-image size-full\"><img loading=\"lazy\" decoding=\"async\" width=\"1024\" height=\"832\" src=\"https:\/\/paca.lpo.fr\/blogs\/pays-salonais\/files\/2023\/02\/balbuzard-pecheur.jpg\" alt=\"\" class=\"wp-image-218\" srcset=\"https:\/\/paca.lpo.fr\/blogs\/pays-salonais\/files\/2023\/02\/balbuzard-pecheur.jpg 1024w, https:\/\/paca.lpo.fr\/blogs\/pays-salonais\/files\/2023\/02\/balbuzard-pecheur-768x624.jpg 768w\" sizes=\"auto, (max-width: 1024px) 100vw, 1024px\" \/><figcaption class=\"wp-element-caption\">Balbuzard p\u00eacheur<\/figcaption><\/figure>\n\n\n\n<figure class=\"wp-block-image size-full\"><img loading=\"lazy\" decoding=\"async\" width=\"1024\" height=\"683\" src=\"https:\/\/paca.lpo.fr\/blogs\/pays-salonais\/files\/2023\/02\/dsc-0010.jpg\" alt=\"\" class=\"wp-image-219\" srcset=\"https:\/\/paca.lpo.fr\/blogs\/pays-salonais\/files\/2023\/02\/dsc-0010.jpg 1024w, https:\/\/paca.lpo.fr\/blogs\/pays-salonais\/files\/2023\/02\/dsc-0010-768x512.jpg 768w\" sizes=\"auto, (max-width: 1024px) 100vw, 1024px\" \/><figcaption class=\"wp-element-caption\">poisson fossile&#8230;<\/figcaption><\/figure>\n\n\n\n<p><\/p>\n\n\n\n<figure class=\"wp-block-image size-full\"><img loading=\"lazy\" decoding=\"async\" width=\"1024\" height=\"683\" src=\"https:\/\/paca.lpo.fr\/blogs\/pays-salonais\/files\/2023\/02\/dsc-0011.jpg\" alt=\"\" class=\"wp-image-223\" srcset=\"https:\/\/paca.lpo.fr\/blogs\/pays-salonais\/files\/2023\/02\/dsc-0011.jpg 1024w, https:\/\/paca.lpo.fr\/blogs\/pays-salonais\/files\/2023\/02\/dsc-0011-768x512.jpg 768w\" sizes=\"auto, (max-width: 1024px) 100vw, 1024px\" \/><figcaption class=\"wp-element-caption\">poissons fossilis\u00e9s par manque d&rsquo;oxyg\u00e8ne<\/figcaption><\/figure>\n\n\n\n<figure class=\"wp-block-image size-full\"><img loading=\"lazy\" decoding=\"async\" width=\"1024\" height=\"683\" src=\"https:\/\/paca.lpo.fr\/blogs\/pays-salonais\/files\/2023\/02\/dsc-0075.jpg\" alt=\"\" class=\"wp-image-225\" srcset=\"https:\/\/paca.lpo.fr\/blogs\/pays-salonais\/files\/2023\/02\/dsc-0075.jpg 1024w, https:\/\/paca.lpo.fr\/blogs\/pays-salonais\/files\/2023\/02\/dsc-0075-768x512.jpg 768w\" sizes=\"auto, (max-width: 1024px) 100vw, 1024px\" \/><\/figure>\n","protected":false},"excerpt":{"rendered":"<p>Gr\u00e2ce \u00e0 l&rsquo;entremise de J\u00e9r\u00e9my, membre du Groupe Local du Pays Salonais, une dizaine de membres ont eu le privil\u00e8ge d&rsquo;\u00eatre accueillis par Yves Dutour, conservateur du Mus\u00e9um d&rsquo;Histoire Naturelle d&rsquo;Aix en Provence. Plong\u00e9e dans le pass\u00e9&#8230; Le Mus\u00e9um d&rsquo;Histoire Naturelle d&rsquo;Aix n&rsquo;accueille plus de public depuis quelques ann\u00e9es, le local qu&rsquo;il occupait au coeur [&hellip;]<\/p>\n","protected":false},"author":152,"featured_media":207,"comment_status":"open","ping_status":"open","sticky":false,"template":"","format":"standard","meta":{"footnotes":""},"categories":[9],"tags":[30,27,26,25,28,29],"class_list":["post-195","post","type-post","status-publish","format-standard","has-post-thumbnail","hentry","category-animation","tag-collections-dherbiers","tag-dinosaures","tag-fossiles","tag-museum-dhistoire-naturelle","tag-oeufs-de-dinosaures","tag-pays-daix"],"jetpack_featured_media_url":"https:\/\/paca.lpo.fr\/blogs\/pays-salonais\/files\/2023\/01\/oeufs-titanosaure.jpg","_links":{"self":[{"href":"https:\/\/paca.lpo.fr\/blogs\/pays-salonais\/wp-json\/wp\/v2\/posts\/195","targetHints":{"allow":["GET"]}}],"collection":[{"href":"https:\/\/paca.lpo.fr\/blogs\/pays-salonais\/wp-json\/wp\/v2\/posts"}],"about":[{"href":"https:\/\/paca.lpo.fr\/blogs\/pays-salonais\/wp-json\/wp\/v2\/types\/post"}],"author":[{"embeddable":true,"href":"https:\/\/paca.lpo.fr\/blogs\/pays-salonais\/wp-json\/wp\/v2\/users\/152"}],"replies":[{"embeddable":true,"href":"https:\/\/paca.lpo.fr\/blogs\/pays-salonais\/wp-json\/wp\/v2\/comments?post=195"}],"version-history":[{"count":3,"href":"https:\/\/paca.lpo.fr\/blogs\/pays-salonais\/wp-json\/wp\/v2\/posts\/195\/revisions"}],"predecessor-version":[{"id":226,"href":"https:\/\/paca.lpo.fr\/blogs\/pays-salonais\/wp-json\/wp\/v2\/posts\/195\/revisions\/226"}],"wp:featuredmedia":[{"embeddable":true,"href":"https:\/\/paca.lpo.fr\/blogs\/pays-salonais\/wp-json\/wp\/v2\/media\/207"}],"wp:attachment":[{"href":"https:\/\/paca.lpo.fr\/blogs\/pays-salonais\/wp-json\/wp\/v2\/media?parent=195"}],"wp:term":[{"taxonomy":"category","embeddable":true,"href":"https:\/\/paca.lpo.fr\/blogs\/pays-salonais\/wp-json\/wp\/v2\/categories?post=195"},{"taxonomy":"post_tag","embeddable":true,"href":"https:\/\/paca.lpo.fr\/blogs\/pays-salonais\/wp-json\/wp\/v2\/tags?post=195"}],"curies":[{"name":"wp","href":"https:\/\/api.w.org\/{rel}","templated":true}]}}