{"id":332,"date":"2023-09-19T17:15:30","date_gmt":"2023-09-19T15:15:30","guid":{"rendered":"http:\/\/paca.lpo.fr\/blogs\/pays-salonais\/?p=332"},"modified":"2023-09-19T17:16:43","modified_gmt":"2023-09-19T15:16:43","slug":"forum-des-associations-salon","status":"publish","type":"post","link":"https:\/\/paca.lpo.fr\/blogs\/pays-salonais\/2023\/09\/19\/forum-des-associations-salon\/","title":{"rendered":"Forum des Associations Salon"},"content":{"rendered":"\n<p>Apr\u00e8s le Forum des Associations \u00e0 Grans, l&rsquo;\u00e9quipe LPO du Pays Salonais s&rsquo;est retrouv\u00e9e \u00e0 Salon. Dominique, Christian, Paul, Patricia et Nicolas en visiteur ponctuel ont donc accueilli les visiteurs du jour.<\/p>\n\n\n\n<p>Il nous paraissait important de participer \u00e0 cette manifestation, et bien nous en a pris ! Beaucoup, beaucoup de monde. De nombreux candidats qui souhaiteraient participer \u00e0 nos sorties naturalistes, mais aussi des futurs b\u00e9n\u00e9voles pr\u00eats \u00e0 int\u00e9grer notre groupe local.<\/p>\n\n\n\n<figure class=\"wp-block-image size-full\"><img loading=\"lazy\" decoding=\"async\" width=\"1024\" height=\"768\" src=\"https:\/\/paca.lpo.fr\/blogs\/pays-salonais\/files\/2023\/09\/2023-septembre-forum-des-assos-salon-4.jpeg\" alt=\"\" class=\"wp-image-334\" srcset=\"https:\/\/paca.lpo.fr\/blogs\/pays-salonais\/files\/2023\/09\/2023-septembre-forum-des-assos-salon-4.jpeg 1024w, https:\/\/paca.lpo.fr\/blogs\/pays-salonais\/files\/2023\/09\/2023-septembre-forum-des-assos-salon-4-768x576.jpeg 768w\" sizes=\"auto, (max-width: 1024px) 100vw, 1024px\" \/><figcaption class=\"wp-element-caption\">Il a fallu \u00eatre actif tout au long de la journ\u00e9e !! Dominique a \u00e9t\u00e9 en premi\u00e8re ligne aux c\u00f4t\u00e9s de Paul<\/figcaption><\/figure>\n\n\n\n<p>La question cependant s&rsquo;est pos\u00e9e de la meilleure mani\u00e8re de pr\u00e9senter nos actions. Difficile de cohabiter avec des clubs de sport ou d&rsquo;art plastique ! Nous avons donc tout au long de la journ\u00e9e expliqu\u00e9 le r\u00f4le de la LPO, les missions que remplit un groupe local, et les animations que nous pouvons proposer ponctuellement. <\/p>\n\n\n\n<figure class=\"wp-block-image size-full\"><img loading=\"lazy\" decoding=\"async\" width=\"1024\" height=\"768\" src=\"https:\/\/paca.lpo.fr\/blogs\/pays-salonais\/files\/2023\/09\/2023-septembre-forum-des-assos-salon-1.jpeg\" alt=\"\" class=\"wp-image-335\" srcset=\"https:\/\/paca.lpo.fr\/blogs\/pays-salonais\/files\/2023\/09\/2023-septembre-forum-des-assos-salon-1.jpeg 1024w, https:\/\/paca.lpo.fr\/blogs\/pays-salonais\/files\/2023\/09\/2023-septembre-forum-des-assos-salon-1-768x576.jpeg 768w\" sizes=\"auto, (max-width: 1024px) 100vw, 1024px\" \/><figcaption class=\"wp-element-caption\">Christian toujours tr\u00e8s communicant&#8230;m\u00eame avec un chasseur \ud83d\ude09<\/figcaption><\/figure>\n\n\n\n<p>Nous avons \u00e9galement eu l&rsquo;occasion de rencontrer des responsables de la mairie, avec lesquels nous avons pu \u00e9voquer notre disponibilit\u00e9 pour nous engager \u00e0 leurs c\u00f4t\u00e9s. Cr\u00e9ation de refuges LPO, participation aux inventaires de l&rsquo;ABC qu&rsquo;a lanc\u00e9 la commune. Il nous faut juste renforcer notre \u00e9quipe de b\u00e9n\u00e9voles pour pouvoir r\u00e9pondre \u00e0 toutes les sollicitations.<\/p>\n\n\n\n<figure class=\"wp-block-image size-full\"><img loading=\"lazy\" decoding=\"async\" width=\"1024\" height=\"768\" src=\"https:\/\/paca.lpo.fr\/blogs\/pays-salonais\/files\/2023\/09\/2023-septembre-forum-des-assos-salon-5.jpeg\" alt=\"\" class=\"wp-image-336\" srcset=\"https:\/\/paca.lpo.fr\/blogs\/pays-salonais\/files\/2023\/09\/2023-septembre-forum-des-assos-salon-5.jpeg 1024w, https:\/\/paca.lpo.fr\/blogs\/pays-salonais\/files\/2023\/09\/2023-septembre-forum-des-assos-salon-5-768x576.jpeg 768w\" sizes=\"auto, (max-width: 1024px) 100vw, 1024px\" \/><figcaption class=\"wp-element-caption\">Fin de journ\u00e9e&#8230;la fatigue se fait sentir<\/figcaption><\/figure>\n","protected":false},"excerpt":{"rendered":"<p>Apr\u00e8s le Forum des Associations \u00e0 Grans, l&rsquo;\u00e9quipe LPO du Pays Salonais s&rsquo;est retrouv\u00e9e \u00e0 Salon. Dominique, Christian, Paul, Patricia et Nicolas en visiteur ponctuel ont donc accueilli les visiteurs du jour. Il nous paraissait important de participer \u00e0 cette manifestation, et bien nous en a pris ! Beaucoup, beaucoup de monde. De nombreux candidats [&hellip;]<\/p>\n","protected":false},"author":152,"featured_media":333,"comment_status":"open","ping_status":"open","sticky":true,"template":"","format":"standard","meta":{"footnotes":""},"categories":[9],"tags":[42,38,41,8],"class_list":["post-332","post","type-post","status-publish","format-standard","has-post-thumbnail","hentry","category-animation","tag-benevoles","tag-forum-des-associations","tag-sorties-naturalistes","tag-stand-lpo"],"jetpack_featured_media_url":"https:\/\/paca.lpo.fr\/blogs\/pays-salonais\/files\/2023\/09\/2023-septembre-forum-des-assos-salon-3.jpeg","_links":{"self":[{"href":"https:\/\/paca.lpo.fr\/blogs\/pays-salonais\/wp-json\/wp\/v2\/posts\/332","targetHints":{"allow":["GET"]}}],"collection":[{"href":"https:\/\/paca.lpo.fr\/blogs\/pays-salonais\/wp-json\/wp\/v2\/posts"}],"about":[{"href":"https:\/\/paca.lpo.fr\/blogs\/pays-salonais\/wp-json\/wp\/v2\/types\/post"}],"author":[{"embeddable":true,"href":"https:\/\/paca.lpo.fr\/blogs\/pays-salonais\/wp-json\/wp\/v2\/users\/152"}],"replies":[{"embeddable":true,"href":"https:\/\/paca.lpo.fr\/blogs\/pays-salonais\/wp-json\/wp\/v2\/comments?post=332"}],"version-history":[{"count":1,"href":"https:\/\/paca.lpo.fr\/blogs\/pays-salonais\/wp-json\/wp\/v2\/posts\/332\/revisions"}],"predecessor-version":[{"id":337,"href":"https:\/\/paca.lpo.fr\/blogs\/pays-salonais\/wp-json\/wp\/v2\/posts\/332\/revisions\/337"}],"wp:featuredmedia":[{"embeddable":true,"href":"https:\/\/paca.lpo.fr\/blogs\/pays-salonais\/wp-json\/wp\/v2\/media\/333"}],"wp:attachment":[{"href":"https:\/\/paca.lpo.fr\/blogs\/pays-salonais\/wp-json\/wp\/v2\/media?parent=332"}],"wp:term":[{"taxonomy":"category","embeddable":true,"href":"https:\/\/paca.lpo.fr\/blogs\/pays-salonais\/wp-json\/wp\/v2\/categories?post=332"},{"taxonomy":"post_tag","embeddable":true,"href":"https:\/\/paca.lpo.fr\/blogs\/pays-salonais\/wp-json\/wp\/v2\/tags?post=332"}],"curies":[{"name":"wp","href":"https:\/\/api.w.org\/{rel}","templated":true}]}}