{"id":345,"date":"2023-10-11T18:14:47","date_gmt":"2023-10-11T16:14:47","guid":{"rendered":"http:\/\/paca.lpo.fr\/blogs\/pays-salonais\/?p=345"},"modified":"2023-10-11T18:14:48","modified_gmt":"2023-10-11T16:14:48","slug":"un-week-end-charge-pour-le-pays-salonais","status":"publish","type":"post","link":"https:\/\/paca.lpo.fr\/blogs\/pays-salonais\/2023\/10\/11\/un-week-end-charge-pour-le-pays-salonais\/","title":{"rendered":"Un week-end charg\u00e9 pour le Pays Salonais"},"content":{"rendered":"\n<p>Beaucoup d&rsquo;activit\u00e9s en ce premier week-end d&rsquo;octobre pour les membres du Groupe du Pays Salonais&#8230;<\/p>\n\n\n\n<p>Il y a eu tout d&rsquo;abord vendredi 6 une pr\u00e9sentation des oiseaux de notre territoire, dans un nouveau tiers lieu qui vient d&rsquo;ouvrir \u00e0 Mallemort, le \u00ab\u00a0Lieu Infini des Possibles\u00a0\u00bb. A la demande de l&rsquo;antenne LPO de Mallemort, Gil et Cynthia ont comment\u00e9 une pr\u00e9sentation pr\u00e9par\u00e9e par leurs soins, et laiss\u00e9 \u00e0 l&rsquo;appr\u00e9ciation des visiteurs un diaporama plus complet de tous nos oiseaux. Visiblement la pr\u00e9sentation a plu !<\/p>\n\n\n\n<p> <\/p>\n\n\n\n<figure class=\"wp-block-image size-full\"><img loading=\"lazy\" decoding=\"async\" width=\"1024\" height=\"768\" src=\"https:\/\/paca.lpo.fr\/blogs\/pays-salonais\/files\/2023\/10\/mallemort.jpeg\" alt=\"\" class=\"wp-image-346\" srcset=\"https:\/\/paca.lpo.fr\/blogs\/pays-salonais\/files\/2023\/10\/mallemort.jpeg 1024w, https:\/\/paca.lpo.fr\/blogs\/pays-salonais\/files\/2023\/10\/mallemort-768x576.jpeg 768w\" sizes=\"auto, (max-width: 1024px) 100vw, 1024px\" \/><figcaption class=\"wp-element-caption\">Apr\u00e8s la pr\u00e9sentation du diaporama, lecture de po\u00e8mes&#8230;<\/figcaption><\/figure>\n\n\n\n<p>Dans ce m\u00eame lieu, c&rsquo;est Catherine qui dimanche a propos\u00e9 aux familles des jeux de soci\u00e9t\u00e9 autour de la migration des oiseaux, dans le cadre du week-end Euro Bird Watch. L\u00e0 encore, une dizaine de personnes est venue passer une partie de l&rsquo;apr\u00e8s midi. Parents et enfants ont partag\u00e9 la d\u00e9couverte de l&rsquo;histoire de ces oiseaux qui parcourent des milliers de kilom\u00e8tres pour rejoindre des contr\u00e9es plus accueillantes selon la saison.<\/p>\n\n\n\n<figure class=\"wp-block-image size-full\"><img loading=\"lazy\" decoding=\"async\" width=\"1024\" height=\"768\" src=\"https:\/\/paca.lpo.fr\/blogs\/pays-salonais\/files\/2023\/10\/jeux4.jpg\" alt=\"\" class=\"wp-image-347\" srcset=\"https:\/\/paca.lpo.fr\/blogs\/pays-salonais\/files\/2023\/10\/jeux4.jpg 1024w, https:\/\/paca.lpo.fr\/blogs\/pays-salonais\/files\/2023\/10\/jeux4-768x576.jpg 768w\" sizes=\"auto, (max-width: 1024px) 100vw, 1024px\" \/><figcaption class=\"wp-element-caption\">Tournoi entre deux bambins fort int\u00e9ress\u00e9s&#8230;<\/figcaption><\/figure>\n\n\n\n<figure class=\"wp-block-image size-full\"><img loading=\"lazy\" decoding=\"async\" width=\"1024\" height=\"768\" src=\"https:\/\/paca.lpo.fr\/blogs\/pays-salonais\/files\/2023\/10\/jeux1.jpg\" alt=\"\" class=\"wp-image-348\" srcset=\"https:\/\/paca.lpo.fr\/blogs\/pays-salonais\/files\/2023\/10\/jeux1.jpg 1024w, https:\/\/paca.lpo.fr\/blogs\/pays-salonais\/files\/2023\/10\/jeux1-768x576.jpg 768w\" sizes=\"auto, (max-width: 1024px) 100vw, 1024px\" \/><figcaption class=\"wp-element-caption\">Le jeu de l&rsquo;oiseau migrateur a visiblement passionn\u00e9 nos jeunes visiteurs<\/figcaption><\/figure>\n\n\n\n<p>Samedi c&rsquo;est Patricia qui a oeuvr\u00e9 aux c\u00f4t\u00e9s de Candy de l&rsquo;antenne LPO de Mallemort pour participer \u00e0 la demi-journ\u00e9e organis\u00e9e sur Istres dans le cadre de la F\u00eate de la Sciences. A cette occasion, elles avaient choisi de pr\u00e9senter le sujet de l&rsquo;ann\u00e9e, les ESOD&#8230; La encore une dizaine de personnes venues \u00e9couter et poser leurs questions. Aucune d&rsquo;entre elles ne savaient ce que sont les ESOD. P\u00e9dagogie bien accueillie&#8230;<\/p>\n\n\n\n<figure class=\"wp-block-image size-full\"><img loading=\"lazy\" decoding=\"async\" width=\"1024\" height=\"768\" src=\"https:\/\/paca.lpo.fr\/blogs\/pays-salonais\/files\/2023\/10\/fete-de-la-sciences-istres2.jpeg\" alt=\"\" class=\"wp-image-349\" srcset=\"https:\/\/paca.lpo.fr\/blogs\/pays-salonais\/files\/2023\/10\/fete-de-la-sciences-istres2.jpeg 1024w, https:\/\/paca.lpo.fr\/blogs\/pays-salonais\/files\/2023\/10\/fete-de-la-sciences-istres2-768x576.jpeg 768w\" sizes=\"auto, (max-width: 1024px) 100vw, 1024px\" \/><figcaption class=\"wp-element-caption\">Toujours enrichissant d&rsquo;expliquer et faire d\u00e9couvrir un sujet qui tient \u00e0 c\u0153ur !<\/figcaption><\/figure>\n\n\n\n<p>Dimanche matin, enfin, c&rsquo;\u00e9tait l&rsquo;animation propos\u00e9e par le Groupe du Pays Salonais dans le cadre de l&rsquo;Euro Bird Watch. L&rsquo;invitation avait \u00e9t\u00e9 lanc\u00e9e aupr\u00e8s du fichier sympathisants (une cinquantaine de contacts) et sur l&rsquo;agenda de la LPO. Nous nous sommes retrouv\u00e9s une dizaine sur le Rocher de Ch\u00e2teau Virant, sous la houlette de Dominique et Pascal, tr\u00e8s impliqu\u00e9s sur les observations qui ont \u00e9t\u00e9 faites. Pas vraiment de migrateurs mais une ambiance tr\u00e8s sympathique sur le rocher, avec partage de la brioche apport\u00e9e par Ren\u00e9e, les \u00e9changes avec les participants dont deux ont d\u00e9cid\u00e9 de rejoindre notre groupe&#8230;<\/p>\n\n\n\n<figure class=\"wp-block-image size-full\"><img loading=\"lazy\" decoding=\"async\" width=\"1024\" height=\"768\" src=\"https:\/\/paca.lpo.fr\/blogs\/pays-salonais\/files\/2023\/10\/img-1757.jpeg\" alt=\"\" class=\"wp-image-350\" srcset=\"https:\/\/paca.lpo.fr\/blogs\/pays-salonais\/files\/2023\/10\/img-1757.jpeg 1024w, https:\/\/paca.lpo.fr\/blogs\/pays-salonais\/files\/2023\/10\/img-1757-768x576.jpeg 768w\" sizes=\"auto, (max-width: 1024px) 100vw, 1024px\" \/><figcaption class=\"wp-element-caption\">Un bel emplacement d&rsquo;observation <\/figcaption><\/figure>\n\n\n\n<figure class=\"wp-block-image size-full\"><img loading=\"lazy\" decoding=\"async\" width=\"1024\" height=\"768\" src=\"https:\/\/paca.lpo.fr\/blogs\/pays-salonais\/files\/2023\/10\/img-1759.jpeg\" alt=\"\" class=\"wp-image-351\" srcset=\"https:\/\/paca.lpo.fr\/blogs\/pays-salonais\/files\/2023\/10\/img-1759.jpeg 1024w, https:\/\/paca.lpo.fr\/blogs\/pays-salonais\/files\/2023\/10\/img-1759-768x576.jpeg 768w\" sizes=\"auto, (max-width: 1024px) 100vw, 1024px\" \/><figcaption class=\"wp-element-caption\">Des informations appr\u00e9ci\u00e9es<\/figcaption><\/figure>\n\n\n\n<figure class=\"wp-block-image size-full\"><img loading=\"lazy\" decoding=\"async\" width=\"1024\" height=\"768\" src=\"https:\/\/paca.lpo.fr\/blogs\/pays-salonais\/files\/2023\/10\/observation-ebw1.jpeg\" alt=\"\" class=\"wp-image-352\" srcset=\"https:\/\/paca.lpo.fr\/blogs\/pays-salonais\/files\/2023\/10\/observation-ebw1.jpeg 1024w, https:\/\/paca.lpo.fr\/blogs\/pays-salonais\/files\/2023\/10\/observation-ebw1-768x576.jpeg 768w\" sizes=\"auto, (max-width: 1024px) 100vw, 1024px\" \/><figcaption class=\"wp-element-caption\">Une vue imprenable sur les vignobles de Calissane et Ch\u00e2teau Virant par cette belle journ\u00e9e<\/figcaption><\/figure>\n\n\n\n<figure class=\"wp-block-image size-full\"><img loading=\"lazy\" decoding=\"async\" width=\"1024\" height=\"768\" src=\"https:\/\/paca.lpo.fr\/blogs\/pays-salonais\/files\/2023\/10\/img-1760-4.jpg\" alt=\"\" class=\"wp-image-353\" srcset=\"https:\/\/paca.lpo.fr\/blogs\/pays-salonais\/files\/2023\/10\/img-1760-4.jpg 1024w, https:\/\/paca.lpo.fr\/blogs\/pays-salonais\/files\/2023\/10\/img-1760-4-768x576.jpg 768w\" sizes=\"auto, (max-width: 1024px) 100vw, 1024px\" \/><figcaption class=\"wp-element-caption\">Des participants \u00e9quip\u00e9s et motiv\u00e9s. De futures recrues ???<\/figcaption><\/figure>\n","protected":false},"excerpt":{"rendered":"<p>Beaucoup d&rsquo;activit\u00e9s en ce premier week-end d&rsquo;octobre pour les membres du Groupe du Pays Salonais&#8230; Il y a eu tout d&rsquo;abord vendredi 6 une pr\u00e9sentation des oiseaux de notre territoire, dans un nouveau tiers lieu qui vient d&rsquo;ouvrir \u00e0 Mallemort, le \u00ab\u00a0Lieu Infini des Possibles\u00a0\u00bb. A la demande de l&rsquo;antenne LPO de Mallemort, Gil et [&hellip;]<\/p>\n","protected":false},"author":152,"featured_media":355,"comment_status":"open","ping_status":"open","sticky":true,"template":"","format":"standard","meta":{"footnotes":""},"categories":[9],"tags":[43,14,6],"class_list":["post-345","post","type-post","status-publish","format-standard","has-post-thumbnail","hentry","category-animation","tag-euro-bird-watch","tag-oiseaux","tag-sortie-naturaliste"],"jetpack_featured_media_url":"https:\/\/paca.lpo.fr\/blogs\/pays-salonais\/files\/2023\/10\/img-1756-e1697040617259.jpeg","_links":{"self":[{"href":"https:\/\/paca.lpo.fr\/blogs\/pays-salonais\/wp-json\/wp\/v2\/posts\/345","targetHints":{"allow":["GET"]}}],"collection":[{"href":"https:\/\/paca.lpo.fr\/blogs\/pays-salonais\/wp-json\/wp\/v2\/posts"}],"about":[{"href":"https:\/\/paca.lpo.fr\/blogs\/pays-salonais\/wp-json\/wp\/v2\/types\/post"}],"author":[{"embeddable":true,"href":"https:\/\/paca.lpo.fr\/blogs\/pays-salonais\/wp-json\/wp\/v2\/users\/152"}],"replies":[{"embeddable":true,"href":"https:\/\/paca.lpo.fr\/blogs\/pays-salonais\/wp-json\/wp\/v2\/comments?post=345"}],"version-history":[{"count":2,"href":"https:\/\/paca.lpo.fr\/blogs\/pays-salonais\/wp-json\/wp\/v2\/posts\/345\/revisions"}],"predecessor-version":[{"id":356,"href":"https:\/\/paca.lpo.fr\/blogs\/pays-salonais\/wp-json\/wp\/v2\/posts\/345\/revisions\/356"}],"wp:featuredmedia":[{"embeddable":true,"href":"https:\/\/paca.lpo.fr\/blogs\/pays-salonais\/wp-json\/wp\/v2\/media\/355"}],"wp:attachment":[{"href":"https:\/\/paca.lpo.fr\/blogs\/pays-salonais\/wp-json\/wp\/v2\/media?parent=345"}],"wp:term":[{"taxonomy":"category","embeddable":true,"href":"https:\/\/paca.lpo.fr\/blogs\/pays-salonais\/wp-json\/wp\/v2\/categories?post=345"},{"taxonomy":"post_tag","embeddable":true,"href":"https:\/\/paca.lpo.fr\/blogs\/pays-salonais\/wp-json\/wp\/v2\/tags?post=345"}],"curies":[{"name":"wp","href":"https:\/\/api.w.org\/{rel}","templated":true}]}}