{"id":358,"date":"2023-11-29T12:25:39","date_gmt":"2023-11-29T11:25:39","guid":{"rendered":"http:\/\/paca.lpo.fr\/blogs\/pays-salonais\/?p=358"},"modified":"2023-11-29T12:27:11","modified_gmt":"2023-11-29T11:27:11","slug":"avant-premiere-projection-du-film-vivre-avec-les-loups","status":"publish","type":"post","link":"https:\/\/paca.lpo.fr\/blogs\/pays-salonais\/2023\/11\/29\/avant-premiere-projection-du-film-vivre-avec-les-loups\/","title":{"rendered":"Avant premi\u00e8re : projection du film \u00ab\u00a0Vivre avec les loups\u00a0\u00bb"},"content":{"rendered":"\n<h5 class=\"wp-block-heading\"><strong>A Salon de Provence, le <a rel=\"noreferrer noopener\" href=\"https:\/\/paca.lpo.fr\/blogs\/pays-salonais\/\" target=\"_blank\">groupe local LPO du Pays Salonais<\/a> et le <a href=\"https:\/\/www.parcanimalierlabarben.com\/\" data-type=\"link\" data-id=\"https:\/\/www.parcanimalierlabarben.com\/\">Parc Animalier de La Barben <\/a>organisent la projection en avant-premi\u00e8re du 3\u00e8me opus du r\u00e9alisateur<a href=\"https:\/\/www.faunesauvage.fr\/fsrealisateur\/bertrand-jean-michel\" data-type=\"link\" data-id=\"https:\/\/www.faunesauvage.fr\/fsrealisateur\/bertrand-jean-michel\"> Jean-Michel Bertrand<\/a>. Elle sera suivie d&rsquo;un d\u00e9bat en sa pr\u00e9sence.<\/strong><\/h5>\n\n\n\n<p>Sp\u00e9cialiste du loup qu&rsquo;il suit depuis plus de 20 ans,&nbsp; Jean-Michel Bertrand a d\u00e9j\u00e0 r\u00e9alis\u00e9 deux films traitant son sujet de pr\u00e9dilection, \u00ab\u00a0la Vall\u00e9e des Loups\u00a0\u00bb et \u00ab\u00a0Marche avec les loups\u00a0\u00bb.<\/p>\n\n\n\n<p>Le r\u00e9alisateur nous parle du loup d\u2019une mani\u00e8re totalement nouvelle et inattendue. Ce dernier film montre le chemin \u00ab\u00a0vers une coexistence apais\u00e9e\u00a0\u00bb. En effet, il y aura bient\u00f4t des loups un peu partout en France. Il faut donc apprendre \u00e0 \u00ab vivre avec les loups \u00bb. D\u00e9passant les postures pol\u00e9miques, l\u2019auteur nous am\u00e8ne de mani\u00e8re sensible et cin\u00e9matographique \u00e0 percevoir diff\u00e9remment la nature qui nous entoure et les animaux qui l\u2019habitent : chevreuils, chamois, bouquetins\u2026<\/p>\n\n\n\n<p>Avec son style inimitable, le r\u00e9alisateur nous entra\u00eene dans des r\u00e9flexions naturalistes et philosophiques sur la nature. Un voyage avec de surprenantes rencontres, humaines et animales.<\/p>\n\n\n\n<p><a href=\"http:\/\/www.cineplanet-salon.cotecine.fr\/reserver\/F328023\/D1701889200\/VF\/2237638\/\" data-type=\"link\" data-id=\"www.cineplanet-salon.cotecine.fr\/reserver\/F328023\/D1701889200\/VF\/2237638\/\">R\u00e9servation conseill\u00e9e aupr\u00e8s du Cin\u00e9 Planet \u00e0 Salon <\/a><\/p>\n","protected":false},"excerpt":{"rendered":"<p>A Salon de Provence, le groupe local LPO du Pays Salonais et le Parc Animalier de La Barben organisent la projection en avant-premi\u00e8re du 3\u00e8me opus du r\u00e9alisateur Jean-Michel Bertrand. Elle sera suivie d&rsquo;un d\u00e9bat en sa pr\u00e9sence. Sp\u00e9cialiste du loup qu&rsquo;il suit depuis plus de 20 ans,&nbsp; Jean-Michel Bertrand a d\u00e9j\u00e0 r\u00e9alis\u00e9 deux films [&hellip;]<\/p>\n","protected":false},"author":152,"featured_media":360,"comment_status":"open","ping_status":"open","sticky":true,"template":"","format":"standard","meta":{"footnotes":""},"categories":[9],"tags":[44,45],"class_list":["post-358","post","type-post","status-publish","format-standard","has-post-thumbnail","hentry","category-animation","tag-loups","tag-projection"],"jetpack_featured_media_url":"https:\/\/paca.lpo.fr\/blogs\/pays-salonais\/files\/2023\/11\/2023-decembre-avant-premiere-projection-vivre-avec-les-loups-1-e1701256974975.jpg","_links":{"self":[{"href":"https:\/\/paca.lpo.fr\/blogs\/pays-salonais\/wp-json\/wp\/v2\/posts\/358","targetHints":{"allow":["GET"]}}],"collection":[{"href":"https:\/\/paca.lpo.fr\/blogs\/pays-salonais\/wp-json\/wp\/v2\/posts"}],"about":[{"href":"https:\/\/paca.lpo.fr\/blogs\/pays-salonais\/wp-json\/wp\/v2\/types\/post"}],"author":[{"embeddable":true,"href":"https:\/\/paca.lpo.fr\/blogs\/pays-salonais\/wp-json\/wp\/v2\/users\/152"}],"replies":[{"embeddable":true,"href":"https:\/\/paca.lpo.fr\/blogs\/pays-salonais\/wp-json\/wp\/v2\/comments?post=358"}],"version-history":[{"count":1,"href":"https:\/\/paca.lpo.fr\/blogs\/pays-salonais\/wp-json\/wp\/v2\/posts\/358\/revisions"}],"predecessor-version":[{"id":361,"href":"https:\/\/paca.lpo.fr\/blogs\/pays-salonais\/wp-json\/wp\/v2\/posts\/358\/revisions\/361"}],"wp:featuredmedia":[{"embeddable":true,"href":"https:\/\/paca.lpo.fr\/blogs\/pays-salonais\/wp-json\/wp\/v2\/media\/360"}],"wp:attachment":[{"href":"https:\/\/paca.lpo.fr\/blogs\/pays-salonais\/wp-json\/wp\/v2\/media?parent=358"}],"wp:term":[{"taxonomy":"category","embeddable":true,"href":"https:\/\/paca.lpo.fr\/blogs\/pays-salonais\/wp-json\/wp\/v2\/categories?post=358"},{"taxonomy":"post_tag","embeddable":true,"href":"https:\/\/paca.lpo.fr\/blogs\/pays-salonais\/wp-json\/wp\/v2\/tags?post=358"}],"curies":[{"name":"wp","href":"https:\/\/api.w.org\/{rel}","templated":true}]}}