{"id":364,"date":"2023-12-21T15:33:48","date_gmt":"2023-12-21T14:33:48","guid":{"rendered":"https:\/\/paca.lpo.fr\/blogs\/pays-salonais\/?p=364"},"modified":"2023-12-21T15:39:20","modified_gmt":"2023-12-21T14:39:20","slug":"vivre-avec-les-loups-une-avant-premiere-reussie","status":"publish","type":"post","link":"https:\/\/paca.lpo.fr\/blogs\/pays-salonais\/2023\/12\/21\/vivre-avec-les-loups-une-avant-premiere-reussie\/","title":{"rendered":"Vivre avec les loups, une avant premi\u00e8re r\u00e9ussie"},"content":{"rendered":"\n<p>A Salon, le groupe local <a href=\"https:\/\/paca.lpo.fr\/\" data-type=\"link\" data-id=\"https:\/\/paca.lpo.fr\/\" target=\"_blank\" rel=\"noreferrer noopener\">LPO <\/a>du pays salonais a organis\u00e9 en partenariat avec le <a href=\"https:\/\/www.parcanimalierlabarben.com\/\" data-type=\"link\" data-id=\"https:\/\/www.parcanimalierlabarben.com\/\" target=\"_blank\" rel=\"noreferrer noopener\">Parc Animalier de La Barben<\/a>, une projection en avant premi\u00e8re du dernier film de la trilogie de <a href=\"https:\/\/www.faunesauvage.fr\/fsrealisateur\/bertrand-jean-michel\" data-type=\"link\" data-id=\"https:\/\/www.faunesauvage.fr\/fsrealisateur\/bertrand-jean-michel\" target=\"_blank\" rel=\"noreferrer noopener\">Jean Michel Bertrand<\/a>.<\/p>\n\n\n\n<p>\u00ab\u00a0<a href=\"https:\/\/www.youtube.com\/watch?v=8H2vd8hMmjo\" data-type=\"link\" data-id=\"https:\/\/www.youtube.com\/watch?v=8H2vd8hMmjo\" target=\"_blank\" rel=\"noreferrer noopener\">Vivre avec les loups<\/a>\u00a0\u00bb raconte les \u00e9changes entre le r\u00e9alisateur et les principaux protagonistes, \u00e9leveurs et bergers. Bien s\u00fbr que les positions ne puissent \u00eatre tout \u00e0 fait similaires, mais les rapprochements sont possibles, c&rsquo;est ce qu&rsquo;a voulu d\u00e9montrer ce film.<\/p>\n\n\n\n<figure class=\"wp-block-image size-full\"><img loading=\"lazy\" decoding=\"async\" width=\"1024\" height=\"728\" src=\"https:\/\/paca.lpo.fr\/blogs\/pays-salonais\/files\/2023\/12\/2023-decembre-projection-vivre-avec-les-loupscineplanet-salon-3.jpeg\" alt=\"\" class=\"wp-image-367\" srcset=\"https:\/\/paca.lpo.fr\/blogs\/pays-salonais\/files\/2023\/12\/2023-decembre-projection-vivre-avec-les-loupscineplanet-salon-3.jpeg 1024w, https:\/\/paca.lpo.fr\/blogs\/pays-salonais\/files\/2023\/12\/2023-decembre-projection-vivre-avec-les-loupscineplanet-salon-3-768x546.jpeg 768w\" sizes=\"auto, (max-width: 1024px) 100vw, 1024px\" \/><figcaption class=\"wp-element-caption\">La magnifique affiche du film, la cabane dans laquelle a v\u00e9cu le r\u00e9alisateur pendant de long mois @Cin\u00e9 Planet Salon<\/figcaption><\/figure>\n\n\n\n<p>De magnifiques images, un texte fort soutenant les vues de montagnes sous la neige ou en automne, les bouquetins ou les chamois, et bien s\u00fbr loups, louves, louveteaux&#8230;<\/p>\n\n\n\n<p>La plus grande salle du Cin\u00e9 Planet affichait complet ce mercredi 6 d\u00e9cembre 2023. Les \u00e9changes entre les spectateurs et le r\u00e9alisateur, descendu de sa montagne pour partager son propos, ont \u00e9t\u00e9 nombreux et riches d&rsquo;enseignements. Le groupe LPO du Pays Salonais \u00e9tait quasi au complet et a accueilli deux repr\u00e9sentants de l&rsquo;association <a href=\"https:\/\/www.ferus.fr\/\" data-type=\"link\" data-id=\"https:\/\/www.ferus.fr\/\" target=\"_blank\" rel=\"noreferrer noopener\">FERUS<\/a>.<\/p>\n\n\n\n<figure class=\"wp-block-image size-full\"><img loading=\"lazy\" decoding=\"async\" width=\"768\" height=\"1024\" src=\"https:\/\/paca.lpo.fr\/blogs\/pays-salonais\/files\/2023\/12\/2023-decembre-projection-vivre-avec-les-loupscineplanet-salon-1.jpeg\" alt=\"\" class=\"wp-image-368\" srcset=\"https:\/\/paca.lpo.fr\/blogs\/pays-salonais\/files\/2023\/12\/2023-decembre-projection-vivre-avec-les-loupscineplanet-salon-1.jpeg 768w, https:\/\/paca.lpo.fr\/blogs\/pays-salonais\/files\/2023\/12\/2023-decembre-projection-vivre-avec-les-loupscineplanet-salon-1-576x768.jpeg 576w\" sizes=\"auto, (max-width: 768px) 100vw, 768px\" \/><figcaption class=\"wp-element-caption\">Jean Michel Bertrand n&rsquo;a occult\u00e9 aucune question, m\u00eame celle d&rsquo;un \u00ab\u00a0opposant\u00a0\u00bb ou du moins un spectateur moins \u00ab\u00a0fan\u00a0\u00bb que le reste de la salle. Son objectif, expliquer, expliquer encore @Cin\u00e9 Planet Salon<\/figcaption><\/figure>\n\n\n\n<p>La plupart des personnes interrog\u00e9es \u00e0 la sortie confirmaient avoir appris beaucoup de choses sur cette possible cohabitation apais\u00e9e entre l&rsquo;homme et le loup. Tout comme les jeunes bergers de l&rsquo;Ecole du Merle venus nombreux, et dont certains avaient crois\u00e9 la route de Jean Michel Bertrand.<\/p>\n\n\n\n<p>Une belle soir\u00e9e, reste d\u00e9sormais \u00e0 attendre la sortie officielle du film, programm\u00e9e le 24 janvier prochain.<\/p>\n\n\n\n<p><em>Photo de 1 : @Cin\u00e9 Planet Salon<\/em><\/p>\n","protected":false},"excerpt":{"rendered":"<p>A Salon, le groupe local LPO du pays salonais a organis\u00e9 en partenariat avec le Parc Animalier de La Barben, une projection en avant premi\u00e8re du dernier film de la trilogie de Jean Michel Bertrand. \u00ab\u00a0Vivre avec les loups\u00a0\u00bb raconte les \u00e9changes entre le r\u00e9alisateur et les principaux protagonistes, \u00e9leveurs et bergers. Bien s\u00fbr que [&hellip;]<\/p>\n","protected":false},"author":152,"featured_media":365,"comment_status":"open","ping_status":"open","sticky":true,"template":"","format":"standard","meta":{"footnotes":""},"categories":[9],"tags":[51,47,46,44,48,50],"class_list":["post-364","post","type-post","status-publish","format-standard","has-post-thumbnail","hentry","category-animation","tag-cine-planet-salon","tag-cohabitation","tag-jean-michel-bertrand","tag-loups","tag-lpo-paca","tag-parc-animalier-de-la-barben"],"jetpack_featured_media_url":"https:\/\/paca.lpo.fr\/blogs\/pays-salonais\/files\/2023\/12\/2023-decembre-projection-vivre-avec-les-loupscineplanet-salon-5-e1703168235472.jpeg","_links":{"self":[{"href":"https:\/\/paca.lpo.fr\/blogs\/pays-salonais\/wp-json\/wp\/v2\/posts\/364","targetHints":{"allow":["GET"]}}],"collection":[{"href":"https:\/\/paca.lpo.fr\/blogs\/pays-salonais\/wp-json\/wp\/v2\/posts"}],"about":[{"href":"https:\/\/paca.lpo.fr\/blogs\/pays-salonais\/wp-json\/wp\/v2\/types\/post"}],"author":[{"embeddable":true,"href":"https:\/\/paca.lpo.fr\/blogs\/pays-salonais\/wp-json\/wp\/v2\/users\/152"}],"replies":[{"embeddable":true,"href":"https:\/\/paca.lpo.fr\/blogs\/pays-salonais\/wp-json\/wp\/v2\/comments?post=364"}],"version-history":[{"count":3,"href":"https:\/\/paca.lpo.fr\/blogs\/pays-salonais\/wp-json\/wp\/v2\/posts\/364\/revisions"}],"predecessor-version":[{"id":377,"href":"https:\/\/paca.lpo.fr\/blogs\/pays-salonais\/wp-json\/wp\/v2\/posts\/364\/revisions\/377"}],"wp:featuredmedia":[{"embeddable":true,"href":"https:\/\/paca.lpo.fr\/blogs\/pays-salonais\/wp-json\/wp\/v2\/media\/365"}],"wp:attachment":[{"href":"https:\/\/paca.lpo.fr\/blogs\/pays-salonais\/wp-json\/wp\/v2\/media?parent=364"}],"wp:term":[{"taxonomy":"category","embeddable":true,"href":"https:\/\/paca.lpo.fr\/blogs\/pays-salonais\/wp-json\/wp\/v2\/categories?post=364"},{"taxonomy":"post_tag","embeddable":true,"href":"https:\/\/paca.lpo.fr\/blogs\/pays-salonais\/wp-json\/wp\/v2\/tags?post=364"}],"curies":[{"name":"wp","href":"https:\/\/api.w.org\/{rel}","templated":true}]}}