{"id":385,"date":"2024-01-08T14:22:02","date_gmt":"2024-01-08T13:22:02","guid":{"rendered":"https:\/\/paca.lpo.fr\/blogs\/pays-salonais\/?p=385"},"modified":"2024-01-12T08:25:15","modified_gmt":"2024-01-12T07:25:15","slug":"observations-en-durance","status":"publish","type":"post","link":"https:\/\/paca.lpo.fr\/blogs\/pays-salonais\/2024\/01\/08\/observations-en-durance\/","title":{"rendered":"Observations en Durance"},"content":{"rendered":"\n<p>Les groupes locaux du Pays Salonais et Luberon Mont de Vaucluse ont d\u00e9cid\u00e9 de s&rsquo;associer pour proposer tous les mois pendant le premier semestre 2024, une demi-journ\u00e9e d&rsquo;observation sur l&rsquo;observatoire de Durance \u00e0 M\u00e9rindol.<\/p>\n\n\n\n<p>Prot\u00e9g\u00e9 derri\u00e8re les parois du b\u00e2timent, vous pourrez observer \u00e0 loisir ce que la nature et la Durance auront d\u00e9cid\u00e9 de nous offrir. Venez aussi longtemps que vous voulez, nous serons en poste soit le matin soit l&rsquo;apr\u00e8s midi, avec jumelles et longue-vue pour vous permettre de profiter au mieux du spectacle.<\/p>\n\n\n\n<figure class=\"wp-block-image size-full\"><img loading=\"lazy\" decoding=\"async\" width=\"650\" height=\"434\" src=\"https:\/\/paca.lpo.fr\/blogs\/pays-salonais\/files\/2024\/01\/2023-avril--christian-levrot-7-e1704719917443.jpg\" alt=\"\" class=\"wp-image-387\" \/><figcaption class=\"wp-element-caption\">2023_avril @ Christian Levrot<\/figcaption><\/figure>\n\n\n\n<p>Les <a href=\"https:\/\/paca.lpo.fr\/sorties-nature\/agenda\" data-type=\"link\" data-id=\"https:\/\/paca.lpo.fr\/sorties-nature\/agenda\">agendas <\/a>sont sur le site LPO PACA. Nous vous donnons rendez vous jusqu&rsquo;au mois de juin !<\/p>\n\n\n\n<figure class=\"wp-block-image size-full\"><img loading=\"lazy\" decoding=\"async\" width=\"724\" height=\"1024\" src=\"https:\/\/paca.lpo.fr\/blogs\/pays-salonais\/files\/2024\/01\/2024-1er-semestre-affiche-permanence-observatoire-1.jpg\" alt=\"\" class=\"wp-image-388\" srcset=\"https:\/\/paca.lpo.fr\/blogs\/pays-salonais\/files\/2024\/01\/2024-1er-semestre-affiche-permanence-observatoire-1.jpg 724w, https:\/\/paca.lpo.fr\/blogs\/pays-salonais\/files\/2024\/01\/2024-1er-semestre-affiche-permanence-observatoire-1-543x768.jpg 543w\" sizes=\"auto, (max-width: 724px) 100vw, 724px\" \/><\/figure>\n","protected":false},"excerpt":{"rendered":"<p>Les groupes locaux du Pays Salonais et Luberon Mont de Vaucluse ont d\u00e9cid\u00e9 de s&rsquo;associer pour proposer tous les mois pendant le premier semestre 2024, une demi-journ\u00e9e d&rsquo;observation sur l&rsquo;observatoire de Durance \u00e0 M\u00e9rindol. Prot\u00e9g\u00e9 derri\u00e8re les parois du b\u00e2timent, vous pourrez observer \u00e0 loisir ce que la nature et la Durance auront d\u00e9cid\u00e9 de [&hellip;]<\/p>\n","protected":false},"author":152,"featured_media":386,"comment_status":"open","ping_status":"open","sticky":true,"template":"","format":"standard","meta":{"footnotes":""},"categories":[9],"tags":[37,54,52,36],"class_list":["post-385","post","type-post","status-publish","format-standard","has-post-thumbnail","hentry","category-animation","tag-durance","tag-lpo","tag-observation","tag-oiseaux-deau"],"jetpack_featured_media_url":"https:\/\/paca.lpo.fr\/blogs\/pays-salonais\/files\/2024\/01\/2023-juin-sortie-durancechristian-levrot-4-e1704719796995.jpg","_links":{"self":[{"href":"https:\/\/paca.lpo.fr\/blogs\/pays-salonais\/wp-json\/wp\/v2\/posts\/385","targetHints":{"allow":["GET"]}}],"collection":[{"href":"https:\/\/paca.lpo.fr\/blogs\/pays-salonais\/wp-json\/wp\/v2\/posts"}],"about":[{"href":"https:\/\/paca.lpo.fr\/blogs\/pays-salonais\/wp-json\/wp\/v2\/types\/post"}],"author":[{"embeddable":true,"href":"https:\/\/paca.lpo.fr\/blogs\/pays-salonais\/wp-json\/wp\/v2\/users\/152"}],"replies":[{"embeddable":true,"href":"https:\/\/paca.lpo.fr\/blogs\/pays-salonais\/wp-json\/wp\/v2\/comments?post=385"}],"version-history":[{"count":2,"href":"https:\/\/paca.lpo.fr\/blogs\/pays-salonais\/wp-json\/wp\/v2\/posts\/385\/revisions"}],"predecessor-version":[{"id":400,"href":"https:\/\/paca.lpo.fr\/blogs\/pays-salonais\/wp-json\/wp\/v2\/posts\/385\/revisions\/400"}],"wp:featuredmedia":[{"embeddable":true,"href":"https:\/\/paca.lpo.fr\/blogs\/pays-salonais\/wp-json\/wp\/v2\/media\/386"}],"wp:attachment":[{"href":"https:\/\/paca.lpo.fr\/blogs\/pays-salonais\/wp-json\/wp\/v2\/media?parent=385"}],"wp:term":[{"taxonomy":"category","embeddable":true,"href":"https:\/\/paca.lpo.fr\/blogs\/pays-salonais\/wp-json\/wp\/v2\/categories?post=385"},{"taxonomy":"post_tag","embeddable":true,"href":"https:\/\/paca.lpo.fr\/blogs\/pays-salonais\/wp-json\/wp\/v2\/tags?post=385"}],"curies":[{"name":"wp","href":"https:\/\/api.w.org\/{rel}","templated":true}]}}