{"id":392,"date":"2024-01-11T17:52:41","date_gmt":"2024-01-11T16:52:41","guid":{"rendered":"https:\/\/paca.lpo.fr\/blogs\/pays-salonais\/?p=392"},"modified":"2024-01-11T17:52:59","modified_gmt":"2024-01-11T16:52:59","slug":"dimanche-21-janvier-entrainement-avant-le-week-end-comptage-des-oiseaux-de-jardin","status":"publish","type":"post","link":"https:\/\/paca.lpo.fr\/blogs\/pays-salonais\/2024\/01\/11\/dimanche-21-janvier-entrainement-avant-le-week-end-comptage-des-oiseaux-de-jardin\/","title":{"rendered":"Dimanche 21 janvier : \u00ab\u00a0entra\u00eenement\u00a0\u00bb avant le week-end comptage des oiseaux de jardin"},"content":{"rendered":"\n<p>Le groupe local du Pays Salonais a d\u00e9cid\u00e9 d&rsquo;organiser dimanche 21 janvier, une matin\u00e9e \u00ab\u00a0d&rsquo;entra\u00eenement\u00a0\u00bb pour pr\u00e9parer ceux et celles qui le souhaitent, au comptage des oiseaux de jardins le week-end suivant.<\/p>\n\n\n\n<p>Organis\u00e9 par la LPO, ce <a href=\"https:\/\/www.lpo.fr\/decouvrir-la-nature\/loisirs-nature\/agenda-nature\/agenda-lpo-france\/2024\/comptage-national-oiseaux-des-jardins\" data-type=\"link\" data-id=\"https:\/\/www.lpo.fr\/decouvrir-la-nature\/loisirs-nature\/agenda-nature\/agenda-lpo-france\/2024\/comptage-national-oiseaux-des-jardins\">week-end comptage des oiseaux des jardins<\/a> est un \u00e9v\u00e8nement important dans la vie de notre association. En effet, il s&rsquo;agit de participer \u00e0 un vaste recensement des esp\u00e8ces pr\u00e9sentes sur nos territoires. Les donn\u00e9es recueillies permettent d&rsquo;alimenter une base nationale dont l&rsquo;objectif est de suivre l&rsquo;\u00e9volution des populations d&rsquo;oiseaux, et d&rsquo;alerter sur la baisse d&rsquo;une esp\u00e8ce en particulier. Un jardin, un balcon, un parc.. tout est lieu de comptage.<\/p>\n\n\n\n<figure class=\"wp-block-image size-full\"><img loading=\"lazy\" decoding=\"async\" width=\"1024\" height=\"768\" src=\"https:\/\/paca.lpo.fr\/blogs\/pays-salonais\/files\/2024\/01\/2023-decembre-tarins-des-auln-es-24.jpg\" alt=\"\" class=\"wp-image-394\" srcset=\"https:\/\/paca.lpo.fr\/blogs\/pays-salonais\/files\/2024\/01\/2023-decembre-tarins-des-auln-es-24.jpg 1024w, https:\/\/paca.lpo.fr\/blogs\/pays-salonais\/files\/2024\/01\/2023-decembre-tarins-des-auln-es-24-768x576.jpg 768w\" sizes=\"auto, (max-width: 1024px) 100vw, 1024px\" \/><figcaption class=\"wp-element-caption\">Tarin des aulnes &#8211; Salon &#8211; janvier 2024<\/figcaption><\/figure>\n\n\n\n<p>On le sait depuis quelque temps d\u00e9sormais, <a href=\"https:\/\/lemagdesanimaux.ouest-france.fr\/dossier-1862-declin-oiseaux-france.html\" data-type=\"link\" data-id=\"https:\/\/lemagdesanimaux.ouest-france.fr\/dossier-1862-declin-oiseaux-france.html\">plusieurs millions d&rsquo;oiseaux ont disparu.<\/a> En 10 ans, c&rsquo;est 25% de la population qui n&rsquo;existe plus&#8230; Alors les bonnes volont\u00e9s sont mises \u00e0 contribution.<\/p>\n\n\n\n<p>A partir de 9h, au <a href=\"https:\/\/www.laprovence.com\/article\/edition-salon\/3306297\/le-parc-du-pigeonnier-va-retrouver-sa-batisse-dorigine.html\" data-type=\"link\" data-id=\"https:\/\/www.laprovence.com\/article\/edition-salon\/3306297\/le-parc-du-pigeonnier-va-retrouver-sa-batisse-dorigine.html\">Parc du Pigeonnier \u00e0 Salon<\/a>, des membres du groupe local du Pays Salonais vous attendent pour vous aider \u00e0 identifier les oiseaux qui seront vus et\/ou entendus. Des fiches de suivi seront mises \u00e0 disposition, ainsi que des jumelles et longue vue pour faciliter la reconnaissance. Nous serons sur place jusqu&rsquo;\u00e0 12h.<\/p>\n\n\n\n<figure class=\"wp-block-image size-full\"><img loading=\"lazy\" decoding=\"async\" width=\"1024\" height=\"576\" src=\"https:\/\/paca.lpo.fr\/blogs\/pays-salonais\/files\/2024\/01\/parc-du-pigeonnier-image.jpg\" alt=\"\" class=\"wp-image-395\" srcset=\"https:\/\/paca.lpo.fr\/blogs\/pays-salonais\/files\/2024\/01\/parc-du-pigeonnier-image.jpg 1024w, https:\/\/paca.lpo.fr\/blogs\/pays-salonais\/files\/2024\/01\/parc-du-pigeonnier-image-768x432.jpg 768w\" sizes=\"auto, (max-width: 1024px) 100vw, 1024px\" \/><figcaption class=\"wp-element-caption\">Le Parc du Pigeonnier \u00e0 Salon<\/figcaption><\/figure>\n\n\n\n<p>Tout le monde peut le faire ! Et nous esp\u00e9rons que vous nous rejoindrez nombreux&#8230; C&rsquo;est une jolie exp\u00e9rience que de reconna\u00eetre l&rsquo;oiseau que l&rsquo;on entend chanter dans son jardin ou sur son balcon.<\/p>\n","protected":false},"excerpt":{"rendered":"<p>Le groupe local du Pays Salonais a d\u00e9cid\u00e9 d&rsquo;organiser dimanche 21 janvier, une matin\u00e9e \u00ab\u00a0d&rsquo;entra\u00eenement\u00a0\u00bb pour pr\u00e9parer ceux et celles qui le souhaitent, au comptage des oiseaux de jardins le week-end suivant. Organis\u00e9 par la LPO, ce week-end comptage des oiseaux des jardins est un \u00e9v\u00e8nement important dans la vie de notre association. En effet, [&hellip;]<\/p>\n","protected":false},"author":152,"featured_media":397,"comment_status":"open","ping_status":"open","sticky":true,"template":"","format":"standard","meta":{"footnotes":""},"categories":[9],"tags":[55,57,56],"class_list":["post-392","post","type-post","status-publish","format-standard","has-post-thumbnail","hentry","category-animation","tag-comptage","tag-identification","tag-oiseaux-des-jardins"],"jetpack_featured_media_url":"https:\/\/paca.lpo.fr\/blogs\/pays-salonais\/files\/2024\/01\/rouge-queue-a-front-blanc-2gilles-bertin-e1704991876515.jpg","_links":{"self":[{"href":"https:\/\/paca.lpo.fr\/blogs\/pays-salonais\/wp-json\/wp\/v2\/posts\/392","targetHints":{"allow":["GET"]}}],"collection":[{"href":"https:\/\/paca.lpo.fr\/blogs\/pays-salonais\/wp-json\/wp\/v2\/posts"}],"about":[{"href":"https:\/\/paca.lpo.fr\/blogs\/pays-salonais\/wp-json\/wp\/v2\/types\/post"}],"author":[{"embeddable":true,"href":"https:\/\/paca.lpo.fr\/blogs\/pays-salonais\/wp-json\/wp\/v2\/users\/152"}],"replies":[{"embeddable":true,"href":"https:\/\/paca.lpo.fr\/blogs\/pays-salonais\/wp-json\/wp\/v2\/comments?post=392"}],"version-history":[{"count":3,"href":"https:\/\/paca.lpo.fr\/blogs\/pays-salonais\/wp-json\/wp\/v2\/posts\/392\/revisions"}],"predecessor-version":[{"id":399,"href":"https:\/\/paca.lpo.fr\/blogs\/pays-salonais\/wp-json\/wp\/v2\/posts\/392\/revisions\/399"}],"wp:featuredmedia":[{"embeddable":true,"href":"https:\/\/paca.lpo.fr\/blogs\/pays-salonais\/wp-json\/wp\/v2\/media\/397"}],"wp:attachment":[{"href":"https:\/\/paca.lpo.fr\/blogs\/pays-salonais\/wp-json\/wp\/v2\/media?parent=392"}],"wp:term":[{"taxonomy":"category","embeddable":true,"href":"https:\/\/paca.lpo.fr\/blogs\/pays-salonais\/wp-json\/wp\/v2\/categories?post=392"},{"taxonomy":"post_tag","embeddable":true,"href":"https:\/\/paca.lpo.fr\/blogs\/pays-salonais\/wp-json\/wp\/v2\/tags?post=392"}],"curies":[{"name":"wp","href":"https:\/\/api.w.org\/{rel}","templated":true}]}}