{"id":402,"date":"2024-02-24T17:07:03","date_gmt":"2024-02-24T16:07:03","guid":{"rendered":"https:\/\/paca.lpo.fr\/blogs\/pays-salonais\/?p=402"},"modified":"2024-02-24T17:14:42","modified_gmt":"2024-02-24T16:14:42","slug":"un-debut-dannee-actif","status":"publish","type":"post","link":"https:\/\/paca.lpo.fr\/blogs\/pays-salonais\/2024\/02\/24\/un-debut-dannee-actif\/","title":{"rendered":"Un d\u00e9but d&rsquo;ann\u00e9e actif !"},"content":{"rendered":"\n<p>L&rsquo;ann\u00e9e 2024 a d\u00e9marr\u00e9 sur les chapeaux de roues pour le groupe local du Pays Salonais, jugez en vous m\u00eame !!<\/p>\n\n\n\n<p>En janvier, premi\u00e8re demi-journ\u00e9e d&rsquo;observation propos\u00e9e conjointement par le Groupe Local Sud Lub\u00e9ron et le Pays Salonais. Il s&rsquo;agit, un dimanche par mois, d&rsquo;installer un point fixe \u00e0 l&rsquo;Observatoire de M\u00e9rindol, et de permettre aux curieux de d\u00e9couvrir toutes les esp\u00e8ces d&rsquo;oiseaux pr\u00e9sentes sur le plan d&rsquo;eau. De tr\u00e8s nombreuses personnes se sont arr\u00eat\u00e9es le 11 janvier dernier, et se sont int\u00e9ress\u00e9es \u00e0 la possibilit\u00e9 qui leur a \u00e9t\u00e9 donn\u00e9e d&rsquo;observer dans des conditions optimales. Une mani\u00e8re aussi de parler de la LPO&#8230;<\/p>\n\n\n\n<figure class=\"wp-block-image size-full\"><img loading=\"lazy\" decoding=\"async\" width=\"724\" height=\"1024\" src=\"https:\/\/paca.lpo.fr\/blogs\/pays-salonais\/files\/2024\/02\/2024-1er-semestre-affiche-permanence-observatoire-1.jpg\" alt=\"\" class=\"wp-image-404\" srcset=\"https:\/\/paca.lpo.fr\/blogs\/pays-salonais\/files\/2024\/02\/2024-1er-semestre-affiche-permanence-observatoire-1.jpg 724w, https:\/\/paca.lpo.fr\/blogs\/pays-salonais\/files\/2024\/02\/2024-1er-semestre-affiche-permanence-observatoire-1-543x768.jpg 543w\" sizes=\"auto, (max-width: 724px) 100vw, 724px\" \/><figcaption class=\"wp-element-caption\">Le programme d&rsquo;observation du 1er semestre<\/figcaption><\/figure>\n\n\n\n<p><\/p>\n\n\n\n<p>Nous avons \u00e9galement propos\u00e9 mi-janvier une s\u00e9ance d&rsquo;observation au Parc du Pigeonnier \u00e0 Salon de Provence, afin de permettre aux curieux qui avaient pr\u00e9vu de participer au week-end comptage des oiseaux de jardins, de se familiariser avec les esp\u00e8ces susceptibles d&rsquo;\u00eatre observ\u00e9es. Une dizaine d&rsquo;oiseaux ont \u00e9t\u00e9 vus ce matin l\u00e0&#8230; Ce lieu rec\u00e8le un vrai potentiel. La Ville pr\u00e9voit d&rsquo;ailleurs \u00e0 terme de le transformer en <a href=\"https:\/\/www.lpo.fr\/s-engager-a-nos-cotes\/creer-un-refuge-lpo\" target=\"_blank\" rel=\"noreferrer noopener\">Refuge LPO.<\/a> Bonne id\u00e9e, nous serons \u00e0 leurs c\u00f4t\u00e9s pour l&rsquo;imaginer ensemble. Prochain op\u00e9ration nationale de comptage en mai.<\/p>\n\n\n\n<figure class=\"wp-block-image size-full\"><img loading=\"lazy\" decoding=\"async\" width=\"1024\" height=\"576\" src=\"https:\/\/paca.lpo.fr\/blogs\/pays-salonais\/files\/2024\/02\/parc-du-pigeonnier-image.jpg\" alt=\"\" class=\"wp-image-405\" srcset=\"https:\/\/paca.lpo.fr\/blogs\/pays-salonais\/files\/2024\/02\/parc-du-pigeonnier-image.jpg 1024w, https:\/\/paca.lpo.fr\/blogs\/pays-salonais\/files\/2024\/02\/parc-du-pigeonnier-image-768x432.jpg 768w\" sizes=\"auto, (max-width: 1024px) 100vw, 1024px\" \/><figcaption class=\"wp-element-caption\">L&rsquo;entr\u00e9e du Parc du Pigeonnier, au nord de salon<\/figcaption><\/figure>\n\n\n\n<p>Fin janvier \u00e9galement, plusieurs membres du groupe ont particip\u00e9 \u00e0 une op\u00e9ration men\u00e9e par le <a href=\"https:\/\/cen-paca.org\/\" data-type=\"link\" data-id=\"https:\/\/cen-paca.org\/\" target=\"_blank\" rel=\"noreferrer noopener\">CEN PACA<\/a>, le comptage des <a href=\"https:\/\/www.lpo.fr\/la-lpo-en-actions\/conservation-d-especes-menacees\/especes-prioritaires\/outarde-canepetiere\" data-type=\"link\" data-id=\"https:\/\/www.lpo.fr\/la-lpo-en-actions\/conservation-d-especes-menacees\/especes-prioritaires\/outarde-canepetiere\" target=\"_blank\" rel=\"noreferrer noopener\">outardes canepti\u00e8res<\/a> en Crau. Tous les groupes n&rsquo;ont pas eu la chance d&rsquo;en apercevoir en nombre, mais globalement un week-end l\u00e0 encore plut\u00f4t positif pour cet inventaire. Rendez vous dans 4 ans pour le prochain !!<\/p>\n\n\n\n<figure class=\"wp-block-image size-full is-resized\"><img loading=\"lazy\" decoding=\"async\" width=\"768\" height=\"512\" src=\"https:\/\/paca.lpo.fr\/blogs\/pays-salonais\/files\/2024\/02\/n125-outarde-canepetiere-c.-tardieu-cen-paca-768x512-1.jpg\" alt=\"\" class=\"wp-image-406\" style=\"width:608px;height:auto\" \/><figcaption class=\"wp-element-caption\">Outarde canepti\u00e8re &#8211; photo CEN PACA @C.Tardieu<\/figcaption><\/figure>\n\n\n\n<p>F\u00e9vrier a d\u00e9marr\u00e9 fort \u00e9galement. Apr\u00e8s notre participation aux journ\u00e9es salari\u00e9s\/b\u00e9n\u00e9voles organis\u00e9es par la <a href=\"https:\/\/paca.lpo.fr\/\" target=\"_blank\" rel=\"noreferrer noopener\">LPO PACA<\/a> dans les Alpes de Haute Provence, 3 membres du groupe ont accompagn\u00e9 des enfants du <a href=\"https:\/\/www.salondeprovence.fr\/services-au-quotidien\/jeunesse\/activites\/activites-extra-scolaires\/\" target=\"_blank\" rel=\"noreferrer noopener\">centre a\u00e9r\u00e9 de la Bastide Haute<\/a>. Rendez vous \u00e9tait donn\u00e9 au Vallon des Glauges \u00e0 Eygui\u00e8res pour une apr\u00e8s midi naturaliste : recherche d&#8217;empreintes, reconnaissance des plantes, ramassage de d\u00e9chets&#8230;et observation d&rsquo;oiseaux. Les enfants ont \u00e9t\u00e9 \u00e9quip\u00e9s de jumelles et deux longues-vues leur ont \u00e9t\u00e9 mises \u00e0 disposition. Ils ont m\u00eame eu la chance d&rsquo;apercevoir le rapace h\u00f4te de ces lieux&#8230; Et nous leur avons bien dit que c&rsquo;\u00e9tait un vrai privil\u00e8ge !<\/p>\n\n\n\n<figure class=\"wp-block-image size-full\"><img loading=\"lazy\" decoding=\"async\" width=\"768\" height=\"1024\" src=\"https:\/\/paca.lpo.fr\/blogs\/pays-salonais\/files\/2024\/02\/img-2294.jpeg\" alt=\"Activit\u00e9s r\u00e9alis\u00e9es par le Groupe Local LPO du Pays Salonais : observations, accompagnement sortie d'enfants, comptage des oiseaux\" class=\"wp-image-407\" srcset=\"https:\/\/paca.lpo.fr\/blogs\/pays-salonais\/files\/2024\/02\/img-2294.jpeg 768w, https:\/\/paca.lpo.fr\/blogs\/pays-salonais\/files\/2024\/02\/img-2294-576x768.jpeg 576w\" sizes=\"auto, (max-width: 768px) 100vw, 768px\" \/><figcaption class=\"wp-element-caption\">O\u00f9 l&rsquo;on apprend \u00e0 regarder dans une longue-vue (photo autoris\u00e9e @LPO GLPS)<\/figcaption><\/figure>\n\n\n\n<figure class=\"wp-block-image size-full\"><img loading=\"lazy\" decoding=\"async\" width=\"1024\" height=\"768\" src=\"https:\/\/paca.lpo.fr\/blogs\/pays-salonais\/files\/2024\/02\/alpilles-lpo1.jpeg\" alt=\"\" class=\"wp-image-408\" srcset=\"https:\/\/paca.lpo.fr\/blogs\/pays-salonais\/files\/2024\/02\/alpilles-lpo1.jpeg 1024w, https:\/\/paca.lpo.fr\/blogs\/pays-salonais\/files\/2024\/02\/alpilles-lpo1-768x576.jpeg 768w\" sizes=\"auto, (max-width: 1024px) 100vw, 1024px\" \/><figcaption class=\"wp-element-caption\">Mieux comprendre ce que l&rsquo;on voit (photo autoris\u00e9e @LPO GLPS)<\/figcaption><\/figure>\n\n\n\n<figure class=\"wp-block-image size-full\"><img loading=\"lazy\" decoding=\"async\" width=\"1024\" height=\"768\" src=\"https:\/\/paca.lpo.fr\/blogs\/pays-salonais\/files\/2024\/02\/moment-studieux-1.jpeg\" alt=\"\" class=\"wp-image-409\" srcset=\"https:\/\/paca.lpo.fr\/blogs\/pays-salonais\/files\/2024\/02\/moment-studieux-1.jpeg 1024w, https:\/\/paca.lpo.fr\/blogs\/pays-salonais\/files\/2024\/02\/moment-studieux-1-768x576.jpeg 768w\" sizes=\"auto, (max-width: 1024px) 100vw, 1024px\" \/><figcaption class=\"wp-element-caption\">Des enfants tr\u00e8s attentifs et curieux : un vrai bonheur de les encadrer !! (photo autoris\u00e9e @C\u00e9line Doucet Bastide Haute)<\/figcaption><\/figure>\n\n\n\n<p>Merci \u00e0 C\u00e9line DOUCET, du centre a\u00e9r\u00e9, de nous avoir sollicit\u00e9s pour cette op\u00e9ration. Nous envisageons ensemble d&rsquo;autres actions dont nous nous r\u00e9jouissons par avance !<\/p>\n\n\n\n<p>Place au printemps qui sera \u00e9galement fort occup\u00e9, nous pr\u00e9parons le programme d&rsquo;animations.. Bient\u00f4t des nouvelles et une page Facebook pour \u00eatre encore plus r\u00e9actifs !<\/p>\n\n\n\n<p>Photo de 1 @Christian Levrot<\/p>\n","protected":false},"excerpt":{"rendered":"<p>L&rsquo;ann\u00e9e 2024 a d\u00e9marr\u00e9 sur les chapeaux de roues pour le groupe local du Pays Salonais, jugez en vous m\u00eame !! En janvier, premi\u00e8re demi-journ\u00e9e d&rsquo;observation propos\u00e9e conjointement par le Groupe Local Sud Lub\u00e9ron et le Pays Salonais. Il s&rsquo;agit, un dimanche par mois, d&rsquo;installer un point fixe \u00e0 l&rsquo;Observatoire de M\u00e9rindol, et de permettre [&hellip;]<\/p>\n","protected":false},"author":152,"featured_media":415,"comment_status":"open","ping_status":"open","sticky":true,"template":"","format":"standard","meta":{"footnotes":""},"categories":[9],"tags":[60,37,59,58,36,61],"class_list":["post-402","post","type-post","status-publish","format-standard","has-post-thumbnail","hentry","category-animation","tag-comptage-oiseaux-des-jardins","tag-durance","tag-encadrement-sortie-enfants","tag-inventaire","tag-oiseaux-deau","tag-salon-de-provence"],"jetpack_featured_media_url":"https:\/\/paca.lpo.fr\/blogs\/pays-salonais\/files\/2024\/02\/2023-avril--christian-levrot-1-e1708790668560.jpg","_links":{"self":[{"href":"https:\/\/paca.lpo.fr\/blogs\/pays-salonais\/wp-json\/wp\/v2\/posts\/402","targetHints":{"allow":["GET"]}}],"collection":[{"href":"https:\/\/paca.lpo.fr\/blogs\/pays-salonais\/wp-json\/wp\/v2\/posts"}],"about":[{"href":"https:\/\/paca.lpo.fr\/blogs\/pays-salonais\/wp-json\/wp\/v2\/types\/post"}],"author":[{"embeddable":true,"href":"https:\/\/paca.lpo.fr\/blogs\/pays-salonais\/wp-json\/wp\/v2\/users\/152"}],"replies":[{"embeddable":true,"href":"https:\/\/paca.lpo.fr\/blogs\/pays-salonais\/wp-json\/wp\/v2\/comments?post=402"}],"version-history":[{"count":3,"href":"https:\/\/paca.lpo.fr\/blogs\/pays-salonais\/wp-json\/wp\/v2\/posts\/402\/revisions"}],"predecessor-version":[{"id":423,"href":"https:\/\/paca.lpo.fr\/blogs\/pays-salonais\/wp-json\/wp\/v2\/posts\/402\/revisions\/423"}],"wp:featuredmedia":[{"embeddable":true,"href":"https:\/\/paca.lpo.fr\/blogs\/pays-salonais\/wp-json\/wp\/v2\/media\/415"}],"wp:attachment":[{"href":"https:\/\/paca.lpo.fr\/blogs\/pays-salonais\/wp-json\/wp\/v2\/media?parent=402"}],"wp:term":[{"taxonomy":"category","embeddable":true,"href":"https:\/\/paca.lpo.fr\/blogs\/pays-salonais\/wp-json\/wp\/v2\/categories?post=402"},{"taxonomy":"post_tag","embeddable":true,"href":"https:\/\/paca.lpo.fr\/blogs\/pays-salonais\/wp-json\/wp\/v2\/tags?post=402"}],"curies":[{"name":"wp","href":"https:\/\/api.w.org\/{rel}","templated":true}]}}