{"id":426,"date":"2024-04-24T18:49:39","date_gmt":"2024-04-24T16:49:39","guid":{"rendered":"https:\/\/paca.lpo.fr\/blogs\/pays-salonais\/?p=426"},"modified":"2024-04-24T18:59:59","modified_gmt":"2024-04-24T16:59:59","slug":"week-end-dans-les-alpes-de-haute-provence","status":"publish","type":"post","link":"https:\/\/paca.lpo.fr\/blogs\/pays-salonais\/2024\/04\/24\/week-end-dans-les-alpes-de-haute-provence\/","title":{"rendered":"Week-end dans les Alpes de Haute Provence"},"content":{"rendered":"\n<p>Le Groupe Local du Pays Salonais a r\u00e9pondu \u00e0 l&rsquo;invitation de Daniel Madeleine dit \u00ab\u00a0Mado\u00a0\u00bb, pr\u00e9sident de l&rsquo;Association La Cistude \u00e0 Ch\u00e2teau-Arnoux. Il est intervenu derni\u00e8rement \u00e0 Salon pour une conf\u00e9rence sur les serpents. Le th\u00e8me en \u00e9tait : \u00ab\u00a0le serpent, mena\u00e7ant ou menac\u00e9 ?\u00a0\u00bb.<\/p>\n\n\n\n<p>Le programme de ces 2 jours \u00e9tait plut\u00f4t all\u00e9chant : randonn\u00e9e autour du lac de l&rsquo;Escale, mont\u00e9e aux Rochers des P\u00e9nitents des M\u00e9es, journ\u00e9e dans le Massif des Monges. A la rencontre des mouflons et chamois&#8230; Pas de loup mais beaucoup de traces fra\u00eeches \ud83d\ude09<\/p>\n\n\n\n<p>Nous avons \u00e9t\u00e9 merveilleusement accueillis au Camping l&rsquo;Hippocampe \u00e0 Volonne, par Rose Marie membre de l&rsquo;Association. Nous avons partag\u00e9 ap\u00e9ritif et repas avec quelques uns des membres de l&rsquo;Association, qui \u00e9taient \u00e9galement pr\u00e9sents sur les sorties.<\/p>\n\n\n\n<p>Echange de bon proc\u00e9d\u00e9s : notre groupe devrait les accueillir et les accompagner aux Marais du Vigueirat lorsque la p\u00e9riode sera la meilleure pour les observations.<\/p>\n\n\n\n<figure class=\"wp-block-image size-full\"><img loading=\"lazy\" decoding=\"async\" width=\"1024\" height=\"768\" src=\"https:\/\/paca.lpo.fr\/blogs\/pays-salonais\/files\/2024\/04\/img-0062.jpeg\" alt=\"\" class=\"wp-image-427\" srcset=\"https:\/\/paca.lpo.fr\/blogs\/pays-salonais\/files\/2024\/04\/img-0062.jpeg 1024w, https:\/\/paca.lpo.fr\/blogs\/pays-salonais\/files\/2024\/04\/img-0062-768x576.jpeg 768w\" sizes=\"auto, (max-width: 1024px) 100vw, 1024px\" \/><figcaption class=\"wp-element-caption\">Sur les bords de la Durance qui traverse le lac de l&rsquo;Escale<\/figcaption><\/figure>\n\n\n\n<figure class=\"wp-block-image size-full\"><img loading=\"lazy\" decoding=\"async\" width=\"576\" height=\"1024\" src=\"https:\/\/paca.lpo.fr\/blogs\/pays-salonais\/files\/2024\/04\/img-0126.jpg\" alt=\"\" class=\"wp-image-428\" srcset=\"https:\/\/paca.lpo.fr\/blogs\/pays-salonais\/files\/2024\/04\/img-0126.jpg 576w, https:\/\/paca.lpo.fr\/blogs\/pays-salonais\/files\/2024\/04\/img-0126-432x768.jpg 432w\" sizes=\"auto, (max-width: 576px) 100vw, 576px\" \/><figcaption class=\"wp-element-caption\">Mado nous montre l&rsquo;oeuvre des castors du secteur<\/figcaption><\/figure>\n\n\n\n<figure class=\"wp-block-image size-full\"><img loading=\"lazy\" decoding=\"async\" width=\"1024\" height=\"461\" src=\"https:\/\/paca.lpo.fr\/blogs\/pays-salonais\/files\/2024\/04\/0caa04f1-94e6-4438-92f5-be5de1716aa7.jpg\" alt=\"\" class=\"wp-image-429\" srcset=\"https:\/\/paca.lpo.fr\/blogs\/pays-salonais\/files\/2024\/04\/0caa04f1-94e6-4438-92f5-be5de1716aa7.jpg 1024w, https:\/\/paca.lpo.fr\/blogs\/pays-salonais\/files\/2024\/04\/0caa04f1-94e6-4438-92f5-be5de1716aa7-768x346.jpg 768w\" sizes=\"auto, (max-width: 1024px) 100vw, 1024px\" \/><figcaption class=\"wp-element-caption\">Sur le lac, de nombreuses esp\u00e8ces limicoles<\/figcaption><\/figure>\n\n\n\n<figure class=\"wp-block-image size-full\"><img loading=\"lazy\" decoding=\"async\" width=\"1024\" height=\"768\" src=\"https:\/\/paca.lpo.fr\/blogs\/pays-salonais\/files\/2024\/04\/img-0065.jpeg\" alt=\"\" class=\"wp-image-430\" srcset=\"https:\/\/paca.lpo.fr\/blogs\/pays-salonais\/files\/2024\/04\/img-0065.jpeg 1024w, https:\/\/paca.lpo.fr\/blogs\/pays-salonais\/files\/2024\/04\/img-0065-768x576.jpeg 768w\" sizes=\"auto, (max-width: 1024px) 100vw, 1024px\" \/><figcaption class=\"wp-element-caption\">En haut des P\u00e9nitents des M\u00e9es, en plein vent&#8230;&#8230;.<\/figcaption><\/figure>\n\n\n\n<figure class=\"wp-block-image size-full\"><img loading=\"lazy\" decoding=\"async\" width=\"768\" height=\"1024\" src=\"https:\/\/paca.lpo.fr\/blogs\/pays-salonais\/files\/2024\/04\/img-0071.jpeg\" alt=\"\" class=\"wp-image-431\" srcset=\"https:\/\/paca.lpo.fr\/blogs\/pays-salonais\/files\/2024\/04\/img-0071.jpeg 768w, https:\/\/paca.lpo.fr\/blogs\/pays-salonais\/files\/2024\/04\/img-0071-576x768.jpeg 576w\" sizes=\"auto, (max-width: 768px) 100vw, 768px\" \/><figcaption class=\"wp-element-caption\">Qui va trouver ce que fait J\u00e9r\u00e9my ????<\/figcaption><\/figure>\n\n\n\n<figure class=\"wp-block-image size-full\"><img loading=\"lazy\" decoding=\"async\" width=\"1024\" height=\"461\" src=\"https:\/\/paca.lpo.fr\/blogs\/pays-salonais\/files\/2024\/04\/5c285ec5-54de-4226-83ca-e7ce3c660702.jpg\" alt=\"\" class=\"wp-image-433\" srcset=\"https:\/\/paca.lpo.fr\/blogs\/pays-salonais\/files\/2024\/04\/5c285ec5-54de-4226-83ca-e7ce3c660702.jpg 1024w, https:\/\/paca.lpo.fr\/blogs\/pays-salonais\/files\/2024\/04\/5c285ec5-54de-4226-83ca-e7ce3c660702-768x346.jpg 768w\" sizes=\"auto, (max-width: 1024px) 100vw, 1024px\" \/><figcaption class=\"wp-element-caption\">Super groupe, super ambiance<\/figcaption><\/figure>\n\n\n\n<figure class=\"wp-block-image size-full\"><img loading=\"lazy\" decoding=\"async\" width=\"1024\" height=\"768\" src=\"https:\/\/paca.lpo.fr\/blogs\/pays-salonais\/files\/2024\/04\/img-0073.jpeg\" alt=\"\" class=\"wp-image-435\" srcset=\"https:\/\/paca.lpo.fr\/blogs\/pays-salonais\/files\/2024\/04\/img-0073.jpeg 1024w, https:\/\/paca.lpo.fr\/blogs\/pays-salonais\/files\/2024\/04\/img-0073-768x576.jpeg 768w\" sizes=\"auto, (max-width: 1024px) 100vw, 1024px\" \/><figcaption class=\"wp-element-caption\">Dans le Massif des Monges, sur la piste menant \u00e0 Beaudinard au d\u00e9part de Reynier<\/figcaption><\/figure>\n\n\n\n<figure class=\"wp-block-image size-full\"><img loading=\"lazy\" decoding=\"async\" width=\"1024\" height=\"485\" src=\"https:\/\/paca.lpo.fr\/blogs\/pays-salonais\/files\/2024\/04\/img-0106.jpg\" alt=\"\" class=\"wp-image-436\" srcset=\"https:\/\/paca.lpo.fr\/blogs\/pays-salonais\/files\/2024\/04\/img-0106.jpg 1024w, https:\/\/paca.lpo.fr\/blogs\/pays-salonais\/files\/2024\/04\/img-0106-768x364.jpg 768w\" sizes=\"auto, (max-width: 1024px) 100vw, 1024px\" \/><figcaption class=\"wp-element-caption\">Il y a toujours quelque chose \u00e0 voir : l\u00e0 c&rsquo;\u00e9tait un troupeau de mouflons femelles et jeunes<\/figcaption><\/figure>\n\n\n\n<figure class=\"wp-block-image size-full\"><img loading=\"lazy\" decoding=\"async\" width=\"1024\" height=\"768\" src=\"https:\/\/paca.lpo.fr\/blogs\/pays-salonais\/files\/2024\/04\/img-0074.jpeg\" alt=\"\" class=\"wp-image-437\" srcset=\"https:\/\/paca.lpo.fr\/blogs\/pays-salonais\/files\/2024\/04\/img-0074.jpeg 1024w, https:\/\/paca.lpo.fr\/blogs\/pays-salonais\/files\/2024\/04\/img-0074-768x576.jpeg 768w\" sizes=\"auto, (max-width: 1024px) 100vw, 1024px\" \/><\/figure>\n\n\n\n<figure class=\"wp-block-image size-full\"><img loading=\"lazy\" decoding=\"async\" width=\"1024\" height=\"461\" src=\"https:\/\/paca.lpo.fr\/blogs\/pays-salonais\/files\/2024\/04\/eb453c7f-32a7-4d98-8cbe-ffd12a323108.jpg\" alt=\"\" class=\"wp-image-438\" srcset=\"https:\/\/paca.lpo.fr\/blogs\/pays-salonais\/files\/2024\/04\/eb453c7f-32a7-4d98-8cbe-ffd12a323108.jpg 1024w, https:\/\/paca.lpo.fr\/blogs\/pays-salonais\/files\/2024\/04\/eb453c7f-32a7-4d98-8cbe-ffd12a323108-768x346.jpg 768w\" sizes=\"auto, (max-width: 1024px) 100vw, 1024px\" \/><figcaption class=\"wp-element-caption\">Sur le retour de la randonn\u00e9e<\/figcaption><\/figure>\n\n\n\n<figure class=\"wp-block-image size-full\"><img loading=\"lazy\" decoding=\"async\" width=\"768\" height=\"1024\" src=\"https:\/\/paca.lpo.fr\/blogs\/pays-salonais\/files\/2024\/04\/img-0082.jpeg\" alt=\"\" class=\"wp-image-439\" srcset=\"https:\/\/paca.lpo.fr\/blogs\/pays-salonais\/files\/2024\/04\/img-0082.jpeg 768w, https:\/\/paca.lpo.fr\/blogs\/pays-salonais\/files\/2024\/04\/img-0082-576x768.jpeg 576w\" sizes=\"auto, (max-width: 768px) 100vw, 768px\" \/><\/figure>\n\n\n\n<figure class=\"wp-block-image size-full\"><img loading=\"lazy\" decoding=\"async\" width=\"1024\" height=\"768\" src=\"https:\/\/paca.lpo.fr\/blogs\/pays-salonais\/files\/2024\/04\/img-0123.jpg\" alt=\"\" class=\"wp-image-440\" srcset=\"https:\/\/paca.lpo.fr\/blogs\/pays-salonais\/files\/2024\/04\/img-0123.jpg 1024w, https:\/\/paca.lpo.fr\/blogs\/pays-salonais\/files\/2024\/04\/img-0123-768x576.jpg 768w\" sizes=\"auto, (max-width: 1024px) 100vw, 1024px\" \/><figcaption class=\"wp-element-caption\">Les moments sympas : ap\u00e9ro au bungalow<\/figcaption><\/figure>\n","protected":false},"excerpt":{"rendered":"<p>Le Groupe Local du Pays Salonais a r\u00e9pondu \u00e0 l&rsquo;invitation de Daniel Madeleine dit \u00ab\u00a0Mado\u00a0\u00bb, pr\u00e9sident de l&rsquo;Association La Cistude \u00e0 Ch\u00e2teau-Arnoux. Il est intervenu derni\u00e8rement \u00e0 Salon pour une conf\u00e9rence sur les serpents. Le th\u00e8me en \u00e9tait : \u00ab\u00a0le serpent, mena\u00e7ant ou menac\u00e9 ?\u00a0\u00bb. Le programme de ces 2 jours \u00e9tait plut\u00f4t all\u00e9chant : [&hellip;]<\/p>\n","protected":false},"author":152,"featured_media":444,"comment_status":"open","ping_status":"open","sticky":true,"template":"","format":"standard","meta":{"footnotes":""},"categories":[1],"tags":[],"class_list":["post-426","post","type-post","status-publish","format-standard","has-post-thumbnail","hentry","category-non-classe"],"jetpack_featured_media_url":"https:\/\/paca.lpo.fr\/blogs\/pays-salonais\/files\/2024\/04\/img-0121-1-e1713977458268.jpg","_links":{"self":[{"href":"https:\/\/paca.lpo.fr\/blogs\/pays-salonais\/wp-json\/wp\/v2\/posts\/426","targetHints":{"allow":["GET"]}}],"collection":[{"href":"https:\/\/paca.lpo.fr\/blogs\/pays-salonais\/wp-json\/wp\/v2\/posts"}],"about":[{"href":"https:\/\/paca.lpo.fr\/blogs\/pays-salonais\/wp-json\/wp\/v2\/types\/post"}],"author":[{"embeddable":true,"href":"https:\/\/paca.lpo.fr\/blogs\/pays-salonais\/wp-json\/wp\/v2\/users\/152"}],"replies":[{"embeddable":true,"href":"https:\/\/paca.lpo.fr\/blogs\/pays-salonais\/wp-json\/wp\/v2\/comments?post=426"}],"version-history":[{"count":4,"href":"https:\/\/paca.lpo.fr\/blogs\/pays-salonais\/wp-json\/wp\/v2\/posts\/426\/revisions"}],"predecessor-version":[{"id":449,"href":"https:\/\/paca.lpo.fr\/blogs\/pays-salonais\/wp-json\/wp\/v2\/posts\/426\/revisions\/449"}],"wp:featuredmedia":[{"embeddable":true,"href":"https:\/\/paca.lpo.fr\/blogs\/pays-salonais\/wp-json\/wp\/v2\/media\/444"}],"wp:attachment":[{"href":"https:\/\/paca.lpo.fr\/blogs\/pays-salonais\/wp-json\/wp\/v2\/media?parent=426"}],"wp:term":[{"taxonomy":"category","embeddable":true,"href":"https:\/\/paca.lpo.fr\/blogs\/pays-salonais\/wp-json\/wp\/v2\/categories?post=426"},{"taxonomy":"post_tag","embeddable":true,"href":"https:\/\/paca.lpo.fr\/blogs\/pays-salonais\/wp-json\/wp\/v2\/tags?post=426"}],"curies":[{"name":"wp","href":"https:\/\/api.w.org\/{rel}","templated":true}]}}