{"id":451,"date":"2024-05-13T21:01:56","date_gmt":"2024-05-13T19:01:56","guid":{"rendered":"https:\/\/paca.lpo.fr\/blogs\/pays-salonais\/?p=451"},"modified":"2024-05-13T21:03:52","modified_gmt":"2024-05-13T19:03:52","slug":"joli-mois-de-mai-pas-tant-que-ca-finalement","status":"publish","type":"post","link":"https:\/\/paca.lpo.fr\/blogs\/pays-salonais\/2024\/05\/13\/joli-mois-de-mai-pas-tant-que-ca-finalement\/","title":{"rendered":"Joli mois de mai&#8230;"},"content":{"rendered":"\n<p>Le groupe local du Pays Salonais a \u00e9t\u00e9 sur tous les fronts ces derniers mois&#8230;et ce n&rsquo;est pas fini \ud83d\ude09<\/p>\n\n\n\n<p>Aux mois de mars et avril, plus de la moiti\u00e9 des membres du groupe se sont mobilis\u00e9s \u00e0 la demande de la LPO pour l&rsquo;inventaire chev\u00eache sur notre territoire. R\u00e9alis\u00e9 tous les 4 ans, il permet de suivre l&rsquo;\u00e9volution dela population de ce rapace nocturne. Bilan plus que mitig\u00e9, voire d\u00e9solant ! Sur S\u00e9nas par exemple, sur 14 points d&rsquo;\u00e9coute, aucun contact n&rsquo;a \u00e9t\u00e9 \u00e9tabli&#8230;<\/p>\n\n\n\n<figure class=\"wp-block-image size-full is-resized\"><img loading=\"lazy\" decoding=\"async\" width=\"512\" height=\"640\" src=\"https:\/\/paca.lpo.fr\/blogs\/pays-salonais\/files\/2024\/05\/438118257-1790776898087995-6234280219629093384-n.jpg\" alt=\"\" class=\"wp-image-452\" style=\"width:179px;height:auto\" \/><figcaption class=\"wp-element-caption\">Pas contente du tout la chev\u00eache d&rsquo;Ath\u00e9na !!!<\/figcaption><\/figure>\n\n\n\n<p>Le 10 avril, nous avons accueilli Daniel MADELEINE, pr\u00e9sident de l&rsquo;Association La Cistude des Alpes de Haute Provence. Il nous a parl\u00e9 des serpents&#8230; Sujet difficile d&rsquo;abord, mais fort int\u00e9ressant au demeurant !! Dommage que l&rsquo;assistance n&rsquo;ait pas \u00e9t\u00e9 tr\u00e8s nombreuse pour l&rsquo;\u00e9couter. Mais le lendemain nous l&rsquo;avons emmen\u00e9 avec nous dans les Alpilles pour une belle balade naturaliste.<\/p>\n\n\n\n<figure class=\"wp-block-image size-full\"><img loading=\"lazy\" decoding=\"async\" width=\"1024\" height=\"768\" src=\"https:\/\/paca.lpo.fr\/blogs\/pays-salonais\/files\/2024\/05\/avril-conference-serpents.jpeg\" alt=\"\" class=\"wp-image-453\" srcset=\"https:\/\/paca.lpo.fr\/blogs\/pays-salonais\/files\/2024\/05\/avril-conference-serpents.jpeg 1024w, https:\/\/paca.lpo.fr\/blogs\/pays-salonais\/files\/2024\/05\/avril-conference-serpents-768x576.jpeg 768w\" sizes=\"auto, (max-width: 1024px) 100vw, 1024px\" \/><figcaption class=\"wp-element-caption\">Daniel MADELEINE, expert des serpents du Sud de la France. Il nous a presque fait les aimer !!!<\/figcaption><\/figure>\n\n\n\n<p>Le 1er mai, malgr\u00e9 une m\u00e9t\u00e9o fort maussade, voire carr\u00e9ment pluvieuse sur la fin de la matin\u00e9e, nous avons accueilli une quinzaine de personnes venues observer les oiseaux du Parc du Pigeonnier. Le double de participants aurait pu \u00eatre comptabilis\u00e9, mais nous avions pr\u00e9f\u00e9r\u00e9 annuler aupr\u00e8s de celles et ceux qui s&rsquo;\u00e9taient manifest\u00e9s, craignant des conditions peu favorables. Les courageux qui sont malgr\u00e9 tout venus ont quand m\u00eame pu observer ou entendre quelques uns des passereaux embl\u00e9matiques de nos jardins :  m\u00e9sange charbonni\u00e8re, rouge-gorge familier, m\u00e9sange m\u00e9lanoc\u00e9phale, \u00e9tourneau sansonnet, m\u00e9sange bleue&#8230; Un prochain rendez vous a \u00e9t\u00e9 fix\u00e9 au samedi 29 juin !<\/p>\n\n\n\n<figure class=\"wp-block-image size-full\"><img loading=\"lazy\" decoding=\"async\" width=\"1024\" height=\"768\" src=\"https:\/\/paca.lpo.fr\/blogs\/pays-salonais\/files\/2024\/05\/2024-mai-parc-du-pigeonnier-2.jpeg\" alt=\"\" class=\"wp-image-454\" srcset=\"https:\/\/paca.lpo.fr\/blogs\/pays-salonais\/files\/2024\/05\/2024-mai-parc-du-pigeonnier-2.jpeg 1024w, https:\/\/paca.lpo.fr\/blogs\/pays-salonais\/files\/2024\/05\/2024-mai-parc-du-pigeonnier-2-768x576.jpeg 768w\" sizes=\"auto, (max-width: 1024px) 100vw, 1024px\" \/><figcaption class=\"wp-element-caption\">Les courageux qui ont brav\u00e9 le risque de pluie&#8230;finalement av\u00e9r\u00e9 !<\/figcaption><\/figure>\n\n\n\n<p>Le dimanche 5 mai, c&rsquo;\u00e9tait sortie dans les Alpilles, l\u00e0 encore pour remplacer la sortie du 27 avril qui avait du \u00eatre annul\u00e9e&#8230;\u00e0 cause du vent !  Mais les participants n&rsquo;ont pas \u00e9t\u00e9 d\u00e9\u00e7us des observations, bien que le chemin partant du cimeti\u00e8re d&rsquo;Aureille soit tr\u00e8s fr\u00e9quent\u00e9 par des randonneurs ou des v\u00e9t\u00e9tistes. Plus de 30 esp\u00e8ces vues ou entendues, dont des vedettes que peuvent \u00eatre le vautour fauve, le circa\u00e8te Jean Le Blanc, la pie-gri\u00e8che m\u00e9ridionale&#8230; ou l&rsquo;aigle de Bonelli !<\/p>\n\n\n\n<figure class=\"wp-block-image size-full\"><img loading=\"lazy\" decoding=\"async\" width=\"768\" height=\"1024\" src=\"https:\/\/paca.lpo.fr\/blogs\/pays-salonais\/files\/2024\/05\/mai-2024-sortie-alpilles--lpo-glps-3.jpg\" alt=\"\" class=\"wp-image-455\" srcset=\"https:\/\/paca.lpo.fr\/blogs\/pays-salonais\/files\/2024\/05\/mai-2024-sortie-alpilles--lpo-glps-3.jpg 768w, https:\/\/paca.lpo.fr\/blogs\/pays-salonais\/files\/2024\/05\/mai-2024-sortie-alpilles--lpo-glps-3-576x768.jpg 576w\" sizes=\"auto, (max-width: 768px) 100vw, 768px\" \/><figcaption class=\"wp-element-caption\">De tr\u00e8s belles observations et des participants a priori enchant\u00e9s<\/figcaption><\/figure>\n\n\n\n<p>Le printemps va se poursuivre sur un rythme \u00e9lev\u00e9 \u00e9galement.. Retrouvez tous les programmes d&rsquo;animation sur le site de la <a href=\"https:\/\/paca.lpo.fr\/sorties-nature\/agenda\" data-type=\"link\" data-id=\"https:\/\/paca.lpo.fr\/sorties-nature\/agenda\" target=\"_blank\" rel=\"noreferrer noopener\">LPO PACA, rubrique agenda<\/a>&#8230; Prochain rendez vous : lundi 20 mai \u00e0 l&rsquo;observatoire de M\u00e9rindol, toute la matin\u00e9e en point fixe.<\/p>\n\n\n\n<figure class=\"wp-block-image size-full\"><img loading=\"lazy\" decoding=\"async\" width=\"1024\" height=\"768\" src=\"https:\/\/paca.lpo.fr\/blogs\/pays-salonais\/files\/2024\/05\/img-2383.jpeg\" alt=\"\" class=\"wp-image-457\" srcset=\"https:\/\/paca.lpo.fr\/blogs\/pays-salonais\/files\/2024\/05\/img-2383.jpeg 1024w, https:\/\/paca.lpo.fr\/blogs\/pays-salonais\/files\/2024\/05\/img-2383-768x576.jpeg 768w\" sizes=\"auto, (max-width: 1024px) 100vw, 1024px\" \/><figcaption class=\"wp-element-caption\">Petits et grands seront les bienvenus&#8230;<\/figcaption><\/figure>\n\n\n\n<p>Et les 18,19,20 mai, ce sera rendez vous au <a href=\"http:\/\/www.parcanimalierlabarben.com\/non-classe\/du-18-au-20-mai-2e-edition-de-la-fete-de-la-conservation\" target=\"_blank\" rel=\"noreferrer noopener\">Parc Animalier de La Barben <\/a>pour la F\u00eate de la Conservation !<\/p>\n\n\n\n<figure class=\"wp-block-image size-full\"><img loading=\"lazy\" decoding=\"async\" width=\"1024\" height=\"652\" src=\"https:\/\/paca.lpo.fr\/blogs\/pays-salonais\/files\/2024\/05\/actualites-fete-conservation-2024-copie.jpg\" alt=\"\" class=\"wp-image-459\" srcset=\"https:\/\/paca.lpo.fr\/blogs\/pays-salonais\/files\/2024\/05\/actualites-fete-conservation-2024-copie.jpg 1024w, https:\/\/paca.lpo.fr\/blogs\/pays-salonais\/files\/2024\/05\/actualites-fete-conservation-2024-copie-768x489.jpg 768w\" sizes=\"auto, (max-width: 1024px) 100vw, 1024px\" \/><\/figure>\n","protected":false},"excerpt":{"rendered":"<p>Le groupe local du Pays Salonais a \u00e9t\u00e9 sur tous les fronts ces derniers mois&#8230;et ce n&rsquo;est pas fini \ud83d\ude09 Aux mois de mars et avril, plus de la moiti\u00e9 des membres du groupe se sont mobilis\u00e9s \u00e0 la demande de la LPO pour l&rsquo;inventaire chev\u00eache sur notre territoire. R\u00e9alis\u00e9 tous les 4 ans, il [&hellip;]<\/p>\n","protected":false},"author":152,"featured_media":463,"comment_status":"open","ping_status":"open","sticky":true,"template":"","format":"standard","meta":{"footnotes":""},"categories":[9],"tags":[17,18,63,62,52],"class_list":["post-451","post","type-post","status-publish","format-standard","has-post-thumbnail","hentry","category-animation","tag-alpilles","tag-biodiversite","tag-conference","tag-inventaire-cheveche","tag-observation"],"jetpack_featured_media_url":"https:\/\/paca.lpo.fr\/blogs\/pays-salonais\/files\/2024\/05\/mai-2024-sortie-alpilles--lpo-glps-1-e1715627019624.jpg","_links":{"self":[{"href":"https:\/\/paca.lpo.fr\/blogs\/pays-salonais\/wp-json\/wp\/v2\/posts\/451","targetHints":{"allow":["GET"]}}],"collection":[{"href":"https:\/\/paca.lpo.fr\/blogs\/pays-salonais\/wp-json\/wp\/v2\/posts"}],"about":[{"href":"https:\/\/paca.lpo.fr\/blogs\/pays-salonais\/wp-json\/wp\/v2\/types\/post"}],"author":[{"embeddable":true,"href":"https:\/\/paca.lpo.fr\/blogs\/pays-salonais\/wp-json\/wp\/v2\/users\/152"}],"replies":[{"embeddable":true,"href":"https:\/\/paca.lpo.fr\/blogs\/pays-salonais\/wp-json\/wp\/v2\/comments?post=451"}],"version-history":[{"count":4,"href":"https:\/\/paca.lpo.fr\/blogs\/pays-salonais\/wp-json\/wp\/v2\/posts\/451\/revisions"}],"predecessor-version":[{"id":462,"href":"https:\/\/paca.lpo.fr\/blogs\/pays-salonais\/wp-json\/wp\/v2\/posts\/451\/revisions\/462"}],"wp:featuredmedia":[{"embeddable":true,"href":"https:\/\/paca.lpo.fr\/blogs\/pays-salonais\/wp-json\/wp\/v2\/media\/463"}],"wp:attachment":[{"href":"https:\/\/paca.lpo.fr\/blogs\/pays-salonais\/wp-json\/wp\/v2\/media?parent=451"}],"wp:term":[{"taxonomy":"category","embeddable":true,"href":"https:\/\/paca.lpo.fr\/blogs\/pays-salonais\/wp-json\/wp\/v2\/categories?post=451"},{"taxonomy":"post_tag","embeddable":true,"href":"https:\/\/paca.lpo.fr\/blogs\/pays-salonais\/wp-json\/wp\/v2\/tags?post=451"}],"curies":[{"name":"wp","href":"https:\/\/api.w.org\/{rel}","templated":true}]}}