{"id":558,"date":"2025-01-13T13:21:12","date_gmt":"2025-01-13T12:21:12","guid":{"rendered":"https:\/\/paca.lpo.fr\/blogs\/pays-salonais\/?p=558"},"modified":"2025-01-14T11:25:09","modified_gmt":"2025-01-14T10:25:09","slug":"la-biodiversite-a-lhonneur-a-salon-de-provence","status":"publish","type":"post","link":"https:\/\/paca.lpo.fr\/blogs\/pays-salonais\/2025\/01\/13\/la-biodiversite-a-lhonneur-a-salon-de-provence\/","title":{"rendered":"La biodiversit\u00e9 \u00e0 l&rsquo;honneur \u00e0 Salon de Provence"},"content":{"rendered":"\n<p>C&rsquo;est une belle ann\u00e9e qui commence pour le <a href=\"https:\/\/paca.lpo.fr\/\" data-type=\"link\" data-id=\"https:\/\/paca.lpo.fr\/\" target=\"_blank\" rel=\"noreferrer noopener\">groupe local LPO<\/a> du Pays Salonais. Le partenariat 2025 avec la <a href=\"https:\/\/www.visitsalondeprovence.com\/\" target=\"_blank\" rel=\"noreferrer noopener\">Ville de Salon<\/a> d\u00e9bute avec cette magnifique exposition des photos de nos photographes : plus de 30 photos sont visibles dans plusieurs secteurs de la ville. Nous sommes fiers de mettre \u00e0 l&rsquo;honneur leur travail&#8230; ou plut\u00f4t leur passion !<\/p>\n\n\n\n<figure class=\"wp-block-image size-full\"><img loading=\"lazy\" decoding=\"async\" width=\"768\" height=\"1024\" src=\"https:\/\/paca.lpo.fr\/blogs\/pays-salonais\/files\/2025\/01\/cube-centuries2.jpg\" alt=\"\" class=\"wp-image-566\" srcset=\"https:\/\/paca.lpo.fr\/blogs\/pays-salonais\/files\/2025\/01\/cube-centuries2.jpg 768w, https:\/\/paca.lpo.fr\/blogs\/pays-salonais\/files\/2025\/01\/cube-centuries2-576x768.jpg 576w\" sizes=\"auto, (max-width: 768px) 100vw, 768px\" \/><figcaption class=\"wp-element-caption\">Au pied du Ch\u00e2teau de l&rsquo;Emp\u00e9ri<\/figcaption><\/figure>\n\n\n\n<p>Sur des b\u00e2ches de 1.80&#215;1.80 s&rsquo;exposent gu\u00eapiers d&rsquo;Europe, h\u00e9ron cendr\u00e9, vautour fauve, mouette rieuse, et bien d&rsquo;autres oiseaux encore. Mais aussi lapin et \u00e9cureuil, papillons et libellules, ou encore insectes.<\/p>\n\n\n\n<p>Ce n&rsquo;est que le d\u00e9but de l&rsquo;histoire, car au mois d&rsquo;avril c&rsquo;est le lieu r\u00e9serv\u00e9 aux expositions de la ville, \u00ab\u00a0la Cour des Cr\u00e9ateurs\u00a0\u00bb, qui accueillera une exposition compl\u00e8te o\u00f9 seront pr\u00e9sent\u00e9es plus de 70 images. Chaque salle sera d\u00e9di\u00e9e \u00e0 un milieu ou une esp\u00e8ce sp\u00e9cifique, un diaporama est pr\u00e9vu, mais aussi une exposition en grandeur r\u00e9elle des silhouettes des rapaces de notre terroir.<\/p>\n\n\n\n<figure class=\"wp-block-image size-full\"><img loading=\"lazy\" decoding=\"async\" width=\"768\" height=\"1024\" src=\"https:\/\/paca.lpo.fr\/blogs\/pays-salonais\/files\/2025\/01\/cube1-placemorgan4.jpg\" alt=\"\" class=\"wp-image-562\" srcset=\"https:\/\/paca.lpo.fr\/blogs\/pays-salonais\/files\/2025\/01\/cube1-placemorgan4.jpg 768w, https:\/\/paca.lpo.fr\/blogs\/pays-salonais\/files\/2025\/01\/cube1-placemorgan4-576x768.jpg 576w\" sizes=\"auto, (max-width: 768px) 100vw, 768px\" \/><figcaption class=\"wp-element-caption\">Place Morgan devant l&rsquo;entr\u00e9e du cin\u00e9ma Cin\u00e9 Planet<\/figcaption><\/figure>\n\n\n\n<p>Enfants et adultes seront invit\u00e9s \u00e0 participer \u00e0 de nombreux ateliers : fabrication de nichoirs et mangeoires, jeux de soci\u00e9t\u00e9, boules de graines, d\u00e9couverte des esp\u00e8ces du territoire, conf\u00e9rences.<\/p>\n\n\n\n<p>Le groupe du Pays Salonais donne donc rendez vous \u00e0 tous les amoureux de la nature du 26 avril au 4 mai prochain pour la F\u00eate Proven\u00e7ale (<a href=\"https:\/\/www.salondeprovence.fr\/wp-content\/uploads\/2022\/08\/Dossier-de-Presse-Semaine-provencale.pdf\" target=\"_blank\" rel=\"noreferrer noopener\">voir l&rsquo;\u00e9dition 2024<\/a>).<\/p>\n\n\n\n<figure class=\"wp-block-image size-full\"><img loading=\"lazy\" decoding=\"async\" width=\"1024\" height=\"768\" src=\"https:\/\/paca.lpo.fr\/blogs\/pays-salonais\/files\/2025\/01\/cube4-placemorgan2.jpg\" alt=\"\" class=\"wp-image-563\" srcset=\"https:\/\/paca.lpo.fr\/blogs\/pays-salonais\/files\/2025\/01\/cube4-placemorgan2.jpg 1024w, https:\/\/paca.lpo.fr\/blogs\/pays-salonais\/files\/2025\/01\/cube4-placemorgan2-768x576.jpg 768w\" sizes=\"auto, (max-width: 1024px) 100vw, 1024px\" \/><figcaption class=\"wp-element-caption\">Place Morgan devant le supermarch\u00e9 Casino<\/figcaption><\/figure>\n\n\n\n<p>Merci \u00e0 la <a href=\"https:\/\/www.salondeprovence.fr\/\" data-type=\"link\" data-id=\"https:\/\/www.salondeprovence.fr\/\" target=\"_blank\" rel=\"noreferrer noopener\">Ville de Salon<\/a> pour ce partenariat exemplaire ! Nous avons re\u00e7u un accueil chaleureux pour ce projet. Notre s\u00e9rieux et notre enthousiasme ont trouv\u00e9 un \u00e9cho favorable aupr\u00e8s de tous les services de la ville. Et nous avons encore plein d&rsquo;id\u00e9es \u00e0 partager&#8230;<\/p>\n\n\n\n<p>Un grand merci et encore bravo \u00e0 nos photographes : Christian, Nicolas, Gil, Paul, Pascal, Fred, Roger, Gilles<\/p>\n\n\n\n<p><\/p>\n","protected":false},"excerpt":{"rendered":"<p>C&rsquo;est une belle ann\u00e9e qui commence pour le groupe local LPO du Pays Salonais. Le partenariat 2025 avec la Ville de Salon d\u00e9bute avec cette magnifique exposition des photos de nos photographes : plus de 30 photos sont visibles dans plusieurs secteurs de la ville. Nous sommes fiers de mettre \u00e0 l&rsquo;honneur leur travail&#8230; ou [&hellip;]<\/p>\n","protected":false},"author":152,"featured_media":559,"comment_status":"open","ping_status":"open","sticky":true,"template":"","format":"standard","meta":{"footnotes":""},"categories":[9],"tags":[71,65,72,61],"class_list":["post-558","post","type-post","status-publish","format-standard","has-post-thumbnail","hentry","category-animation","tag-exposition","tag-pays-salonais","tag-photos-naturalistes","tag-salon-de-provence"],"jetpack_featured_media_url":"https:\/\/paca.lpo.fr\/blogs\/pays-salonais\/files\/2025\/01\/cube-gare1.jpg","_links":{"self":[{"href":"https:\/\/paca.lpo.fr\/blogs\/pays-salonais\/wp-json\/wp\/v2\/posts\/558","targetHints":{"allow":["GET"]}}],"collection":[{"href":"https:\/\/paca.lpo.fr\/blogs\/pays-salonais\/wp-json\/wp\/v2\/posts"}],"about":[{"href":"https:\/\/paca.lpo.fr\/blogs\/pays-salonais\/wp-json\/wp\/v2\/types\/post"}],"author":[{"embeddable":true,"href":"https:\/\/paca.lpo.fr\/blogs\/pays-salonais\/wp-json\/wp\/v2\/users\/152"}],"replies":[{"embeddable":true,"href":"https:\/\/paca.lpo.fr\/blogs\/pays-salonais\/wp-json\/wp\/v2\/comments?post=558"}],"version-history":[{"count":4,"href":"https:\/\/paca.lpo.fr\/blogs\/pays-salonais\/wp-json\/wp\/v2\/posts\/558\/revisions"}],"predecessor-version":[{"id":574,"href":"https:\/\/paca.lpo.fr\/blogs\/pays-salonais\/wp-json\/wp\/v2\/posts\/558\/revisions\/574"}],"wp:featuredmedia":[{"embeddable":true,"href":"https:\/\/paca.lpo.fr\/blogs\/pays-salonais\/wp-json\/wp\/v2\/media\/559"}],"wp:attachment":[{"href":"https:\/\/paca.lpo.fr\/blogs\/pays-salonais\/wp-json\/wp\/v2\/media?parent=558"}],"wp:term":[{"taxonomy":"category","embeddable":true,"href":"https:\/\/paca.lpo.fr\/blogs\/pays-salonais\/wp-json\/wp\/v2\/categories?post=558"},{"taxonomy":"post_tag","embeddable":true,"href":"https:\/\/paca.lpo.fr\/blogs\/pays-salonais\/wp-json\/wp\/v2\/tags?post=558"}],"curies":[{"name":"wp","href":"https:\/\/api.w.org\/{rel}","templated":true}]}}