{"id":575,"date":"2025-01-19T15:50:20","date_gmt":"2025-01-19T14:50:20","guid":{"rendered":"https:\/\/paca.lpo.fr\/blogs\/pays-salonais\/?p=575"},"modified":"2025-01-19T15:52:17","modified_gmt":"2025-01-19T14:52:17","slug":"sortie-pierres-seches-a-grans","status":"publish","type":"post","link":"https:\/\/paca.lpo.fr\/blogs\/pays-salonais\/2025\/01\/19\/sortie-pierres-seches-a-grans\/","title":{"rendered":"Sortie \u00ab\u00a0Pierres s\u00e8ches\u00a0\u00bb \u00e0 Grans"},"content":{"rendered":"\n<p>Sur la proposition de <a href=\"https:\/\/www.facebook.com\/roger.folco.3\" data-type=\"link\" data-id=\"https:\/\/www.facebook.com\/roger.folco.3\" target=\"_blank\" rel=\"noreferrer noopener\">Roger<\/a>, membre du groupe local du Pays Salonais, quelques membres ont r\u00e9pondu pr\u00e9sent pour une balade dans les collines de <a href=\"https:\/\/www.facebook.com\/ville.de.grans\/?locale=fr_FR\" target=\"_blank\" rel=\"noreferrer noopener\">Grans<\/a>, sur les traces du b\u00e2ti en pierres s\u00e8ches.<\/p>\n\n\n\n<p>Nous voil\u00e0 donc sur les drailles et autres chemins trac\u00e9s depuis si longtemps. Matthew, membre du groupe, avait propos\u00e9 aux membres de <a href=\"https:\/\/www.facebook.com\/Gransentransition?locale=fr_FR\" target=\"_blank\" rel=\"noreferrer noopener\">Grans en transition<\/a> de nous rejoindre, et nous avons donc pu \u00e9changer tout au long de la matin\u00e9e sur nos points communs et convictions partag\u00e9es&#8230;<\/p>\n\n\n\n<figure class=\"wp-block-image size-full\"><img loading=\"lazy\" decoding=\"async\" width=\"1024\" height=\"768\" src=\"https:\/\/paca.lpo.fr\/blogs\/pays-salonais\/files\/2025\/01\/signal-2025-01-18-190507-006.jpeg\" alt=\"\" class=\"wp-image-579\" srcset=\"https:\/\/paca.lpo.fr\/blogs\/pays-salonais\/files\/2025\/01\/signal-2025-01-18-190507-006.jpeg 1024w, https:\/\/paca.lpo.fr\/blogs\/pays-salonais\/files\/2025\/01\/signal-2025-01-18-190507-006-768x576.jpeg 768w\" sizes=\"auto, (max-width: 1024px) 100vw, 1024px\" \/><figcaption class=\"wp-element-caption\">Une des bories tr\u00e8s bien conserv\u00e9e, prolong\u00e9e par un mur<\/figcaption><\/figure>\n\n\n\n<p>Pr\u00e8s de 80 \u00e9difices ont \u00e9t\u00e9 recens\u00e9s sur la commune de Grans, bories et autres cabanons, de forme et de dimensions diff\u00e9rentes. La plus ancienne borie (en fran\u00e7ais le terme est f\u00e9minin, en proven\u00e7al il est masculin !) date de la moiti\u00e9 du XVIII\u00e8me si\u00e8cle (1741) , la plus r\u00e9cente de la fin du XIX\u00e8me (1869).<\/p>\n\n\n\n<p>De nombreux murs existent toujours, dans un \u00e9tat de conservation remarquable, bien que pour certains leurs pierres aient \u00e9t\u00e9 r\u00e9cup\u00e9r\u00e9es pour les constructions de maisons. L&rsquo;explication nous a \u00e9t\u00e9 donn\u00e9e sur leur raison d&rsquo;\u00eatre : identifier les parcelles appartenant aux gransois qui les avaient acquises aupr\u00e8s des grands propri\u00e9taires terriens. Le gel du d\u00e9but du XVIII\u00e8me ayant an\u00e9anti tous les oliviers du secteur, nombreux \u00e9taient ceux qui avaient d\u00e9cid\u00e9 de vendre des terrains pour se refaire une sant\u00e9 financi\u00e8re.<\/p>\n\n\n\n<figure class=\"wp-block-image size-full\"><img loading=\"lazy\" decoding=\"async\" width=\"1024\" height=\"768\" src=\"https:\/\/paca.lpo.fr\/blogs\/pays-salonais\/files\/2025\/01\/img-1421.jpeg\" alt=\"\" class=\"wp-image-583\" srcset=\"https:\/\/paca.lpo.fr\/blogs\/pays-salonais\/files\/2025\/01\/img-1421.jpeg 1024w, https:\/\/paca.lpo.fr\/blogs\/pays-salonais\/files\/2025\/01\/img-1421-768x576.jpeg 768w\" sizes=\"auto, (max-width: 1024px) 100vw, 1024px\" \/><figcaption class=\"wp-element-caption\">Une autre perdue dans la v\u00e9g\u00e9tation, et qui en outre \u00e9tait double ! Christian : \u00ab\u00a0joli cabanon de week-end !!!\u00a0\u00bb<\/figcaption><\/figure>\n\n\n\n<p>Et la borie, elle servait \u00e0 quoi ??? Eh bien \u00e0 stocker du mat\u00e9riel, abriter les r\u00e9coltes, s&rsquo;abriter \u00e9ventuellement d&rsquo;une mauvaise m\u00e9t\u00e9o. Toute la colline \u00e9tait exploit\u00e9e, avec du bl\u00e9, des oliviers voire des pois-chiches, et les paysans venaient \u00e0 pied du village. Ces abris leur permettaient alors de ne pas devoir tout ramener chaque jour ! <\/p>\n\n\n\n<p>Nous avons \u00e9galement d\u00e9couvert les clapiers : \u00e9difice en pierre s\u00e8che lui aussi, mais qui avait pour vocation de stocker tous les petits cailloux qui \u00e9taient ramass\u00e9s et lib\u00e9rer ainsi de la terre cultivable. Aujourd&rsquo;hui recouvert de mousse, il faut savoir les reconna\u00eetre, mais ils sont souvent proches des bories. <\/p>\n\n\n\n<figure class=\"wp-block-image size-full\"><img loading=\"lazy\" decoding=\"async\" width=\"1024\" height=\"768\" src=\"https:\/\/paca.lpo.fr\/blogs\/pays-salonais\/files\/2025\/01\/signal-2025-01-18-190507-004.jpeg\" alt=\"\" class=\"wp-image-581\" srcset=\"https:\/\/paca.lpo.fr\/blogs\/pays-salonais\/files\/2025\/01\/signal-2025-01-18-190507-004.jpeg 1024w, https:\/\/paca.lpo.fr\/blogs\/pays-salonais\/files\/2025\/01\/signal-2025-01-18-190507-004-768x576.jpeg 768w\" sizes=\"auto, (max-width: 1024px) 100vw, 1024px\" \/><figcaption class=\"wp-element-caption\">Un clapier, r\u00e9servoir de pierres inutilis\u00e9es<\/figcaption><\/figure>\n\n\n\n<p>Cette jolie matin\u00e9e, un peu fra\u00eeche malgr\u00e9 tout (0\u00b0 au d\u00e9marrage&#8230;) aura \u00e9galement eu le m\u00e9rite de permettre aux deux groupes d&rsquo;envisager des projets communs, comme par exemple au printemps une balade naturaliste sous la houlette du groupe LPO, et une participation \u00e0 la journ\u00e9e Ver de Terre organis\u00e9e par <a href=\"https:\/\/www.facebook.com\/Gransentransition\" target=\"_blank\" rel=\"noreferrer noopener\">Grans en Transition<\/a> le 11 mai. La dynamique des valeurs identiques&#8230;<\/p>\n\n\n\n<figure class=\"wp-block-image size-full\"><img loading=\"lazy\" decoding=\"async\" width=\"1024\" height=\"768\" src=\"https:\/\/paca.lpo.fr\/blogs\/pays-salonais\/files\/2025\/01\/signal-2025-01-18-190507.jpeg\" alt=\"\" class=\"wp-image-582\" srcset=\"https:\/\/paca.lpo.fr\/blogs\/pays-salonais\/files\/2025\/01\/signal-2025-01-18-190507.jpeg 1024w, https:\/\/paca.lpo.fr\/blogs\/pays-salonais\/files\/2025\/01\/signal-2025-01-18-190507-768x576.jpeg 768w\" sizes=\"auto, (max-width: 1024px) 100vw, 1024px\" \/><figcaption class=\"wp-element-caption\">Face \u00e0 une vaste \u00e9tendue anciennement exploit\u00e9e en c\u00e9r\u00e9ales.<\/figcaption><\/figure>\n\n\n\n<p>En revanche, les membres du groupe \u00e9taient un peu frustr\u00e9s : pas trop d&rsquo;oiseaux&#8230;.<\/p>\n\n\n\n<p>Merci beaucoup Roger du partage !!!<\/p>\n\n\n\n<p><em>Sources : l&rsquo;association Histoire et Patrimoine Gransoise<\/em><\/p>\n\n\n\n<p><\/p>\n","protected":false},"excerpt":{"rendered":"<p>Sur la proposition de Roger, membre du groupe local du Pays Salonais, quelques membres ont r\u00e9pondu pr\u00e9sent pour une balade dans les collines de Grans, sur les traces du b\u00e2ti en pierres s\u00e8ches. Nous voil\u00e0 donc sur les drailles et autres chemins trac\u00e9s depuis si longtemps. Matthew, membre du groupe, avait propos\u00e9 aux membres de [&hellip;]<\/p>\n","protected":false},"author":152,"featured_media":576,"comment_status":"open","ping_status":"closed","sticky":true,"template":"","format":"standard","meta":{"footnotes":""},"categories":[9,1],"tags":[74,75,73],"class_list":["post-575","post","type-post","status-publish","format-standard","has-post-thumbnail","hentry","category-animation","category-non-classe","tag-bories","tag-grans-en-transition","tag-pierres-seches"],"jetpack_featured_media_url":"https:\/\/paca.lpo.fr\/blogs\/pays-salonais\/files\/2025\/01\/img-1418.jpeg","_links":{"self":[{"href":"https:\/\/paca.lpo.fr\/blogs\/pays-salonais\/wp-json\/wp\/v2\/posts\/575","targetHints":{"allow":["GET"]}}],"collection":[{"href":"https:\/\/paca.lpo.fr\/blogs\/pays-salonais\/wp-json\/wp\/v2\/posts"}],"about":[{"href":"https:\/\/paca.lpo.fr\/blogs\/pays-salonais\/wp-json\/wp\/v2\/types\/post"}],"author":[{"embeddable":true,"href":"https:\/\/paca.lpo.fr\/blogs\/pays-salonais\/wp-json\/wp\/v2\/users\/152"}],"replies":[{"embeddable":true,"href":"https:\/\/paca.lpo.fr\/blogs\/pays-salonais\/wp-json\/wp\/v2\/comments?post=575"}],"version-history":[{"count":3,"href":"https:\/\/paca.lpo.fr\/blogs\/pays-salonais\/wp-json\/wp\/v2\/posts\/575\/revisions"}],"predecessor-version":[{"id":588,"href":"https:\/\/paca.lpo.fr\/blogs\/pays-salonais\/wp-json\/wp\/v2\/posts\/575\/revisions\/588"}],"wp:featuredmedia":[{"embeddable":true,"href":"https:\/\/paca.lpo.fr\/blogs\/pays-salonais\/wp-json\/wp\/v2\/media\/576"}],"wp:attachment":[{"href":"https:\/\/paca.lpo.fr\/blogs\/pays-salonais\/wp-json\/wp\/v2\/media?parent=575"}],"wp:term":[{"taxonomy":"category","embeddable":true,"href":"https:\/\/paca.lpo.fr\/blogs\/pays-salonais\/wp-json\/wp\/v2\/categories?post=575"},{"taxonomy":"post_tag","embeddable":true,"href":"https:\/\/paca.lpo.fr\/blogs\/pays-salonais\/wp-json\/wp\/v2\/tags?post=575"}],"curies":[{"name":"wp","href":"https:\/\/api.w.org\/{rel}","templated":true}]}}