{"id":593,"date":"2025-03-14T15:03:42","date_gmt":"2025-03-14T14:03:42","guid":{"rendered":"https:\/\/paca.lpo.fr\/blogs\/pays-salonais\/?p=593"},"modified":"2025-03-14T15:03:42","modified_gmt":"2025-03-14T14:03:42","slug":"un-debut-dannee-actif-pour-le-pays-salonais","status":"publish","type":"post","link":"https:\/\/paca.lpo.fr\/blogs\/pays-salonais\/2025\/03\/14\/un-debut-dannee-actif-pour-le-pays-salonais\/","title":{"rendered":"Un d\u00e9but d&rsquo;ann\u00e9e actif pour le Pays Salonais&#8230;"},"content":{"rendered":"\n<p>2025 est une ann\u00e9e importante pour le groupe du Pays Salonais. Pour faire suite \u00e0 l&rsquo;expo XXL sur les cubes r\u00e9partis dans la ville depuis le mois de janvier, une grande exposition avec les photos des photographes du groupe est programm\u00e9e pour la fin du mois d&rsquo;avril \u00e0 la Cour des Cr\u00e9ateurs \u00e0 Salon de Provence.<\/p>\n\n\n\n<figure class=\"wp-block-image size-full\"><img loading=\"lazy\" decoding=\"async\" width=\"1024\" height=\"768\" src=\"https:\/\/paca.lpo.fr\/blogs\/pays-salonais\/files\/2025\/03\/cube-gare1.jpg\" alt=\"\" class=\"wp-image-596\" srcset=\"https:\/\/paca.lpo.fr\/blogs\/pays-salonais\/files\/2025\/03\/cube-gare1.jpg 1024w, https:\/\/paca.lpo.fr\/blogs\/pays-salonais\/files\/2025\/03\/cube-gare1-768x576.jpg 768w\" sizes=\"auto, (max-width: 1024px) 100vw, 1024px\" \/><figcaption class=\"wp-element-caption\">L&rsquo;expo XXL est en place jusqu&rsquo;au 15 mai &#8211; 8 cubes soit 32 photos 1.80&#215;1.80m<\/figcaption><\/figure>\n\n\n\n<p>Outre l&rsquo;exposition qui rassemblera pr\u00e8s d&rsquo;une centaines de vues repr\u00e9sentant la biodiversit\u00e9 du Pays Salonais, la soci\u00e9t\u00e9 <a href=\"https:\/\/nichoirs-pour-oiseaux.com\/\" target=\"_blank\" rel=\"noreferrer noopener nofollow\">Nat&rsquo;H <\/a>de Mallemort, entreprise engag\u00e9e dans la protection de la biodiversit\u00e9 et incontournable dans l&rsquo;installation de nichoirs pour les collectivit\u00e9s et les particuliers, exposera avec nous. Un tarif promotionnel \u00ab\u00a0exposition biodiversit\u00e9\u00a0\u00bb est d&rsquo;ailleurs pr\u00e9vu pour cette occasion.<\/p>\n\n\n\n<figure class=\"wp-block-image size-full\"><img loading=\"lazy\" decoding=\"async\" width=\"1024\" height=\"362\" src=\"https:\/\/paca.lpo.fr\/blogs\/pays-salonais\/files\/2025\/03\/image-nath.jpg\" alt=\"\" class=\"wp-image-597\" srcset=\"https:\/\/paca.lpo.fr\/blogs\/pays-salonais\/files\/2025\/03\/image-nath.jpg 1024w, https:\/\/paca.lpo.fr\/blogs\/pays-salonais\/files\/2025\/03\/image-nath-768x272.jpg 768w\" sizes=\"auto, (max-width: 1024px) 100vw, 1024px\" \/><\/figure>\n\n\n\n<p>Nous accueillerons \u00e9galement <a href=\"https:\/\/www.corine-leridon.fr\/001\/index.php\" target=\"_blank\" rel=\"noreferrer noopener nofollow\">Corine LERIDON,<\/a> artiste plasticienne qui exposera ses oeuvres \u00e0 base de mat\u00e9riaux naturels, et animera \u00e9galement le samedi 26 avril des ateliers cr\u00e9ation sur le stand du Pays Salonais Place Morgan, \u00ab\u00a0Salon en Fleurs\u00a0\u00bb.<\/p>\n\n\n\n<figure class=\"wp-block-image size-full\"><img loading=\"lazy\" decoding=\"async\" width=\"916\" height=\"1024\" src=\"https:\/\/paca.lpo.fr\/blogs\/pays-salonais\/files\/2025\/03\/corinne-creation-dinsectes-a-partir-delements-naturels-4.jpg\" alt=\"\" class=\"wp-image-598\" srcset=\"https:\/\/paca.lpo.fr\/blogs\/pays-salonais\/files\/2025\/03\/corinne-creation-dinsectes-a-partir-delements-naturels-4.jpg 916w, https:\/\/paca.lpo.fr\/blogs\/pays-salonais\/files\/2025\/03\/corinne-creation-dinsectes-a-partir-delements-naturels-4-687x768.jpg 687w, https:\/\/paca.lpo.fr\/blogs\/pays-salonais\/files\/2025\/03\/corinne-creation-dinsectes-a-partir-delements-naturels-4-768x859.jpg 768w\" sizes=\"auto, (max-width: 916px) 100vw, 916px\" \/><figcaption class=\"wp-element-caption\">Corine LERIDON, cr\u00e9atrice d&rsquo;animaux fantastiques<\/figcaption><\/figure>\n\n\n\n<p>Des animations sont pr\u00e9vues tout au long de la semaine, pour les adultes et les enfants. Outre la d\u00e9couverte du monde des oiseaux, les enfants pourront faire preuve de cr\u00e9ativit\u00e9 en dessinant sur des galets, jouer \u00e0 mieux comprendre l&rsquo;alimentation des oiseaux selon la forme de leur bec, fabriquer un nichoir, fabriquer des bombes \u00e0 graines pour leur jardin.<\/p>\n\n\n\n<figure class=\"wp-block-image size-full\"><img loading=\"lazy\" decoding=\"async\" width=\"1024\" height=\"768\" src=\"https:\/\/paca.lpo.fr\/blogs\/pays-salonais\/files\/2025\/03\/5570067351798703711.jpg\" alt=\"\" class=\"wp-image-599\" srcset=\"https:\/\/paca.lpo.fr\/blogs\/pays-salonais\/files\/2025\/03\/5570067351798703711.jpg 1024w, https:\/\/paca.lpo.fr\/blogs\/pays-salonais\/files\/2025\/03\/5570067351798703711-768x576.jpg 768w\" sizes=\"auto, (max-width: 1024px) 100vw, 1024px\" \/><figcaption class=\"wp-element-caption\">Les b\u00e9n\u00e9voles en plaine pr\u00e9paration des kits nichoirs<\/figcaption><\/figure>\n\n\n\n<p>Enfin, 3 conf\u00e9rences \u00e0 ne pas manquer : Comment se comporter en cas de d\u00e9couverte d&rsquo;un oiseau bless\u00e9, avec le <a href=\"https:\/\/paca.lpo.fr\/sorties-nature\/agenda\/fiche\/17870-decouvrir-le-centre-regional-de-sauvegarde-de-la-faune-sauvage\" target=\"_blank\" rel=\"noreferrer noopener nofollow\">Centre R\u00e9gional de Sauvegarde de la faune sauvage<\/a> le 29 avril (Maison de la Vie Associative), Hirondelles et Martinets le 30 avril \u00e0 la Cour des Cr\u00e9ateurs, et l&rsquo;intelligence du Corbeau le 2 mai (Maison de la Vie Associative). <\/p>\n\n\n\n<figure class=\"wp-block-image size-full\"><img loading=\"lazy\" decoding=\"async\" width=\"807\" height=\"1024\" src=\"https:\/\/paca.lpo.fr\/blogs\/pays-salonais\/files\/2025\/03\/imgp1168-2.jpg\" alt=\"\" class=\"wp-image-600\" srcset=\"https:\/\/paca.lpo.fr\/blogs\/pays-salonais\/files\/2025\/03\/imgp1168-2.jpg 807w, https:\/\/paca.lpo.fr\/blogs\/pays-salonais\/files\/2025\/03\/imgp1168-2-605x768.jpg 605w, https:\/\/paca.lpo.fr\/blogs\/pays-salonais\/files\/2025\/03\/imgp1168-2-768x975.jpg 768w\" sizes=\"auto, (max-width: 807px) 100vw, 807px\" \/><figcaption class=\"wp-element-caption\">Bruno Machtelink, sp\u00e9cialiste des corbeaux<\/figcaption><\/figure>\n\n\n\n<figure class=\"wp-block-image size-full is-resized\"><img loading=\"lazy\" decoding=\"async\" width=\"267\" height=\"400\" src=\"https:\/\/paca.lpo.fr\/blogs\/pays-salonais\/files\/2025\/03\/jeune-herisson-anais-thomas-copie-1.jpg\" alt=\"\" class=\"wp-image-602\" style=\"width:610px;height:auto\" \/><figcaption class=\"wp-element-caption\">d\u00e9couvrir le centre de sauvgarde de la faune sauvage PACA<\/figcaption><\/figure>\n\n\n\n<figure class=\"wp-block-image size-full\"><img loading=\"lazy\" decoding=\"async\" width=\"768\" height=\"1024\" src=\"https:\/\/paca.lpo.fr\/blogs\/pays-salonais\/files\/2025\/03\/martinets-crsfs-buoux--patricia-carrier-1.jpg\" alt=\"\" class=\"wp-image-604\" srcset=\"https:\/\/paca.lpo.fr\/blogs\/pays-salonais\/files\/2025\/03\/martinets-crsfs-buoux--patricia-carrier-1.jpg 768w, https:\/\/paca.lpo.fr\/blogs\/pays-salonais\/files\/2025\/03\/martinets-crsfs-buoux--patricia-carrier-1-576x768.jpg 576w\" sizes=\"auto, (max-width: 768px) 100vw, 768px\" \/><figcaption class=\"wp-element-caption\">D\u00e9couvrir la vie extraordinaire du martinet<\/figcaption><\/figure>\n","protected":false},"excerpt":{"rendered":"<p>2025 est une ann\u00e9e importante pour le groupe du Pays Salonais. Pour faire suite \u00e0 l&rsquo;expo XXL sur les cubes r\u00e9partis dans la ville depuis le mois de janvier, une grande exposition avec les photos des photographes du groupe est programm\u00e9e pour la fin du mois d&rsquo;avril \u00e0 la Cour des Cr\u00e9ateurs \u00e0 Salon de [&hellip;]<\/p>\n","protected":false},"author":152,"featured_media":595,"comment_status":"open","ping_status":"open","sticky":false,"template":"","format":"standard","meta":{"footnotes":""},"categories":[9],"tags":[18,84,71,48,85,65],"class_list":["post-593","post","type-post","status-publish","format-standard","has-post-thumbnail","hentry","category-animation","tag-biodiversite","tag-centre-regional-de-sauvegarde-de-la-faune-sauvage","tag-exposition","tag-lpo-paca","tag-nath","tag-pays-salonais"],"jetpack_featured_media_url":"https:\/\/paca.lpo.fr\/blogs\/pays-salonais\/files\/2025\/03\/migration-dalpha-jet-e1741960357439.jpg","_links":{"self":[{"href":"https:\/\/paca.lpo.fr\/blogs\/pays-salonais\/wp-json\/wp\/v2\/posts\/593","targetHints":{"allow":["GET"]}}],"collection":[{"href":"https:\/\/paca.lpo.fr\/blogs\/pays-salonais\/wp-json\/wp\/v2\/posts"}],"about":[{"href":"https:\/\/paca.lpo.fr\/blogs\/pays-salonais\/wp-json\/wp\/v2\/types\/post"}],"author":[{"embeddable":true,"href":"https:\/\/paca.lpo.fr\/blogs\/pays-salonais\/wp-json\/wp\/v2\/users\/152"}],"replies":[{"embeddable":true,"href":"https:\/\/paca.lpo.fr\/blogs\/pays-salonais\/wp-json\/wp\/v2\/comments?post=593"}],"version-history":[{"count":4,"href":"https:\/\/paca.lpo.fr\/blogs\/pays-salonais\/wp-json\/wp\/v2\/posts\/593\/revisions"}],"predecessor-version":[{"id":606,"href":"https:\/\/paca.lpo.fr\/blogs\/pays-salonais\/wp-json\/wp\/v2\/posts\/593\/revisions\/606"}],"wp:featuredmedia":[{"embeddable":true,"href":"https:\/\/paca.lpo.fr\/blogs\/pays-salonais\/wp-json\/wp\/v2\/media\/595"}],"wp:attachment":[{"href":"https:\/\/paca.lpo.fr\/blogs\/pays-salonais\/wp-json\/wp\/v2\/media?parent=593"}],"wp:term":[{"taxonomy":"category","embeddable":true,"href":"https:\/\/paca.lpo.fr\/blogs\/pays-salonais\/wp-json\/wp\/v2\/categories?post=593"},{"taxonomy":"post_tag","embeddable":true,"href":"https:\/\/paca.lpo.fr\/blogs\/pays-salonais\/wp-json\/wp\/v2\/tags?post=593"}],"curies":[{"name":"wp","href":"https:\/\/api.w.org\/{rel}","templated":true}]}}