{"id":608,"date":"2025-03-26T13:56:34","date_gmt":"2025-03-26T12:56:34","guid":{"rendered":"https:\/\/paca.lpo.fr\/blogs\/pays-salonais\/?p=608"},"modified":"2025-05-04T09:09:26","modified_gmt":"2025-05-04T07:09:26","slug":"semaine-provencale-a-salon-theme-2025-la-nature","status":"publish","type":"post","link":"https:\/\/paca.lpo.fr\/blogs\/pays-salonais\/2025\/03\/26\/semaine-provencale-a-salon-theme-2025-la-nature\/","title":{"rendered":"Semaine Proven\u00e7ale \u00e0 Salon : th\u00e8me 2025, la Nature"},"content":{"rendered":"\n<p>Le groupe local du <a href=\"https:\/\/www.salondeprovence.fr\/\" data-type=\"link\" data-id=\"https:\/\/www.salondeprovence.fr\/\" target=\"_blank\" rel=\"noreferrer noopener\">Pays Salonais<\/a> a d\u00e9cid\u00e9 de s&rsquo;investir sur cet \u00e9v\u00e8nement, totalement en phase avec ses aspirations. Il est la suite naturelle \u00e0 la magnifique exposition Cubes XXL des plus belles photos du groupe, s&rsquo;offrant \u00e0 la vue de tous les salonais depuis le 10 janvier.<\/p>\n\n\n\n<h2 class=\"wp-block-heading has-normal-font-size\">Exposition photos du 25 avril au 5 mai \u00e0 la Cour des Cr\u00e9ateurs <\/h2>\n\n\n\n<p>Pendant toute la semaine, les Salonais et habitants du Pays Salonais pourront d\u00e9couvrir plus de 70 photos d&rsquo;esp\u00e8ces aussi diff\u00e9rentes que papillons, libellules, mammif\u00e8res et bien s\u00fbr oiseaux. Toutes sont visibles sur notre territoire. Cette expo a pour objectif d&rsquo;ouvrir les yeux du public sur les merveilles qui nous entourent. <\/p>\n\n\n\n<figure class=\"wp-block-image size-full\"><img loading=\"lazy\" decoding=\"async\" width=\"650\" height=\"433\" src=\"https:\/\/paca.lpo.fr\/blogs\/pays-salonais\/files\/2025\/03\/mesange-bleue-blog.jpg\" alt=\"\" class=\"wp-image-615\" \/><figcaption class=\"wp-element-caption\">M\u00e9sange Bleue @ Nicolas Meline<\/figcaption><\/figure>\n\n\n\n<p>Sur place \u00e9galement, une collection de nichoirs pour accueillir toutes les esp\u00e8ces possibles, oiseaux comme chauve-souris. Elle nous est propos\u00e9e par notre partenaire <a href=\"https:\/\/nichoirs-pour-oiseaux.com\/\" target=\"_blank\" rel=\"noreferrer noopener\">Nat&rsquo;H<\/a>, soci\u00e9t\u00e9 install\u00e9e sur Mallemort et totalement engag\u00e9e dans la protection de la biodiversit\u00e9. Des offres tarifaires pendant la semaine permettront \u00e0 chacun de s&rsquo;\u00e9quiper au mieux pour accueillir les visiteurs de son jardin.<\/p>\n\n\n\n<figure class=\"wp-block-gallery has-nested-images columns-default is-cropped wp-block-gallery-1 is-layout-flex wp-block-gallery-is-layout-flex\">\n<figure class=\"wp-block-image size-large\"><img loading=\"lazy\" decoding=\"async\" width=\"331\" height=\"282\" data-id=\"646\" src=\"https:\/\/paca.lpo.fr\/blogs\/pays-salonais\/files\/2025\/03\/nichoir-bergeronnette-2.jpg\" alt=\"\" class=\"wp-image-646\" \/><figcaption class=\"wp-element-caption\">nichoir bergeronnette grise<\/figcaption><\/figure>\n\n\n\n<figure class=\"wp-block-image size-large\"><img loading=\"lazy\" decoding=\"async\" width=\"316\" height=\"349\" data-id=\"648\" src=\"https:\/\/paca.lpo.fr\/blogs\/pays-salonais\/files\/2025\/03\/nichoir-mesange-bleue-2.jpg\" alt=\"\" class=\"wp-image-648\" \/><figcaption class=\"wp-element-caption\">nichoir m\u00e9sange bleue<\/figcaption><\/figure>\n\n\n\n<figure class=\"wp-block-image size-large\"><img loading=\"lazy\" decoding=\"async\" width=\"310\" height=\"300\" data-id=\"647\" src=\"https:\/\/paca.lpo.fr\/blogs\/pays-salonais\/files\/2025\/03\/nichoir-petit-duc-2.jpg\" alt=\"\" class=\"wp-image-647\" \/><figcaption class=\"wp-element-caption\">nichoir petit-duc scop<\/figcaption><\/figure>\n<\/figure>\n\n\n\n<p class=\"has-normal-font-size\"> <em>Ouverture tous les jours de 10h \u00e0 18h<\/em><\/p>\n\n\n\n<h2 class=\"wp-block-heading has-normal-font-size\">Place au v\u00e9g\u00e9tal et \u00e0 la cr\u00e9ativit\u00e9 samedi 26 avril Place Morgan<\/h2>\n\n\n\n<p>Tout la journ\u00e9e de samedi, la LPO tiendra un stand sp\u00e9cifiquement orient\u00e9 sur le v\u00e9g\u00e9tal : comment am\u00e9nager son jardin pour en faire un refuge de biodiversit\u00e9, et devenir Refuge LPO. Quelles sont les meilleures essences pour accueillir au mieux insectes pollinisateurs et papillons. Comment am\u00e9nager un nichoir&#8230;<\/p>\n\n\n\n<p><a href=\"https:\/\/www.corine-leridon.fr\/001\/index.php\" data-type=\"link\" data-id=\"https:\/\/www.corine-leridon.fr\/001\/index.php\" target=\"_blank\" rel=\"noreferrer noopener\">Corine LERIDON<\/a>, artiste plasticienne proposera deux ateliers de cr\u00e9ation d&rsquo;animaux fantastiques \u00e0 partir de mat\u00e9riaux trouv\u00e9s dans la nature.<\/p>\n\n\n\n<figure class=\"wp-block-gallery has-nested-images columns-default is-cropped wp-block-gallery-2 is-layout-flex wp-block-gallery-is-layout-flex\">\n<figure class=\"wp-block-image size-large\"><img loading=\"lazy\" decoding=\"async\" width=\"768\" height=\"1024\" data-id=\"651\" src=\"https:\/\/paca.lpo.fr\/blogs\/pays-salonais\/files\/2025\/03\/corinne-creation-dinsectes-a-partir-delements-naturels-2.jpg\" alt=\"\" class=\"wp-image-651\" srcset=\"https:\/\/paca.lpo.fr\/blogs\/pays-salonais\/files\/2025\/03\/corinne-creation-dinsectes-a-partir-delements-naturels-2.jpg 768w, https:\/\/paca.lpo.fr\/blogs\/pays-salonais\/files\/2025\/03\/corinne-creation-dinsectes-a-partir-delements-naturels-2-576x768.jpg 576w\" sizes=\"auto, (max-width: 768px) 100vw, 768px\" \/><\/figure>\n\n\n\n<figure class=\"wp-block-image size-large\"><img loading=\"lazy\" decoding=\"async\" width=\"916\" height=\"1024\" data-id=\"650\" src=\"https:\/\/paca.lpo.fr\/blogs\/pays-salonais\/files\/2025\/03\/corinne-creation-dinsectes-a-partir-delements-naturels-4-2.jpg\" alt=\"\" class=\"wp-image-650\" srcset=\"https:\/\/paca.lpo.fr\/blogs\/pays-salonais\/files\/2025\/03\/corinne-creation-dinsectes-a-partir-delements-naturels-4-2.jpg 916w, https:\/\/paca.lpo.fr\/blogs\/pays-salonais\/files\/2025\/03\/corinne-creation-dinsectes-a-partir-delements-naturels-4-2-687x768.jpg 687w, https:\/\/paca.lpo.fr\/blogs\/pays-salonais\/files\/2025\/03\/corinne-creation-dinsectes-a-partir-delements-naturels-4-2-768x859.jpg 768w\" sizes=\"auto, (max-width: 916px) 100vw, 916px\" \/><\/figure>\n<\/figure>\n\n\n\n<p class=\"has-normal-font-size\"><em>Deux ateliers \u00e0 14h et 16h &#8211; sur inscription &#8211; participation 5\u20ac<\/em><\/p>\n\n\n\n<h2 class=\"wp-block-heading has-normal-font-size\">Apr\u00e8s midi Jeux et ateliers pour les enfants : le week-end du 26\/27 avril &#8211; mercredi 30 avril &#8211; jeudi 1er mai &#8211; samedi 3 mai \u00e0 la Cour des Cr\u00e9ateurs<\/h2>\n\n\n\n<p>Place aux enfants et aux jeux : nous leur avons pr\u00e9par\u00e9 plusieurs animations pour les int\u00e9resser et les amuser&#8230; Peinture sur galets avec des mod\u00e8les d&rsquo;oiseaux, coloriage d&rsquo;une fresque, jeux de bec (dis moi ce que tu manges&#8230;), fabrication de nichoirs \u00e0 emporter chez soi, d\u00e9couverte des chants des oiseaux&#8230; Tout est fait pour que ces activit\u00e9s soient \u00e0 leur port\u00e9e.<\/p>\n\n\n\n<figure class=\"wp-block-image size-full\"><img loading=\"lazy\" decoding=\"async\" width=\"901\" height=\"495\" src=\"https:\/\/paca.lpo.fr\/blogs\/pays-salonais\/files\/2025\/03\/photo-nichoir.jpg\" alt=\"\" class=\"wp-image-612\" srcset=\"https:\/\/paca.lpo.fr\/blogs\/pays-salonais\/files\/2025\/03\/photo-nichoir.jpg 901w, https:\/\/paca.lpo.fr\/blogs\/pays-salonais\/files\/2025\/03\/photo-nichoir-768x422.jpg 768w\" sizes=\"auto, (max-width: 901px) 100vw, 901px\" \/><figcaption class=\"wp-element-caption\">Le nichoir qui vous est fourni lorsque vous devenez Refuge LPO<\/figcaption><\/figure>\n\n\n\n<p>En prime, la pr\u00e9sentation par Bruno de cerf-volants grandeur nature repr\u00e9sentant des rapaces : nous vous attendons pour donner votre avis !<\/p>\n\n\n\n<p class=\"has-normal-font-size\"><em>Participation gratuite sauf fabrication des nichoirs (10\u20ac) <\/em>&#8211; <em>avec inscription<\/em><\/p>\n\n\n\n<figure class=\"wp-block-image size-full\"><img loading=\"lazy\" decoding=\"async\" width=\"1024\" height=\"460\" src=\"https:\/\/paca.lpo.fr\/blogs\/pays-salonais\/files\/2025\/03\/cerf-volant-bruno.jpg\" alt=\"\" class=\"wp-image-637\" srcset=\"https:\/\/paca.lpo.fr\/blogs\/pays-salonais\/files\/2025\/03\/cerf-volant-bruno.jpg 1024w, https:\/\/paca.lpo.fr\/blogs\/pays-salonais\/files\/2025\/03\/cerf-volant-bruno-768x345.jpg 768w\" sizes=\"auto, (max-width: 1024px) 100vw, 1024px\" \/><figcaption class=\"wp-element-caption\">Nouveau : le tirage grandeur nature de photos de rapaces transform\u00e9s en cerf volant<\/figcaption><\/figure>\n\n\n\n<h2 class=\"wp-block-heading has-normal-font-size\">Des conf\u00e9rences instructives et interactives<\/h2>\n\n\n\n<p>Premier rendez vous : <em>Mardi 29 avril &#8211; 18h \u00e0 la Maison de la Vie Associative &#8211; Entr\u00e9e gratuite<\/em><\/p>\n\n\n\n<p>D\u00e9couvrir les magnifiques actions men\u00e9es par le <strong>Centre R\u00e9gional de Sauvegarde de la Faune Sauvage<\/strong>. Tout savoir sur la mani\u00e8re de soigner les animaux bless\u00e9s (blaireau, \u00e9cureuil, rapace, h\u00e9risson, renard, rollier&#8230;) mais aussi quoi faire lorsque vous en d\u00e9couvrez un. Nous sommes en pleine p\u00e9riode d&rsquo;envol des jeunes, et nombreux sont ceux que l&rsquo;on trouve \u00e0 terre. Vous ne serez plus d\u00e9muni&#8230;<\/p>\n\n\n\n<p>Second rendez vous : <em>Mercredi 30 avril &#8211; 17h Cour des Cr\u00e9ateurs &#8211;     Participation gratuite<\/em><\/p>\n\n\n\n<p>Retrouvez nous \u00e0 la Cour des Cr\u00e9ateurs pour d\u00e9couvrir <strong>la vie extraordinaire des hirondelles et martinet<\/strong>s. Corinne vous emm\u00e8nera ensuite faire une d\u00e9ambulation dans le vieux quartier pour rep\u00e9rer les nids !<\/p>\n\n\n\n<p>Troisi\u00e8me et dernier rendez vous : <em>Vendredi 2 mai &#8211; 17h30 &#8211; Maison de la Vie Associative &#8211; entr\u00e9e gratuite<\/em><\/p>\n\n\n\n<p><strong>L&rsquo;intelligence du corbeau<\/strong>. Tout le monde a une histoire \u00e0 raconter avec cet animal. Et Bruno qui en est un vrai admirateur saura vous faire comprendre combien cet oiseau \u00e0 la mauvaise r\u00e9putation repr\u00e9sente une intelligence sup\u00e9rieure dans le r\u00e8gne animal.<\/p>\n\n\n\n<div class=\"wp-block-columns is-layout-flex wp-container-core-columns-is-layout-9d6595d7 wp-block-columns-is-layout-flex\">\n<div class=\"wp-block-column is-layout-flow wp-block-column-is-layout-flow\">\n<figure class=\"wp-block-image size-full\"><img loading=\"lazy\" decoding=\"async\" width=\"768\" height=\"1024\" src=\"https:\/\/paca.lpo.fr\/blogs\/pays-salonais\/files\/2025\/03\/martinets-crsfs-buoux--patricia-carrier-1.jpg\" alt=\"\" class=\"wp-image-604\" srcset=\"https:\/\/paca.lpo.fr\/blogs\/pays-salonais\/files\/2025\/03\/martinets-crsfs-buoux--patricia-carrier-1.jpg 768w, https:\/\/paca.lpo.fr\/blogs\/pays-salonais\/files\/2025\/03\/martinets-crsfs-buoux--patricia-carrier-1-576x768.jpg 576w\" sizes=\"auto, (max-width: 768px) 100vw, 768px\" \/><figcaption class=\"wp-element-caption\">Martinet noir  conf\u00e9rence merc 30 avr<\/figcaption><\/figure>\n<\/div>\n\n\n\n<div class=\"wp-block-column is-layout-flow wp-block-column-is-layout-flow\">\n<figure class=\"wp-block-image size-full\"><img loading=\"lazy\" decoding=\"async\" width=\"267\" height=\"400\" src=\"https:\/\/paca.lpo.fr\/blogs\/pays-salonais\/files\/2025\/03\/jeune-herisson-anais-thomas-copie.jpg\" alt=\"\" class=\"wp-image-601\" \/><figcaption class=\"wp-element-caption\">b\u00e9b\u00e9 h\u00e9risson en soins  conf\u00e9rence mard 29 avr<\/figcaption><\/figure>\n<\/div>\n\n\n\n<div class=\"wp-block-column is-layout-flow wp-block-column-is-layout-flow\">\n<figure class=\"wp-block-image size-full\"><img loading=\"lazy\" decoding=\"async\" width=\"807\" height=\"1024\" src=\"https:\/\/paca.lpo.fr\/blogs\/pays-salonais\/files\/2025\/03\/imgp1168-2-1.jpg\" alt=\"\" class=\"wp-image-623\" srcset=\"https:\/\/paca.lpo.fr\/blogs\/pays-salonais\/files\/2025\/03\/imgp1168-2-1.jpg 807w, https:\/\/paca.lpo.fr\/blogs\/pays-salonais\/files\/2025\/03\/imgp1168-2-1-605x768.jpg 605w, https:\/\/paca.lpo.fr\/blogs\/pays-salonais\/files\/2025\/03\/imgp1168-2-1-768x975.jpg 768w\" sizes=\"auto, (max-width: 807px) 100vw, 807px\" \/><figcaption class=\"wp-element-caption\">tout savoir sur le corbeau conf\u00e9rence vend 2 mai<\/figcaption><\/figure>\n<\/div>\n<\/div>\n\n\n\n<h2 class=\"wp-block-heading has-normal-font-size\">Informations &#8211; inscriptions<\/h2>\n\n\n\n<p>Mail : pays.salonais@lpo.fr <\/p>\n\n\n\n<p>Page FB : <a href=\"https:\/\/www.facebook.com\/lpo.paca.pays.salonais\">https:\/\/www.facebook.com\/lpo.paca.pays.salonais<\/a> <\/p>\n\n\n\n<p>Contact : 06.27.89.15.15<\/p>\n","protected":false},"excerpt":{"rendered":"<p>Le groupe local du Pays Salonais a d\u00e9cid\u00e9 de s&rsquo;investir sur cet \u00e9v\u00e8nement, totalement en phase avec ses aspirations. Il est la suite naturelle \u00e0 la magnifique exposition Cubes XXL des plus belles photos du groupe, s&rsquo;offrant \u00e0 la vue de tous les salonais depuis le 10 janvier. Exposition photos du 25 avril au 5 [&hellip;]<\/p>\n","protected":false},"author":152,"featured_media":653,"comment_status":"open","ping_status":"open","sticky":false,"template":"","format":"standard","meta":{"footnotes":""},"categories":[9],"tags":[86,18,63,88,87,48,14,65,61],"class_list":["post-608","post","type-post","status-publish","format-standard","has-post-thumbnail","hentry","category-animation","tag-ateliers-enfants","tag-biodiversite","tag-conference","tag-exposition-photos","tag-fabrication-de-nichoirs","tag-lpo-paca","tag-oiseaux","tag-pays-salonais","tag-salon-de-provence"],"jetpack_featured_media_url":"https:\/\/paca.lpo.fr\/blogs\/pays-salonais\/files\/2025\/03\/la-biodiversite-vous-accueille-en-ps-e1744991457858.jpg","_links":{"self":[{"href":"https:\/\/paca.lpo.fr\/blogs\/pays-salonais\/wp-json\/wp\/v2\/posts\/608","targetHints":{"allow":["GET"]}}],"collection":[{"href":"https:\/\/paca.lpo.fr\/blogs\/pays-salonais\/wp-json\/wp\/v2\/posts"}],"about":[{"href":"https:\/\/paca.lpo.fr\/blogs\/pays-salonais\/wp-json\/wp\/v2\/types\/post"}],"author":[{"embeddable":true,"href":"https:\/\/paca.lpo.fr\/blogs\/pays-salonais\/wp-json\/wp\/v2\/users\/152"}],"replies":[{"embeddable":true,"href":"https:\/\/paca.lpo.fr\/blogs\/pays-salonais\/wp-json\/wp\/v2\/comments?post=608"}],"version-history":[{"count":4,"href":"https:\/\/paca.lpo.fr\/blogs\/pays-salonais\/wp-json\/wp\/v2\/posts\/608\/revisions"}],"predecessor-version":[{"id":654,"href":"https:\/\/paca.lpo.fr\/blogs\/pays-salonais\/wp-json\/wp\/v2\/posts\/608\/revisions\/654"}],"wp:featuredmedia":[{"embeddable":true,"href":"https:\/\/paca.lpo.fr\/blogs\/pays-salonais\/wp-json\/wp\/v2\/media\/653"}],"wp:attachment":[{"href":"https:\/\/paca.lpo.fr\/blogs\/pays-salonais\/wp-json\/wp\/v2\/media?parent=608"}],"wp:term":[{"taxonomy":"category","embeddable":true,"href":"https:\/\/paca.lpo.fr\/blogs\/pays-salonais\/wp-json\/wp\/v2\/categories?post=608"},{"taxonomy":"post_tag","embeddable":true,"href":"https:\/\/paca.lpo.fr\/blogs\/pays-salonais\/wp-json\/wp\/v2\/tags?post=608"}],"curies":[{"name":"wp","href":"https:\/\/api.w.org\/{rel}","templated":true}]}}