{"id":658,"date":"2025-05-07T09:16:06","date_gmt":"2025-05-07T07:16:06","guid":{"rendered":"https:\/\/paca.lpo.fr\/blogs\/pays-salonais\/?p=658"},"modified":"2025-05-09T09:34:44","modified_gmt":"2025-05-09T07:34:44","slug":"clap-de-fin-pour-la-semaine-provencale","status":"publish","type":"post","link":"https:\/\/paca.lpo.fr\/blogs\/pays-salonais\/2025\/05\/07\/clap-de-fin-pour-la-semaine-provencale\/","title":{"rendered":"Clap de fin pour la semaine proven\u00e7ale"},"content":{"rendered":"\n<p>La Semaine Proven\u00e7ale, organis\u00e9e par la <a href=\"https:\/\/www.salondeprovence.fr\/\" target=\"_blank\" rel=\"noreferrer noopener\">Ville de Salon<\/a> a \u00e9t\u00e9 une magnifique opportunit\u00e9 pour faire conna\u00eetre le <a href=\"https:\/\/www.facebook.com\/lpo.paca.pays.salonais\" target=\"_blank\" rel=\"noreferrer noopener\">groupe local LPO du Pays Salonais.<\/a><\/p>\n\n\n\n<figure class=\"wp-block-gallery has-nested-images columns-default is-cropped wp-block-gallery-1 is-layout-flex wp-block-gallery-is-layout-flex\">\n<figure class=\"wp-block-image size-large\"><img loading=\"lazy\" decoding=\"async\" width=\"1024\" height=\"768\" data-id=\"700\" src=\"https:\/\/paca.lpo.fr\/blogs\/pays-salonais\/files\/2025\/05\/img-0336.jpeg\" alt=\"\" class=\"wp-image-700\" srcset=\"https:\/\/paca.lpo.fr\/blogs\/pays-salonais\/files\/2025\/05\/img-0336.jpeg 1024w, https:\/\/paca.lpo.fr\/blogs\/pays-salonais\/files\/2025\/05\/img-0336-768x576.jpeg 768w\" sizes=\"auto, (max-width: 1024px) 100vw, 1024px\" \/><\/figure>\n\n\n\n<figure class=\"wp-block-image size-large\"><img loading=\"lazy\" decoding=\"async\" width=\"1024\" height=\"768\" data-id=\"702\" src=\"https:\/\/paca.lpo.fr\/blogs\/pays-salonais\/files\/2025\/05\/img-0339.jpeg\" alt=\"\" class=\"wp-image-702\" srcset=\"https:\/\/paca.lpo.fr\/blogs\/pays-salonais\/files\/2025\/05\/img-0339.jpeg 1024w, https:\/\/paca.lpo.fr\/blogs\/pays-salonais\/files\/2025\/05\/img-0339-768x576.jpeg 768w\" sizes=\"auto, (max-width: 1024px) 100vw, 1024px\" \/><\/figure>\n\n\n\n<figure class=\"wp-block-image size-large\"><img loading=\"lazy\" decoding=\"async\" width=\"1024\" height=\"769\" data-id=\"701\" src=\"https:\/\/paca.lpo.fr\/blogs\/pays-salonais\/files\/2025\/05\/img-0357-1.jpg\" alt=\"\" class=\"wp-image-701\" srcset=\"https:\/\/paca.lpo.fr\/blogs\/pays-salonais\/files\/2025\/05\/img-0357-1.jpg 1024w, https:\/\/paca.lpo.fr\/blogs\/pays-salonais\/files\/2025\/05\/img-0357-1-768x577.jpg 768w\" sizes=\"auto, (max-width: 1024px) 100vw, 1024px\" \/><\/figure>\n<\/figure>\n\n\n\n<h4 class=\"wp-block-heading\">Fr\u00e9quentation record de l&rsquo;exposition Biodiversit\u00e9<\/h4>\n\n\n\n<p>Ce sont pr\u00e8s de 750 personnes qui se sont succ\u00e9d\u00e9es tout au long de la semaine, du samedi 26 avril au dimanche 4 mai.<\/p>\n\n\n\n<p>Il est vrai que la communication de la Ville avait inscrit l&rsquo;exposition comme un des temps forts de la semaine, mais la signal\u00e9tique, les vacances scolaires et le pont du mois de mai ont largement contribu\u00e9 \u00e0 cette r\u00e9ussite.<\/p>\n\n\n\n<figure class=\"wp-block-gallery has-nested-images columns-default is-cropped wp-block-gallery-2 is-layout-flex wp-block-gallery-is-layout-flex\">\n<figure class=\"wp-block-image size-full\"><img loading=\"lazy\" decoding=\"async\" width=\"1024\" height=\"768\" data-id=\"704\" src=\"https:\/\/paca.lpo.fr\/blogs\/pays-salonais\/files\/2025\/05\/img-0468.jpeg\" alt=\"\" class=\"wp-image-704\" srcset=\"https:\/\/paca.lpo.fr\/blogs\/pays-salonais\/files\/2025\/05\/img-0468.jpeg 1024w, https:\/\/paca.lpo.fr\/blogs\/pays-salonais\/files\/2025\/05\/img-0468-768x576.jpeg 768w\" sizes=\"auto, (max-width: 1024px) 100vw, 1024px\" \/><\/figure>\n\n\n\n<figure class=\"wp-block-image size-large\"><img loading=\"lazy\" decoding=\"async\" width=\"768\" height=\"1024\" data-id=\"703\" src=\"https:\/\/paca.lpo.fr\/blogs\/pays-salonais\/files\/2025\/05\/img-0393.jpeg\" alt=\"\" class=\"wp-image-703\" srcset=\"https:\/\/paca.lpo.fr\/blogs\/pays-salonais\/files\/2025\/05\/img-0393.jpeg 768w, https:\/\/paca.lpo.fr\/blogs\/pays-salonais\/files\/2025\/05\/img-0393-576x768.jpeg 576w\" sizes=\"auto, (max-width: 768px) 100vw, 768px\" \/><\/figure>\n\n\n\n<figure class=\"wp-block-image size-large\"><img loading=\"lazy\" decoding=\"async\" width=\"768\" height=\"1024\" data-id=\"663\" src=\"https:\/\/paca.lpo.fr\/blogs\/pays-salonais\/files\/2025\/05\/img-0476.jpeg\" alt=\"\" class=\"wp-image-663\" srcset=\"https:\/\/paca.lpo.fr\/blogs\/pays-salonais\/files\/2025\/05\/img-0476.jpeg 768w, https:\/\/paca.lpo.fr\/blogs\/pays-salonais\/files\/2025\/05\/img-0476-576x768.jpeg 576w\" sizes=\"auto, (max-width: 768px) 100vw, 768px\" \/><\/figure>\n<\/figure>\n\n\n\n<p>A l&rsquo;affiche, 70 photos des photographes du groupe, mais aussi les dessins de certains d&rsquo;entre eux. L&rsquo;id\u00e9e \u00e9tait de montrer l&rsquo;extr\u00eame diversit\u00e9 des esp\u00e8ces sur le Payts Salonais. Objectif atteint !<\/p>\n\n\n\n<p>Les visiteurs \u00e9taient \u00e0 leur arriv\u00e9e pris en charge par un des membres du groupe qui leur expliquait alors les esp\u00e8ces expos\u00e9es, leur mode de vie, des anecdotes sur les prises de vue&#8230; Cette immersion dans le monde des oiseaux en a ravi plus d&rsquo;un ! <\/p>\n\n\n\n<figure class=\"wp-block-gallery has-nested-images columns-default is-cropped wp-block-gallery-3 is-layout-flex wp-block-gallery-is-layout-flex\">\n<figure class=\"wp-block-image size-large\"><img loading=\"lazy\" decoding=\"async\" width=\"768\" height=\"1024\" data-id=\"676\" src=\"https:\/\/paca.lpo.fr\/blogs\/pays-salonais\/files\/2025\/05\/img-0450.jpeg\" alt=\"\" class=\"wp-image-676\" srcset=\"https:\/\/paca.lpo.fr\/blogs\/pays-salonais\/files\/2025\/05\/img-0450.jpeg 768w, https:\/\/paca.lpo.fr\/blogs\/pays-salonais\/files\/2025\/05\/img-0450-576x768.jpeg 576w\" sizes=\"auto, (max-width: 768px) 100vw, 768px\" \/><\/figure>\n\n\n\n<figure class=\"wp-block-image size-large\"><img loading=\"lazy\" decoding=\"async\" width=\"768\" height=\"1024\" data-id=\"677\" src=\"https:\/\/paca.lpo.fr\/blogs\/pays-salonais\/files\/2025\/05\/img-0457.jpeg\" alt=\"\" class=\"wp-image-677\" srcset=\"https:\/\/paca.lpo.fr\/blogs\/pays-salonais\/files\/2025\/05\/img-0457.jpeg 768w, https:\/\/paca.lpo.fr\/blogs\/pays-salonais\/files\/2025\/05\/img-0457-576x768.jpeg 576w\" sizes=\"auto, (max-width: 768px) 100vw, 768px\" \/><\/figure>\n\n\n\n<figure class=\"wp-block-image size-large\"><img loading=\"lazy\" decoding=\"async\" width=\"768\" height=\"1024\" data-id=\"678\" src=\"https:\/\/paca.lpo.fr\/blogs\/pays-salonais\/files\/2025\/05\/img-0458.jpeg\" alt=\"\" class=\"wp-image-678\" srcset=\"https:\/\/paca.lpo.fr\/blogs\/pays-salonais\/files\/2025\/05\/img-0458.jpeg 768w, https:\/\/paca.lpo.fr\/blogs\/pays-salonais\/files\/2025\/05\/img-0458-576x768.jpeg 576w\" sizes=\"auto, (max-width: 768px) 100vw, 768px\" \/><\/figure>\n<\/figure>\n\n\n\n<p>A leur disposition \u00e9galement une belle exposition de nichoirs de notre partenaire <a href=\"https:\/\/nichoirs-pour-oiseaux.com\/\" target=\"_blank\" rel=\"noreferrer noopener\">Nat&rsquo;H<\/a>. Ou comment d\u00e9couvrir la grande diversit\u00e9 des habitats de la faune sauvage : de l&rsquo;oiseau \u00e0 la chauve souris, du h\u00e9risson au l\u00e9zard&#8230; Mais aussi au d\u00e9tour d&rsquo;un pilier, des sculptures de l&rsquo;artiste <a href=\"https:\/\/irondel-art.fr\/\" target=\"_blank\" rel=\"noreferrer noopener\">Corine LERIDON<\/a>, qui transforme les \u00e9l\u00e9ments naturels en cr\u00e9atures fantastiques.<\/p>\n\n\n\n<h4 class=\"wp-block-heading\">Sur la place Morgan, place \u00e0 la cr\u00e9ativit\u00e9 des enfants<\/h4>\n\n\n\n<p>D\u00e8s le samedi, nous exposions \u00e9galement dans le cadre de la manifestation \u00ab\u00a0Salon en Fleurs\u00a0\u00bb, avec un zoom particulier sur les <a href=\"https:\/\/www.lpo.fr\/la-lpo-en-actions\/mobilisation-citoyenne\/refuges-lpo\" target=\"_blank\" rel=\"noreferrer noopener\">Refuges LPO<\/a>. Gr\u00e2ce aux charg\u00e9es de mission de l&rsquo;antenne de Mallemort, nous avons pu disposer de panneaux d&rsquo;information, de livres sur les fleurs et papillons afin de bien choisir les vari\u00e9t\u00e9s \u00e0 installer dans son jardin pour favoriser la biodiversit\u00e9.<\/p>\n\n\n\n<figure class=\"wp-block-image size-full\"><img loading=\"lazy\" decoding=\"async\" width=\"1024\" height=\"768\" src=\"https:\/\/paca.lpo.fr\/blogs\/pays-salonais\/files\/2025\/05\/img-0364.jpeg\" alt=\"\" class=\"wp-image-664\" srcset=\"https:\/\/paca.lpo.fr\/blogs\/pays-salonais\/files\/2025\/05\/img-0364.jpeg 1024w, https:\/\/paca.lpo.fr\/blogs\/pays-salonais\/files\/2025\/05\/img-0364-768x576.jpeg 768w\" sizes=\"auto, (max-width: 1024px) 100vw, 1024px\" \/><figcaption class=\"wp-element-caption\">Salon en Fleurs : tout savoir pour devenir Refuge LPO<\/figcaption><\/figure>\n\n\n\n<p>Nous avions \u00e9galement sollicit\u00e9 <a href=\"https:\/\/irondel-art.fr\/\" target=\"_blank\" rel=\"noreferrer noopener\">Corine LERIDON<\/a>, artiste plasticienne qui a anim\u00e9 un atelier cr\u00e9atif toute l&rsquo;apr\u00e8s midi. De 8 personnes inscrites, nous avons en fait accueilli 16 enfants (et mamans !!) qui ont pu donner libre cours \u00e0 leur cr\u00e9ativit\u00e9. Ils se sont succ\u00e9d\u00e9s non stop toute l&rsquo;apr\u00e8s midi de samedi.<\/p>\n\n\n\n<figure class=\"wp-block-gallery has-nested-images columns-default is-cropped wp-block-gallery-4 is-layout-flex wp-block-gallery-is-layout-flex\">\n<figure class=\"wp-block-image size-large\"><img loading=\"lazy\" decoding=\"async\" width=\"1024\" height=\"768\" data-id=\"665\" src=\"https:\/\/paca.lpo.fr\/blogs\/pays-salonais\/files\/2025\/05\/img-0371.jpeg\" alt=\"\" class=\"wp-image-665\" srcset=\"https:\/\/paca.lpo.fr\/blogs\/pays-salonais\/files\/2025\/05\/img-0371.jpeg 1024w, https:\/\/paca.lpo.fr\/blogs\/pays-salonais\/files\/2025\/05\/img-0371-768x576.jpeg 768w\" sizes=\"auto, (max-width: 1024px) 100vw, 1024px\" \/><\/figure>\n\n\n\n<figure class=\"wp-block-image size-large\"><img loading=\"lazy\" decoding=\"async\" width=\"1024\" height=\"768\" data-id=\"666\" src=\"https:\/\/paca.lpo.fr\/blogs\/pays-salonais\/files\/2025\/05\/img-0373.jpeg\" alt=\"\" class=\"wp-image-666\" srcset=\"https:\/\/paca.lpo.fr\/blogs\/pays-salonais\/files\/2025\/05\/img-0373.jpeg 1024w, https:\/\/paca.lpo.fr\/blogs\/pays-salonais\/files\/2025\/05\/img-0373-768x576.jpeg 768w\" sizes=\"auto, (max-width: 1024px) 100vw, 1024px\" \/><\/figure>\n<\/figure>\n\n\n\n<h4 class=\"wp-block-heading\">Fabriquer son nichoir : un vrai plaisir<\/h4>\n\n\n\n<p>Le groupe avait pr\u00e9par\u00e9 23 kits nichoirs, en pr\u00e9disposant les diff\u00e9rents \u00e9l\u00e9ments et visserie, mais c&rsquo;est bien chaque enfant qui a pu utiliser une visseuse adapt\u00e9e \u00e0 son gabarit, et repartir fi\u00e8rement avec sa r\u00e9alisation. Le plus jeune artisan avait 7 ans ! Et sa grand m\u00e8re a \u00e9t\u00e9 ravie de pouvoir lui proposer cette activit\u00e9, qu&rsquo;il a compl\u00e9t\u00e9 avec les autres animations.<\/p>\n\n\n\n<figure class=\"wp-block-gallery has-nested-images columns-default is-cropped wp-block-gallery-5 is-layout-flex wp-block-gallery-is-layout-flex\">\n<figure class=\"wp-block-image size-large\"><img loading=\"lazy\" decoding=\"async\" width=\"768\" height=\"1024\" data-id=\"669\" src=\"https:\/\/paca.lpo.fr\/blogs\/pays-salonais\/files\/2025\/05\/img-0395.jpeg\" alt=\"\" class=\"wp-image-669\" srcset=\"https:\/\/paca.lpo.fr\/blogs\/pays-salonais\/files\/2025\/05\/img-0395.jpeg 768w, https:\/\/paca.lpo.fr\/blogs\/pays-salonais\/files\/2025\/05\/img-0395-576x768.jpeg 576w\" sizes=\"auto, (max-width: 768px) 100vw, 768px\" \/><\/figure>\n\n\n\n<figure class=\"wp-block-image size-large\"><img loading=\"lazy\" decoding=\"async\" width=\"768\" height=\"1024\" data-id=\"667\" src=\"https:\/\/paca.lpo.fr\/blogs\/pays-salonais\/files\/2025\/05\/img-0447.jpeg\" alt=\"\" class=\"wp-image-667\" srcset=\"https:\/\/paca.lpo.fr\/blogs\/pays-salonais\/files\/2025\/05\/img-0447.jpeg 768w, https:\/\/paca.lpo.fr\/blogs\/pays-salonais\/files\/2025\/05\/img-0447-576x768.jpeg 576w\" sizes=\"auto, (max-width: 768px) 100vw, 768px\" \/><\/figure>\n\n\n\n<figure class=\"wp-block-image size-large\"><img loading=\"lazy\" decoding=\"async\" width=\"768\" height=\"1024\" data-id=\"668\" src=\"https:\/\/paca.lpo.fr\/blogs\/pays-salonais\/files\/2025\/05\/img-0466.jpeg\" alt=\"\" class=\"wp-image-668\" srcset=\"https:\/\/paca.lpo.fr\/blogs\/pays-salonais\/files\/2025\/05\/img-0466.jpeg 768w, https:\/\/paca.lpo.fr\/blogs\/pays-salonais\/files\/2025\/05\/img-0466-576x768.jpeg 576w\" sizes=\"auto, (max-width: 768px) 100vw, 768px\" \/><\/figure>\n<\/figure>\n\n\n\n<figure class=\"wp-block-image size-full\"><img loading=\"lazy\" decoding=\"async\" width=\"775\" height=\"153\" src=\"https:\/\/paca.lpo.fr\/blogs\/pays-salonais\/files\/2025\/05\/message-suzanne.jpg\" alt=\"\" class=\"wp-image-680\" srcset=\"https:\/\/paca.lpo.fr\/blogs\/pays-salonais\/files\/2025\/05\/message-suzanne.jpg 775w, https:\/\/paca.lpo.fr\/blogs\/pays-salonais\/files\/2025\/05\/message-suzanne-768x152.jpg 768w\" sizes=\"auto, (max-width: 775px) 100vw, 775px\" \/><\/figure>\n\n\n\n<h4 class=\"wp-block-heading\">Des activit\u00e9s pour petits et grands<\/h4>\n\n\n\n<p>Il y en avait pour tous les go\u00fbts. Les enfants se sont amus\u00e9s \u00e0 fabriquer des bombes \u00e0 graines \u00e0 installer dans leurs jardins. Quel bonheur d&rsquo;avoir le droit de \u00ab\u00a0patouiller\u00a0\u00bb la boue&#8230;<\/p>\n\n\n\n<figure class=\"wp-block-gallery has-nested-images columns-default is-cropped wp-block-gallery-6 is-layout-flex wp-block-gallery-is-layout-flex\">\n<figure class=\"wp-block-image size-large\"><img loading=\"lazy\" decoding=\"async\" width=\"768\" height=\"1024\" data-id=\"671\" src=\"https:\/\/paca.lpo.fr\/blogs\/pays-salonais\/files\/2025\/05\/img-0443.jpeg\" alt=\"\" class=\"wp-image-671\" srcset=\"https:\/\/paca.lpo.fr\/blogs\/pays-salonais\/files\/2025\/05\/img-0443.jpeg 768w, https:\/\/paca.lpo.fr\/blogs\/pays-salonais\/files\/2025\/05\/img-0443-576x768.jpeg 576w\" sizes=\"auto, (max-width: 768px) 100vw, 768px\" \/><\/figure>\n\n\n\n<figure class=\"wp-block-image size-large\"><img loading=\"lazy\" decoding=\"async\" width=\"1024\" height=\"768\" data-id=\"670\" src=\"https:\/\/paca.lpo.fr\/blogs\/pays-salonais\/files\/2025\/05\/img-0445.jpeg\" alt=\"\" class=\"wp-image-670\" srcset=\"https:\/\/paca.lpo.fr\/blogs\/pays-salonais\/files\/2025\/05\/img-0445.jpeg 1024w, https:\/\/paca.lpo.fr\/blogs\/pays-salonais\/files\/2025\/05\/img-0445-768x576.jpeg 768w\" sizes=\"auto, (max-width: 1024px) 100vw, 1024px\" \/><\/figure>\n<\/figure>\n\n\n\n<p>Pour les grands mais aussi les petits, arr\u00eat au stand \u00e0 l&rsquo;entr\u00e9e de l&rsquo;exposition pour tester ses connaissances en chants d&rsquo;oiseaux, \u00e0 l&rsquo;aide de buzzers pr\u00e9-enregistr\u00e9s, et d&rsquo;images d&rsquo;oiseaux \u00e0 reconna\u00eetre. <\/p>\n\n\n\n<p>Mais aussi test sur ses capacit\u00e9s olfactives, pour reconna\u00eetre des senteurs pourtant bien de chez nous&#8230;mais parfois compliqu\u00e9es \u00e0 identifier ! Jeunes et moins jeunes s&rsquo;y sont essay\u00e9s.<\/p>\n\n\n\n<figure class=\"wp-block-gallery has-nested-images columns-default is-cropped wp-block-gallery-7 is-layout-flex wp-block-gallery-is-layout-flex\">\n<figure class=\"wp-block-image size-large\"><img loading=\"lazy\" decoding=\"async\" width=\"768\" height=\"1024\" data-id=\"672\" src=\"https:\/\/paca.lpo.fr\/blogs\/pays-salonais\/files\/2025\/05\/img-0461.jpeg\" alt=\"\" class=\"wp-image-672\" srcset=\"https:\/\/paca.lpo.fr\/blogs\/pays-salonais\/files\/2025\/05\/img-0461.jpeg 768w, https:\/\/paca.lpo.fr\/blogs\/pays-salonais\/files\/2025\/05\/img-0461-576x768.jpeg 576w\" sizes=\"auto, (max-width: 768px) 100vw, 768px\" \/><\/figure>\n\n\n\n<figure class=\"wp-block-image size-large\"><img loading=\"lazy\" decoding=\"async\" width=\"768\" height=\"1024\" data-id=\"673\" src=\"https:\/\/paca.lpo.fr\/blogs\/pays-salonais\/files\/2025\/05\/img-0464.jpeg\" alt=\"\" class=\"wp-image-673\" srcset=\"https:\/\/paca.lpo.fr\/blogs\/pays-salonais\/files\/2025\/05\/img-0464.jpeg 768w, https:\/\/paca.lpo.fr\/blogs\/pays-salonais\/files\/2025\/05\/img-0464-576x768.jpeg 576w\" sizes=\"auto, (max-width: 768px) 100vw, 768px\" \/><\/figure>\n\n\n\n<figure class=\"wp-block-image size-large\"><img loading=\"lazy\" decoding=\"async\" width=\"1024\" height=\"768\" data-id=\"705\" src=\"https:\/\/paca.lpo.fr\/blogs\/pays-salonais\/files\/2025\/05\/img-0453.jpeg\" alt=\"\" class=\"wp-image-705\" srcset=\"https:\/\/paca.lpo.fr\/blogs\/pays-salonais\/files\/2025\/05\/img-0453.jpeg 1024w, https:\/\/paca.lpo.fr\/blogs\/pays-salonais\/files\/2025\/05\/img-0453-768x576.jpeg 768w\" sizes=\"auto, (max-width: 1024px) 100vw, 1024px\" \/><\/figure>\n<\/figure>\n\n\n\n<p>Quant aux artistes en herbe, ils avaient la possibilit\u00e9 de peindre sur des galets le motif de leur choix, avec ou sans mod\u00e8le. De vrais artistes en devenir&#8230;<\/p>\n\n\n\n<h4 class=\"wp-block-heading\">Tout savoir sur les hirondelles et martinets, et d\u00e9couvrir l&rsquo;\u00e9tonnante intelligence du corbeau<\/h4>\n\n\n\n<p>Des conf\u00e9rences ont \u00e9t\u00e9 propos\u00e9es pendant la semaine. Celle sur les hirondelles et martinets avec une d\u00e9ambulation dans les rues du vieux Salon, celle sur l&rsquo;intelligence du corbeau avec des vid\u00e9os \u00e9tonnantes. Merci \u00e0 nos intervenants, venus de groupes <a href=\"https:\/\/www.facebook.com\/lposudluberon\" target=\"_blank\" rel=\"noreferrer noopener\">LPO du Sud Lub\u00e9ron<\/a> et de l&rsquo;Ard\u00e8che, qui nous ont consacr\u00e9 ce temps !!<\/p>\n\n\n\n<p>Apr\u00e8s nous avoir tout appris sur le corbeau la veille, <a href=\"https:\/\/www.linkedin.com\/in\/bruno-machtelinck\/\" target=\"_blank\" rel=\"noreferrer noopener\">Bruno Machtelink<\/a> nous a samedi r\u00e9gal\u00e9 avec ses mobiles et autres cerf-volants \u00e0 dimension r\u00e9elle, et permettre ainsi d&rsquo;appr\u00e9hender la taille d&rsquo;un vautour fauve. Plus de 2.60m d&rsquo;envergure&#8230;<\/p>\n\n\n\n<figure class=\"wp-block-image size-full\"><img loading=\"lazy\" decoding=\"async\" width=\"1024\" height=\"768\" src=\"https:\/\/paca.lpo.fr\/blogs\/pays-salonais\/files\/2025\/05\/img-0480.jpeg\" alt=\"\" class=\"wp-image-674\" srcset=\"https:\/\/paca.lpo.fr\/blogs\/pays-salonais\/files\/2025\/05\/img-0480.jpeg 1024w, https:\/\/paca.lpo.fr\/blogs\/pays-salonais\/files\/2025\/05\/img-0480-768x576.jpeg 768w\" sizes=\"auto, (max-width: 1024px) 100vw, 1024px\" \/><figcaption class=\"wp-element-caption\">Un cerf volant extraordinaire<\/figcaption><\/figure>\n\n\n\n<h4 class=\"wp-block-heading\">Le centre de sauvegarde de la faune sauvage \u00e0 Buoux, un endroit pr\u00e9cieux pour la faune sauvage<\/h4>\n\n\n\n<p>Loriane AUBINAIS, responsable LPO de ce centre, a pu expliquer en d\u00e9tails aux personnes venues l&rsquo;\u00e9couter l&rsquo;immensit\u00e9 de la t\u00e2che des salari\u00e9s et b\u00e9n\u00e9voles sur le centre. R\u00e9cup\u00e9rer, soigner, r\u00e9-\u00e9duquer puis rel\u00e2cher pr\u00e8s de 3000 animaux par an, ce n&rsquo;est pas une mince affaire ! Mais tous ceux qui interviennent sur place sont motiv\u00e9s pour agir pour la faune sauvage en d\u00e9tresse. Puis des conseils \u00e9clair\u00e9s ont \u00e9t\u00e9 donn\u00e9s sur les modalit\u00e9s de sauvetage d&rsquo;un oiseau trouv\u00e9 dans son jardin ou dans la rue.<\/p>\n\n\n\n<figure class=\"wp-block-image size-full\"><img loading=\"lazy\" decoding=\"async\" width=\"509\" height=\"678\" src=\"https:\/\/paca.lpo.fr\/blogs\/pays-salonais\/files\/2025\/05\/ccrsfs.jpg\" alt=\"\" class=\"wp-image-675\" \/><figcaption class=\"wp-element-caption\">Aigle de Bonelli bless\u00e9 et en soin \u00e0 Buoux<\/figcaption><\/figure>\n\n\n\n<p>Le site de la LPO PACA d\u00e9taille tous les moyens d&rsquo;actions, et surtout ce qu&rsquo;il ne faut pas faire ! Important d&rsquo;aller faire un tour <a href=\"https:\/\/paca.lpo.fr\/soins-animaux\" target=\"_blank\" rel=\"noreferrer noopener\">sur cette page.<\/a>..<\/p>\n\n\n\n<h4 class=\"wp-block-heading\">Fatigu\u00e9s mais satisfaits<\/h4>\n\n\n\n<p>L&rsquo;\u00e9quipe des b\u00e9n\u00e9voles du groupe a proc\u00e9d\u00e9 au d\u00e9montage de l&rsquo;expo lundi 5 mai matin. Plus rapide que l&rsquo;installation&#8230; <\/p>\n\n\n\n<p>Un grand merci \u00e0 toutes et tous, qui avez \u00e0 un moment ou \u00e0 un autre donn\u00e9 de votre temps. Avec une mention sp\u00e9ciale pour les photographes : Christian, Paul, Nicolas, Roger, J\u00e9r\u00e9my, Gilles, Pascal, Gil, Fr\u00e9d\u00e9ric.<\/p>\n\n\n\n<p>Un grand merci \u00e0 nos intervenants qui se sont d\u00e9plac\u00e9s jusqu&rsquo;\u00e0 nous pour participer \u00e0 la sensibilisation du public salonais.<\/p>\n\n\n\n<p>Un grand merci aux services de la Ville qui ont \u00e9t\u00e9 d&rsquo;une extr\u00eame amabilit\u00e9 pour nous faciliter l&rsquo;organisation et le bon d\u00e9roulement de cet \u00e9v\u00e8nement.<\/p>\n\n\n\n<p>Un grand merci enfin aux \u00e9lus de la commune, qui nous ont fait confiance en nous associant \u00e0 cet \u00e9v\u00e8nement important pour la <a href=\"https:\/\/www.salondeprovence.fr\/\" target=\"_blank\" rel=\"noreferrer noopener\">Ville de Salon<\/a>.<\/p>\n\n\n\n<figure class=\"wp-block-image size-full\"><img loading=\"lazy\" decoding=\"async\" width=\"1024\" height=\"768\" src=\"https:\/\/paca.lpo.fr\/blogs\/pays-salonais\/files\/2025\/05\/img-0376.jpeg\" alt=\"\" class=\"wp-image-684\" srcset=\"https:\/\/paca.lpo.fr\/blogs\/pays-salonais\/files\/2025\/05\/img-0376.jpeg 1024w, https:\/\/paca.lpo.fr\/blogs\/pays-salonais\/files\/2025\/05\/img-0376-768x576.jpeg 768w\" sizes=\"auto, (max-width: 1024px) 100vw, 1024px\" \/><\/figure>\n\n\n\n<h4 class=\"wp-block-heading\">Des messages de France et d&rsquo;ailleurs<\/h4>\n\n\n\n<figure class=\"wp-block-gallery has-nested-images columns-default is-cropped wp-block-gallery-8 is-layout-flex wp-block-gallery-is-layout-flex\">\n<figure class=\"wp-block-image size-large\"><img loading=\"lazy\" decoding=\"async\" width=\"742\" height=\"1024\" data-id=\"691\" src=\"https:\/\/paca.lpo.fr\/blogs\/pays-salonais\/files\/2025\/05\/2025-expo-livre-d-or-vernissage1.jpg\" alt=\"\" class=\"wp-image-691\" srcset=\"https:\/\/paca.lpo.fr\/blogs\/pays-salonais\/files\/2025\/05\/2025-expo-livre-d-or-vernissage1.jpg 742w, https:\/\/paca.lpo.fr\/blogs\/pays-salonais\/files\/2025\/05\/2025-expo-livre-d-or-vernissage1-557x768.jpg 557w\" sizes=\"auto, (max-width: 742px) 100vw, 742px\" \/><figcaption class=\"wp-element-caption\">Merci \u00e0 nos \u00e9lus, David Ytier<\/figcaption><\/figure>\n\n\n\n<figure class=\"wp-block-image size-large\"><img loading=\"lazy\" decoding=\"async\" width=\"799\" height=\"1024\" data-id=\"692\" src=\"https:\/\/paca.lpo.fr\/blogs\/pays-salonais\/files\/2025\/05\/2025-expo-livre-d-or-vernissage2.jpg\" alt=\"\" class=\"wp-image-692\" srcset=\"https:\/\/paca.lpo.fr\/blogs\/pays-salonais\/files\/2025\/05\/2025-expo-livre-d-or-vernissage2.jpg 799w, https:\/\/paca.lpo.fr\/blogs\/pays-salonais\/files\/2025\/05\/2025-expo-livre-d-or-vernissage2-599x768.jpg 599w, https:\/\/paca.lpo.fr\/blogs\/pays-salonais\/files\/2025\/05\/2025-expo-livre-d-or-vernissage2-768x984.jpg 768w\" sizes=\"auto, (max-width: 799px) 100vw, 799px\" \/><figcaption class=\"wp-element-caption\">&#8230;et Michel Roux<\/figcaption><\/figure>\n<\/figure>\n\n\n\n<figure class=\"wp-block-gallery has-nested-images columns-default is-cropped wp-block-gallery-9 is-layout-flex wp-block-gallery-is-layout-flex\">\n<figure class=\"wp-block-image size-large\"><img loading=\"lazy\" decoding=\"async\" width=\"701\" height=\"1024\" data-id=\"694\" src=\"https:\/\/paca.lpo.fr\/blogs\/pays-salonais\/files\/2025\/05\/2025-expo-livre-d-or-visiteurs2.jpg\" alt=\"\" class=\"wp-image-694\" srcset=\"https:\/\/paca.lpo.fr\/blogs\/pays-salonais\/files\/2025\/05\/2025-expo-livre-d-or-visiteurs2.jpg 701w, https:\/\/paca.lpo.fr\/blogs\/pays-salonais\/files\/2025\/05\/2025-expo-livre-d-or-visiteurs2-526x768.jpg 526w\" sizes=\"auto, (max-width: 701px) 100vw, 701px\" \/><figcaption class=\"wp-element-caption\">et merci<\/figcaption><\/figure>\n\n\n\n<figure class=\"wp-block-image size-large\"><img loading=\"lazy\" decoding=\"async\" width=\"675\" height=\"1024\" data-id=\"696\" src=\"https:\/\/paca.lpo.fr\/blogs\/pays-salonais\/files\/2025\/05\/2025-expo-livre-d-or-visiteurs3.jpg\" alt=\"\" class=\"wp-image-696\" srcset=\"https:\/\/paca.lpo.fr\/blogs\/pays-salonais\/files\/2025\/05\/2025-expo-livre-d-or-visiteurs3.jpg 675w, https:\/\/paca.lpo.fr\/blogs\/pays-salonais\/files\/2025\/05\/2025-expo-livre-d-or-visiteurs3-506x768.jpg 506w\" sizes=\"auto, (max-width: 675px) 100vw, 675px\" \/><figcaption class=\"wp-element-caption\">\u00e0 tous nos gentils<\/figcaption><\/figure>\n\n\n\n<figure class=\"wp-block-image size-large\"><img loading=\"lazy\" decoding=\"async\" width=\"756\" height=\"1024\" data-id=\"693\" src=\"https:\/\/paca.lpo.fr\/blogs\/pays-salonais\/files\/2025\/05\/2025-expo-livre-d-or-visiteurs4.jpg\" alt=\"\" class=\"wp-image-693\" srcset=\"https:\/\/paca.lpo.fr\/blogs\/pays-salonais\/files\/2025\/05\/2025-expo-livre-d-or-visiteurs4.jpg 756w, https:\/\/paca.lpo.fr\/blogs\/pays-salonais\/files\/2025\/05\/2025-expo-livre-d-or-visiteurs4-567x768.jpg 567w\" sizes=\"auto, (max-width: 756px) 100vw, 756px\" \/><figcaption class=\"wp-element-caption\">visiteurs, petits et grands<\/figcaption><\/figure>\n<\/figure>\n","protected":false},"excerpt":{"rendered":"<p>La Semaine Proven\u00e7ale, organis\u00e9e par la Ville de Salon a \u00e9t\u00e9 une magnifique opportunit\u00e9 pour faire conna\u00eetre le groupe local LPO du Pays Salonais. Fr\u00e9quentation record de l&rsquo;exposition Biodiversit\u00e9 Ce sont pr\u00e8s de 750 personnes qui se sont succ\u00e9d\u00e9es tout au long de la semaine, du samedi 26 avril au dimanche 4 mai. Il est [&hellip;]<\/p>\n","protected":false},"author":152,"featured_media":661,"comment_status":"open","ping_status":"open","sticky":true,"template":"","format":"standard","meta":{"footnotes":""},"categories":[92],"tags":[18,88,48,65,91],"class_list":["post-658","post","type-post","status-publish","format-standard","has-post-thumbnail","hentry","category-evenement-grand-public","tag-biodiversite","tag-exposition-photos","tag-lpo-paca","tag-pays-salonais","tag-semaine-provencale"],"jetpack_featured_media_url":"https:\/\/paca.lpo.fr\/blogs\/pays-salonais\/files\/2025\/05\/la-biodiversite-vous-accueille-en-ps-v2.jpg","_links":{"self":[{"href":"https:\/\/paca.lpo.fr\/blogs\/pays-salonais\/wp-json\/wp\/v2\/posts\/658","targetHints":{"allow":["GET"]}}],"collection":[{"href":"https:\/\/paca.lpo.fr\/blogs\/pays-salonais\/wp-json\/wp\/v2\/posts"}],"about":[{"href":"https:\/\/paca.lpo.fr\/blogs\/pays-salonais\/wp-json\/wp\/v2\/types\/post"}],"author":[{"embeddable":true,"href":"https:\/\/paca.lpo.fr\/blogs\/pays-salonais\/wp-json\/wp\/v2\/users\/152"}],"replies":[{"embeddable":true,"href":"https:\/\/paca.lpo.fr\/blogs\/pays-salonais\/wp-json\/wp\/v2\/comments?post=658"}],"version-history":[{"count":4,"href":"https:\/\/paca.lpo.fr\/blogs\/pays-salonais\/wp-json\/wp\/v2\/posts\/658\/revisions"}],"predecessor-version":[{"id":714,"href":"https:\/\/paca.lpo.fr\/blogs\/pays-salonais\/wp-json\/wp\/v2\/posts\/658\/revisions\/714"}],"wp:featuredmedia":[{"embeddable":true,"href":"https:\/\/paca.lpo.fr\/blogs\/pays-salonais\/wp-json\/wp\/v2\/media\/661"}],"wp:attachment":[{"href":"https:\/\/paca.lpo.fr\/blogs\/pays-salonais\/wp-json\/wp\/v2\/media?parent=658"}],"wp:term":[{"taxonomy":"category","embeddable":true,"href":"https:\/\/paca.lpo.fr\/blogs\/pays-salonais\/wp-json\/wp\/v2\/categories?post=658"},{"taxonomy":"post_tag","embeddable":true,"href":"https:\/\/paca.lpo.fr\/blogs\/pays-salonais\/wp-json\/wp\/v2\/tags?post=658"}],"curies":[{"name":"wp","href":"https:\/\/api.w.org\/{rel}","templated":true}]}}