{"id":744,"date":"2025-10-09T16:47:02","date_gmt":"2025-10-09T14:47:02","guid":{"rendered":"https:\/\/paca.lpo.fr\/blogs\/pays-salonais\/?p=744"},"modified":"2025-10-09T16:50:13","modified_gmt":"2025-10-09T14:50:13","slug":"journees-de-la-migration-2025","status":"publish","type":"post","link":"https:\/\/paca.lpo.fr\/blogs\/pays-salonais\/2025\/10\/09\/journees-de-la-migration-2025\/","title":{"rendered":"Journ\u00e9es de la migration 2025"},"content":{"rendered":"\n<p>Le groupe local LPO du Pays Salonais s&rsquo;est bien s\u00fbr mobilis\u00e9 pour les journ\u00e9es de la migration 2025.<\/p>\n\n\n\n<p>Rendez vous a \u00e9t\u00e9 donn\u00e9 samedi 4 octobre sur le plateau de Vern\u00e8gues, entre Lub\u00e9ron, Alpilles, Durance et plaine de Salon.<\/p>\n\n\n\n<figure class=\"wp-block-image size-full\"><img loading=\"lazy\" decoding=\"async\" width=\"1024\" height=\"485\" src=\"https:\/\/paca.lpo.fr\/blogs\/pays-salonais\/files\/2025\/10\/img-20251006-wa0004.jpg\" alt=\"\" class=\"wp-image-746\" srcset=\"https:\/\/paca.lpo.fr\/blogs\/pays-salonais\/files\/2025\/10\/img-20251006-wa0004.jpg 1024w, https:\/\/paca.lpo.fr\/blogs\/pays-salonais\/files\/2025\/10\/img-20251006-wa0004-768x364.jpg 768w\" sizes=\"auto, (max-width: 1024px) 100vw, 1024px\" \/><\/figure>\n\n\n\n<p>Dominique, Gilles, Sylvie, Lorenzo, Pascal, Benoit et Florent ont accueilli les visiteurs de passage et ceux qui, venant du Vaucluse, avaient choisi notre point d&rsquo;observation. A leur disposition, des plaquettes et affiches expliquant la migration, compl\u00e9t\u00e9es bien s\u00fbr par les explications des ornithologues pr\u00e9sents.<\/p>\n\n\n\n<figure class=\"wp-block-image size-full\"><img loading=\"lazy\" decoding=\"async\" width=\"1024\" height=\"485\" src=\"https:\/\/paca.lpo.fr\/blogs\/pays-salonais\/files\/2025\/10\/20251004-082809.jpg\" alt=\"\" class=\"wp-image-747\" srcset=\"https:\/\/paca.lpo.fr\/blogs\/pays-salonais\/files\/2025\/10\/20251004-082809.jpg 1024w, https:\/\/paca.lpo.fr\/blogs\/pays-salonais\/files\/2025\/10\/20251004-082809-768x364.jpg 768w\" sizes=\"auto, (max-width: 1024px) 100vw, 1024px\" \/><\/figure>\n\n\n\n<p>Bien install\u00e9s sur l&rsquo;ancien moulin du plateau, qui dispose d&rsquo;une magnifique table d&rsquo;orientation, les b\u00e9n\u00e9voles ont donc pu commenter les nombreuses esp\u00e8ces qui ont pu \u00eatre observ\u00e9es : milan noir, faucon cr\u00e9cerelle, pie gri\u00e8che m\u00e9ridionale, martinet \u00e0 ventre blanc, hirondelle rustique et de fen\u00eatre, alouette lulu, fauvette m\u00e9lanoc\u00e9phale, rougequeue noir, orite&#8230; M\u00eame si tous ces oiseaux n&rsquo;\u00e9taient pas n\u00e9cessairement en migration, la plupart se pr\u00e9parent \u00e0 le faire.<\/p>\n\n\n\n<p>Jolie matin\u00e9e, exempte de vent ce qui n&rsquo;a pas \u00e9t\u00e9 le cas le lendemain dimanche ! C&rsquo;est toujours une occasion r\u00eav\u00e9e pour expliquer \u00e0 nos visiteurs la vie des oiseaux, et notamment le ph\u00e9nom\u00e8ne de la migration. Toutes les donn\u00e9es ont \u00e9t\u00e9 enregistr\u00e9es \u00e0 la fois sur Faune PACA et sur le site des Journ\u00e9es de la Migration.<\/p>\n\n\n\n<figure class=\"wp-block-image size-full\"><img loading=\"lazy\" decoding=\"async\" width=\"1024\" height=\"485\" src=\"https:\/\/paca.lpo.fr\/blogs\/pays-salonais\/files\/2025\/10\/img-20251007-wa0002.jpg\" alt=\"\" class=\"wp-image-748\" srcset=\"https:\/\/paca.lpo.fr\/blogs\/pays-salonais\/files\/2025\/10\/img-20251007-wa0002.jpg 1024w, https:\/\/paca.lpo.fr\/blogs\/pays-salonais\/files\/2025\/10\/img-20251007-wa0002-768x364.jpg 768w\" sizes=\"auto, (max-width: 1024px) 100vw, 1024px\" \/><figcaption class=\"wp-element-caption\">L&rsquo;occasion \u00e9tait belle aussi de faire des photos : Lorenzo \u00e0 la manoeuvre<\/figcaption><\/figure>\n\n\n\n<figure class=\"wp-block-image size-full\"><img loading=\"lazy\" decoding=\"async\" width=\"1024\" height=\"485\" src=\"https:\/\/paca.lpo.fr\/blogs\/pays-salonais\/files\/2025\/10\/whatsapp-image-2025-10-06-a-15.12.19-647f83ec.jpg\" alt=\"\" class=\"wp-image-750\" srcset=\"https:\/\/paca.lpo.fr\/blogs\/pays-salonais\/files\/2025\/10\/whatsapp-image-2025-10-06-a-15.12.19-647f83ec.jpg 1024w, https:\/\/paca.lpo.fr\/blogs\/pays-salonais\/files\/2025\/10\/whatsapp-image-2025-10-06-a-15.12.19-647f83ec-768x364.jpg 768w\" sizes=\"auto, (max-width: 1024px) 100vw, 1024px\" \/><figcaption class=\"wp-element-caption\">Le soleil a fini par faire son apparition, le guet est fait c\u00f4t\u00e9 Luberon<\/figcaption><\/figure>\n\n\n\n<figure class=\"wp-block-image size-full\"><img loading=\"lazy\" decoding=\"async\" width=\"485\" height=\"1024\" src=\"https:\/\/paca.lpo.fr\/blogs\/pays-salonais\/files\/2025\/10\/img-20251006-wa0003.jpg\" alt=\"\" class=\"wp-image-751\" srcset=\"https:\/\/paca.lpo.fr\/blogs\/pays-salonais\/files\/2025\/10\/img-20251006-wa0003.jpg 485w, https:\/\/paca.lpo.fr\/blogs\/pays-salonais\/files\/2025\/10\/img-20251006-wa0003-364x768.jpg 364w\" sizes=\"auto, (max-width: 485px) 100vw, 485px\" \/><figcaption class=\"wp-element-caption\">Important : le caf\u00e9 !!!<\/figcaption><\/figure>\n\n\n\n<p><\/p>\n","protected":false},"excerpt":{"rendered":"<p>Le groupe local LPO du Pays Salonais s&rsquo;est bien s\u00fbr mobilis\u00e9 pour les journ\u00e9es de la migration 2025. Rendez vous a \u00e9t\u00e9 donn\u00e9 samedi 4 octobre sur le plateau de Vern\u00e8gues, entre Lub\u00e9ron, Alpilles, Durance et plaine de Salon. Dominique, Gilles, Sylvie, Lorenzo, Pascal, Benoit et Florent ont accueilli les visiteurs de passage et ceux [&hellip;]<\/p>\n","protected":false},"author":152,"featured_media":745,"comment_status":"open","ping_status":"open","sticky":false,"template":"","format":"standard","meta":{"footnotes":""},"categories":[9],"tags":[101,98,99,100],"class_list":["post-744","post","type-post","status-publish","format-standard","has-post-thumbnail","hentry","category-animation","tag-groupe-lpo-du-pays-salonais","tag-journees-de-la-migration","tag-observation-ornitho","tag-vernegues"],"jetpack_featured_media_url":"https:\/\/paca.lpo.fr\/blogs\/pays-salonais\/files\/2025\/10\/ebw-photo.jpeg","_links":{"self":[{"href":"https:\/\/paca.lpo.fr\/blogs\/pays-salonais\/wp-json\/wp\/v2\/posts\/744","targetHints":{"allow":["GET"]}}],"collection":[{"href":"https:\/\/paca.lpo.fr\/blogs\/pays-salonais\/wp-json\/wp\/v2\/posts"}],"about":[{"href":"https:\/\/paca.lpo.fr\/blogs\/pays-salonais\/wp-json\/wp\/v2\/types\/post"}],"author":[{"embeddable":true,"href":"https:\/\/paca.lpo.fr\/blogs\/pays-salonais\/wp-json\/wp\/v2\/users\/152"}],"replies":[{"embeddable":true,"href":"https:\/\/paca.lpo.fr\/blogs\/pays-salonais\/wp-json\/wp\/v2\/comments?post=744"}],"version-history":[{"count":2,"href":"https:\/\/paca.lpo.fr\/blogs\/pays-salonais\/wp-json\/wp\/v2\/posts\/744\/revisions"}],"predecessor-version":[{"id":753,"href":"https:\/\/paca.lpo.fr\/blogs\/pays-salonais\/wp-json\/wp\/v2\/posts\/744\/revisions\/753"}],"wp:featuredmedia":[{"embeddable":true,"href":"https:\/\/paca.lpo.fr\/blogs\/pays-salonais\/wp-json\/wp\/v2\/media\/745"}],"wp:attachment":[{"href":"https:\/\/paca.lpo.fr\/blogs\/pays-salonais\/wp-json\/wp\/v2\/media?parent=744"}],"wp:term":[{"taxonomy":"category","embeddable":true,"href":"https:\/\/paca.lpo.fr\/blogs\/pays-salonais\/wp-json\/wp\/v2\/categories?post=744"},{"taxonomy":"post_tag","embeddable":true,"href":"https:\/\/paca.lpo.fr\/blogs\/pays-salonais\/wp-json\/wp\/v2\/tags?post=744"}],"curies":[{"name":"wp","href":"https:\/\/api.w.org\/{rel}","templated":true}]}}