{"id":757,"date":"2025-11-02T10:06:22","date_gmt":"2025-11-02T09:06:22","guid":{"rendered":"https:\/\/paca.lpo.fr\/blogs\/pays-salonais\/?p=757"},"modified":"2025-11-02T10:06:22","modified_gmt":"2025-11-02T09:06:22","slug":"premiere-sortie-dautomne","status":"publish","type":"post","link":"https:\/\/paca.lpo.fr\/blogs\/pays-salonais\/2025\/11\/02\/premiere-sortie-dautomne\/","title":{"rendered":"Premi\u00e8re sortie d&rsquo;automne"},"content":{"rendered":"\n<p>La m\u00e9t\u00e9o n&rsquo;\u00e9tait pas vraiment au rendez vous pour cette premi\u00e8re sortie de rentr\u00e9e, mais nous avons malgr\u00e9 contact\u00e9 quelques esp\u00e8ces. L&rsquo;essentiel n&rsquo;\u00e9tait cependant pas l\u00e0 : nous avons surtout beaucoup \u00e9chang\u00e9 et partag\u00e9 avec les participants de la sortie, venus pour la plupart pour la premi\u00e8re fois sur une de nos animations.<\/p>\n\n\n\n<p>Nombreux \u00e9taient ceux qui avaient assist\u00e9 \u00e0 la projection du film \u00ab\u00a0Le vivant qui se d\u00e9fend\u00a0\u00bb et qui avaient bien not\u00e9 notre proposition de sortie en partenariat avec le Collectif de D\u00e9fense des Collines. Laura a ainsi pu expliquer quel est le projet en cours sur ces collines entre Cazan et Lambesc. Des vignes, des pin\u00e8des, des friches, des milieux propices \u00e0 l&rsquo;observation av\u00e9r\u00e9e de plus de 50 esp\u00e8ces.<\/p>\n\n\n\n<figure class=\"wp-block-image size-full\"><img loading=\"lazy\" decoding=\"async\" width=\"1024\" height=\"461\" src=\"https:\/\/paca.lpo.fr\/blogs\/pays-salonais\/files\/2025\/11\/signal-2025-11-01-152732.jpeg\" alt=\"\" class=\"wp-image-761\" srcset=\"https:\/\/paca.lpo.fr\/blogs\/pays-salonais\/files\/2025\/11\/signal-2025-11-01-152732.jpeg 1024w, https:\/\/paca.lpo.fr\/blogs\/pays-salonais\/files\/2025\/11\/signal-2025-11-01-152732-768x346.jpeg 768w\" sizes=\"auto, (max-width: 1024px) 100vw, 1024px\" \/><\/figure>\n\n\n\n<p>Les b\u00e9n\u00e9voles du groupe ont ainsi pu expliquer le ph\u00e9nom\u00e8ne de la migration, expliquant entre autre le nombre limit\u00e9 d&rsquo;oiseaux vus ou entendus. Mais aussi apporter des pr\u00e9cisions sur ce que sont les ESOD apr\u00e8s avoir vu un geai des ch\u00eanes, sur les rapaces avec le survol d&rsquo;une buse poussant son cri tr\u00e8s caract\u00e9ristique, sur le nourrissage des oiseaux en hiver . L&rsquo;ambiance tr\u00e8s conviviale a plu \u00e0 tout le monde et rendez vous est pris pour la m\u00eame sortie&#8230;au printemps ! <\/p>\n\n\n\n<figure class=\"wp-block-image size-full\"><img loading=\"lazy\" decoding=\"async\" width=\"768\" height=\"1024\" src=\"https:\/\/paca.lpo.fr\/blogs\/pays-salonais\/files\/2025\/11\/img-1515.jpeg\" alt=\"\" class=\"wp-image-764\" srcset=\"https:\/\/paca.lpo.fr\/blogs\/pays-salonais\/files\/2025\/11\/img-1515.jpeg 768w, https:\/\/paca.lpo.fr\/blogs\/pays-salonais\/files\/2025\/11\/img-1515-576x768.jpeg 576w\" sizes=\"auto, (max-width: 768px) 100vw, 768px\" \/><figcaption class=\"wp-element-caption\">Benoit fait tester le r\u00e9glage des jumelles en proposant aux participants de d\u00e9crypter \u00e0 distance un r\u00e9bus..<\/figcaption><\/figure>\n\n\n\n<p>Mais tout n&rsquo;a pas \u00e9t\u00e9 perdu puisque l&rsquo;une de nos participantes a pu ramasser des champignons \ud83d\ude42<\/p>\n\n\n\n<p><\/p>\n","protected":false},"excerpt":{"rendered":"<p>La m\u00e9t\u00e9o n&rsquo;\u00e9tait pas vraiment au rendez vous pour cette premi\u00e8re sortie de rentr\u00e9e, mais nous avons malgr\u00e9 contact\u00e9 quelques esp\u00e8ces. L&rsquo;essentiel n&rsquo;\u00e9tait cependant pas l\u00e0 : nous avons surtout beaucoup \u00e9chang\u00e9 et partag\u00e9 avec les participants de la sortie, venus pour la plupart pour la premi\u00e8re fois sur une de nos animations. Nombreux \u00e9taient [&hellip;]<\/p>\n","protected":false},"author":152,"featured_media":759,"comment_status":"open","ping_status":"open","sticky":false,"template":"","format":"standard","meta":{"footnotes":""},"categories":[1],"tags":[],"class_list":["post-757","post","type-post","status-publish","format-standard","has-post-thumbnail","hentry","category-non-classe"],"jetpack_featured_media_url":"https:\/\/paca.lpo.fr\/blogs\/pays-salonais\/files\/2025\/11\/img-1517-e1762074068612.jpeg","_links":{"self":[{"href":"https:\/\/paca.lpo.fr\/blogs\/pays-salonais\/wp-json\/wp\/v2\/posts\/757","targetHints":{"allow":["GET"]}}],"collection":[{"href":"https:\/\/paca.lpo.fr\/blogs\/pays-salonais\/wp-json\/wp\/v2\/posts"}],"about":[{"href":"https:\/\/paca.lpo.fr\/blogs\/pays-salonais\/wp-json\/wp\/v2\/types\/post"}],"author":[{"embeddable":true,"href":"https:\/\/paca.lpo.fr\/blogs\/pays-salonais\/wp-json\/wp\/v2\/users\/152"}],"replies":[{"embeddable":true,"href":"https:\/\/paca.lpo.fr\/blogs\/pays-salonais\/wp-json\/wp\/v2\/comments?post=757"}],"version-history":[{"count":4,"href":"https:\/\/paca.lpo.fr\/blogs\/pays-salonais\/wp-json\/wp\/v2\/posts\/757\/revisions"}],"predecessor-version":[{"id":765,"href":"https:\/\/paca.lpo.fr\/blogs\/pays-salonais\/wp-json\/wp\/v2\/posts\/757\/revisions\/765"}],"wp:featuredmedia":[{"embeddable":true,"href":"https:\/\/paca.lpo.fr\/blogs\/pays-salonais\/wp-json\/wp\/v2\/media\/759"}],"wp:attachment":[{"href":"https:\/\/paca.lpo.fr\/blogs\/pays-salonais\/wp-json\/wp\/v2\/media?parent=757"}],"wp:term":[{"taxonomy":"category","embeddable":true,"href":"https:\/\/paca.lpo.fr\/blogs\/pays-salonais\/wp-json\/wp\/v2\/categories?post=757"},{"taxonomy":"post_tag","embeddable":true,"href":"https:\/\/paca.lpo.fr\/blogs\/pays-salonais\/wp-json\/wp\/v2\/tags?post=757"}],"curies":[{"name":"wp","href":"https:\/\/api.w.org\/{rel}","templated":true}]}}