{"id":769,"date":"2025-12-31T13:56:51","date_gmt":"2025-12-31T12:56:51","guid":{"rendered":"https:\/\/paca.lpo.fr\/blogs\/pays-salonais\/?p=769"},"modified":"2025-12-31T13:59:20","modified_gmt":"2025-12-31T12:59:20","slug":"bye-bye-2025-une-annee-plutot-dense","status":"publish","type":"post","link":"https:\/\/paca.lpo.fr\/blogs\/pays-salonais\/2025\/12\/31\/bye-bye-2025-une-annee-plutot-dense\/","title":{"rendered":"Bye, Bye 2025 &#8211; Une ann\u00e9e plut\u00f4t intense"},"content":{"rendered":"\n<p>Les fins d&rsquo;ann\u00e9e sont toujours l&rsquo;occasion d&rsquo;en faire un bilan. Et pour le <a href=\"https:\/\/www.facebook.com\/lpo.paca.pays.salonais\" data-type=\"link\" data-id=\"https:\/\/www.facebook.com\/lpo.paca.pays.salonais\" target=\"_blank\" rel=\"noreferrer noopener\">Groupe Local du Pays Salonais<\/a>, il est plut\u00f4t positif !! Jugez en vous m\u00eame&#8230;<\/p>\n\n\n\n<h5 class=\"wp-block-heading\">Janvier : Braver le froid pour compter les oiseaux d&rsquo;eau<\/h5>\n\n\n\n<p>D\u00e8s le mois de janvier, plusieurs membres du groupe se sont retrouv\u00e9s au bord des gravi\u00e8res de Mallemort pour participer au programme annuel <a href=\"https:\/\/www.lpo.fr\/la-lpo-en-actions\/connaissance-des-especes-sauvages\/suivis-ornithologiques\/oiseaux-d-eau\/wetlands-international\" data-type=\"link\" data-id=\"https:\/\/www.lpo.fr\/la-lpo-en-actions\/connaissance-des-especes-sauvages\/suivis-ornithologiques\/oiseaux-d-eau\/wetlands-international\" target=\"_blank\" rel=\"noreferrer noopener\">Wetlands International.<\/a> Il s&rsquo;agit d&rsquo;un programme o\u00f9 pendant deux jours des b\u00e9n\u00e9voles de 5 r\u00e9gions g\u00e9ographiques (Afrique-Eurasie, Asie-Pacifique, Cara\u00efbes, Am\u00e9rique centrale et N\u00e9otropique) pratiquent le m\u00eame protocole pour \u00e9valuer de la mani\u00e8re la plus pr\u00e9cise possible les populations d&rsquo;oiseaux hivernants.<\/p>\n\n\n\n<figure class=\"wp-block-image size-full\"><img loading=\"lazy\" decoding=\"async\" width=\"1024\" height=\"768\" src=\"https:\/\/paca.lpo.fr\/blogs\/pays-salonais\/files\/2025\/12\/img-1408.jpeg\" alt=\"\" class=\"wp-image-770\" srcset=\"https:\/\/paca.lpo.fr\/blogs\/pays-salonais\/files\/2025\/12\/img-1408.jpeg 1024w, https:\/\/paca.lpo.fr\/blogs\/pays-salonais\/files\/2025\/12\/img-1408-768x576.jpeg 768w\" sizes=\"auto, (max-width: 1024px) 100vw, 1024px\" \/><figcaption class=\"wp-element-caption\">Il ne faisait pas tr\u00e8s chaud&#8230;<\/figcaption><\/figure>\n\n\n\n<h5 class=\"wp-block-heading\">Janvier : d\u00e9couverte du patrimoine vernaculaire de Grans<\/h5>\n\n\n\n<p>Sur proposition de Roger membre du groupe, nous avons organis\u00e9 avec Grans en Transition une sortie dans les collines. Il s&rsquo;agissait de d\u00e9couvrir tous les \u00e9difices de pierre, les \u00ab\u00a0bories\u00a0\u00bb, qui pars\u00e8ment le territoire de la commune.<\/p>\n\n\n\n<figure class=\"wp-block-image size-full\"><img loading=\"lazy\" decoding=\"async\" width=\"1024\" height=\"768\" src=\"https:\/\/paca.lpo.fr\/blogs\/pays-salonais\/files\/2025\/12\/img-1418.jpeg\" alt=\"\" class=\"wp-image-771\" srcset=\"https:\/\/paca.lpo.fr\/blogs\/pays-salonais\/files\/2025\/12\/img-1418.jpeg 1024w, https:\/\/paca.lpo.fr\/blogs\/pays-salonais\/files\/2025\/12\/img-1418-768x576.jpeg 768w\" sizes=\"auto, (max-width: 1024px) 100vw, 1024px\" \/><figcaption class=\"wp-element-caption\">Une tr\u00e8s jolie balade riche de d\u00e9couvertes<\/figcaption><\/figure>\n\n\n\n<h5 class=\"wp-block-heading\">Avril : balade naturaliste dans les Alpilles<\/h5>\n\n\n\n<p>Cette fois ci, c&rsquo;est Lorenzo et Beno\u00eet qui ont organis\u00e9 la sortie \u00e0 laquelle ont particip\u00e9 une douzaine de personnes. Des commentaires sur les plantes, sur les oiseaux de la garrigue ont ponctu\u00e9 la balade, avec comme clou de la matin\u00e9e le survol de 13 vautours fauves pendant la pause !! Une merveille&#8230;<\/p>\n\n\n\n<figure class=\"wp-block-image size-full\"><img loading=\"lazy\" decoding=\"async\" width=\"1024\" height=\"683\" src=\"https:\/\/paca.lpo.fr\/blogs\/pays-salonais\/files\/2025\/12\/2024-rocher-du-cire-vautour-fauve-glps-christian-levrot-2.jpg\" alt=\"\" class=\"wp-image-772\" srcset=\"https:\/\/paca.lpo.fr\/blogs\/pays-salonais\/files\/2025\/12\/2024-rocher-du-cire-vautour-fauve-glps-christian-levrot-2.jpg 1024w, https:\/\/paca.lpo.fr\/blogs\/pays-salonais\/files\/2025\/12\/2024-rocher-du-cire-vautour-fauve-glps-christian-levrot-2-768x512.jpg 768w\" sizes=\"auto, (max-width: 1024px) 100vw, 1024px\" \/><figcaption class=\"wp-element-caption\">Ils nous ont survol\u00e9s pendant plusieurs minutes : un magnifique spectacle<\/figcaption><\/figure>\n\n\n\n<h5 class=\"wp-block-heading\">Mai : lancement des sorties cr\u00e9pusculaires en Durance<\/h5>\n\n\n\n<p>Sous la houlette de Gil, et avec le soutien r\u00e9gulier d&rsquo;autres membres du groupe, a \u00e9t\u00e9 propos\u00e9 chaque mardi des mois de mai au mois de juillet, un point fixe \u00e0 l&rsquo;Espace Naturel Sensible les Garrigues \u00e0 M\u00e9rindol. Un bel observatoire en surplomb de la Durance, qui a permis \u00e0 nos visiteurs du soir d&rsquo;admirer une foule d&rsquo;oiseaux mais aussi un couple de castors qui a bien s\u00fbr ravi tout les participants !!<\/p>\n\n\n\n<figure class=\"wp-block-image size-full\"><img loading=\"lazy\" decoding=\"async\" width=\"1024\" height=\"768\" src=\"https:\/\/paca.lpo.fr\/blogs\/pays-salonais\/files\/2025\/12\/img-0938.jpeg\" alt=\"\" class=\"wp-image-773\" srcset=\"https:\/\/paca.lpo.fr\/blogs\/pays-salonais\/files\/2025\/12\/img-0938.jpeg 1024w, https:\/\/paca.lpo.fr\/blogs\/pays-salonais\/files\/2025\/12\/img-0938-768x576.jpeg 768w\" sizes=\"auto, (max-width: 1024px) 100vw, 1024px\" \/><figcaption class=\"wp-element-caption\">Bel endroit, belle lumi\u00e8re, belles observations, et ambiance chaleureuse<\/figcaption><\/figure>\n\n\n\n<h5 class=\"wp-block-heading\">Avril\/mai : l&rsquo;\u00e9v\u00e8nement phare de la saison \u00ab\u00a0L&rsquo;exposition Biodiversit\u00e9\u00a0\u00bb \u00e0 Salon pour la <a href=\"https:\/\/paca.lpo.fr\/blogs\/pays-salonais\/2025\/05\/07\/clap-de-fin-pour-la-semaine-provencale\/\" target=\"_blank\" rel=\"noreferrer noopener\">semaine proven\u00e7ale<\/a><\/h5>\n\n\n\n<p>Cette manifestation nous aura bien occup\u00e9s !! Avant, pendant et apr\u00e8s&#8230; S\u00e9lection et pr\u00e9paration des photos pour l&rsquo;expo, pr\u00e9paration des kits nichoirs pour les ateliers enfants, recherche d&rsquo;intervenants pour nos conf\u00e9rences.. Tout le monde a mis la main \u00e0 la p\u00e2te, et cet \u00e9v\u00e8nement a \u00e9t\u00e9 une vraie r\u00e9ussite pour le groupe, avec en lancement l&rsquo;exposition XXL sur les cubes mis \u00e0 disposition par la Ville : 36 photos de pr\u00e8s de 2m ont \u00e9t\u00e9 visibles dans toute la ville pendant pr\u00e8s de 4 mois. Belle visibilit\u00e9 pour le groupe local et la LPO !! Plus de 700 personnes accueillies sur l&rsquo;expo en plein centre ville. <a href=\"https:\/\/www.salondeprovence.fr\/\" target=\"_blank\" rel=\"noreferrer noopener\">Merci \u00e0 la mairie<\/a> de nous avoir mis \u00e0 disposition \u00e9quipements et techniciens..<\/p>\n\n\n\n<div class=\"wp-block-columns is-layout-flex wp-container-core-columns-is-layout-9d6595d7 wp-block-columns-is-layout-flex\">\n<div class=\"wp-block-column is-layout-flow wp-block-column-is-layout-flow\">\n<figure class=\"wp-block-image size-full\"><img loading=\"lazy\" decoding=\"async\" width=\"768\" height=\"1024\" src=\"https:\/\/paca.lpo.fr\/blogs\/pays-salonais\/files\/2025\/12\/cube3-placemorgan3.jpg\" alt=\"\" class=\"wp-image-774\" srcset=\"https:\/\/paca.lpo.fr\/blogs\/pays-salonais\/files\/2025\/12\/cube3-placemorgan3.jpg 768w, https:\/\/paca.lpo.fr\/blogs\/pays-salonais\/files\/2025\/12\/cube3-placemorgan3-576x768.jpg 576w\" sizes=\"auto, (max-width: 768px) 100vw, 768px\" \/><figcaption class=\"wp-element-caption\">Cube place Morgan<\/figcaption><\/figure>\n<\/div>\n\n\n\n<div class=\"wp-block-column is-layout-flow wp-block-column-is-layout-flow\">\n<figure class=\"wp-block-image size-full\"><img loading=\"lazy\" decoding=\"async\" width=\"763\" height=\"1024\" src=\"https:\/\/paca.lpo.fr\/blogs\/pays-salonais\/files\/2025\/12\/explic-01.jpg\" alt=\"\" class=\"wp-image-776\" srcset=\"https:\/\/paca.lpo.fr\/blogs\/pays-salonais\/files\/2025\/12\/explic-01.jpg 763w, https:\/\/paca.lpo.fr\/blogs\/pays-salonais\/files\/2025\/12\/explic-01-572x768.jpg 572w\" sizes=\"auto, (max-width: 763px) 100vw, 763px\" \/><figcaption class=\"wp-element-caption\">Chacun a donn\u00e9 de son temps pour le collectif<\/figcaption><\/figure>\n<\/div>\n\n\n\n<div class=\"wp-block-column is-layout-flow wp-block-column-is-layout-flow\">\n<figure class=\"wp-block-image size-full\"><img loading=\"lazy\" decoding=\"async\" width=\"768\" height=\"1024\" src=\"https:\/\/paca.lpo.fr\/blogs\/pays-salonais\/files\/2025\/12\/expo-12.jpg\" alt=\"\" class=\"wp-image-775\" srcset=\"https:\/\/paca.lpo.fr\/blogs\/pays-salonais\/files\/2025\/12\/expo-12.jpg 768w, https:\/\/paca.lpo.fr\/blogs\/pays-salonais\/files\/2025\/12\/expo-12-576x768.jpg 576w\" sizes=\"auto, (max-width: 768px) 100vw, 768px\" \/><figcaption class=\"wp-element-caption\">Expo Cour des Cr\u00e9ateurs, une des salle<\/figcaption><\/figure>\n<\/div>\n<\/div>\n\n\n\n<div class=\"wp-block-columns is-layout-flex wp-container-core-columns-is-layout-9d6595d7 wp-block-columns-is-layout-flex\">\n<div class=\"wp-block-column is-layout-flow wp-block-column-is-layout-flow\">\n<figure class=\"wp-block-image size-full\"><img loading=\"lazy\" decoding=\"async\" width=\"768\" height=\"1024\" src=\"https:\/\/paca.lpo.fr\/blogs\/pays-salonais\/files\/2025\/12\/img-0395.jpeg\" alt=\"\" class=\"wp-image-777\" srcset=\"https:\/\/paca.lpo.fr\/blogs\/pays-salonais\/files\/2025\/12\/img-0395.jpeg 768w, https:\/\/paca.lpo.fr\/blogs\/pays-salonais\/files\/2025\/12\/img-0395-576x768.jpeg 576w\" sizes=\"auto, (max-width: 768px) 100vw, 768px\" \/><figcaption class=\"wp-element-caption\">atelier nichoir<\/figcaption><\/figure>\n<\/div>\n\n\n\n<div class=\"wp-block-column is-layout-flow wp-block-column-is-layout-flow\">\n<figure class=\"wp-block-image size-full\"><img loading=\"lazy\" decoding=\"async\" width=\"768\" height=\"1024\" src=\"https:\/\/paca.lpo.fr\/blogs\/pays-salonais\/files\/2025\/12\/img-0454.jpeg\" alt=\"\" class=\"wp-image-781\" srcset=\"https:\/\/paca.lpo.fr\/blogs\/pays-salonais\/files\/2025\/12\/img-0454.jpeg 768w, https:\/\/paca.lpo.fr\/blogs\/pays-salonais\/files\/2025\/12\/img-0454-576x768.jpeg 576w\" sizes=\"auto, (max-width: 768px) 100vw, 768px\" \/><figcaption class=\"wp-element-caption\">conf\u00e9rence hirondelles et martinets avec Corinne de Sud Luberon<\/figcaption><\/figure>\n<\/div>\n\n\n\n<div class=\"wp-block-column is-layout-flow wp-block-column-is-layout-flow\">\n<figure class=\"wp-block-image size-full\"><img loading=\"lazy\" decoding=\"async\" width=\"768\" height=\"1024\" src=\"https:\/\/paca.lpo.fr\/blogs\/pays-salonais\/files\/2025\/12\/img-0461.jpeg\" alt=\"\" class=\"wp-image-780\" srcset=\"https:\/\/paca.lpo.fr\/blogs\/pays-salonais\/files\/2025\/12\/img-0461.jpeg 768w, https:\/\/paca.lpo.fr\/blogs\/pays-salonais\/files\/2025\/12\/img-0461-576x768.jpeg 576w\" sizes=\"auto, (max-width: 768px) 100vw, 768px\" \/><figcaption class=\"wp-element-caption\">des jeux pour petits et grands<\/figcaption><\/figure>\n<\/div>\n<\/div>\n\n\n\n<div class=\"wp-block-columns is-layout-flex wp-container-core-columns-is-layout-9d6595d7 wp-block-columns-is-layout-flex\">\n<div class=\"wp-block-column is-layout-flow wp-block-column-is-layout-flow\">\n<figure class=\"wp-block-image size-full\"><img loading=\"lazy\" decoding=\"async\" width=\"768\" height=\"1024\" src=\"https:\/\/paca.lpo.fr\/blogs\/pays-salonais\/files\/2025\/12\/img-0343.jpeg\" alt=\"\" class=\"wp-image-782\" srcset=\"https:\/\/paca.lpo.fr\/blogs\/pays-salonais\/files\/2025\/12\/img-0343.jpeg 768w, https:\/\/paca.lpo.fr\/blogs\/pays-salonais\/files\/2025\/12\/img-0343-576x768.jpeg 576w\" sizes=\"auto, (max-width: 768px) 100vw, 768px\" \/><figcaption class=\"wp-element-caption\">Pr\u00e9paration : chacun est concentr\u00e9 sur sa t\u00e2che<\/figcaption><\/figure>\n<\/div>\n\n\n\n<div class=\"wp-block-column is-layout-flow wp-block-column-is-layout-flow\">\n<figure class=\"wp-block-image size-full\"><img loading=\"lazy\" decoding=\"async\" width=\"683\" height=\"1024\" src=\"https:\/\/paca.lpo.fr\/blogs\/pays-salonais\/files\/2025\/12\/20250426-salon-en-fleurs-atelier-lpo-pu-76.jpg\" alt=\"\" class=\"wp-image-784\" srcset=\"https:\/\/paca.lpo.fr\/blogs\/pays-salonais\/files\/2025\/12\/20250426-salon-en-fleurs-atelier-lpo-pu-76.jpg 683w, https:\/\/paca.lpo.fr\/blogs\/pays-salonais\/files\/2025\/12\/20250426-salon-en-fleurs-atelier-lpo-pu-76-512x768.jpg 512w\" sizes=\"auto, (max-width: 683px) 100vw, 683px\" \/><figcaption class=\"wp-element-caption\">Visite des \u00e9lus sur la F\u00eate des Fleurs<\/figcaption><\/figure>\n<\/div>\n\n\n\n<div class=\"wp-block-column is-layout-flow wp-block-column-is-layout-flow\">\n<figure class=\"wp-block-image size-full\"><img loading=\"lazy\" decoding=\"async\" width=\"768\" height=\"1024\" src=\"https:\/\/paca.lpo.fr\/blogs\/pays-salonais\/files\/2025\/12\/img-0370.jpeg\" alt=\"\" class=\"wp-image-783\" srcset=\"https:\/\/paca.lpo.fr\/blogs\/pays-salonais\/files\/2025\/12\/img-0370.jpeg 768w, https:\/\/paca.lpo.fr\/blogs\/pays-salonais\/files\/2025\/12\/img-0370-576x768.jpeg 576w\" sizes=\"auto, (max-width: 768px) 100vw, 768px\" \/><figcaption class=\"wp-element-caption\">atelier insectes pour les enfants avec une artiste plasticienne <\/figcaption><\/figure>\n<\/div>\n<\/div>\n\n\n\n<figure class=\"wp-block-image size-full\"><img loading=\"lazy\" decoding=\"async\" width=\"1024\" height=\"769\" src=\"https:\/\/paca.lpo.fr\/blogs\/pays-salonais\/files\/2025\/12\/img-0357.jpg\" alt=\"\" class=\"wp-image-785\" srcset=\"https:\/\/paca.lpo.fr\/blogs\/pays-salonais\/files\/2025\/12\/img-0357.jpg 1024w, https:\/\/paca.lpo.fr\/blogs\/pays-salonais\/files\/2025\/12\/img-0357-768x577.jpg 768w\" sizes=\"auto, (max-width: 1024px) 100vw, 1024px\" \/><figcaption class=\"wp-element-caption\">Une belle \u00e9quipe de b\u00e9n\u00e9voles !!!<\/figcaption><\/figure>\n\n\n\n<h5 class=\"wp-block-heading\">Septembre : Forum des Associations <\/h5>\n\n\n\n<p>Ev\u00e8nement incontournable de la saison salonaise, le <a href=\"https:\/\/mesinfos.fr\/13300-salon-de-provence\/salon-de-provence-270-stands-au-forum-des-associations-samedi-6-septembre-229304.html\" target=\"_blank\" rel=\"noreferrer noopener\">Forum des Associations<\/a> est une belle occasion de se rendre visible et d&rsquo;accueillir futurs membres du groupe ou nouveaux adh\u00e9rents. Pr\u00e8s de 30 personnes ont souhait\u00e9 recevoir nos informations pour participer aux prochaines animations. Et de nouveaux b\u00e9n\u00e9voles actifs se sont manifest\u00e9s. La saison commence bien<\/p>\n\n\n\n<figure class=\"wp-block-image size-full\"><img loading=\"lazy\" decoding=\"async\" width=\"1024\" height=\"768\" src=\"https:\/\/paca.lpo.fr\/blogs\/pays-salonais\/files\/2025\/12\/2025-forum-des-assos-a-salon-2.jpg\" alt=\"\" class=\"wp-image-786\" srcset=\"https:\/\/paca.lpo.fr\/blogs\/pays-salonais\/files\/2025\/12\/2025-forum-des-assos-a-salon-2.jpg 1024w, https:\/\/paca.lpo.fr\/blogs\/pays-salonais\/files\/2025\/12\/2025-forum-des-assos-a-salon-2-768x576.jpg 768w\" sizes=\"auto, (max-width: 1024px) 100vw, 1024px\" \/><figcaption class=\"wp-element-caption\">Incontournables !!<\/figcaption><\/figure>\n\n\n\n<h5 class=\"wp-block-heading\">Octobre : un mois riche en animations<\/h5>\n\n\n\n<p>Sur tous les fronts ce mois ci&#8230; Accueil sur le point fixe de l&rsquo;Observatoire de M\u00e9rindol d&rsquo;un groupe de personnes en difficult\u00e9s. L&rsquo;id\u00e9e \u00e9tait de leur permettre de d\u00e9couvrir l&rsquo;avifaune sur le plan d&rsquo;eau pendant leur pause.<\/p>\n\n\n\n<figure class=\"wp-block-image size-full\"><img loading=\"lazy\" decoding=\"async\" width=\"1024\" height=\"768\" src=\"https:\/\/paca.lpo.fr\/blogs\/pays-salonais\/files\/2025\/12\/img-1407.jpeg\" alt=\"\" class=\"wp-image-787\" srcset=\"https:\/\/paca.lpo.fr\/blogs\/pays-salonais\/files\/2025\/12\/img-1407.jpeg 1024w, https:\/\/paca.lpo.fr\/blogs\/pays-salonais\/files\/2025\/12\/img-1407-768x576.jpeg 768w\" sizes=\"auto, (max-width: 1024px) 100vw, 1024px\" \/><figcaption class=\"wp-element-caption\">Une pause ludique et studieuse<\/figcaption><\/figure>\n\n\n\n<p>Puis une matin\u00e9e sur le plateau de Vern\u00e8gues dans le cadre de l&rsquo;<a href=\"https:\/\/www.lpo.fr\/decouvrir-la-nature\/loisirs-nature\/grands-rendez-vous\/journees-europeennes-de-la-migration\" target=\"_blank\" rel=\"noreferrer noopener\">Euro Bird Watch,<\/a> le passage des oiseaux migrateurs en route vers des cieux plus cl\u00e9mants.<\/p>\n\n\n\n<figure class=\"wp-block-image size-full\"><img loading=\"lazy\" decoding=\"async\" width=\"1024\" height=\"485\" src=\"https:\/\/paca.lpo.fr\/blogs\/pays-salonais\/files\/2025\/12\/20251004-082809.jpg\" alt=\"\" class=\"wp-image-788\" srcset=\"https:\/\/paca.lpo.fr\/blogs\/pays-salonais\/files\/2025\/12\/20251004-082809.jpg 1024w, https:\/\/paca.lpo.fr\/blogs\/pays-salonais\/files\/2025\/12\/20251004-082809-768x364.jpg 768w\" sizes=\"auto, (max-width: 1024px) 100vw, 1024px\" \/><figcaption class=\"wp-element-caption\">Malgr\u00e9 un temps maussade, l&rsquo;\u00e9quipe de b\u00e9n\u00e9voles attend de pied ferme les curieux<\/figcaption><\/figure>\n\n\n\n<p>Pendant 2 jours lors de la F\u00eate de la Science, les nombreux membres du groupe ont parl\u00e9 de migration, d&rsquo;intelligence du corbeau, et de bien d&rsquo;autres choses encore.<\/p>\n\n\n\n<figure class=\"wp-block-image size-full\"><img loading=\"lazy\" decoding=\"async\" width=\"1024\" height=\"768\" src=\"https:\/\/paca.lpo.fr\/blogs\/pays-salonais\/files\/2025\/12\/img-1398.jpeg\" alt=\"\" class=\"wp-image-789\" srcset=\"https:\/\/paca.lpo.fr\/blogs\/pays-salonais\/files\/2025\/12\/img-1398.jpeg 1024w, https:\/\/paca.lpo.fr\/blogs\/pays-salonais\/files\/2025\/12\/img-1398-768x576.jpeg 768w\" sizes=\"auto, (max-width: 1024px) 100vw, 1024px\" \/><figcaption class=\"wp-element-caption\">A hauteur d&rsquo;enfant, les explications sur la migration<\/figcaption><\/figure>\n\n\n\n<p>Enfin, le Cin\u00e9 Planet de Salon a accueilli la projection en avant premi\u00e8re du documentaire \u00ab\u00a0<a href=\"https:\/\/youtu.be\/wYCzdDfjYbg\" target=\"_blank\" rel=\"noreferrer noopener\">Le Vivant qui se d\u00e9fend<\/a>\u00ab\u00a0, <a href=\"https:\/\/www.lpo.fr\/qui-sommes-nous\/nos-partenaires\/partenariats\/lpo-france\/media\/le-vivant-qui-se-defend\" target=\"_blank\" rel=\"noreferrer noopener\">en partenariat avec la LPO<\/a>, dont la vocation est de mettre en parall\u00e8le les actions citoyennes face aux projets qui d\u00e9naturent notre environnement, et les esp\u00e8ces animales vivant dans ces milieux qui de ce fait sont mis en danger. Plus de 100 personnes ont assist\u00e9 \u00e0 la projection, en pr\u00e9sence d&rsquo;associations qui luttent localement contre les atteintes \u00e0 la nature et la biodiversit\u00e9. Une spectatrice nous a contact\u00e9 apr\u00e8s la projection avec ces mots \u00ab\u00a0merci pour ce que vous faites, mais je crois qu&rsquo;il n&rsquo;y a pas eu de questions apr\u00e8s la projection parce que nous \u00e9tions tous boulevers\u00e9s&#8230;\u00a0\u00bb<\/p>\n\n\n\n<figure class=\"wp-block-image size-full\"><img loading=\"lazy\" decoding=\"async\" width=\"1024\" height=\"478\" src=\"https:\/\/paca.lpo.fr\/blogs\/pays-salonais\/files\/2025\/12\/565123454-3831366393827359-3415517533628206727-n.jpg\" alt=\"\" class=\"wp-image-790\" srcset=\"https:\/\/paca.lpo.fr\/blogs\/pays-salonais\/files\/2025\/12\/565123454-3831366393827359-3415517533628206727-n.jpg 1024w, https:\/\/paca.lpo.fr\/blogs\/pays-salonais\/files\/2025\/12\/565123454-3831366393827359-3415517533628206727-n-768x359.jpg 768w\" sizes=\"auto, (max-width: 1024px) 100vw, 1024px\" \/><figcaption class=\"wp-element-caption\">Un public nombreux pour lequel il est essentiel de comprendre ce qui se joue<\/figcaption><\/figure>\n\n\n\n<h5 class=\"wp-block-heading\">Novembre et d\u00e9cembre, l&rsquo;ann\u00e9e se termine<\/h5>\n\n\n\n<p>Suite \u00e0 la projection du film, nous avons \u00e9chang\u00e9 avec le collectif \u00ab\u00a0D\u00e9fense des collines\u00a0\u00bb qui nous a invit\u00e9s \u00e0 d\u00e9couvrir le site entre Cazan et Lambesc qui est destin\u00e9 \u00e0 devenir un champs photovolta\u00efque. Le but \u00e9tait d&rsquo;observer les esp\u00e8ces vivant sur place. Peu d&rsquo;observations, mais beaucoup d&rsquo;\u00e9changes avec les participants sur les modes de vie des oiseaux. Et de nouveaux sympathisants avec nous !!<\/p>\n\n\n\n<figure class=\"wp-block-image size-full\"><img loading=\"lazy\" decoding=\"async\" width=\"1024\" height=\"461\" src=\"https:\/\/paca.lpo.fr\/blogs\/pays-salonais\/files\/2025\/12\/signal-2025-11-01-152732-002.jpeg\" alt=\"\" class=\"wp-image-791\" srcset=\"https:\/\/paca.lpo.fr\/blogs\/pays-salonais\/files\/2025\/12\/signal-2025-11-01-152732-002.jpeg 1024w, https:\/\/paca.lpo.fr\/blogs\/pays-salonais\/files\/2025\/12\/signal-2025-11-01-152732-002-768x346.jpeg 768w\" sizes=\"auto, (max-width: 1024px) 100vw, 1024px\" \/><figcaption class=\"wp-element-caption\">Lorenzo \u00e0 la manoeuvre, avec Benoit, Sylvie et Patricia<\/figcaption><\/figure>\n\n\n\n<p>Derni\u00e8re sortie dans les Alpilles pour accueillir un groupe de randonneurs de Claudine, nouvelle membre du groupe, mais \u00e9galement accompagnatrice de randonn\u00e9e. Quelques oiseaux observ\u00e9s dont un monticole des roches, mais pas de rapace en vue, alors que Paul avait entendu la veille un hibou grand-duc&#8230;<\/p>\n\n\n\n<figure class=\"wp-block-image size-full\"><img loading=\"lazy\" decoding=\"async\" width=\"1024\" height=\"768\" src=\"https:\/\/paca.lpo.fr\/blogs\/pays-salonais\/files\/2025\/12\/img-1712.jpeg\" alt=\"\" class=\"wp-image-793\" srcset=\"https:\/\/paca.lpo.fr\/blogs\/pays-salonais\/files\/2025\/12\/img-1712.jpeg 1024w, https:\/\/paca.lpo.fr\/blogs\/pays-salonais\/files\/2025\/12\/img-1712-768x576.jpeg 768w\" sizes=\"auto, (max-width: 1024px) 100vw, 1024px\" \/><figcaption class=\"wp-element-caption\">Nous sommes en place, notre pr\u00e9sence est en fait une surprise&#8230;<\/figcaption><\/figure>\n\n\n\n<h5 class=\"wp-block-heading\">D\u00e9cembre, pour finir l&rsquo;ann\u00e9e en beaut\u00e9 !<\/h5>\n\n\n\n<p>Nous avons eu l&rsquo;extr\u00eame surprise d&rsquo;\u00eatre appel\u00e9 par le service communication de la <a href=\"https:\/\/www.salondeprovence.fr\/\" data-type=\"link\" data-id=\"https:\/\/www.salondeprovence.fr\/\" target=\"_blank\" rel=\"noreferrer noopener\">Ville de Salon<\/a> tout d\u00e9but d\u00e9cembre, pour nous annoncer que notre groupe LPO avait \u00e9t\u00e9 choisi pour b\u00e9n\u00e9ficier, telle est la tradition, des recettes int\u00e9grales du <a href=\"https:\/\/scontent-mrs2-2.xx.fbcdn.net\/v\/t39.30808-6\/599926006_10236353626554318_3939433682701987267_n.jpg?_nc_cat=107&amp;ccb=1-7&amp;_nc_sid=127cfc&amp;_nc_ohc=Dfyzof679T8Q7kNvwHWbtSB&amp;_nc_oc=AdlbZNWTRxWBdmVzJfa0UTdJ3iRNwnKD_EJ0SOqsaPcV9WdhaEIiKZMMaubB7CIpY4c&amp;_nc_zt=23&amp;_nc_ht=scontent-mrs2-2.xx&amp;_nc_gid=4mUZT_dJZ9c0ofJWMlnzog&amp;oh=00_AfmSQ_WzvOb0yvzU6iPI0EaAENu1MuBghsJpPlajSJVGYQ&amp;oe=695AFF7F\" target=\"_blank\" rel=\"noreferrer noopener\">Gala annuel du Conservatoire Municipal de Danse et de Musique<\/a>. Un tr\u00e8s beau cadeau de fin d&rsquo;ann\u00e9e<\/p>\n\n\n\n<figure class=\"wp-block-image size-full\"><img loading=\"lazy\" decoding=\"async\" width=\"1024\" height=\"768\" src=\"https:\/\/paca.lpo.fr\/blogs\/pays-salonais\/files\/2025\/12\/remise-cheque-gala-du-conservatoire-decembre-2025.jpeg\" alt=\"\" class=\"wp-image-804\" srcset=\"https:\/\/paca.lpo.fr\/blogs\/pays-salonais\/files\/2025\/12\/remise-cheque-gala-du-conservatoire-decembre-2025.jpeg 1024w, https:\/\/paca.lpo.fr\/blogs\/pays-salonais\/files\/2025\/12\/remise-cheque-gala-du-conservatoire-decembre-2025-768x576.jpeg 768w\" sizes=\"auto, (max-width: 1024px) 100vw, 1024px\" \/><figcaption class=\"wp-element-caption\">Belle r\u00e9compense pour notre implication : la somme sera bien utilis\u00e9e !!<\/figcaption><\/figure>\n\n\n\n<h5 class=\"wp-block-heading\">Et 2026 ???&#8230;<\/h5>\n\n\n\n<p>De tr\u00e8s beaux projets en perspectives : <\/p>\n\n\n\n<p>Le partenariat avec le Nouvel H\u00f4pital du Pays Salonais, fruit d&rsquo;une convention sign\u00e9e et donnant \u00e0 la LPO les moyens de l&rsquo;accompagner tout au long du projet sur des diff\u00e9rentes mesures faunistiques et environnementales<\/p>\n\n\n\n<p>Le partenariat avec le Centre d&rsquo;H\u00e9bergement Lou Calen : nous allons permettre \u00e0 des personnes d\u00e9ficientes de d\u00e9couvrir les oiseaux qui vivent dans leur centre, les aider \u00e0 construire nichoirs et mangeoires, \u00e0 apprendre les gestes pour les sauver des dangers qui les guettent..<\/p>\n\n\n\n<p>La participation du groupe local au projet national \u00ab\u00a0<a href=\"https:\/\/paca.lpo.fr\/images\/mediatheque\/fichiers\/section_actualite\/2025\/04\/lpo_unechouetteunvillage_presentation_du_projet.pdf\" target=\"_blank\" rel=\"noreferrer noopener\">Une chouette, un village<\/a>\u00a0\u00bb qui va nous permettre d&rsquo;\u00e9quiper un certain nombre de villages du pays salonais de nichoirs \u00e0 chouette chev\u00eache et chouette effraie. Benoit, membre de notre groupe et stagiaire \u00e0 la LPO PACA, va mener ce projet<\/p>\n\n\n\n<p>Notre participation aux c\u00f4t\u00e9s des associations salonaises \u00e0 <a href=\"https:\/\/mesinfos.fr\/13300-salon-de-provence\/et-de-500-ans-pour-adam-de-craponne-l-homme-qui-apporta-l-eau-a-salon-de-provence-236200.html\" target=\"_blank\" rel=\"noreferrer noopener\">l&rsquo;ann\u00e9e Adam de Craponne<\/a>, avec des balades autour des canaux pour \u00e9tudier oiseaux, libellules et papillons ; des points fixes propos\u00e9s aux participants des sorties de <a href=\"https:\/\/aprovel.org\/\" target=\"_blank\" rel=\"noreferrer noopener\">l&rsquo;APROVEL<\/a>, des conf\u00e9rences sur la Durance ; des points fixes sur les meilleurs spots en bord de rivi\u00e8re ; des animations pour des \u00e9coles de Salon et Pelissanne. Le planning se remplit bien, mais nous sommes \u00e0 notre place, \u00e0 faire d\u00e9couvrir et faire aimer la nature qui nous entoure&#8230;<\/p>\n\n\n\n<h2 class=\"wp-block-heading\">Bon bout d&rsquo;an !!!<\/h2>\n\n\n\n<figure class=\"wp-block-image size-full\"><img loading=\"lazy\" decoding=\"async\" width=\"1024\" height=\"768\" src=\"https:\/\/paca.lpo.fr\/blogs\/pays-salonais\/files\/2025\/12\/2025-septembre-reunion-de-rentree-3.jpeg\" alt=\"\" class=\"wp-image-794\" srcset=\"https:\/\/paca.lpo.fr\/blogs\/pays-salonais\/files\/2025\/12\/2025-septembre-reunion-de-rentree-3.jpeg 1024w, https:\/\/paca.lpo.fr\/blogs\/pays-salonais\/files\/2025\/12\/2025-septembre-reunion-de-rentree-3-768x576.jpeg 768w\" sizes=\"auto, (max-width: 1024px) 100vw, 1024px\" \/><figcaption class=\"wp-element-caption\">Une \u00e9quipe vraiment sympathique et joyeuse !! Et encore, pas au complet \ud83d\ude42<\/figcaption><\/figure>\n\n\n\n<p><\/p>\n","protected":false},"excerpt":{"rendered":"<p>Les fins d&rsquo;ann\u00e9e sont toujours l&rsquo;occasion d&rsquo;en faire un bilan. Et pour le Groupe Local du Pays Salonais, il est plut\u00f4t positif !! Jugez en vous m\u00eame&#8230; Janvier : Braver le froid pour compter les oiseaux d&rsquo;eau D\u00e8s le mois de janvier, plusieurs membres du groupe se sont retrouv\u00e9s au bord des gravi\u00e8res de Mallemort [&hellip;]<\/p>\n","protected":false},"author":152,"featured_media":806,"comment_status":"open","ping_status":"open","sticky":false,"template":"","format":"standard","meta":{"footnotes":""},"categories":[9],"tags":[17,103,18,37,93,48,14,6],"class_list":["post-769","post","type-post","status-publish","format-standard","has-post-thumbnail","hentry","category-animation","tag-alpilles","tag-animations-2025","tag-biodiversite","tag-durance","tag-groupe-local-du-pays-salonais","tag-lpo-paca","tag-oiseaux","tag-sortie-naturaliste"],"jetpack_featured_media_url":"https:\/\/paca.lpo.fr\/blogs\/pays-salonais\/files\/2025\/12\/2025-point-fixe-janvier-2-e1767185547232.jpeg","_links":{"self":[{"href":"https:\/\/paca.lpo.fr\/blogs\/pays-salonais\/wp-json\/wp\/v2\/posts\/769","targetHints":{"allow":["GET"]}}],"collection":[{"href":"https:\/\/paca.lpo.fr\/blogs\/pays-salonais\/wp-json\/wp\/v2\/posts"}],"about":[{"href":"https:\/\/paca.lpo.fr\/blogs\/pays-salonais\/wp-json\/wp\/v2\/types\/post"}],"author":[{"embeddable":true,"href":"https:\/\/paca.lpo.fr\/blogs\/pays-salonais\/wp-json\/wp\/v2\/users\/152"}],"replies":[{"embeddable":true,"href":"https:\/\/paca.lpo.fr\/blogs\/pays-salonais\/wp-json\/wp\/v2\/comments?post=769"}],"version-history":[{"count":4,"href":"https:\/\/paca.lpo.fr\/blogs\/pays-salonais\/wp-json\/wp\/v2\/posts\/769\/revisions"}],"predecessor-version":[{"id":809,"href":"https:\/\/paca.lpo.fr\/blogs\/pays-salonais\/wp-json\/wp\/v2\/posts\/769\/revisions\/809"}],"wp:featuredmedia":[{"embeddable":true,"href":"https:\/\/paca.lpo.fr\/blogs\/pays-salonais\/wp-json\/wp\/v2\/media\/806"}],"wp:attachment":[{"href":"https:\/\/paca.lpo.fr\/blogs\/pays-salonais\/wp-json\/wp\/v2\/media?parent=769"}],"wp:term":[{"taxonomy":"category","embeddable":true,"href":"https:\/\/paca.lpo.fr\/blogs\/pays-salonais\/wp-json\/wp\/v2\/categories?post=769"},{"taxonomy":"post_tag","embeddable":true,"href":"https:\/\/paca.lpo.fr\/blogs\/pays-salonais\/wp-json\/wp\/v2\/tags?post=769"}],"curies":[{"name":"wp","href":"https:\/\/api.w.org\/{rel}","templated":true}]}}